{"id":9354,"date":"2022-03-04T11:03:42","date_gmt":"2022-03-04T10:03:42","guid":{"rendered":"https:\/\/www.turismolapernia.com\/?p=9354"},"modified":"2022-03-04T16:41:14","modified_gmt":"2022-03-04T15:41:14","slug":"el-parque-natural-montana-palentina-creara-la-senda-de-la-venganza-del-conde-en-la-pernia","status":"publish","type":"post","link":"https:\/\/www.turismolapernia.com\/en\/noticias-pernia\/el-parque-natural-montana-palentina-creara-la-senda-de-la-venganza-del-conde-en-la-pernia\/","title":{"rendered":"El Parque Natural Monta\u00f1a Palentina crear\u00e1 la senda de &#8220;La Venganza del Conde&#8221; en La Pern\u00eda"},"content":{"rendered":"<div data-elementor-type=\"wp-post\" data-elementor-id=\"9354\" class=\"elementor elementor-9354\" data-elementor-settings=\"[]\">\n\t\t\t\t\t\t\t<div class=\"elementor-section-wrap\">\n\t\t\t\t\t\t\t<section class=\"elementor-section elementor-top-section elementor-element elementor-element-d8b1cb0 elementor-section-boxed elementor-section-height-default elementor-section-height-default\" data-id=\"d8b1cb0\" data-element_type=\"section\">\n\t\t\t\t\t\t<div class=\"elementor-container elementor-column-gap-default\">\n\t\t\t\t\t<div class=\"elementor-column elementor-col-50 elementor-top-column elementor-element elementor-element-097c7eb\" data-id=\"097c7eb\" data-element_type=\"column\">\n\t\t\t<div class=\"elementor-widget-wrap elementor-element-populated\">\n\t\t\t\t\t\t\t\t<div class=\"elementor-element elementor-element-eb3893a elementor-widget elementor-widget-image\" data-id=\"eb3893a\" data-element_type=\"widget\" data-widget_type=\"image.default\">\n\t\t\t\t<div class=\"elementor-widget-container\">\n\t\t\t\t\t\t\t\t\t\t\t\t<figure class=\"wp-caption\">\n\t\t\t\t\t\t\t\t\t\t<img loading=\"lazy\" decoding=\"async\" width=\"300\" height=\"294\" src=\"https:\/\/www.turismolapernia.com\/wp-content\/uploads\/2022\/03\/DSC09295-01-01-e1646388772244-300x294.jpeg\" class=\"attachment-medium size-medium\" alt=\"\" srcset=\"https:\/\/www.turismolapernia.com\/wp-content\/uploads\/2022\/03\/DSC09295-01-01-e1646388772244-300x294.jpeg 300w, https:\/\/www.turismolapernia.com\/wp-content\/uploads\/2022\/03\/DSC09295-01-01-e1646388772244-1024x1002.jpeg 1024w, https:\/\/www.turismolapernia.com\/wp-content\/uploads\/2022\/03\/DSC09295-01-01-e1646388772244-768x752.jpeg 768w, https:\/\/www.turismolapernia.com\/wp-content\/uploads\/2022\/03\/DSC09295-01-01-e1646388772244.jpeg 1227w\" sizes=\"auto, 100vw\" \/>\t\t\t\t\t\t\t\t\t\t\t<figcaption class=\"widget-image-caption wp-caption-text\">Iglesia de San Salvador y Pe\u00f1a Tremaya<\/figcaption>\n\t\t\t\t\t\t\t\t\t\t<\/figure>\n\t\t\t\t\t\t\t\t\t<\/div>\n\t\t\t\t<\/div>\n\t\t\t\t\t<\/div>\n\t\t<\/div>\n\t\t\t\t<div class=\"elementor-column elementor-col-50 elementor-top-column elementor-element elementor-element-afc25f0\" data-id=\"afc25f0\" data-element_type=\"column\">\n\t\t\t<div class=\"elementor-widget-wrap elementor-element-populated\">\n\t\t\t\t\t\t\t\t<div class=\"elementor-element elementor-element-1836a9b elementor-widget elementor-widget-text-editor\" data-id=\"1836a9b\" data-element_type=\"widget\" data-widget_type=\"text-editor.default\">\n\t\t\t\t<div class=\"elementor-widget-container\">\n\t\t\t\t\t\t\t<p>El Patronato del Parque Natural Monta\u00f1a Palentina (integrado por representantes de las administraciones estatal, auton\u00f3mica y local, de los sectores agrario, tur\u00edstico y cineg\u00e9tico, propietarios, federaciones de monta\u00f1a, universidad y asociaciones conservacionistas), se reuni\u00f3 ayer para dar cuenta de los trabajos e inversiones realizados en los dos a\u00f1os anteriores, as\u00ed como presentar las actuaciones previstas y el presupuesto para este a\u00f1o 2022, que en total asciende a 400.000 euros.<\/p>\n<p><br><\/p>\n<p>Entre los planes previstos en el espacio natural se encuentra la ejecuci\u00f3n del sendero de &#8220;<b>The Count's Revenge<\/b>&#8221; en La Pern\u00eda (100.000 euros). Una ruta que pretende poner en valor y dar a conocer la popular <u><b><a href=\"https:\/\/www.turismolapernia.com\/en\/leyenda-de-la-venganza-del-conde\/\" target=\"_blank\">leyenda<\/a><\/b><\/u> local del Conde Munio, do\u00f1a Elvira y la criada sordomuda, recorriendo los principales escenarios narrados en la misma, entre San Salvador de Cantamuda y Pe\u00f1a Tremaya, en un entorno con una gran diversidad y belleza paisaj\u00edstica.<br><\/p>\t\t\t\t\t\t<\/div>\n\t\t\t\t<\/div>\n\t\t\t\t\t<\/div>\n\t\t<\/div>\n\t\t\t\t\t\t\t<\/div>\n\t\t<\/section>\n\t\t\t\t<section class=\"elementor-section elementor-top-section elementor-element elementor-element-ac8e6f1 elementor-section-boxed elementor-section-height-default elementor-section-height-default\" data-id=\"ac8e6f1\" data-element_type=\"section\">\n\t\t\t\t\t\t<div class=\"elementor-container elementor-column-gap-default\">\n\t\t\t\t\t<div class=\"elementor-column elementor-col-100 elementor-top-column elementor-element elementor-element-37e4935\" data-id=\"37e4935\" data-element_type=\"column\">\n\t\t\t<div class=\"elementor-widget-wrap elementor-element-populated\">\n\t\t\t\t\t\t\t\t<div class=\"elementor-element elementor-element-99465b5 elementor-widget elementor-widget-text-editor\" data-id=\"99465b5\" data-element_type=\"widget\" data-widget_type=\"text-editor.default\">\n\t\t\t\t<div class=\"elementor-widget-container\">\n\t\t\t\t\t\t\t<p>En La Pern\u00eda tambi\u00e9n est\u00e1 prevista la mejora de la red de saneamiento y sustituci\u00f3n de luminarias para el ahorro energ\u00e9tico. <br><\/p><p><br><\/p>\n<p><\/p>\n<p>Otras actuaciones que se dieron a conocer en la reuni\u00f3n fueron la cubrici\u00f3n de la estructura exterior en el Museo de Apicultura en Castrej\u00f3n de la Pe\u00f1a; la mejora de infraestructuras ganaderas en Dehesa de Montejo; servicios de gesti\u00f3n de eventos relacionados con la promoci\u00f3n de Bra\u00f1osera; la senda del Monte Mayor, mirador de Grullos y aparcamiento del Golobar; y la construcci\u00f3n de un mirador sobre el Pantano de Compuerto en Velilla del R\u00edo Carri\u00f3n. Adem\u00e1s, se financiar\u00e1 el funcionamiento del Parque, atendiendo los gastos de mantenimiento de la Casa del Parque y de los monitores; el seguimiento del estado de conservaci\u00f3n de las poblaciones del oso pardo y urogallo cant\u00e1brico; y el servicio de conservaci\u00f3n y mantenimiento de las \u00e1reas naturales protegidas de la provincia de Palencia.<\/p>\n<p><\/p>\n<p>Por otro lado, se anunciaron 3,3 millones con cargo a los proyectos del Plan de Infraestructuras Tur\u00edsticas en \u00c1reas Naturales y del Plan de Recuperaci\u00f3n Transformaci\u00f3n y Resiliencia; 1,5 millones para el Camino Natural Lebaniego a trav\u00e9s del Programa Caminos Naturales del Ministerio de Agricultura Pesca y Alimentaci\u00f3n; y finalmente se detallaron las actuaciones para la elaboraci\u00f3n del Plan Rector de Uso y Gesti\u00f3n y la implantaci\u00f3n de la segunda fase de la Carta Europea de Turismo sostenible.<\/p>\t\t\t\t\t\t<\/div>\n\t\t\t\t<\/div>\n\t\t\t\t\t<\/div>\n\t\t<\/div>\n\t\t\t\t\t\t\t<\/div>\n\t\t<\/section>\n\t\t\t\t\t\t<\/div>\n\t\t\t\t\t<\/div>","protected":false},"excerpt":{"rendered":"<p>Iglesia de San Salvador y Pe\u00f1a Tremaya El Patronato del Parque Natural Monta\u00f1a Palentina (integrado por representantes de las administraciones estatal, auton\u00f3mica y local, de los sectores agrario, tur\u00edstico y cineg\u00e9tico, propietarios, federaciones de monta\u00f1a, universidad y asociaciones conservacionistas), se reuni\u00f3 ayer para dar cuenta de los trabajos e inversiones realizados en los dos a\u00f1os &hellip; <\/p>\n<p class=\"link-more\"><a href=\"https:\/\/www.turismolapernia.com\/en\/noticias-pernia\/el-parque-natural-montana-palentina-creara-la-senda-de-la-venganza-del-conde-en-la-pernia\/\" class=\"more-link\">Continue reading<span class=\"screen-reader-text\"> &#8220;El Parque Natural Monta\u00f1a Palentina crear\u00e1 la senda de &#8220;La Venganza del Conde&#8221; en La Pern\u00eda&#8221;<\/span><\/a><\/p>","protected":false},"author":1,"featured_media":9358,"comment_status":"open","ping_status":"open","sticky":false,"template":"","format":"standard","meta":{"footnotes":""},"categories":[13],"tags":[],"class_list":["post-9354","post","type-post","status-publish","format-standard","has-post-thumbnail","hentry","category-noticias-pernia"],"yoast_head":"<!-- This site is optimized with the Yoast SEO plugin v23.5 - https:\/\/yoast.com\/wordpress\/plugins\/seo\/ -->\n<title>El Parque Natural Monta\u00f1a Palentina crear\u00e1 la senda de &quot;La Venganza del Conde&quot; en La Pern\u00eda | Turismo La Pern\u00eda<\/title>\n<meta name=\"robots\" content=\"index, follow, max-snippet:-1, max-image-preview:large, max-video-preview:-1\" \/>\n<link rel=\"canonical\" href=\"https:\/\/www.turismolapernia.com\/en\/noticias-pernia\/el-parque-natural-montana-palentina-creara-la-senda-de-la-venganza-del-conde-en-la-pernia\/\" \/>\n<meta property=\"og:locale\" content=\"en_GB\" \/>\n<meta property=\"og:type\" content=\"article\" \/>\n<meta property=\"og:title\" content=\"El Parque Natural Monta\u00f1a Palentina crear\u00e1 la senda de &quot;La Venganza del Conde&quot; en La Pern\u00eda | Turismo La Pern\u00eda\" \/>\n<meta property=\"og:description\" content=\"Iglesia de San Salvador y Pe\u00f1a Tremaya El Patronato del Parque Natural Monta\u00f1a Palentina (integrado por representantes de las administraciones estatal, auton\u00f3mica y local, de los sectores agrario, tur\u00edstico y cineg\u00e9tico, propietarios, federaciones de monta\u00f1a, universidad y asociaciones conservacionistas), se reuni\u00f3 ayer para dar cuenta de los trabajos e inversiones realizados en los dos a\u00f1os &hellip; Continue reading &quot;El Parque Natural Monta\u00f1a Palentina crear\u00e1 la senda de &#8220;La Venganza del Conde&#8221; en La Pern\u00eda&quot;\" \/>\n<meta property=\"og:url\" content=\"https:\/\/www.turismolapernia.com\/en\/noticias-pernia\/el-parque-natural-montana-palentina-creara-la-senda-de-la-venganza-del-conde-en-la-pernia\/\" \/>\n<meta property=\"og:site_name\" content=\"Turismo La Pern\u00eda\" \/>\n<meta property=\"article:publisher\" content=\"https:\/\/www.facebook.com\/turismolapernia\/\" \/>\n<meta property=\"article:published_time\" content=\"2022-03-04T10:03:42+00:00\" \/>\n<meta property=\"article:modified_time\" content=\"2022-03-04T15:41:14+00:00\" \/>\n<meta property=\"og:image\" content=\"https:\/\/www.turismolapernia.com\/wp-content\/uploads\/2022\/03\/DSC09295-01-01-e1646388772244.jpeg\" \/>\n\t<meta property=\"og:image:width\" content=\"1227\" \/>\n\t<meta property=\"og:image:height\" content=\"1201\" \/>\n\t<meta property=\"og:image:type\" content=\"image\/jpeg\" \/>\n<meta name=\"author\" content=\"admin\" \/>\n<meta name=\"twitter:card\" content=\"summary_large_image\" \/>\n<meta name=\"twitter:label1\" content=\"Written by\" \/>\n\t<meta name=\"twitter:data1\" content=\"admin\" \/>\n\t<meta name=\"twitter:label2\" content=\"Estimated reading time\" \/>\n\t<meta name=\"twitter:data2\" content=\"2 minutes\" \/>\n<script type=\"application\/ld+json\" class=\"yoast-schema-graph\">{\"@context\":\"https:\/\/schema.org\",\"@graph\":[{\"@type\":\"Article\",\"@id\":\"https:\/\/www.turismolapernia.com\/noticias-pernia\/el-parque-natural-montana-palentina-creara-la-senda-de-la-venganza-del-conde-en-la-pernia\/#article\",\"isPartOf\":{\"@id\":\"https:\/\/www.turismolapernia.com\/noticias-pernia\/el-parque-natural-montana-palentina-creara-la-senda-de-la-venganza-del-conde-en-la-pernia\/\"},\"author\":{\"name\":\"admin\",\"@id\":\"https:\/\/www.turismolapernia.com\/#\/schema\/person\/5d5ac032f7e9064c5ce073bbe3564340\"},\"headline\":\"El Parque Natural Monta\u00f1a Palentina crear\u00e1 la senda de &#8220;La Venganza del Conde&#8221; en La Pern\u00eda\",\"datePublished\":\"2022-03-04T10:03:42+00:00\",\"dateModified\":\"2022-03-04T15:41:14+00:00\",\"mainEntityOfPage\":{\"@id\":\"https:\/\/www.turismolapernia.com\/noticias-pernia\/el-parque-natural-montana-palentina-creara-la-senda-de-la-venganza-del-conde-en-la-pernia\/\"},\"wordCount\":429,\"commentCount\":0,\"publisher\":{\"@id\":\"https:\/\/www.turismolapernia.com\/#organization\"},\"image\":{\"@id\":\"https:\/\/www.turismolapernia.com\/noticias-pernia\/el-parque-natural-montana-palentina-creara-la-senda-de-la-venganza-del-conde-en-la-pernia\/#primaryimage\"},\"thumbnailUrl\":\"https:\/\/www.turismolapernia.com\/wp-content\/uploads\/2022\/03\/DSC09295-01-01-e1646388772244.jpeg\",\"articleSection\":[\"Noticias\"],\"inLanguage\":\"en-GB\",\"potentialAction\":[{\"@type\":\"CommentAction\",\"name\":\"Comment\",\"target\":[\"https:\/\/www.turismolapernia.com\/noticias-pernia\/el-parque-natural-montana-palentina-creara-la-senda-de-la-venganza-del-conde-en-la-pernia\/#respond\"]}]},{\"@type\":\"WebPage\",\"@id\":\"https:\/\/www.turismolapernia.com\/noticias-pernia\/el-parque-natural-montana-palentina-creara-la-senda-de-la-venganza-del-conde-en-la-pernia\/\",\"url\":\"https:\/\/www.turismolapernia.com\/noticias-pernia\/el-parque-natural-montana-palentina-creara-la-senda-de-la-venganza-del-conde-en-la-pernia\/\",\"name\":\"El Parque Natural Monta\u00f1a Palentina crear\u00e1 la senda de \\\"La Venganza del Conde\\\" en La Pern\u00eda | Turismo La Pern\u00eda\",\"isPartOf\":{\"@id\":\"https:\/\/www.turismolapernia.com\/#website\"},\"primaryImageOfPage\":{\"@id\":\"https:\/\/www.turismolapernia.com\/noticias-pernia\/el-parque-natural-montana-palentina-creara-la-senda-de-la-venganza-del-conde-en-la-pernia\/#primaryimage\"},\"image\":{\"@id\":\"https:\/\/www.turismolapernia.com\/noticias-pernia\/el-parque-natural-montana-palentina-creara-la-senda-de-la-venganza-del-conde-en-la-pernia\/#primaryimage\"},\"thumbnailUrl\":\"https:\/\/www.turismolapernia.com\/wp-content\/uploads\/2022\/03\/DSC09295-01-01-e1646388772244.jpeg\",\"datePublished\":\"2022-03-04T10:03:42+00:00\",\"dateModified\":\"2022-03-04T15:41:14+00:00\",\"breadcrumb\":{\"@id\":\"https:\/\/www.turismolapernia.com\/noticias-pernia\/el-parque-natural-montana-palentina-creara-la-senda-de-la-venganza-del-conde-en-la-pernia\/#breadcrumb\"},\"inLanguage\":\"en-GB\",\"potentialAction\":[{\"@type\":\"ReadAction\",\"target\":[\"https:\/\/www.turismolapernia.com\/noticias-pernia\/el-parque-natural-montana-palentina-creara-la-senda-de-la-venganza-del-conde-en-la-pernia\/\"]}]},{\"@type\":\"ImageObject\",\"inLanguage\":\"en-GB\",\"@id\":\"https:\/\/www.turismolapernia.com\/noticias-pernia\/el-parque-natural-montana-palentina-creara-la-senda-de-la-venganza-del-conde-en-la-pernia\/#primaryimage\",\"url\":\"https:\/\/www.turismolapernia.com\/wp-content\/uploads\/2022\/03\/DSC09295-01-01-e1646388772244.jpeg\",\"contentUrl\":\"https:\/\/www.turismolapernia.com\/wp-content\/uploads\/2022\/03\/DSC09295-01-01-e1646388772244.jpeg\",\"width\":1227,\"height\":1201,\"caption\":\"binary comment\"},{\"@type\":\"BreadcrumbList\",\"@id\":\"https:\/\/www.turismolapernia.com\/noticias-pernia\/el-parque-natural-montana-palentina-creara-la-senda-de-la-venganza-del-conde-en-la-pernia\/#breadcrumb\",\"itemListElement\":[{\"@type\":\"ListItem\",\"position\":1,\"name\":\"La Pern\u00eda\",\"item\":\"https:\/\/www.turismolapernia.com\/\"},{\"@type\":\"ListItem\",\"position\":2,\"name\":\"El Parque Natural Monta\u00f1a Palentina crear\u00e1 la senda de &#8220;La Venganza del Conde&#8221; en La Pern\u00eda\"}]},{\"@type\":\"WebSite\",\"@id\":\"https:\/\/www.turismolapernia.com\/#website\",\"url\":\"https:\/\/www.turismolapernia.com\/\",\"name\":\"Turismo La Pern\u00eda\",\"description\":\"Monta\u00f1a Palentina\",\"publisher\":{\"@id\":\"https:\/\/www.turismolapernia.com\/#organization\"},\"potentialAction\":[{\"@type\":\"SearchAction\",\"target\":{\"@type\":\"EntryPoint\",\"urlTemplate\":\"https:\/\/www.turismolapernia.com\/?s={search_term_string}\"},\"query-input\":{\"@type\":\"PropertyValueSpecification\",\"valueRequired\":true,\"valueName\":\"search_term_string\"}}],\"inLanguage\":\"en-GB\"},{\"@type\":\"Organization\",\"@id\":\"https:\/\/www.turismolapernia.com\/#organization\",\"name\":\"Turismo La Pern\u00eda\",\"url\":\"https:\/\/www.turismolapernia.com\/\",\"logo\":{\"@type\":\"ImageObject\",\"inLanguage\":\"en-GB\",\"@id\":\"https:\/\/www.turismolapernia.com\/#\/schema\/logo\/image\/\",\"url\":\"https:\/\/www.turismolapernia.com\/wp-content\/uploads\/2021\/12\/cropped-logo-CRV-Pernia-perfil.jpg\",\"contentUrl\":\"https:\/\/www.turismolapernia.com\/wp-content\/uploads\/2021\/12\/cropped-logo-CRV-Pernia-perfil.jpg\",\"width\":512,\"height\":512,\"caption\":\"Turismo La Pern\u00eda\"},\"image\":{\"@id\":\"https:\/\/www.turismolapernia.com\/#\/schema\/logo\/image\/\"},\"sameAs\":[\"https:\/\/www.facebook.com\/turismolapernia\/\",\"https:\/\/www.instagram.com\/turismolapernia\/\"]},{\"@type\":\"Person\",\"@id\":\"https:\/\/www.turismolapernia.com\/#\/schema\/person\/5d5ac032f7e9064c5ce073bbe3564340\",\"name\":\"admin\",\"image\":{\"@type\":\"ImageObject\",\"inLanguage\":\"en-GB\",\"@id\":\"https:\/\/www.turismolapernia.com\/#\/schema\/person\/image\/\",\"url\":\"https:\/\/secure.gravatar.com\/avatar\/fe87fc43b218a52a79b72dddcb95d45fcdca0048b80712e6d20925a50f267165?s=96&d=mm&r=g\",\"contentUrl\":\"https:\/\/secure.gravatar.com\/avatar\/fe87fc43b218a52a79b72dddcb95d45fcdca0048b80712e6d20925a50f267165?s=96&d=mm&r=g\",\"caption\":\"admin\"}}]}<\/script>\n<!-- \/ Yoast SEO plugin. -->","yoast_head_json":{"title":"El Parque Natural Monta\u00f1a Palentina crear\u00e1 la senda de \"La Venganza del Conde\" en La Pern\u00eda | Turismo La Pern\u00eda","robots":{"index":"index","follow":"follow","max-snippet":"max-snippet:-1","max-image-preview":"max-image-preview:large","max-video-preview":"max-video-preview:-1"},"canonical":"https:\/\/www.turismolapernia.com\/en\/noticias-pernia\/el-parque-natural-montana-palentina-creara-la-senda-de-la-venganza-del-conde-en-la-pernia\/","og_locale":"en_GB","og_type":"article","og_title":"El Parque Natural Monta\u00f1a Palentina crear\u00e1 la senda de \"La Venganza del Conde\" en La Pern\u00eda | Turismo La Pern\u00eda","og_description":"Iglesia de San Salvador y Pe\u00f1a Tremaya El Patronato del Parque Natural Monta\u00f1a Palentina (integrado por representantes de las administraciones estatal, auton\u00f3mica y local, de los sectores agrario, tur\u00edstico y cineg\u00e9tico, propietarios, federaciones de monta\u00f1a, universidad y asociaciones conservacionistas), se reuni\u00f3 ayer para dar cuenta de los trabajos e inversiones realizados en los dos a\u00f1os &hellip; Continue reading \"El Parque Natural Monta\u00f1a Palentina crear\u00e1 la senda de &#8220;La Venganza del Conde&#8221; en La Pern\u00eda\"","og_url":"https:\/\/www.turismolapernia.com\/en\/noticias-pernia\/el-parque-natural-montana-palentina-creara-la-senda-de-la-venganza-del-conde-en-la-pernia\/","og_site_name":"Turismo La Pern\u00eda","article_publisher":"https:\/\/www.facebook.com\/turismolapernia\/","article_published_time":"2022-03-04T10:03:42+00:00","article_modified_time":"2022-03-04T15:41:14+00:00","og_image":[{"width":1227,"height":1201,"url":"https:\/\/www.turismolapernia.com\/wp-content\/uploads\/2022\/03\/DSC09295-01-01-e1646388772244.jpeg","type":"image\/jpeg"}],"author":"admin","twitter_card":"summary_large_image","twitter_misc":{"Written by":"admin","Estimated reading time":"2 minutes"},"schema":{"@context":"https:\/\/schema.org","@graph":[{"@type":"Article","@id":"https:\/\/www.turismolapernia.com\/noticias-pernia\/el-parque-natural-montana-palentina-creara-la-senda-de-la-venganza-del-conde-en-la-pernia\/#article","isPartOf":{"@id":"https:\/\/www.turismolapernia.com\/noticias-pernia\/el-parque-natural-montana-palentina-creara-la-senda-de-la-venganza-del-conde-en-la-pernia\/"},"author":{"name":"admin","@id":"https:\/\/www.turismolapernia.com\/#\/schema\/person\/5d5ac032f7e9064c5ce073bbe3564340"},"headline":"El Parque Natural Monta\u00f1a Palentina crear\u00e1 la senda de &#8220;La Venganza del Conde&#8221; en La Pern\u00eda","datePublished":"2022-03-04T10:03:42+00:00","dateModified":"2022-03-04T15:41:14+00:00","mainEntityOfPage":{"@id":"https:\/\/www.turismolapernia.com\/noticias-pernia\/el-parque-natural-montana-palentina-creara-la-senda-de-la-venganza-del-conde-en-la-pernia\/"},"wordCount":429,"commentCount":0,"publisher":{"@id":"https:\/\/www.turismolapernia.com\/#organization"},"image":{"@id":"https:\/\/www.turismolapernia.com\/noticias-pernia\/el-parque-natural-montana-palentina-creara-la-senda-de-la-venganza-del-conde-en-la-pernia\/#primaryimage"},"thumbnailUrl":"https:\/\/www.turismolapernia.com\/wp-content\/uploads\/2022\/03\/DSC09295-01-01-e1646388772244.jpeg","articleSection":["Noticias"],"inLanguage":"en-GB","potentialAction":[{"@type":"CommentAction","name":"Comment","target":["https:\/\/www.turismolapernia.com\/noticias-pernia\/el-parque-natural-montana-palentina-creara-la-senda-de-la-venganza-del-conde-en-la-pernia\/#respond"]}]},{"@type":"WebPage","@id":"https:\/\/www.turismolapernia.com\/noticias-pernia\/el-parque-natural-montana-palentina-creara-la-senda-de-la-venganza-del-conde-en-la-pernia\/","url":"https:\/\/www.turismolapernia.com\/noticias-pernia\/el-parque-natural-montana-palentina-creara-la-senda-de-la-venganza-del-conde-en-la-pernia\/","name":"El Parque Natural Monta\u00f1a Palentina crear\u00e1 la senda de \"La Venganza del Conde\" en La Pern\u00eda | Turismo La Pern\u00eda","isPartOf":{"@id":"https:\/\/www.turismolapernia.com\/#website"},"primaryImageOfPage":{"@id":"https:\/\/www.turismolapernia.com\/noticias-pernia\/el-parque-natural-montana-palentina-creara-la-senda-de-la-venganza-del-conde-en-la-pernia\/#primaryimage"},"image":{"@id":"https:\/\/www.turismolapernia.com\/noticias-pernia\/el-parque-natural-montana-palentina-creara-la-senda-de-la-venganza-del-conde-en-la-pernia\/#primaryimage"},"thumbnailUrl":"https:\/\/www.turismolapernia.com\/wp-content\/uploads\/2022\/03\/DSC09295-01-01-e1646388772244.jpeg","datePublished":"2022-03-04T10:03:42+00:00","dateModified":"2022-03-04T15:41:14+00:00","breadcrumb":{"@id":"https:\/\/www.turismolapernia.com\/noticias-pernia\/el-parque-natural-montana-palentina-creara-la-senda-de-la-venganza-del-conde-en-la-pernia\/#breadcrumb"},"inLanguage":"en-GB","potentialAction":[{"@type":"ReadAction","target":["https:\/\/www.turismolapernia.com\/noticias-pernia\/el-parque-natural-montana-palentina-creara-la-senda-de-la-venganza-del-conde-en-la-pernia\/"]}]},{"@type":"ImageObject","inLanguage":"en-GB","@id":"https:\/\/www.turismolapernia.com\/noticias-pernia\/el-parque-natural-montana-palentina-creara-la-senda-de-la-venganza-del-conde-en-la-pernia\/#primaryimage","url":"https:\/\/www.turismolapernia.com\/wp-content\/uploads\/2022\/03\/DSC09295-01-01-e1646388772244.jpeg","contentUrl":"https:\/\/www.turismolapernia.com\/wp-content\/uploads\/2022\/03\/DSC09295-01-01-e1646388772244.jpeg","width":1227,"height":1201,"caption":"binary comment"},{"@type":"BreadcrumbList","@id":"https:\/\/www.turismolapernia.com\/noticias-pernia\/el-parque-natural-montana-palentina-creara-la-senda-de-la-venganza-del-conde-en-la-pernia\/#breadcrumb","itemListElement":[{"@type":"ListItem","position":1,"name":"La Pern\u00eda","item":"https:\/\/www.turismolapernia.com\/"},{"@type":"ListItem","position":2,"name":"El Parque Natural Monta\u00f1a Palentina crear\u00e1 la senda de &#8220;La Venganza del Conde&#8221; en La Pern\u00eda"}]},{"@type":"WebSite","@id":"https:\/\/www.turismolapernia.com\/#website","url":"https:\/\/www.turismolapernia.com\/","name":"Turismo La Pern\u00eda","description":"Monta\u00f1a Palentina","publisher":{"@id":"https:\/\/www.turismolapernia.com\/#organization"},"potentialAction":[{"@type":"SearchAction","target":{"@type":"EntryPoint","urlTemplate":"https:\/\/www.turismolapernia.com\/?s={search_term_string}"},"query-input":{"@type":"PropertyValueSpecification","valueRequired":true,"valueName":"search_term_string"}}],"inLanguage":"en-GB"},{"@type":"Organization","@id":"https:\/\/www.turismolapernia.com\/#organization","name":"Turismo La Pern\u00eda","url":"https:\/\/www.turismolapernia.com\/","logo":{"@type":"ImageObject","inLanguage":"en-GB","@id":"https:\/\/www.turismolapernia.com\/#\/schema\/logo\/image\/","url":"https:\/\/www.turismolapernia.com\/wp-content\/uploads\/2021\/12\/cropped-logo-CRV-Pernia-perfil.jpg","contentUrl":"https:\/\/www.turismolapernia.com\/wp-content\/uploads\/2021\/12\/cropped-logo-CRV-Pernia-perfil.jpg","width":512,"height":512,"caption":"Turismo La Pern\u00eda"},"image":{"@id":"https:\/\/www.turismolapernia.com\/#\/schema\/logo\/image\/"},"sameAs":["https:\/\/www.facebook.com\/turismolapernia\/","https:\/\/www.instagram.com\/turismolapernia\/"]},{"@type":"Person","@id":"https:\/\/www.turismolapernia.com\/#\/schema\/person\/5d5ac032f7e9064c5ce073bbe3564340","name":"admin","image":{"@type":"ImageObject","inLanguage":"en-GB","@id":"https:\/\/www.turismolapernia.com\/#\/schema\/person\/image\/","url":"https:\/\/secure.gravatar.com\/avatar\/fe87fc43b218a52a79b72dddcb95d45fcdca0048b80712e6d20925a50f267165?s=96&d=mm&r=g","contentUrl":"https:\/\/secure.gravatar.com\/avatar\/fe87fc43b218a52a79b72dddcb95d45fcdca0048b80712e6d20925a50f267165?s=96&d=mm&r=g","caption":"admin"}}]}},"_links":{"self":[{"href":"https:\/\/www.turismolapernia.com\/en\/wp-json\/wp\/v2\/posts\/9354","targetHints":{"allow":["GET"]}}],"collection":[{"href":"https:\/\/www.turismolapernia.com\/en\/wp-json\/wp\/v2\/posts"}],"about":[{"href":"https:\/\/www.turismolapernia.com\/en\/wp-json\/wp\/v2\/types\/post"}],"author":[{"embeddable":true,"href":"https:\/\/www.turismolapernia.com\/en\/wp-json\/wp\/v2\/users\/1"}],"replies":[{"embeddable":true,"href":"https:\/\/www.turismolapernia.com\/en\/wp-json\/wp\/v2\/comments?post=9354"}],"version-history":[{"count":57,"href":"https:\/\/www.turismolapernia.com\/en\/wp-json\/wp\/v2\/posts\/9354\/revisions"}],"predecessor-version":[{"id":11415,"href":"https:\/\/www.turismolapernia.com\/en\/wp-json\/wp\/v2\/posts\/9354\/revisions\/11415"}],"wp:featuredmedia":[{"embeddable":true,"href":"https:\/\/www.turismolapernia.com\/en\/wp-json\/wp\/v2\/media\/9358"}],"wp:attachment":[{"href":"https:\/\/www.turismolapernia.com\/en\/wp-json\/wp\/v2\/media?parent=9354"}],"wp:term":[{"taxonomy":"category","embeddable":true,"href":"https:\/\/www.turismolapernia.com\/en\/wp-json\/wp\/v2\/categories?post=9354"},{"taxonomy":"post_tag","embeddable":true,"href":"https:\/\/www.turismolapernia.com\/en\/wp-json\/wp\/v2\/tags?post=9354"}],"curies":[{"name":"wp","href":"https:\/\/api.w.org\/{rel}","templated":true}]}}