{"id":9112,"date":"2022-03-02T20:40:28","date_gmt":"2022-03-02T19:40:28","guid":{"rendered":"https:\/\/www.turismolapernia.com\/?p=9112"},"modified":"2022-03-04T09:00:16","modified_gmt":"2022-03-04T08:00:16","slug":"la-mojonera-inicia-el-procedimiento-para-su-declaracion-bic","status":"publish","type":"post","link":"https:\/\/www.turismolapernia.com\/en\/noticias-pernia\/la-mojonera-inicia-el-procedimiento-para-su-declaracion-bic\/","title":{"rendered":"La Mojonera inicia el procedimiento para su declaraci\u00f3n BIC"},"content":{"rendered":"<div data-elementor-type=\"wp-post\" data-elementor-id=\"9112\" class=\"elementor elementor-9112\" data-elementor-settings=\"[]\">\n\t\t\t\t\t\t\t<div class=\"elementor-section-wrap\">\n\t\t\t\t\t\t\t<section class=\"elementor-section elementor-top-section elementor-element elementor-element-7783439 elementor-section-boxed elementor-section-height-default elementor-section-height-default\" data-id=\"7783439\" data-element_type=\"section\">\n\t\t\t\t\t\t<div class=\"elementor-container elementor-column-gap-default\">\n\t\t\t\t\t<div class=\"elementor-column elementor-col-100 elementor-top-column elementor-element elementor-element-12052cf\" data-id=\"12052cf\" data-element_type=\"column\">\n\t\t\t<div class=\"elementor-widget-wrap elementor-element-populated\">\n\t\t\t\t\t\t\t\t<div class=\"elementor-element elementor-element-9bdbeca elementor-widget elementor-widget-image\" data-id=\"9bdbeca\" data-element_type=\"widget\" data-widget_type=\"image.default\">\n\t\t\t\t<div class=\"elementor-widget-container\">\n\t\t\t\t\t\t\t\t\t\t\t\t\t\t\t<img decoding=\"async\" src=\"https:\/\/www.turismolapernia.com\/wp-content\/uploads\/elementor\/thumbs\/DSC_0075-scaled-plaeaty5ci6v38czxnrat6a364k1y41w8jd4iy5ib4.jpg\" title=\"DSC_0075\" alt=\"Mojonera 2018\" \/>\t\t\t\t\t\t\t\t\t\t\t\t\t\t\t<\/div>\n\t\t\t\t<\/div>\n\t\t\t\t\t<\/div>\n\t\t<\/div>\n\t\t\t\t\t\t\t<\/div>\n\t\t<\/section>\n\t\t\t\t<section class=\"elementor-section elementor-top-section elementor-element elementor-element-da0de84 elementor-section-boxed elementor-section-height-default elementor-section-height-default\" data-id=\"da0de84\" data-element_type=\"section\">\n\t\t\t\t\t\t<div class=\"elementor-container elementor-column-gap-default\">\n\t\t\t\t\t<div class=\"elementor-column elementor-col-100 elementor-top-column elementor-element elementor-element-d0cc00c\" data-id=\"d0cc00c\" data-element_type=\"column\">\n\t\t\t<div class=\"elementor-widget-wrap elementor-element-populated\">\n\t\t\t\t\t\t\t\t<div class=\"elementor-element elementor-element-2f04229 elementor-widget elementor-widget-text-editor\" data-id=\"2f04229\" data-element_type=\"widget\" data-widget_type=\"text-editor.default\">\n\t\t\t\t<div class=\"elementor-widget-container\">\n\t\t\t\t\t\t\t<p>El pasado 23 de febrero, se public\u00f3 en el BOCYL la incoaci\u00f3n por la Junta de Castilla y Le\u00f3n de \u201cLa Mojonera de Bra\u00f1osera y el Valle de los Redondos (San Juan de Redondo y Santa Mar\u00eda de Redondo) (Palencia)&#8221; como Bien de Inter\u00e9s Cultural de car\u00e1cter inmaterial. <br><\/p>\n<p>El procedimiento de declaraci\u00f3n de Bien de Inter\u00e9s Cultural requiere la previa incoaci\u00f3n y tramitaci\u00f3n del expediente administrativo por la Consejer\u00eda de Cultura y Turismo.<\/p>\n<p><br><\/p>\t\t\t\t\t\t<\/div>\n\t\t\t\t<\/div>\n\t\t\t\t\t<\/div>\n\t\t<\/div>\n\t\t\t\t\t\t\t<\/div>\n\t\t<\/section>\n\t\t\t\t<section class=\"elementor-section elementor-top-section elementor-element elementor-element-f726489 elementor-section-boxed elementor-section-height-default elementor-section-height-default\" data-id=\"f726489\" data-element_type=\"section\">\n\t\t\t\t\t\t<div class=\"elementor-container elementor-column-gap-default\">\n\t\t\t\t\t<div class=\"elementor-column elementor-col-100 elementor-top-column elementor-element elementor-element-b6f34ab\" data-id=\"b6f34ab\" data-element_type=\"column\">\n\t\t\t<div class=\"elementor-widget-wrap elementor-element-populated\">\n\t\t\t\t\t\t\t\t<div class=\"elementor-element elementor-element-bd35987 elementor-widget elementor-widget-heading\" data-id=\"bd35987\" data-element_type=\"widget\" data-widget_type=\"heading.default\">\n\t\t\t\t<div class=\"elementor-widget-container\">\n\t\t\t<h3 class=\"elementor-heading-title elementor-size-default\"><b>La Mojonera<\/b><\/h3>\t\t<\/div>\n\t\t\t\t<\/div>\n\t\t\t\t\t<\/div>\n\t\t<\/div>\n\t\t\t\t\t\t\t<\/div>\n\t\t<\/section>\n\t\t\t\t<section class=\"elementor-section elementor-top-section elementor-element elementor-element-e26a746 elementor-section-boxed elementor-section-height-default elementor-section-height-default\" data-id=\"e26a746\" data-element_type=\"section\">\n\t\t\t\t\t\t<div class=\"elementor-container elementor-column-gap-default\">\n\t\t\t\t\t<div class=\"elementor-column elementor-col-100 elementor-top-column elementor-element elementor-element-73ae6fc\" data-id=\"73ae6fc\" data-element_type=\"column\">\n\t\t\t<div class=\"elementor-widget-wrap elementor-element-populated\">\n\t\t\t\t\t\t\t\t<div class=\"elementor-element elementor-element-37e7328 elementor-widget elementor-widget-text-editor\" data-id=\"37e7328\" data-element_type=\"widget\" data-widget_type=\"text-editor.default\">\n\t\t\t\t<div class=\"elementor-widget-container\">\n\t\t\t\t\t\t\t<p>La Mojonera es una fiesta o celebraci\u00f3n estival que tiene lugar cada nueve a\u00f1os, entre los vecinos de Bra\u00f1osera y los Redondos, en la que se rememora el pleito que tuvo lugar entre ambos municipios en 1575, que ha permanecido pr\u00e1cticamente inalterada en el tiempo hasta nuestros d\u00edas.<\/p>\n<p><br><\/p>\n<p><\/p>\n<p>Esta antigua celebraci\u00f3n, conmemora la resoluci\u00f3n pac\u00edfica de un pleito que en su d\u00eda enfrent\u00f3 a los dos concejos, en un recorrido hist\u00f3rico que se realiza cada nueve a\u00f1os en los primeros d\u00edas del mes de septiembre. Los vecinos de ambos predios implicados en el antiguo conflicto se re\u00fanen para verificar, mediante acta notarial, la posici\u00f3n de los 28 mojones que delimitan los pastos, lo que se conoce como \u201cescritura de recorrido de la Mojonera\u201d, poniendo de manifiesto la voluntad de las dos comunidades de seguir definiendo sus discrepancias de manera pac\u00edfica y consensuada.<\/p>\n\n<p><\/p>Realizado el recorrido, cada vecindario en sus terrenos y por separado celebra una comida conmemorativa, reivindicando la pertenencia e identidad de cada uno de los dos concejos, que finaliza con un brindis conjunto para sellar de nuevo el acuerdo y renovar su vigencia, reforzando el car\u00e1cter ceremonial de la celebraci\u00f3n. En este brindis conjunto se utilizan los dos juegos de copas en plata originales con las que sellaron su primer acuerdo.\n<p><br><\/p>\n<p><\/p>\n<p>En la actualidad, la Mojonera sigue su ciclo de celebraciones en el mismo escenario y con los mismos elementos que la defin\u00edan hace m\u00e1s de 400 a\u00f1os. La fiesta que reconoce y celebra valores de identidad, civismo y cohesi\u00f3n social, es una declaraci\u00f3n de convivencia pac\u00edfica y de la voluntad de mantener un acuerdo por el que hace siglos se pact\u00f3 una explotaci\u00f3n sensata de un recurso natural, fuente de riqueza que implica el uso del agua y de los pastos.<\/p>\n<p><br><\/p>\n<p><\/p>\n<p>La transmisi\u00f3n oral, la identidad de los miembros de la colectividad, las acciones que se representan, el protagonismo de la comunidad, la diversidad de s\u00edmbolos y significados, la pervivencia a lo largo de la historia y la vitalidad actual, hacen de La Mojonera una manifestaci\u00f3n cultural de alto valor patrimonial.<\/p>\t\t\t\t\t\t<\/div>\n\t\t\t\t<\/div>\n\t\t\t\t\t<\/div>\n\t\t<\/div>\n\t\t\t\t\t\t\t<\/div>\n\t\t<\/section>\n\t\t\t\t\t\t<\/div>\n\t\t\t\t\t<\/div>","protected":false},"excerpt":{"rendered":"<p>El pasado 23 de febrero, se public\u00f3 en el BOCYL la incoaci\u00f3n por la Junta de Castilla y Le\u00f3n de \u201cLa Mojonera de Bra\u00f1osera y el Valle de los Redondos (San Juan de Redondo y Santa Mar\u00eda de Redondo) (Palencia)&#8221; como Bien de Inter\u00e9s Cultural de car\u00e1cter inmaterial. El procedimiento de declaraci\u00f3n de Bien de &hellip; <\/p>\n<p class=\"link-more\"><a href=\"https:\/\/www.turismolapernia.com\/en\/noticias-pernia\/la-mojonera-inicia-el-procedimiento-para-su-declaracion-bic\/\" class=\"more-link\">Continue reading<span class=\"screen-reader-text\"> &#8220;La Mojonera inicia el procedimiento para su declaraci\u00f3n BIC&#8221;<\/span><\/a><\/p>","protected":false},"author":1,"featured_media":9116,"comment_status":"open","ping_status":"open","sticky":false,"template":"","format":"standard","meta":{"footnotes":""},"categories":[13],"tags":[],"class_list":["post-9112","post","type-post","status-publish","format-standard","has-post-thumbnail","hentry","category-noticias-pernia"],"yoast_head":"<!-- This site is optimized with the Yoast SEO plugin v23.5 - https:\/\/yoast.com\/wordpress\/plugins\/seo\/ -->\n<title>La Mojonera inicia el procedimiento para su declaraci\u00f3n BIC | Turismo La Pern\u00eda<\/title>\n<meta name=\"robots\" content=\"index, follow, max-snippet:-1, max-image-preview:large, max-video-preview:-1\" \/>\n<link rel=\"canonical\" href=\"https:\/\/www.turismolapernia.com\/en\/noticias-pernia\/la-mojonera-inicia-el-procedimiento-para-su-declaracion-bic\/\" \/>\n<meta property=\"og:locale\" content=\"en_GB\" \/>\n<meta property=\"og:type\" content=\"article\" \/>\n<meta property=\"og:title\" content=\"La Mojonera inicia el procedimiento para su declaraci\u00f3n BIC | Turismo La Pern\u00eda\" \/>\n<meta property=\"og:description\" content=\"El pasado 23 de febrero, se public\u00f3 en el BOCYL la incoaci\u00f3n por la Junta de Castilla y Le\u00f3n de \u201cLa Mojonera de Bra\u00f1osera y el Valle de los Redondos (San Juan de Redondo y Santa Mar\u00eda de Redondo) (Palencia)&#8221; como Bien de Inter\u00e9s Cultural de car\u00e1cter inmaterial. El procedimiento de declaraci\u00f3n de Bien de &hellip; Continue reading &quot;La Mojonera inicia el procedimiento para su declaraci\u00f3n BIC&quot;\" \/>\n<meta property=\"og:url\" content=\"https:\/\/www.turismolapernia.com\/en\/noticias-pernia\/la-mojonera-inicia-el-procedimiento-para-su-declaracion-bic\/\" \/>\n<meta property=\"og:site_name\" content=\"Turismo La Pern\u00eda\" \/>\n<meta property=\"article:publisher\" content=\"https:\/\/www.facebook.com\/turismolapernia\/\" \/>\n<meta property=\"article:published_time\" content=\"2022-03-02T19:40:28+00:00\" \/>\n<meta property=\"article:modified_time\" content=\"2022-03-04T08:00:16+00:00\" \/>\n<meta property=\"og:image\" content=\"https:\/\/www.turismolapernia.com\/wp-content\/uploads\/2022\/03\/DSC_0075-scaled.jpg\" \/>\n\t<meta property=\"og:image:width\" content=\"2560\" \/>\n\t<meta property=\"og:image:height\" content=\"1742\" \/>\n\t<meta property=\"og:image:type\" content=\"image\/jpeg\" \/>\n<meta name=\"author\" content=\"admin\" \/>\n<meta name=\"twitter:card\" content=\"summary_large_image\" \/>\n<meta name=\"twitter:label1\" content=\"Written by\" \/>\n\t<meta name=\"twitter:data1\" content=\"admin\" \/>\n\t<meta name=\"twitter:label2\" content=\"Estimated reading time\" \/>\n\t<meta name=\"twitter:data2\" content=\"3 minutes\" \/>\n<script type=\"application\/ld+json\" class=\"yoast-schema-graph\">{\"@context\":\"https:\/\/schema.org\",\"@graph\":[{\"@type\":\"Article\",\"@id\":\"https:\/\/www.turismolapernia.com\/noticias-pernia\/la-mojonera-inicia-el-procedimiento-para-su-declaracion-bic\/#article\",\"isPartOf\":{\"@id\":\"https:\/\/www.turismolapernia.com\/noticias-pernia\/la-mojonera-inicia-el-procedimiento-para-su-declaracion-bic\/\"},\"author\":{\"name\":\"admin\",\"@id\":\"https:\/\/www.turismolapernia.com\/#\/schema\/person\/5d5ac032f7e9064c5ce073bbe3564340\"},\"headline\":\"La Mojonera inicia el procedimiento para su declaraci\u00f3n BIC\",\"datePublished\":\"2022-03-02T19:40:28+00:00\",\"dateModified\":\"2022-03-04T08:00:16+00:00\",\"mainEntityOfPage\":{\"@id\":\"https:\/\/www.turismolapernia.com\/noticias-pernia\/la-mojonera-inicia-el-procedimiento-para-su-declaracion-bic\/\"},\"wordCount\":463,\"commentCount\":0,\"publisher\":{\"@id\":\"https:\/\/www.turismolapernia.com\/#organization\"},\"image\":{\"@id\":\"https:\/\/www.turismolapernia.com\/noticias-pernia\/la-mojonera-inicia-el-procedimiento-para-su-declaracion-bic\/#primaryimage\"},\"thumbnailUrl\":\"https:\/\/www.turismolapernia.com\/wp-content\/uploads\/2022\/03\/DSC_0075-scaled.jpg\",\"articleSection\":[\"Noticias\"],\"inLanguage\":\"en-GB\",\"potentialAction\":[{\"@type\":\"CommentAction\",\"name\":\"Comment\",\"target\":[\"https:\/\/www.turismolapernia.com\/noticias-pernia\/la-mojonera-inicia-el-procedimiento-para-su-declaracion-bic\/#respond\"]}]},{\"@type\":\"WebPage\",\"@id\":\"https:\/\/www.turismolapernia.com\/noticias-pernia\/la-mojonera-inicia-el-procedimiento-para-su-declaracion-bic\/\",\"url\":\"https:\/\/www.turismolapernia.com\/noticias-pernia\/la-mojonera-inicia-el-procedimiento-para-su-declaracion-bic\/\",\"name\":\"La Mojonera inicia el procedimiento para su declaraci\u00f3n BIC | Turismo La Pern\u00eda\",\"isPartOf\":{\"@id\":\"https:\/\/www.turismolapernia.com\/#website\"},\"primaryImageOfPage\":{\"@id\":\"https:\/\/www.turismolapernia.com\/noticias-pernia\/la-mojonera-inicia-el-procedimiento-para-su-declaracion-bic\/#primaryimage\"},\"image\":{\"@id\":\"https:\/\/www.turismolapernia.com\/noticias-pernia\/la-mojonera-inicia-el-procedimiento-para-su-declaracion-bic\/#primaryimage\"},\"thumbnailUrl\":\"https:\/\/www.turismolapernia.com\/wp-content\/uploads\/2022\/03\/DSC_0075-scaled.jpg\",\"datePublished\":\"2022-03-02T19:40:28+00:00\",\"dateModified\":\"2022-03-04T08:00:16+00:00\",\"breadcrumb\":{\"@id\":\"https:\/\/www.turismolapernia.com\/noticias-pernia\/la-mojonera-inicia-el-procedimiento-para-su-declaracion-bic\/#breadcrumb\"},\"inLanguage\":\"en-GB\",\"potentialAction\":[{\"@type\":\"ReadAction\",\"target\":[\"https:\/\/www.turismolapernia.com\/noticias-pernia\/la-mojonera-inicia-el-procedimiento-para-su-declaracion-bic\/\"]}]},{\"@type\":\"ImageObject\",\"inLanguage\":\"en-GB\",\"@id\":\"https:\/\/www.turismolapernia.com\/noticias-pernia\/la-mojonera-inicia-el-procedimiento-para-su-declaracion-bic\/#primaryimage\",\"url\":\"https:\/\/www.turismolapernia.com\/wp-content\/uploads\/2022\/03\/DSC_0075-scaled.jpg\",\"contentUrl\":\"https:\/\/www.turismolapernia.com\/wp-content\/uploads\/2022\/03\/DSC_0075-scaled.jpg\",\"width\":2560,\"height\":1742,\"caption\":\"Mojonera 2018\"},{\"@type\":\"BreadcrumbList\",\"@id\":\"https:\/\/www.turismolapernia.com\/noticias-pernia\/la-mojonera-inicia-el-procedimiento-para-su-declaracion-bic\/#breadcrumb\",\"itemListElement\":[{\"@type\":\"ListItem\",\"position\":1,\"name\":\"La Pern\u00eda\",\"item\":\"https:\/\/www.turismolapernia.com\/\"},{\"@type\":\"ListItem\",\"position\":2,\"name\":\"La Mojonera inicia el procedimiento para su declaraci\u00f3n BIC\"}]},{\"@type\":\"WebSite\",\"@id\":\"https:\/\/www.turismolapernia.com\/#website\",\"url\":\"https:\/\/www.turismolapernia.com\/\",\"name\":\"Turismo La Pern\u00eda\",\"description\":\"Monta\u00f1a Palentina\",\"publisher\":{\"@id\":\"https:\/\/www.turismolapernia.com\/#organization\"},\"potentialAction\":[{\"@type\":\"SearchAction\",\"target\":{\"@type\":\"EntryPoint\",\"urlTemplate\":\"https:\/\/www.turismolapernia.com\/?s={search_term_string}\"},\"query-input\":{\"@type\":\"PropertyValueSpecification\",\"valueRequired\":true,\"valueName\":\"search_term_string\"}}],\"inLanguage\":\"en-GB\"},{\"@type\":\"Organization\",\"@id\":\"https:\/\/www.turismolapernia.com\/#organization\",\"name\":\"Turismo La Pern\u00eda\",\"url\":\"https:\/\/www.turismolapernia.com\/\",\"logo\":{\"@type\":\"ImageObject\",\"inLanguage\":\"en-GB\",\"@id\":\"https:\/\/www.turismolapernia.com\/#\/schema\/logo\/image\/\",\"url\":\"https:\/\/www.turismolapernia.com\/wp-content\/uploads\/2021\/12\/cropped-logo-CRV-Pernia-perfil.jpg\",\"contentUrl\":\"https:\/\/www.turismolapernia.com\/wp-content\/uploads\/2021\/12\/cropped-logo-CRV-Pernia-perfil.jpg\",\"width\":512,\"height\":512,\"caption\":\"Turismo La Pern\u00eda\"},\"image\":{\"@id\":\"https:\/\/www.turismolapernia.com\/#\/schema\/logo\/image\/\"},\"sameAs\":[\"https:\/\/www.facebook.com\/turismolapernia\/\",\"https:\/\/www.instagram.com\/turismolapernia\/\"]},{\"@type\":\"Person\",\"@id\":\"https:\/\/www.turismolapernia.com\/#\/schema\/person\/5d5ac032f7e9064c5ce073bbe3564340\",\"name\":\"admin\",\"image\":{\"@type\":\"ImageObject\",\"inLanguage\":\"en-GB\",\"@id\":\"https:\/\/www.turismolapernia.com\/#\/schema\/person\/image\/\",\"url\":\"https:\/\/secure.gravatar.com\/avatar\/fe87fc43b218a52a79b72dddcb95d45fcdca0048b80712e6d20925a50f267165?s=96&d=mm&r=g\",\"contentUrl\":\"https:\/\/secure.gravatar.com\/avatar\/fe87fc43b218a52a79b72dddcb95d45fcdca0048b80712e6d20925a50f267165?s=96&d=mm&r=g\",\"caption\":\"admin\"}}]}<\/script>\n<!-- \/ Yoast SEO plugin. -->","yoast_head_json":{"title":"La Mojonera inicia el procedimiento para su declaraci\u00f3n BIC | Turismo La Pern\u00eda","robots":{"index":"index","follow":"follow","max-snippet":"max-snippet:-1","max-image-preview":"max-image-preview:large","max-video-preview":"max-video-preview:-1"},"canonical":"https:\/\/www.turismolapernia.com\/en\/noticias-pernia\/la-mojonera-inicia-el-procedimiento-para-su-declaracion-bic\/","og_locale":"en_GB","og_type":"article","og_title":"La Mojonera inicia el procedimiento para su declaraci\u00f3n BIC | Turismo La Pern\u00eda","og_description":"El pasado 23 de febrero, se public\u00f3 en el BOCYL la incoaci\u00f3n por la Junta de Castilla y Le\u00f3n de \u201cLa Mojonera de Bra\u00f1osera y el Valle de los Redondos (San Juan de Redondo y Santa Mar\u00eda de Redondo) (Palencia)&#8221; como Bien de Inter\u00e9s Cultural de car\u00e1cter inmaterial. El procedimiento de declaraci\u00f3n de Bien de &hellip; Continue reading \"La Mojonera inicia el procedimiento para su declaraci\u00f3n BIC\"","og_url":"https:\/\/www.turismolapernia.com\/en\/noticias-pernia\/la-mojonera-inicia-el-procedimiento-para-su-declaracion-bic\/","og_site_name":"Turismo La Pern\u00eda","article_publisher":"https:\/\/www.facebook.com\/turismolapernia\/","article_published_time":"2022-03-02T19:40:28+00:00","article_modified_time":"2022-03-04T08:00:16+00:00","og_image":[{"width":2560,"height":1742,"url":"https:\/\/www.turismolapernia.com\/wp-content\/uploads\/2022\/03\/DSC_0075-scaled.jpg","type":"image\/jpeg"}],"author":"admin","twitter_card":"summary_large_image","twitter_misc":{"Written by":"admin","Estimated reading time":"3 minutes"},"schema":{"@context":"https:\/\/schema.org","@graph":[{"@type":"Article","@id":"https:\/\/www.turismolapernia.com\/noticias-pernia\/la-mojonera-inicia-el-procedimiento-para-su-declaracion-bic\/#article","isPartOf":{"@id":"https:\/\/www.turismolapernia.com\/noticias-pernia\/la-mojonera-inicia-el-procedimiento-para-su-declaracion-bic\/"},"author":{"name":"admin","@id":"https:\/\/www.turismolapernia.com\/#\/schema\/person\/5d5ac032f7e9064c5ce073bbe3564340"},"headline":"La Mojonera inicia el procedimiento para su declaraci\u00f3n BIC","datePublished":"2022-03-02T19:40:28+00:00","dateModified":"2022-03-04T08:00:16+00:00","mainEntityOfPage":{"@id":"https:\/\/www.turismolapernia.com\/noticias-pernia\/la-mojonera-inicia-el-procedimiento-para-su-declaracion-bic\/"},"wordCount":463,"commentCount":0,"publisher":{"@id":"https:\/\/www.turismolapernia.com\/#organization"},"image":{"@id":"https:\/\/www.turismolapernia.com\/noticias-pernia\/la-mojonera-inicia-el-procedimiento-para-su-declaracion-bic\/#primaryimage"},"thumbnailUrl":"https:\/\/www.turismolapernia.com\/wp-content\/uploads\/2022\/03\/DSC_0075-scaled.jpg","articleSection":["Noticias"],"inLanguage":"en-GB","potentialAction":[{"@type":"CommentAction","name":"Comment","target":["https:\/\/www.turismolapernia.com\/noticias-pernia\/la-mojonera-inicia-el-procedimiento-para-su-declaracion-bic\/#respond"]}]},{"@type":"WebPage","@id":"https:\/\/www.turismolapernia.com\/noticias-pernia\/la-mojonera-inicia-el-procedimiento-para-su-declaracion-bic\/","url":"https:\/\/www.turismolapernia.com\/noticias-pernia\/la-mojonera-inicia-el-procedimiento-para-su-declaracion-bic\/","name":"La Mojonera inicia el procedimiento para su declaraci\u00f3n BIC | Turismo La Pern\u00eda","isPartOf":{"@id":"https:\/\/www.turismolapernia.com\/#website"},"primaryImageOfPage":{"@id":"https:\/\/www.turismolapernia.com\/noticias-pernia\/la-mojonera-inicia-el-procedimiento-para-su-declaracion-bic\/#primaryimage"},"image":{"@id":"https:\/\/www.turismolapernia.com\/noticias-pernia\/la-mojonera-inicia-el-procedimiento-para-su-declaracion-bic\/#primaryimage"},"thumbnailUrl":"https:\/\/www.turismolapernia.com\/wp-content\/uploads\/2022\/03\/DSC_0075-scaled.jpg","datePublished":"2022-03-02T19:40:28+00:00","dateModified":"2022-03-04T08:00:16+00:00","breadcrumb":{"@id":"https:\/\/www.turismolapernia.com\/noticias-pernia\/la-mojonera-inicia-el-procedimiento-para-su-declaracion-bic\/#breadcrumb"},"inLanguage":"en-GB","potentialAction":[{"@type":"ReadAction","target":["https:\/\/www.turismolapernia.com\/noticias-pernia\/la-mojonera-inicia-el-procedimiento-para-su-declaracion-bic\/"]}]},{"@type":"ImageObject","inLanguage":"en-GB","@id":"https:\/\/www.turismolapernia.com\/noticias-pernia\/la-mojonera-inicia-el-procedimiento-para-su-declaracion-bic\/#primaryimage","url":"https:\/\/www.turismolapernia.com\/wp-content\/uploads\/2022\/03\/DSC_0075-scaled.jpg","contentUrl":"https:\/\/www.turismolapernia.com\/wp-content\/uploads\/2022\/03\/DSC_0075-scaled.jpg","width":2560,"height":1742,"caption":"Mojonera 2018"},{"@type":"BreadcrumbList","@id":"https:\/\/www.turismolapernia.com\/noticias-pernia\/la-mojonera-inicia-el-procedimiento-para-su-declaracion-bic\/#breadcrumb","itemListElement":[{"@type":"ListItem","position":1,"name":"La Pern\u00eda","item":"https:\/\/www.turismolapernia.com\/"},{"@type":"ListItem","position":2,"name":"La Mojonera inicia el procedimiento para su declaraci\u00f3n BIC"}]},{"@type":"WebSite","@id":"https:\/\/www.turismolapernia.com\/#website","url":"https:\/\/www.turismolapernia.com\/","name":"Turismo La Pern\u00eda","description":"Monta\u00f1a Palentina","publisher":{"@id":"https:\/\/www.turismolapernia.com\/#organization"},"potentialAction":[{"@type":"SearchAction","target":{"@type":"EntryPoint","urlTemplate":"https:\/\/www.turismolapernia.com\/?s={search_term_string}"},"query-input":{"@type":"PropertyValueSpecification","valueRequired":true,"valueName":"search_term_string"}}],"inLanguage":"en-GB"},{"@type":"Organization","@id":"https:\/\/www.turismolapernia.com\/#organization","name":"Turismo La Pern\u00eda","url":"https:\/\/www.turismolapernia.com\/","logo":{"@type":"ImageObject","inLanguage":"en-GB","@id":"https:\/\/www.turismolapernia.com\/#\/schema\/logo\/image\/","url":"https:\/\/www.turismolapernia.com\/wp-content\/uploads\/2021\/12\/cropped-logo-CRV-Pernia-perfil.jpg","contentUrl":"https:\/\/www.turismolapernia.com\/wp-content\/uploads\/2021\/12\/cropped-logo-CRV-Pernia-perfil.jpg","width":512,"height":512,"caption":"Turismo La Pern\u00eda"},"image":{"@id":"https:\/\/www.turismolapernia.com\/#\/schema\/logo\/image\/"},"sameAs":["https:\/\/www.facebook.com\/turismolapernia\/","https:\/\/www.instagram.com\/turismolapernia\/"]},{"@type":"Person","@id":"https:\/\/www.turismolapernia.com\/#\/schema\/person\/5d5ac032f7e9064c5ce073bbe3564340","name":"admin","image":{"@type":"ImageObject","inLanguage":"en-GB","@id":"https:\/\/www.turismolapernia.com\/#\/schema\/person\/image\/","url":"https:\/\/secure.gravatar.com\/avatar\/fe87fc43b218a52a79b72dddcb95d45fcdca0048b80712e6d20925a50f267165?s=96&d=mm&r=g","contentUrl":"https:\/\/secure.gravatar.com\/avatar\/fe87fc43b218a52a79b72dddcb95d45fcdca0048b80712e6d20925a50f267165?s=96&d=mm&r=g","caption":"admin"}}]}},"_links":{"self":[{"href":"https:\/\/www.turismolapernia.com\/en\/wp-json\/wp\/v2\/posts\/9112","targetHints":{"allow":["GET"]}}],"collection":[{"href":"https:\/\/www.turismolapernia.com\/en\/wp-json\/wp\/v2\/posts"}],"about":[{"href":"https:\/\/www.turismolapernia.com\/en\/wp-json\/wp\/v2\/types\/post"}],"author":[{"embeddable":true,"href":"https:\/\/www.turismolapernia.com\/en\/wp-json\/wp\/v2\/users\/1"}],"replies":[{"embeddable":true,"href":"https:\/\/www.turismolapernia.com\/en\/wp-json\/wp\/v2\/comments?post=9112"}],"version-history":[{"count":64,"href":"https:\/\/www.turismolapernia.com\/en\/wp-json\/wp\/v2\/posts\/9112\/revisions"}],"predecessor-version":[{"id":9345,"href":"https:\/\/www.turismolapernia.com\/en\/wp-json\/wp\/v2\/posts\/9112\/revisions\/9345"}],"wp:featuredmedia":[{"embeddable":true,"href":"https:\/\/www.turismolapernia.com\/en\/wp-json\/wp\/v2\/media\/9116"}],"wp:attachment":[{"href":"https:\/\/www.turismolapernia.com\/en\/wp-json\/wp\/v2\/media?parent=9112"}],"wp:term":[{"taxonomy":"category","embeddable":true,"href":"https:\/\/www.turismolapernia.com\/en\/wp-json\/wp\/v2\/categories?post=9112"},{"taxonomy":"post_tag","embeddable":true,"href":"https:\/\/www.turismolapernia.com\/en\/wp-json\/wp\/v2\/tags?post=9112"}],"curies":[{"name":"wp","href":"https:\/\/api.w.org\/{rel}","templated":true}]}}