{"id":4280,"date":"2021-12-22T14:23:28","date_gmt":"2021-12-22T13:23:28","guid":{"rendered":"https:\/\/www.turismolapernia.com\/?p=4280"},"modified":"2022-12-15T14:35:19","modified_gmt":"2022-12-15T13:35:19","slug":"calendario-2022","status":"publish","type":"post","link":"https:\/\/www.turismolapernia.com\/en\/noticias-pernia\/calendario-2022\/","title":{"rendered":"Calendario 2022"},"content":{"rendered":"<div data-elementor-type=\"wp-post\" data-elementor-id=\"4280\" class=\"elementor elementor-4280\" data-elementor-settings=\"[]\">\n\t\t\t\t\t\t\t<div class=\"elementor-section-wrap\">\n\t\t\t\t\t\t\t<section class=\"elementor-section elementor-top-section elementor-element elementor-element-9de381d elementor-section-boxed elementor-section-height-default elementor-section-height-default\" data-id=\"9de381d\" data-element_type=\"section\">\n\t\t\t\t\t\t<div class=\"elementor-container elementor-column-gap-default\">\n\t\t\t\t\t<div class=\"elementor-column elementor-col-100 elementor-top-column elementor-element elementor-element-0c467f1\" data-id=\"0c467f1\" data-element_type=\"column\">\n\t\t\t<div class=\"elementor-widget-wrap elementor-element-populated\">\n\t\t\t\t\t\t\t\t<div class=\"elementor-element elementor-element-c9cb326 elementor-widget elementor-widget-heading\" data-id=\"c9cb326\" data-element_type=\"widget\" data-widget_type=\"heading.default\">\n\t\t\t\t<div class=\"elementor-widget-container\">\n\t\t\t<h3 class=\"elementor-heading-title elementor-size-default\"><b>12 miradas a La Pern\u00eda<\/b><\/h3>\t\t<\/div>\n\t\t\t\t<\/div>\n\t\t\t\t<div class=\"elementor-element elementor-element-4b0d609 elementor-widget elementor-widget-text-editor\" data-id=\"4b0d609\" data-element_type=\"widget\" data-widget_type=\"text-editor.default\">\n\t\t\t\t<div class=\"elementor-widget-container\">\n\t\t\t\t\t\t\t<p>Para este pr\u00f3ximo a\u00f1o 2022, desde el Ayuntamiento de La Pern\u00eda se ha realizado un calendario con im\u00e1genes de nuestro municipio (una imagen por mes, de cada una de las 12 localidades de La Pern\u00eda).<\/p><p>El calendario incluye el santoral, las fases lunares, el inicio de las estaciones, adem\u00e1s de los d\u00edas festivos nacionales y auton\u00f3micos. Tambi\u00e9n se incluyen las fiestas tradicionales de caracter municipal y local de cada uno de los pueblos pernianos.<\/p><p>Los calendarios se pueden conseguir, hasta fin de existencias, en el Ayuntamiento de La Pern\u00eda, en San Salvador de Cantamuda, en<span dir=\"auto\"> horario de lunes a viernes, de 10 a 14 h (el ayuntamiento permanecer\u00e1 cerrado los d\u00edas 24, 29, 31 de diciembre y 6 de enero). M\u00e1s informaci\u00f3n en el 979879028.<\/span><\/p><p>Desde aqu\u00ed aprovechamos para desearos a todos \u00a1\u00a1felices fiestas y un pr\u00f3spero 2022!!.<\/p><p>\u00a0<\/p>\t\t\t\t\t\t<\/div>\n\t\t\t\t<\/div>\n\t\t\t\t<div class=\"elementor-element elementor-element-fb130e9 elementor-widget elementor-widget-text-editor\" data-id=\"fb130e9\" data-element_type=\"widget\" data-widget_type=\"text-editor.default\">\n\t\t\t\t<div class=\"elementor-widget-container\">\n\t\t\t\t\t\t\t<p>Puedes ver y descargar el calendario aqu\u00ed: <\/p>\t\t\t\t\t\t<\/div>\n\t\t\t\t<\/div>\n\t\t\t\t\t<\/div>\n\t\t<\/div>\n\t\t\t\t\t\t\t<\/div>\n\t\t<\/section>\n\t\t\t\t<section class=\"elementor-section elementor-top-section elementor-element elementor-element-8d96ae1 elementor-section-boxed elementor-section-height-default elementor-section-height-default\" data-id=\"8d96ae1\" data-element_type=\"section\">\n\t\t\t\t\t\t<div class=\"elementor-container elementor-column-gap-default\">\n\t\t\t\t\t<div class=\"elementor-column elementor-col-100 elementor-top-column elementor-element elementor-element-e69611e\" data-id=\"e69611e\" data-element_type=\"column\">\n\t\t\t<div class=\"elementor-widget-wrap\">\n\t\t\t\t\t\t\t\t\t<\/div>\n\t\t<\/div>\n\t\t\t\t\t\t\t<\/div>\n\t\t<\/section>\n\t\t\t\t<section class=\"elementor-section elementor-top-section elementor-element elementor-element-6af1d6e elementor-section-boxed elementor-section-height-default elementor-section-height-default\" data-id=\"6af1d6e\" data-element_type=\"section\">\n\t\t\t\t\t\t<div class=\"elementor-container elementor-column-gap-default\">\n\t\t\t\t\t<div class=\"elementor-column elementor-col-100 elementor-top-column elementor-element elementor-element-8a166c1\" data-id=\"8a166c1\" data-element_type=\"column\">\n\t\t\t<div class=\"elementor-widget-wrap\">\n\t\t\t\t\t\t\t\t\t<\/div>\n\t\t<\/div>\n\t\t\t\t\t\t\t<\/div>\n\t\t<\/section>\n\t\t\t\t<section class=\"elementor-section elementor-top-section elementor-element elementor-element-cc2ed28 elementor-section-boxed elementor-section-height-default elementor-section-height-default\" data-id=\"cc2ed28\" data-element_type=\"section\">\n\t\t\t\t\t\t<div class=\"elementor-container elementor-column-gap-default\">\n\t\t\t\t\t<div class=\"elementor-column elementor-col-100 elementor-top-column elementor-element elementor-element-a84d0da\" data-id=\"a84d0da\" data-element_type=\"column\">\n\t\t\t<div class=\"elementor-widget-wrap elementor-element-populated\">\n\t\t\t\t\t\t\t\t<div class=\"elementor-element elementor-element-4f48d59 elementor-widget elementor-widget-image\" data-id=\"4f48d59\" data-element_type=\"widget\" data-widget_type=\"image.default\">\n\t\t\t\t<div class=\"elementor-widget-container\">\n\t\t\t\t\t\t\t\t\t\t\t\t\t\t\t\t<a href=\"https:\/\/www.turismolapernia.com\/wp-content\/uploads\/2021\/12\/Calendario-2022-La-Pernia.pdf\" target=\"_blank\">\n\t\t\t\t\t\t\t<img loading=\"lazy\" decoding=\"async\" width=\"525\" height=\"743\" src=\"https:\/\/www.turismolapernia.com\/wp-content\/uploads\/2021\/12\/Calendario-2022-La-Pernia_pages-to-jpg-0001-1-724x1024.jpg\" class=\"attachment-large size-large\" alt=\"\" srcset=\"https:\/\/www.turismolapernia.com\/wp-content\/uploads\/2021\/12\/Calendario-2022-La-Pernia_pages-to-jpg-0001-1-724x1024.jpg 724w, https:\/\/www.turismolapernia.com\/wp-content\/uploads\/2021\/12\/Calendario-2022-La-Pernia_pages-to-jpg-0001-1-212x300.jpg 212w, https:\/\/www.turismolapernia.com\/wp-content\/uploads\/2021\/12\/Calendario-2022-La-Pernia_pages-to-jpg-0001-1-768x1086.jpg 768w, https:\/\/www.turismolapernia.com\/wp-content\/uploads\/2021\/12\/Calendario-2022-La-Pernia_pages-to-jpg-0001-1-1086x1536.jpg 1086w, https:\/\/www.turismolapernia.com\/wp-content\/uploads\/2021\/12\/Calendario-2022-La-Pernia_pages-to-jpg-0001-1-1448x2048.jpg 1448w, https:\/\/www.turismolapernia.com\/wp-content\/uploads\/2021\/12\/Calendario-2022-La-Pernia_pages-to-jpg-0001-1.jpg 1755w\" sizes=\"auto, 100vw\" \/>\t\t\t\t\t\t\t\t<\/a>\n\t\t\t\t\t\t\t\t\t\t\t\t\t\t\t<\/div>\n\t\t\t\t<\/div>\n\t\t\t\t\t<\/div>\n\t\t<\/div>\n\t\t\t\t\t\t\t<\/div>\n\t\t<\/section>\n\t\t\t\t<section class=\"elementor-section elementor-top-section elementor-element elementor-element-3875676 elementor-section-boxed elementor-section-height-default elementor-section-height-default\" data-id=\"3875676\" data-element_type=\"section\">\n\t\t\t\t\t\t\t<div class=\"elementor-background-overlay\"><\/div>\n\t\t\t\t\t\t\t<div class=\"elementor-container elementor-column-gap-default\">\n\t\t\t\t\t<div class=\"elementor-column elementor-col-100 elementor-top-column elementor-element elementor-element-db23373\" data-id=\"db23373\" data-element_type=\"column\">\n\t\t\t<div class=\"elementor-widget-wrap elementor-element-populated\">\n\t\t\t\t\t\t\t\t<div class=\"elementor-element elementor-element-d7eea24 elementor-widget elementor-widget-text-editor\" data-id=\"d7eea24\" data-element_type=\"widget\" data-widget_type=\"text-editor.default\">\n\t\t\t\t<div class=\"elementor-widget-container\">\n\t\t\t\t\t\t\t<p><b><a href=\"https:\/\/www.turismolapernia.com\/en\/\">www.turismolapernia.com<\/a><\/b><\/p>\t\t\t\t\t\t<\/div>\n\t\t\t\t<\/div>\n\t\t\t\t\t<\/div>\n\t\t<\/div>\n\t\t\t\t\t\t\t<\/div>\n\t\t<\/section>\n\t\t\t\t\t\t<\/div>\n\t\t\t\t\t<\/div>","protected":false},"excerpt":{"rendered":"<p>12 miradas a La Pern\u00eda Para este pr\u00f3ximo a\u00f1o 2022, desde el Ayuntamiento de La Pern\u00eda se ha realizado un calendario con im\u00e1genes de nuestro municipio (una imagen por mes, de cada una de las 12 localidades de La Pern\u00eda). El calendario incluye el santoral, las fases lunares, el inicio de las estaciones, adem\u00e1s de &hellip; <\/p>\n<p class=\"link-more\"><a href=\"https:\/\/www.turismolapernia.com\/en\/noticias-pernia\/calendario-2022\/\" class=\"more-link\">Continue reading<span class=\"screen-reader-text\"> &#8220;Calendario 2022&#8221;<\/span><\/a><\/p>","protected":false},"author":1,"featured_media":4162,"comment_status":"open","ping_status":"open","sticky":false,"template":"","format":"standard","meta":{"footnotes":""},"categories":[13],"tags":[],"class_list":["post-4280","post","type-post","status-publish","format-standard","has-post-thumbnail","hentry","category-noticias-pernia"],"yoast_head":"<!-- This site is optimized with the Yoast SEO plugin v23.5 - https:\/\/yoast.com\/wordpress\/plugins\/seo\/ -->\n<title>Calendario 2022 | Turismo La Pern\u00eda<\/title>\n<meta name=\"description\" content=\"Calendario 2022. 12 miradas a La Pern\u00eda. Calendario del municipio de La Pern\u00eda (Palencia), con im\u00e1genes de las 12 localidades de La Pern\u00eda.\" \/>\n<meta name=\"robots\" content=\"index, follow, max-snippet:-1, max-image-preview:large, max-video-preview:-1\" \/>\n<link rel=\"canonical\" href=\"https:\/\/www.turismolapernia.com\/en\/noticias-pernia\/calendario-2022\/\" \/>\n<meta property=\"og:locale\" content=\"en_GB\" \/>\n<meta property=\"og:type\" content=\"article\" \/>\n<meta property=\"og:title\" content=\"Calendario 2022 | Turismo La Pern\u00eda\" \/>\n<meta property=\"og:description\" content=\"Calendario 2022. 12 miradas a La Pern\u00eda. Calendario del municipio de La Pern\u00eda (Palencia), con im\u00e1genes de las 12 localidades de La Pern\u00eda.\" \/>\n<meta property=\"og:url\" content=\"https:\/\/www.turismolapernia.com\/en\/noticias-pernia\/calendario-2022\/\" \/>\n<meta property=\"og:site_name\" content=\"Turismo La Pern\u00eda\" \/>\n<meta property=\"article:publisher\" content=\"https:\/\/www.facebook.com\/turismolapernia\/\" \/>\n<meta property=\"article:published_time\" content=\"2021-12-22T13:23:28+00:00\" \/>\n<meta property=\"article:modified_time\" content=\"2022-12-15T13:35:19+00:00\" \/>\n<meta property=\"og:image\" content=\"https:\/\/www.turismolapernia.com\/wp-content\/uploads\/2021\/12\/Calendario-2022-La-Pernia_pages-to-jpg-0001-e1640194443238.jpg\" \/>\n\t<meta property=\"og:image:width\" content=\"1756\" \/>\n\t<meta property=\"og:image:height\" content=\"1756\" \/>\n\t<meta property=\"og:image:type\" content=\"image\/jpeg\" \/>\n<meta name=\"author\" content=\"admin\" \/>\n<meta name=\"twitter:card\" content=\"summary_large_image\" \/>\n<meta name=\"twitter:label1\" content=\"Written by\" \/>\n\t<meta name=\"twitter:data1\" content=\"admin\" \/>\n\t<meta name=\"twitter:label2\" content=\"Estimated reading time\" \/>\n\t<meta name=\"twitter:data2\" content=\"1 minute\" \/>\n<script type=\"application\/ld+json\" class=\"yoast-schema-graph\">{\"@context\":\"https:\/\/schema.org\",\"@graph\":[{\"@type\":\"Article\",\"@id\":\"https:\/\/www.turismolapernia.com\/noticias-pernia\/calendario-2022\/#article\",\"isPartOf\":{\"@id\":\"https:\/\/www.turismolapernia.com\/noticias-pernia\/calendario-2022\/\"},\"author\":{\"name\":\"admin\",\"@id\":\"https:\/\/www.turismolapernia.com\/#\/schema\/person\/5d5ac032f7e9064c5ce073bbe3564340\"},\"headline\":\"Calendario 2022\",\"datePublished\":\"2021-12-22T13:23:28+00:00\",\"dateModified\":\"2022-12-15T13:35:19+00:00\",\"mainEntityOfPage\":{\"@id\":\"https:\/\/www.turismolapernia.com\/noticias-pernia\/calendario-2022\/\"},\"wordCount\":158,\"commentCount\":0,\"publisher\":{\"@id\":\"https:\/\/www.turismolapernia.com\/#organization\"},\"image\":{\"@id\":\"https:\/\/www.turismolapernia.com\/noticias-pernia\/calendario-2022\/#primaryimage\"},\"thumbnailUrl\":\"https:\/\/www.turismolapernia.com\/wp-content\/uploads\/2021\/12\/Calendario-2022-La-Pernia_pages-to-jpg-0001-e1640194443238.jpg\",\"articleSection\":[\"Noticias\"],\"inLanguage\":\"en-GB\",\"potentialAction\":[{\"@type\":\"CommentAction\",\"name\":\"Comment\",\"target\":[\"https:\/\/www.turismolapernia.com\/noticias-pernia\/calendario-2022\/#respond\"]}]},{\"@type\":\"WebPage\",\"@id\":\"https:\/\/www.turismolapernia.com\/noticias-pernia\/calendario-2022\/\",\"url\":\"https:\/\/www.turismolapernia.com\/noticias-pernia\/calendario-2022\/\",\"name\":\"Calendario 2022 | Turismo La Pern\u00eda\",\"isPartOf\":{\"@id\":\"https:\/\/www.turismolapernia.com\/#website\"},\"primaryImageOfPage\":{\"@id\":\"https:\/\/www.turismolapernia.com\/noticias-pernia\/calendario-2022\/#primaryimage\"},\"image\":{\"@id\":\"https:\/\/www.turismolapernia.com\/noticias-pernia\/calendario-2022\/#primaryimage\"},\"thumbnailUrl\":\"https:\/\/www.turismolapernia.com\/wp-content\/uploads\/2021\/12\/Calendario-2022-La-Pernia_pages-to-jpg-0001-e1640194443238.jpg\",\"datePublished\":\"2021-12-22T13:23:28+00:00\",\"dateModified\":\"2022-12-15T13:35:19+00:00\",\"description\":\"Calendario 2022. 12 miradas a La Pern\u00eda. Calendario del municipio de La Pern\u00eda (Palencia), con im\u00e1genes de las 12 localidades de La Pern\u00eda.\",\"breadcrumb\":{\"@id\":\"https:\/\/www.turismolapernia.com\/noticias-pernia\/calendario-2022\/#breadcrumb\"},\"inLanguage\":\"en-GB\",\"potentialAction\":[{\"@type\":\"ReadAction\",\"target\":[\"https:\/\/www.turismolapernia.com\/noticias-pernia\/calendario-2022\/\"]}]},{\"@type\":\"ImageObject\",\"inLanguage\":\"en-GB\",\"@id\":\"https:\/\/www.turismolapernia.com\/noticias-pernia\/calendario-2022\/#primaryimage\",\"url\":\"https:\/\/www.turismolapernia.com\/wp-content\/uploads\/2021\/12\/Calendario-2022-La-Pernia_pages-to-jpg-0001-e1640194443238.jpg\",\"contentUrl\":\"https:\/\/www.turismolapernia.com\/wp-content\/uploads\/2021\/12\/Calendario-2022-La-Pernia_pages-to-jpg-0001-e1640194443238.jpg\",\"width\":1756,\"height\":1756},{\"@type\":\"BreadcrumbList\",\"@id\":\"https:\/\/www.turismolapernia.com\/noticias-pernia\/calendario-2022\/#breadcrumb\",\"itemListElement\":[{\"@type\":\"ListItem\",\"position\":1,\"name\":\"La Pern\u00eda\",\"item\":\"https:\/\/www.turismolapernia.com\/\"},{\"@type\":\"ListItem\",\"position\":2,\"name\":\"Calendario 2022\"}]},{\"@type\":\"WebSite\",\"@id\":\"https:\/\/www.turismolapernia.com\/#website\",\"url\":\"https:\/\/www.turismolapernia.com\/\",\"name\":\"Turismo La Pern\u00eda\",\"description\":\"Monta\u00f1a Palentina\",\"publisher\":{\"@id\":\"https:\/\/www.turismolapernia.com\/#organization\"},\"potentialAction\":[{\"@type\":\"SearchAction\",\"target\":{\"@type\":\"EntryPoint\",\"urlTemplate\":\"https:\/\/www.turismolapernia.com\/?s={search_term_string}\"},\"query-input\":{\"@type\":\"PropertyValueSpecification\",\"valueRequired\":true,\"valueName\":\"search_term_string\"}}],\"inLanguage\":\"en-GB\"},{\"@type\":\"Organization\",\"@id\":\"https:\/\/www.turismolapernia.com\/#organization\",\"name\":\"Turismo La Pern\u00eda\",\"url\":\"https:\/\/www.turismolapernia.com\/\",\"logo\":{\"@type\":\"ImageObject\",\"inLanguage\":\"en-GB\",\"@id\":\"https:\/\/www.turismolapernia.com\/#\/schema\/logo\/image\/\",\"url\":\"https:\/\/www.turismolapernia.com\/wp-content\/uploads\/2021\/12\/cropped-logo-CRV-Pernia-perfil.jpg\",\"contentUrl\":\"https:\/\/www.turismolapernia.com\/wp-content\/uploads\/2021\/12\/cropped-logo-CRV-Pernia-perfil.jpg\",\"width\":512,\"height\":512,\"caption\":\"Turismo La Pern\u00eda\"},\"image\":{\"@id\":\"https:\/\/www.turismolapernia.com\/#\/schema\/logo\/image\/\"},\"sameAs\":[\"https:\/\/www.facebook.com\/turismolapernia\/\",\"https:\/\/www.instagram.com\/turismolapernia\/\"]},{\"@type\":\"Person\",\"@id\":\"https:\/\/www.turismolapernia.com\/#\/schema\/person\/5d5ac032f7e9064c5ce073bbe3564340\",\"name\":\"admin\",\"image\":{\"@type\":\"ImageObject\",\"inLanguage\":\"en-GB\",\"@id\":\"https:\/\/www.turismolapernia.com\/#\/schema\/person\/image\/\",\"url\":\"https:\/\/secure.gravatar.com\/avatar\/fe87fc43b218a52a79b72dddcb95d45fcdca0048b80712e6d20925a50f267165?s=96&d=mm&r=g\",\"contentUrl\":\"https:\/\/secure.gravatar.com\/avatar\/fe87fc43b218a52a79b72dddcb95d45fcdca0048b80712e6d20925a50f267165?s=96&d=mm&r=g\",\"caption\":\"admin\"}}]}<\/script>\n<!-- \/ Yoast SEO plugin. -->","yoast_head_json":{"title":"Calendario 2022 | Turismo La Pern\u00eda","description":"Calendario 2022. 12 miradas a La Pern\u00eda. Calendario del municipio de La Pern\u00eda (Palencia), con im\u00e1genes de las 12 localidades de La Pern\u00eda.","robots":{"index":"index","follow":"follow","max-snippet":"max-snippet:-1","max-image-preview":"max-image-preview:large","max-video-preview":"max-video-preview:-1"},"canonical":"https:\/\/www.turismolapernia.com\/en\/noticias-pernia\/calendario-2022\/","og_locale":"en_GB","og_type":"article","og_title":"Calendario 2022 | Turismo La Pern\u00eda","og_description":"Calendario 2022. 12 miradas a La Pern\u00eda. Calendario del municipio de La Pern\u00eda (Palencia), con im\u00e1genes de las 12 localidades de La Pern\u00eda.","og_url":"https:\/\/www.turismolapernia.com\/en\/noticias-pernia\/calendario-2022\/","og_site_name":"Turismo La Pern\u00eda","article_publisher":"https:\/\/www.facebook.com\/turismolapernia\/","article_published_time":"2021-12-22T13:23:28+00:00","article_modified_time":"2022-12-15T13:35:19+00:00","og_image":[{"width":1756,"height":1756,"url":"https:\/\/www.turismolapernia.com\/wp-content\/uploads\/2021\/12\/Calendario-2022-La-Pernia_pages-to-jpg-0001-e1640194443238.jpg","type":"image\/jpeg"}],"author":"admin","twitter_card":"summary_large_image","twitter_misc":{"Written by":"admin","Estimated reading time":"1 minute"},"schema":{"@context":"https:\/\/schema.org","@graph":[{"@type":"Article","@id":"https:\/\/www.turismolapernia.com\/noticias-pernia\/calendario-2022\/#article","isPartOf":{"@id":"https:\/\/www.turismolapernia.com\/noticias-pernia\/calendario-2022\/"},"author":{"name":"admin","@id":"https:\/\/www.turismolapernia.com\/#\/schema\/person\/5d5ac032f7e9064c5ce073bbe3564340"},"headline":"Calendario 2022","datePublished":"2021-12-22T13:23:28+00:00","dateModified":"2022-12-15T13:35:19+00:00","mainEntityOfPage":{"@id":"https:\/\/www.turismolapernia.com\/noticias-pernia\/calendario-2022\/"},"wordCount":158,"commentCount":0,"publisher":{"@id":"https:\/\/www.turismolapernia.com\/#organization"},"image":{"@id":"https:\/\/www.turismolapernia.com\/noticias-pernia\/calendario-2022\/#primaryimage"},"thumbnailUrl":"https:\/\/www.turismolapernia.com\/wp-content\/uploads\/2021\/12\/Calendario-2022-La-Pernia_pages-to-jpg-0001-e1640194443238.jpg","articleSection":["Noticias"],"inLanguage":"en-GB","potentialAction":[{"@type":"CommentAction","name":"Comment","target":["https:\/\/www.turismolapernia.com\/noticias-pernia\/calendario-2022\/#respond"]}]},{"@type":"WebPage","@id":"https:\/\/www.turismolapernia.com\/noticias-pernia\/calendario-2022\/","url":"https:\/\/www.turismolapernia.com\/noticias-pernia\/calendario-2022\/","name":"Calendario 2022 | Turismo La Pern\u00eda","isPartOf":{"@id":"https:\/\/www.turismolapernia.com\/#website"},"primaryImageOfPage":{"@id":"https:\/\/www.turismolapernia.com\/noticias-pernia\/calendario-2022\/#primaryimage"},"image":{"@id":"https:\/\/www.turismolapernia.com\/noticias-pernia\/calendario-2022\/#primaryimage"},"thumbnailUrl":"https:\/\/www.turismolapernia.com\/wp-content\/uploads\/2021\/12\/Calendario-2022-La-Pernia_pages-to-jpg-0001-e1640194443238.jpg","datePublished":"2021-12-22T13:23:28+00:00","dateModified":"2022-12-15T13:35:19+00:00","description":"Calendario 2022. 12 miradas a La Pern\u00eda. Calendario del municipio de La Pern\u00eda (Palencia), con im\u00e1genes de las 12 localidades de La Pern\u00eda.","breadcrumb":{"@id":"https:\/\/www.turismolapernia.com\/noticias-pernia\/calendario-2022\/#breadcrumb"},"inLanguage":"en-GB","potentialAction":[{"@type":"ReadAction","target":["https:\/\/www.turismolapernia.com\/noticias-pernia\/calendario-2022\/"]}]},{"@type":"ImageObject","inLanguage":"en-GB","@id":"https:\/\/www.turismolapernia.com\/noticias-pernia\/calendario-2022\/#primaryimage","url":"https:\/\/www.turismolapernia.com\/wp-content\/uploads\/2021\/12\/Calendario-2022-La-Pernia_pages-to-jpg-0001-e1640194443238.jpg","contentUrl":"https:\/\/www.turismolapernia.com\/wp-content\/uploads\/2021\/12\/Calendario-2022-La-Pernia_pages-to-jpg-0001-e1640194443238.jpg","width":1756,"height":1756},{"@type":"BreadcrumbList","@id":"https:\/\/www.turismolapernia.com\/noticias-pernia\/calendario-2022\/#breadcrumb","itemListElement":[{"@type":"ListItem","position":1,"name":"La Pern\u00eda","item":"https:\/\/www.turismolapernia.com\/"},{"@type":"ListItem","position":2,"name":"Calendario 2022"}]},{"@type":"WebSite","@id":"https:\/\/www.turismolapernia.com\/#website","url":"https:\/\/www.turismolapernia.com\/","name":"Turismo La Pern\u00eda","description":"Monta\u00f1a Palentina","publisher":{"@id":"https:\/\/www.turismolapernia.com\/#organization"},"potentialAction":[{"@type":"SearchAction","target":{"@type":"EntryPoint","urlTemplate":"https:\/\/www.turismolapernia.com\/?s={search_term_string}"},"query-input":{"@type":"PropertyValueSpecification","valueRequired":true,"valueName":"search_term_string"}}],"inLanguage":"en-GB"},{"@type":"Organization","@id":"https:\/\/www.turismolapernia.com\/#organization","name":"Turismo La Pern\u00eda","url":"https:\/\/www.turismolapernia.com\/","logo":{"@type":"ImageObject","inLanguage":"en-GB","@id":"https:\/\/www.turismolapernia.com\/#\/schema\/logo\/image\/","url":"https:\/\/www.turismolapernia.com\/wp-content\/uploads\/2021\/12\/cropped-logo-CRV-Pernia-perfil.jpg","contentUrl":"https:\/\/www.turismolapernia.com\/wp-content\/uploads\/2021\/12\/cropped-logo-CRV-Pernia-perfil.jpg","width":512,"height":512,"caption":"Turismo La Pern\u00eda"},"image":{"@id":"https:\/\/www.turismolapernia.com\/#\/schema\/logo\/image\/"},"sameAs":["https:\/\/www.facebook.com\/turismolapernia\/","https:\/\/www.instagram.com\/turismolapernia\/"]},{"@type":"Person","@id":"https:\/\/www.turismolapernia.com\/#\/schema\/person\/5d5ac032f7e9064c5ce073bbe3564340","name":"admin","image":{"@type":"ImageObject","inLanguage":"en-GB","@id":"https:\/\/www.turismolapernia.com\/#\/schema\/person\/image\/","url":"https:\/\/secure.gravatar.com\/avatar\/fe87fc43b218a52a79b72dddcb95d45fcdca0048b80712e6d20925a50f267165?s=96&d=mm&r=g","contentUrl":"https:\/\/secure.gravatar.com\/avatar\/fe87fc43b218a52a79b72dddcb95d45fcdca0048b80712e6d20925a50f267165?s=96&d=mm&r=g","caption":"admin"}}]}},"_links":{"self":[{"href":"https:\/\/www.turismolapernia.com\/en\/wp-json\/wp\/v2\/posts\/4280","targetHints":{"allow":["GET"]}}],"collection":[{"href":"https:\/\/www.turismolapernia.com\/en\/wp-json\/wp\/v2\/posts"}],"about":[{"href":"https:\/\/www.turismolapernia.com\/en\/wp-json\/wp\/v2\/types\/post"}],"author":[{"embeddable":true,"href":"https:\/\/www.turismolapernia.com\/en\/wp-json\/wp\/v2\/users\/1"}],"replies":[{"embeddable":true,"href":"https:\/\/www.turismolapernia.com\/en\/wp-json\/wp\/v2\/comments?post=4280"}],"version-history":[{"count":59,"href":"https:\/\/www.turismolapernia.com\/en\/wp-json\/wp\/v2\/posts\/4280\/revisions"}],"predecessor-version":[{"id":15215,"href":"https:\/\/www.turismolapernia.com\/en\/wp-json\/wp\/v2\/posts\/4280\/revisions\/15215"}],"wp:featuredmedia":[{"embeddable":true,"href":"https:\/\/www.turismolapernia.com\/en\/wp-json\/wp\/v2\/media\/4162"}],"wp:attachment":[{"href":"https:\/\/www.turismolapernia.com\/en\/wp-json\/wp\/v2\/media?parent=4280"}],"wp:term":[{"taxonomy":"category","embeddable":true,"href":"https:\/\/www.turismolapernia.com\/en\/wp-json\/wp\/v2\/categories?post=4280"},{"taxonomy":"post_tag","embeddable":true,"href":"https:\/\/www.turismolapernia.com\/en\/wp-json\/wp\/v2\/tags?post=4280"}],"curies":[{"name":"wp","href":"https:\/\/api.w.org\/{rel}","templated":true}]}}