{"id":18337,"date":"2026-08-04T12:27:11","date_gmt":"2026-08-04T10:27:11","guid":{"rendered":"https:\/\/www.turismolapernia.com\/?p=18337"},"modified":"2026-08-13T17:07:25","modified_gmt":"2026-08-13T15:07:25","slug":"50-anos-del-ayuntamiento-de-la-pernia-un-aniversario-para-recordar-y-celebrar","status":"publish","type":"post","link":"https:\/\/www.turismolapernia.com\/en\/noticias-pernia\/50-anos-del-ayuntamiento-de-la-pernia-un-aniversario-para-recordar-y-celebrar\/","title":{"rendered":"50 a\u00f1os del Ayuntamiento de La Pern\u00eda: un aniversario para recordar y celebrar"},"content":{"rendered":"<p class=\"wp-block-paragraph\"><strong>La Pern\u00eda celebr\u00f3 el pasado s\u00e1bado, 1 de agosto, los 50 a\u00f1os de la creaci\u00f3n de su Ayuntamiento con una jornada de homenaje, cultura y convivencia en San Salvador de Cantamuda.<\/strong><\/p>\n\n\n\n<p class=\"wp-block-paragraph\">Hay d\u00edas que quedan para siempre en la memoria. El pasado s\u00e1bado fue uno de ellos.<\/p>\n\n\n\n<p class=\"wp-block-paragraph\">La Pern\u00eda celebr\u00f3 medio siglo desde la creaci\u00f3n de su Ayuntamiento, pero la jornada fue, sobre todo, un homenaje a las personas que, generaci\u00f3n tras generaci\u00f3n, han dado vida a esta tierra, han cuidado sus pueblos y han contribuido a construir la comunidad que hoy conocemos.<\/p>\n\n\n\n<p class=\"wp-block-paragraph\">En 1976 naci\u00f3 el actual Ayuntamiento de La Pern\u00eda, fruto de la uni\u00f3n de los antiguos ayuntamientos de <strong>Redondo-Are\u00f1os, Lores y San Salvador de Cantamuda<\/strong>, integrando bajo un mismo municipio los doce n\u00facleos de poblaci\u00f3n que forman La Pern\u00eda.<\/p>\n\n\n\n<p class=\"wp-block-paragraph\">Pero la historia de La Pern\u00eda no comenz\u00f3 entonces. Mucho antes de 1976, este territorio ya compart\u00eda una identidad, una historia y unas formas de vida construidas a lo largo de siglos. Por eso, este 50 aniversario fue tambi\u00e9n una oportunidad para mirar atr\u00e1s, recordar de d\u00f3nde venimos y reconocer a quienes han contribuido a mantener viva esta tierra.<\/p>\n\n\n\n<h2 class=\"wp-block-heading\">Un homenaje a quienes han hecho historia<\/h2>\n\n\n\n<p class=\"wp-block-paragraph\">Uno de los momentos centrales de la celebraci\u00f3n fue el reconocimiento a los <strong>alcaldes que han estado al frente del Ayuntamiento de La Pern\u00eda durante estos cincuenta a\u00f1os<\/strong>, como muestra de agradecimiento por su dedicaci\u00f3n y por el servicio prestado a los vecinos y a los pueblos del municipio.<\/p>\n\n\n\n<p class=\"wp-block-paragraph\">Junto a ellos, la jornada quiso rendir homenaje a todas aquellas personas que, desde distintos \u00e1mbitos y con su trabajo cotidiano, han formado parte de la historia reciente de La Pern\u00eda.<\/p>\n\n\n\n<p class=\"wp-block-paragraph\">Porque la historia de un municipio no se escribe \u00fanicamente en documentos ni en las instituciones. Se escribe tambi\u00e9n en las casas, en las calles, en las juntas vecinales, en los trabajos, en las fiestas, en las tradiciones y en los recuerdos compartidos.<\/p>\n\n\n\n<figure class=\"wp-block-image size-large\"><img loading=\"lazy\" decoding=\"async\" width=\"1024\" height=\"768\" src=\"https:\/\/www.turismolapernia.com\/wp-content\/uploads\/2026\/08\/P8010957-1-1024x768.jpg\" alt=\"\" class=\"wp-image-18342\" srcset=\"https:\/\/www.turismolapernia.com\/wp-content\/uploads\/2026\/08\/P8010957-1-1024x768.jpg 1024w, https:\/\/www.turismolapernia.com\/wp-content\/uploads\/2026\/08\/P8010957-1-300x225.jpg 300w, https:\/\/www.turismolapernia.com\/wp-content\/uploads\/2026\/08\/P8010957-1-768x576.jpg 768w, https:\/\/www.turismolapernia.com\/wp-content\/uploads\/2026\/08\/P8010957-1-1536x1152.jpg 1536w, https:\/\/www.turismolapernia.com\/wp-content\/uploads\/2026\/08\/P8010957-1-2048x1536.jpg 2048w, https:\/\/www.turismolapernia.com\/wp-content\/uploads\/2026\/08\/P8010957-1-16x12.jpg 16w\" sizes=\"auto, (max-width: 767px) 89vw, (max-width: 1000px) 54vw, (max-width: 1071px) 543px, 580px\" \/><\/figure>\n\n\n\n<h2 class=\"wp-block-heading\">Una ma\u00f1ana para recordar y compartir<\/h2>\n\n\n\n<p class=\"wp-block-paragraph\">La celebraci\u00f3n comenz\u00f3 con un acto institucional en el que la memoria tuvo un papel protagonista. Los recuerdos de quienes han vivido estas d\u00e9cadas ayudaron a recorrer la historia reciente de La Pern\u00eda y a poner rostro a muchas de las personas que han formado parte de ella.<\/p>\n\n\n\n<p class=\"wp-block-paragraph\">Uno de los momentos m\u00e1s emotivos fue la proyecci\u00f3n del v\u00eddeo <strong>\u201cVoces de toda una vida en La Pern\u00eda\u201d<\/strong>, un recorrido a trav\u00e9s de los testimonios y recuerdos de vecinos que han vivido y construido el d\u00eda a d\u00eda de nuestros pueblos.<\/p>\n\n\n\n<p class=\"wp-block-paragraph\">Tambi\u00e9n hubo espacio para la m\u00fasica y la tradici\u00f3n con la participaci\u00f3n de los <strong>Marzeros de Cervera<\/strong>, que amenizaron el verm\u00fa, acompa\u00f1ado de pinchos elaborados por los cuatro restaurantes de La Pern\u00eda: <strong>Venta Morena, La Taba, Hotel Ecovegetariano Las Encinas y Hotel Posada Fuentes Carrionas<\/strong>.<\/p>\n\n\n\n<p class=\"wp-block-paragraph\">Fue un momento para encontrarse, conversar y compartir recuerdos entre vecinos, antiguos vecinos, familiares y visitantes.<\/p>\n\n\n\n<figure class=\"wp-block-image size-large\"><img loading=\"lazy\" decoding=\"async\" width=\"1024\" height=\"768\" src=\"https:\/\/www.turismolapernia.com\/wp-content\/uploads\/2026\/08\/P8010961-1024x768.jpg\" alt=\"\" class=\"wp-image-18339\" srcset=\"https:\/\/www.turismolapernia.com\/wp-content\/uploads\/2026\/08\/P8010961-1024x768.jpg 1024w, https:\/\/www.turismolapernia.com\/wp-content\/uploads\/2026\/08\/P8010961-300x225.jpg 300w, https:\/\/www.turismolapernia.com\/wp-content\/uploads\/2026\/08\/P8010961-768x576.jpg 768w, https:\/\/www.turismolapernia.com\/wp-content\/uploads\/2026\/08\/P8010961-1536x1152.jpg 1536w, https:\/\/www.turismolapernia.com\/wp-content\/uploads\/2026\/08\/P8010961-2048x1536.jpg 2048w, https:\/\/www.turismolapernia.com\/wp-content\/uploads\/2026\/08\/P8010961-16x12.jpg 16w\" sizes=\"auto, (max-width: 767px) 89vw, (max-width: 1000px) 54vw, (max-width: 1071px) 543px, 580px\" \/><\/figure>\n\n\n\n<figure class=\"wp-block-image size-large\"><img loading=\"lazy\" decoding=\"async\" width=\"1024\" height=\"768\" src=\"https:\/\/www.turismolapernia.com\/wp-content\/uploads\/2026\/08\/P8010965-1024x768.jpg\" alt=\"\" class=\"wp-image-18341\" srcset=\"https:\/\/www.turismolapernia.com\/wp-content\/uploads\/2026\/08\/P8010965-1024x768.jpg 1024w, https:\/\/www.turismolapernia.com\/wp-content\/uploads\/2026\/08\/P8010965-300x225.jpg 300w, https:\/\/www.turismolapernia.com\/wp-content\/uploads\/2026\/08\/P8010965-768x576.jpg 768w, https:\/\/www.turismolapernia.com\/wp-content\/uploads\/2026\/08\/P8010965-1536x1152.jpg 1536w, https:\/\/www.turismolapernia.com\/wp-content\/uploads\/2026\/08\/P8010965-2048x1536.jpg 2048w, https:\/\/www.turismolapernia.com\/wp-content\/uploads\/2026\/08\/P8010965-16x12.jpg 16w\" sizes=\"auto, (max-width: 767px) 89vw, (max-width: 1000px) 54vw, (max-width: 1071px) 543px, 580px\" \/><\/figure>\n\n\n\n<h2 class=\"wp-block-heading\">Una tarde de cultura, tradici\u00f3n y convivencia<\/h2>\n\n\n\n<p class=\"wp-block-paragraph\">La celebraci\u00f3n continu\u00f3 durante la tarde con una programaci\u00f3n pensada para disfrutar en comunidad.<\/p>\n\n\n\n<figure class=\"wp-block-image size-large\"><img loading=\"lazy\" decoding=\"async\" width=\"1024\" height=\"683\" src=\"https:\/\/www.turismolapernia.com\/wp-content\/uploads\/2026\/08\/IMG_3870-1-1024x683.jpg\" alt=\"\" class=\"wp-image-18343\" srcset=\"https:\/\/www.turismolapernia.com\/wp-content\/uploads\/2026\/08\/IMG_3870-1-1024x683.jpg 1024w, https:\/\/www.turismolapernia.com\/wp-content\/uploads\/2026\/08\/IMG_3870-1-300x200.jpg 300w, https:\/\/www.turismolapernia.com\/wp-content\/uploads\/2026\/08\/IMG_3870-1-768x512.jpg 768w, https:\/\/www.turismolapernia.com\/wp-content\/uploads\/2026\/08\/IMG_3870-1-1536x1024.jpg 1536w, https:\/\/www.turismolapernia.com\/wp-content\/uploads\/2026\/08\/IMG_3870-1-2048x1365.jpg 2048w, https:\/\/www.turismolapernia.com\/wp-content\/uploads\/2026\/08\/IMG_3870-1-18x12.jpg 18w, https:\/\/www.turismolapernia.com\/wp-content\/uploads\/2026\/08\/IMG_3870-1-272x182.jpg 272w\" sizes=\"auto, (max-width: 767px) 89vw, (max-width: 1000px) 54vw, (max-width: 1071px) 543px, 580px\" \/><\/figure>\n\n\n\n<p class=\"wp-block-paragraph\">El <strong>Grupo de Teatro de La Pern\u00eda<\/strong> puso sobre el escenario su buen hacer y su compromiso con la cultura local, mientras que la <strong>Asociaci\u00f3n Provincial de Coros y Danzas de Palencia<\/strong> acerc\u00f3 a la jornada la m\u00fasica, los bailes y las tradiciones de nuestra tierra.<\/p>\n\n\n\n<figure class=\"wp-block-image size-large\"><img loading=\"lazy\" decoding=\"async\" width=\"1024\" height=\"683\" src=\"https:\/\/www.turismolapernia.com\/wp-content\/uploads\/2026\/08\/IMG_3890-1024x683.jpg\" alt=\"\" class=\"wp-image-18344\" srcset=\"https:\/\/www.turismolapernia.com\/wp-content\/uploads\/2026\/08\/IMG_3890-1024x683.jpg 1024w, https:\/\/www.turismolapernia.com\/wp-content\/uploads\/2026\/08\/IMG_3890-300x200.jpg 300w, https:\/\/www.turismolapernia.com\/wp-content\/uploads\/2026\/08\/IMG_3890-768x512.jpg 768w, https:\/\/www.turismolapernia.com\/wp-content\/uploads\/2026\/08\/IMG_3890-1536x1024.jpg 1536w, https:\/\/www.turismolapernia.com\/wp-content\/uploads\/2026\/08\/IMG_3890-2048x1365.jpg 2048w, https:\/\/www.turismolapernia.com\/wp-content\/uploads\/2026\/08\/IMG_3890-18x12.jpg 18w, https:\/\/www.turismolapernia.com\/wp-content\/uploads\/2026\/08\/IMG_3890-272x182.jpg 272w\" sizes=\"auto, (max-width: 767px) 89vw, (max-width: 1000px) 54vw, (max-width: 1071px) 543px, 580px\" \/><\/figure>\n\n\n\n<figure class=\"wp-block-image size-large\"><img loading=\"lazy\" decoding=\"async\" width=\"1024\" height=\"683\" src=\"https:\/\/www.turismolapernia.com\/wp-content\/uploads\/2026\/08\/IMG_3900-1024x683.jpg\" alt=\"\" class=\"wp-image-18345\" srcset=\"https:\/\/www.turismolapernia.com\/wp-content\/uploads\/2026\/08\/IMG_3900-1024x683.jpg 1024w, https:\/\/www.turismolapernia.com\/wp-content\/uploads\/2026\/08\/IMG_3900-300x200.jpg 300w, https:\/\/www.turismolapernia.com\/wp-content\/uploads\/2026\/08\/IMG_3900-768x512.jpg 768w, https:\/\/www.turismolapernia.com\/wp-content\/uploads\/2026\/08\/IMG_3900-1536x1024.jpg 1536w, https:\/\/www.turismolapernia.com\/wp-content\/uploads\/2026\/08\/IMG_3900-2048x1365.jpg 2048w, https:\/\/www.turismolapernia.com\/wp-content\/uploads\/2026\/08\/IMG_3900-18x12.jpg 18w, https:\/\/www.turismolapernia.com\/wp-content\/uploads\/2026\/08\/IMG_3900-272x182.jpg 272w\" sizes=\"auto, (max-width: 767px) 89vw, (max-width: 1000px) 54vw, (max-width: 1071px) 543px, 580px\" \/><\/figure>\n\n\n\n<p class=\"wp-block-paragraph\">La tarde dio paso a una <strong>pancetada popular<\/strong>, en un ambiente de encuentro y convivencia, antes de terminar con la m\u00fasica de <strong>Los Hermanos Cos\u00edo<\/strong>, que pusieron el broche final a una jornada tan especial.<\/p>\n\n\n\n<figure class=\"wp-block-image size-large\"><img loading=\"lazy\" decoding=\"async\" width=\"1024\" height=\"683\" src=\"https:\/\/www.turismolapernia.com\/wp-content\/uploads\/2026\/08\/IMG_3918-1024x683.jpg\" alt=\"\" class=\"wp-image-18346\" srcset=\"https:\/\/www.turismolapernia.com\/wp-content\/uploads\/2026\/08\/IMG_3918-1024x683.jpg 1024w, https:\/\/www.turismolapernia.com\/wp-content\/uploads\/2026\/08\/IMG_3918-300x200.jpg 300w, https:\/\/www.turismolapernia.com\/wp-content\/uploads\/2026\/08\/IMG_3918-768x512.jpg 768w, https:\/\/www.turismolapernia.com\/wp-content\/uploads\/2026\/08\/IMG_3918-1536x1024.jpg 1536w, https:\/\/www.turismolapernia.com\/wp-content\/uploads\/2026\/08\/IMG_3918-2048x1365.jpg 2048w, https:\/\/www.turismolapernia.com\/wp-content\/uploads\/2026\/08\/IMG_3918-18x12.jpg 18w, https:\/\/www.turismolapernia.com\/wp-content\/uploads\/2026\/08\/IMG_3918-272x182.jpg 272w\" sizes=\"auto, (max-width: 767px) 89vw, (max-width: 1000px) 54vw, (max-width: 1071px) 543px, 580px\" \/><\/figure>\n\n\n\n<figure class=\"wp-block-image size-large\"><img loading=\"lazy\" decoding=\"async\" width=\"1024\" height=\"683\" src=\"https:\/\/www.turismolapernia.com\/wp-content\/uploads\/2026\/08\/IMG_3924-1024x683.jpg\" alt=\"\" class=\"wp-image-18347\" srcset=\"https:\/\/www.turismolapernia.com\/wp-content\/uploads\/2026\/08\/IMG_3924-1024x683.jpg 1024w, https:\/\/www.turismolapernia.com\/wp-content\/uploads\/2026\/08\/IMG_3924-300x200.jpg 300w, https:\/\/www.turismolapernia.com\/wp-content\/uploads\/2026\/08\/IMG_3924-768x512.jpg 768w, https:\/\/www.turismolapernia.com\/wp-content\/uploads\/2026\/08\/IMG_3924-1536x1024.jpg 1536w, https:\/\/www.turismolapernia.com\/wp-content\/uploads\/2026\/08\/IMG_3924-2048x1365.jpg 2048w, https:\/\/www.turismolapernia.com\/wp-content\/uploads\/2026\/08\/IMG_3924-18x12.jpg 18w, https:\/\/www.turismolapernia.com\/wp-content\/uploads\/2026\/08\/IMG_3924-272x182.jpg 272w\" sizes=\"auto, (max-width: 767px) 89vw, (max-width: 1000px) 54vw, (max-width: 1071px) 543px, 580px\" \/><\/figure>\n\n\n\n<h2 class=\"wp-block-heading\">50 a\u00f1os de Ayuntamiento, siglos de historia y un futuro por construir<\/h2>\n\n\n\n<p class=\"wp-block-paragraph\">Este aniversario ha permitido recordar los cincuenta a\u00f1os transcurridos desde la creaci\u00f3n del Ayuntamiento de La Pern\u00eda, pero tambi\u00e9n mirar hacia adelante.<\/p>\n\n\n\n<p class=\"wp-block-paragraph\">Porque celebrar el pasado tiene sentido cuando nos ayuda a valorar lo que tenemos y a seguir construyendo el futuro.<\/p>\n\n\n\n<p class=\"wp-block-paragraph\">La Pern\u00eda es sus monta\u00f1as, sus valles y sus pueblos. Es su patrimonio, sus tradiciones y su paisaje. Pero, por encima de todo, <strong>La Pern\u00eda es su gente<\/strong>: quienes permanecen, quienes regresan, quienes tuvieron que marcharse y quienes siguen manteniendo vivo el v\u00ednculo con esta tierra.<\/p>\n\n\n\n<p class=\"wp-block-paragraph\">A todos ellos estuvo dedicada esta celebraci\u00f3n.<\/p>\n\n\n\n<p class=\"wp-block-paragraph\">Desde el Ayuntamiento de La Pern\u00eda queremos agradecer la participaci\u00f3n de <strong>vecinos, antiguos vecinos, autoridades, asociaciones, colaboradores, voluntarios y visitantes<\/strong> que hicieron posible esta jornada y que quisieron compartir con nosotros un d\u00eda tan importante.<\/p>\n\n\n\n<p class=\"wp-block-paragraph\">Gracias por acompa\u00f1arnos, por compartir recuerdos y emociones y por seguir cuidando nuestros pueblos.<\/p>\n\n\n\n<p class=\"wp-block-paragraph\"><strong>50 a\u00f1os despu\u00e9s de aquel 1976, seguimos escribiendo juntos la historia de La Pern\u00eda.<\/strong><\/p>\n\n\n\n<p class=\"wp-block-paragraph\">Y este aniversario queda ya como parte de ella.<\/p>\n\n\n\n<h3 class=\"wp-block-heading\">Gracias por ayudarnos a conservar el recuerdo<\/h3>\n\n\n\n<p class=\"wp-block-paragraph\">Nuestro agradecimiento especial a <strong>Moncha Fuente Arroyo<\/strong>, por capturar con tanto cari\u00f1o los momentos m\u00e1s especiales del acto de la ma\u00f1ana y del verm\u00fa y ayudarnos a conservar en im\u00e1genes el recuerdo de esta celebraci\u00f3n.<\/p>\n\n\n\n<p class=\"wp-block-paragraph\"><strong>50 a\u00f1os de Ayuntamiento. Siglos de historia. Una tierra y una comunidad que siguen mirando hacia el futuro.<\/strong><\/p>","protected":false},"excerpt":{"rendered":"<p>La Pern\u00eda celebr\u00f3 el pasado s\u00e1bado, 1 de agosto, los 50 a\u00f1os de la creaci\u00f3n de su Ayuntamiento con una jornada de homenaje, cultura y convivencia en San Salvador de Cantamuda. Hay d\u00edas que quedan para siempre en la memoria. El pasado s\u00e1bado fue uno de ellos. La Pern\u00eda celebr\u00f3 medio siglo desde la creaci\u00f3n &hellip; <\/p>\n<p class=\"link-more\"><a href=\"https:\/\/www.turismolapernia.com\/en\/noticias-pernia\/50-anos-del-ayuntamiento-de-la-pernia-un-aniversario-para-recordar-y-celebrar\/\" class=\"more-link\">Continue reading<span class=\"screen-reader-text\"> &#8220;50 a\u00f1os del Ayuntamiento de La Pern\u00eda: un aniversario para recordar y celebrar&#8221;<\/span><\/a><\/p>","protected":false},"author":1,"featured_media":18338,"comment_status":"open","ping_status":"open","sticky":false,"template":"","format":"standard","meta":{"footnotes":""},"categories":[13],"tags":[],"class_list":["post-18337","post","type-post","status-publish","format-standard","has-post-thumbnail","hentry","category-noticias-pernia"],"yoast_head":"<!-- This site is optimized with the Yoast SEO plugin v23.5 - https:\/\/yoast.com\/wordpress\/plugins\/seo\/ -->\n<title>50 a\u00f1os del Ayuntamiento de La Pern\u00eda: un aniversario para recordar y celebrar | Turismo La Pern\u00eda<\/title>\n<meta name=\"robots\" content=\"index, follow, max-snippet:-1, max-image-preview:large, max-video-preview:-1\" \/>\n<link rel=\"canonical\" href=\"https:\/\/www.turismolapernia.com\/en\/noticias-pernia\/50-anos-del-ayuntamiento-de-la-pernia-un-aniversario-para-recordar-y-celebrar\/\" \/>\n<meta property=\"og:locale\" content=\"en_GB\" \/>\n<meta property=\"og:type\" content=\"article\" \/>\n<meta property=\"og:title\" content=\"50 a\u00f1os del Ayuntamiento de La Pern\u00eda: un aniversario para recordar y celebrar | Turismo La Pern\u00eda\" \/>\n<meta property=\"og:description\" content=\"La Pern\u00eda celebr\u00f3 el pasado s\u00e1bado, 1 de agosto, los 50 a\u00f1os de la creaci\u00f3n de su Ayuntamiento con una jornada de homenaje, cultura y convivencia en San Salvador de Cantamuda. Hay d\u00edas que quedan para siempre en la memoria. El pasado s\u00e1bado fue uno de ellos. La Pern\u00eda celebr\u00f3 medio siglo desde la creaci\u00f3n &hellip; Continue reading &quot;50 a\u00f1os del Ayuntamiento de La Pern\u00eda: un aniversario para recordar y celebrar&quot;\" \/>\n<meta property=\"og:url\" content=\"https:\/\/www.turismolapernia.com\/en\/noticias-pernia\/50-anos-del-ayuntamiento-de-la-pernia-un-aniversario-para-recordar-y-celebrar\/\" \/>\n<meta property=\"og:site_name\" content=\"Turismo La Pern\u00eda\" \/>\n<meta property=\"article:publisher\" content=\"https:\/\/www.facebook.com\/turismolapernia\/\" \/>\n<meta property=\"article:published_time\" content=\"2026-08-04T10:27:11+00:00\" \/>\n<meta property=\"article:modified_time\" content=\"2026-08-13T15:07:25+00:00\" \/>\n<meta property=\"og:image\" content=\"https:\/\/www.turismolapernia.com\/wp-content\/uploads\/2026\/08\/IMG_3870-scaled.jpg\" \/>\n\t<meta property=\"og:image:width\" content=\"2560\" \/>\n\t<meta property=\"og:image:height\" content=\"1707\" \/>\n\t<meta property=\"og:image:type\" content=\"image\/jpeg\" \/>\n<meta name=\"author\" content=\"admin\" \/>\n<meta name=\"twitter:card\" content=\"summary_large_image\" \/>\n<meta name=\"twitter:label1\" content=\"Written by\" \/>\n\t<meta name=\"twitter:data1\" content=\"admin\" \/>\n\t<meta name=\"twitter:label2\" content=\"Estimated reading time\" \/>\n\t<meta name=\"twitter:data2\" content=\"4 minutes\" \/>\n<script type=\"application\/ld+json\" class=\"yoast-schema-graph\">{\"@context\":\"https:\/\/schema.org\",\"@graph\":[{\"@type\":\"Article\",\"@id\":\"https:\/\/www.turismolapernia.com\/noticias-pernia\/50-anos-del-ayuntamiento-de-la-pernia-un-aniversario-para-recordar-y-celebrar\/#article\",\"isPartOf\":{\"@id\":\"https:\/\/www.turismolapernia.com\/noticias-pernia\/50-anos-del-ayuntamiento-de-la-pernia-un-aniversario-para-recordar-y-celebrar\/\"},\"author\":{\"name\":\"admin\",\"@id\":\"https:\/\/www.turismolapernia.com\/#\/schema\/person\/5d5ac032f7e9064c5ce073bbe3564340\"},\"headline\":\"50 a\u00f1os del Ayuntamiento de La Pern\u00eda: un aniversario para recordar y celebrar\",\"datePublished\":\"2026-08-04T10:27:11+00:00\",\"dateModified\":\"2026-08-13T15:07:25+00:00\",\"mainEntityOfPage\":{\"@id\":\"https:\/\/www.turismolapernia.com\/noticias-pernia\/50-anos-del-ayuntamiento-de-la-pernia-un-aniversario-para-recordar-y-celebrar\/\"},\"wordCount\":899,\"commentCount\":0,\"publisher\":{\"@id\":\"https:\/\/www.turismolapernia.com\/#organization\"},\"image\":{\"@id\":\"https:\/\/www.turismolapernia.com\/noticias-pernia\/50-anos-del-ayuntamiento-de-la-pernia-un-aniversario-para-recordar-y-celebrar\/#primaryimage\"},\"thumbnailUrl\":\"https:\/\/www.turismolapernia.com\/wp-content\/uploads\/2026\/08\/IMG_3870-scaled.jpg\",\"articleSection\":[\"Noticias\"],\"inLanguage\":\"en-GB\",\"potentialAction\":[{\"@type\":\"CommentAction\",\"name\":\"Comment\",\"target\":[\"https:\/\/www.turismolapernia.com\/noticias-pernia\/50-anos-del-ayuntamiento-de-la-pernia-un-aniversario-para-recordar-y-celebrar\/#respond\"]}]},{\"@type\":\"WebPage\",\"@id\":\"https:\/\/www.turismolapernia.com\/noticias-pernia\/50-anos-del-ayuntamiento-de-la-pernia-un-aniversario-para-recordar-y-celebrar\/\",\"url\":\"https:\/\/www.turismolapernia.com\/noticias-pernia\/50-anos-del-ayuntamiento-de-la-pernia-un-aniversario-para-recordar-y-celebrar\/\",\"name\":\"50 a\u00f1os del Ayuntamiento de La Pern\u00eda: un aniversario para recordar y celebrar | Turismo La Pern\u00eda\",\"isPartOf\":{\"@id\":\"https:\/\/www.turismolapernia.com\/#website\"},\"primaryImageOfPage\":{\"@id\":\"https:\/\/www.turismolapernia.com\/noticias-pernia\/50-anos-del-ayuntamiento-de-la-pernia-un-aniversario-para-recordar-y-celebrar\/#primaryimage\"},\"image\":{\"@id\":\"https:\/\/www.turismolapernia.com\/noticias-pernia\/50-anos-del-ayuntamiento-de-la-pernia-un-aniversario-para-recordar-y-celebrar\/#primaryimage\"},\"thumbnailUrl\":\"https:\/\/www.turismolapernia.com\/wp-content\/uploads\/2026\/08\/IMG_3870-scaled.jpg\",\"datePublished\":\"2026-08-04T10:27:11+00:00\",\"dateModified\":\"2026-08-13T15:07:25+00:00\",\"breadcrumb\":{\"@id\":\"https:\/\/www.turismolapernia.com\/noticias-pernia\/50-anos-del-ayuntamiento-de-la-pernia-un-aniversario-para-recordar-y-celebrar\/#breadcrumb\"},\"inLanguage\":\"en-GB\",\"potentialAction\":[{\"@type\":\"ReadAction\",\"target\":[\"https:\/\/www.turismolapernia.com\/noticias-pernia\/50-anos-del-ayuntamiento-de-la-pernia-un-aniversario-para-recordar-y-celebrar\/\"]}]},{\"@type\":\"ImageObject\",\"inLanguage\":\"en-GB\",\"@id\":\"https:\/\/www.turismolapernia.com\/noticias-pernia\/50-anos-del-ayuntamiento-de-la-pernia-un-aniversario-para-recordar-y-celebrar\/#primaryimage\",\"url\":\"https:\/\/www.turismolapernia.com\/wp-content\/uploads\/2026\/08\/IMG_3870-scaled.jpg\",\"contentUrl\":\"https:\/\/www.turismolapernia.com\/wp-content\/uploads\/2026\/08\/IMG_3870-scaled.jpg\",\"width\":2560,\"height\":1707},{\"@type\":\"BreadcrumbList\",\"@id\":\"https:\/\/www.turismolapernia.com\/noticias-pernia\/50-anos-del-ayuntamiento-de-la-pernia-un-aniversario-para-recordar-y-celebrar\/#breadcrumb\",\"itemListElement\":[{\"@type\":\"ListItem\",\"position\":1,\"name\":\"La Pern\u00eda\",\"item\":\"https:\/\/www.turismolapernia.com\/\"},{\"@type\":\"ListItem\",\"position\":2,\"name\":\"50 a\u00f1os del Ayuntamiento de La Pern\u00eda: un aniversario para recordar y celebrar\"}]},{\"@type\":\"WebSite\",\"@id\":\"https:\/\/www.turismolapernia.com\/#website\",\"url\":\"https:\/\/www.turismolapernia.com\/\",\"name\":\"Turismo La Pern\u00eda\",\"description\":\"Monta\u00f1a Palentina\",\"publisher\":{\"@id\":\"https:\/\/www.turismolapernia.com\/#organization\"},\"potentialAction\":[{\"@type\":\"SearchAction\",\"target\":{\"@type\":\"EntryPoint\",\"urlTemplate\":\"https:\/\/www.turismolapernia.com\/?s={search_term_string}\"},\"query-input\":{\"@type\":\"PropertyValueSpecification\",\"valueRequired\":true,\"valueName\":\"search_term_string\"}}],\"inLanguage\":\"en-GB\"},{\"@type\":\"Organization\",\"@id\":\"https:\/\/www.turismolapernia.com\/#organization\",\"name\":\"Turismo La Pern\u00eda\",\"url\":\"https:\/\/www.turismolapernia.com\/\",\"logo\":{\"@type\":\"ImageObject\",\"inLanguage\":\"en-GB\",\"@id\":\"https:\/\/www.turismolapernia.com\/#\/schema\/logo\/image\/\",\"url\":\"https:\/\/www.turismolapernia.com\/wp-content\/uploads\/2021\/12\/cropped-logo-CRV-Pernia-perfil.jpg\",\"contentUrl\":\"https:\/\/www.turismolapernia.com\/wp-content\/uploads\/2021\/12\/cropped-logo-CRV-Pernia-perfil.jpg\",\"width\":512,\"height\":512,\"caption\":\"Turismo La Pern\u00eda\"},\"image\":{\"@id\":\"https:\/\/www.turismolapernia.com\/#\/schema\/logo\/image\/\"},\"sameAs\":[\"https:\/\/www.facebook.com\/turismolapernia\/\",\"https:\/\/www.instagram.com\/turismolapernia\/\"]},{\"@type\":\"Person\",\"@id\":\"https:\/\/www.turismolapernia.com\/#\/schema\/person\/5d5ac032f7e9064c5ce073bbe3564340\",\"name\":\"admin\",\"image\":{\"@type\":\"ImageObject\",\"inLanguage\":\"en-GB\",\"@id\":\"https:\/\/www.turismolapernia.com\/#\/schema\/person\/image\/\",\"url\":\"https:\/\/secure.gravatar.com\/avatar\/fe87fc43b218a52a79b72dddcb95d45fcdca0048b80712e6d20925a50f267165?s=96&d=mm&r=g\",\"contentUrl\":\"https:\/\/secure.gravatar.com\/avatar\/fe87fc43b218a52a79b72dddcb95d45fcdca0048b80712e6d20925a50f267165?s=96&d=mm&r=g\",\"caption\":\"admin\"}}]}<\/script>\n<!-- \/ Yoast SEO plugin. -->","yoast_head_json":{"title":"50 a\u00f1os del Ayuntamiento de La Pern\u00eda: un aniversario para recordar y celebrar | Turismo La Pern\u00eda","robots":{"index":"index","follow":"follow","max-snippet":"max-snippet:-1","max-image-preview":"max-image-preview:large","max-video-preview":"max-video-preview:-1"},"canonical":"https:\/\/www.turismolapernia.com\/en\/noticias-pernia\/50-anos-del-ayuntamiento-de-la-pernia-un-aniversario-para-recordar-y-celebrar\/","og_locale":"en_GB","og_type":"article","og_title":"50 a\u00f1os del Ayuntamiento de La Pern\u00eda: un aniversario para recordar y celebrar | Turismo La Pern\u00eda","og_description":"La Pern\u00eda celebr\u00f3 el pasado s\u00e1bado, 1 de agosto, los 50 a\u00f1os de la creaci\u00f3n de su Ayuntamiento con una jornada de homenaje, cultura y convivencia en San Salvador de Cantamuda. Hay d\u00edas que quedan para siempre en la memoria. El pasado s\u00e1bado fue uno de ellos. La Pern\u00eda celebr\u00f3 medio siglo desde la creaci\u00f3n &hellip; Continue reading \"50 a\u00f1os del Ayuntamiento de La Pern\u00eda: un aniversario para recordar y celebrar\"","og_url":"https:\/\/www.turismolapernia.com\/en\/noticias-pernia\/50-anos-del-ayuntamiento-de-la-pernia-un-aniversario-para-recordar-y-celebrar\/","og_site_name":"Turismo La Pern\u00eda","article_publisher":"https:\/\/www.facebook.com\/turismolapernia\/","article_published_time":"2026-08-04T10:27:11+00:00","article_modified_time":"2026-08-13T15:07:25+00:00","og_image":[{"width":2560,"height":1707,"url":"https:\/\/www.turismolapernia.com\/wp-content\/uploads\/2026\/08\/IMG_3870-scaled.jpg","type":"image\/jpeg"}],"author":"admin","twitter_card":"summary_large_image","twitter_misc":{"Written by":"admin","Estimated reading time":"4 minutes"},"schema":{"@context":"https:\/\/schema.org","@graph":[{"@type":"Article","@id":"https:\/\/www.turismolapernia.com\/noticias-pernia\/50-anos-del-ayuntamiento-de-la-pernia-un-aniversario-para-recordar-y-celebrar\/#article","isPartOf":{"@id":"https:\/\/www.turismolapernia.com\/noticias-pernia\/50-anos-del-ayuntamiento-de-la-pernia-un-aniversario-para-recordar-y-celebrar\/"},"author":{"name":"admin","@id":"https:\/\/www.turismolapernia.com\/#\/schema\/person\/5d5ac032f7e9064c5ce073bbe3564340"},"headline":"50 a\u00f1os del Ayuntamiento de La Pern\u00eda: un aniversario para recordar y celebrar","datePublished":"2026-08-04T10:27:11+00:00","dateModified":"2026-08-13T15:07:25+00:00","mainEntityOfPage":{"@id":"https:\/\/www.turismolapernia.com\/noticias-pernia\/50-anos-del-ayuntamiento-de-la-pernia-un-aniversario-para-recordar-y-celebrar\/"},"wordCount":899,"commentCount":0,"publisher":{"@id":"https:\/\/www.turismolapernia.com\/#organization"},"image":{"@id":"https:\/\/www.turismolapernia.com\/noticias-pernia\/50-anos-del-ayuntamiento-de-la-pernia-un-aniversario-para-recordar-y-celebrar\/#primaryimage"},"thumbnailUrl":"https:\/\/www.turismolapernia.com\/wp-content\/uploads\/2026\/08\/IMG_3870-scaled.jpg","articleSection":["Noticias"],"inLanguage":"en-GB","potentialAction":[{"@type":"CommentAction","name":"Comment","target":["https:\/\/www.turismolapernia.com\/noticias-pernia\/50-anos-del-ayuntamiento-de-la-pernia-un-aniversario-para-recordar-y-celebrar\/#respond"]}]},{"@type":"WebPage","@id":"https:\/\/www.turismolapernia.com\/noticias-pernia\/50-anos-del-ayuntamiento-de-la-pernia-un-aniversario-para-recordar-y-celebrar\/","url":"https:\/\/www.turismolapernia.com\/noticias-pernia\/50-anos-del-ayuntamiento-de-la-pernia-un-aniversario-para-recordar-y-celebrar\/","name":"50 a\u00f1os del Ayuntamiento de La Pern\u00eda: un aniversario para recordar y celebrar | Turismo La Pern\u00eda","isPartOf":{"@id":"https:\/\/www.turismolapernia.com\/#website"},"primaryImageOfPage":{"@id":"https:\/\/www.turismolapernia.com\/noticias-pernia\/50-anos-del-ayuntamiento-de-la-pernia-un-aniversario-para-recordar-y-celebrar\/#primaryimage"},"image":{"@id":"https:\/\/www.turismolapernia.com\/noticias-pernia\/50-anos-del-ayuntamiento-de-la-pernia-un-aniversario-para-recordar-y-celebrar\/#primaryimage"},"thumbnailUrl":"https:\/\/www.turismolapernia.com\/wp-content\/uploads\/2026\/08\/IMG_3870-scaled.jpg","datePublished":"2026-08-04T10:27:11+00:00","dateModified":"2026-08-13T15:07:25+00:00","breadcrumb":{"@id":"https:\/\/www.turismolapernia.com\/noticias-pernia\/50-anos-del-ayuntamiento-de-la-pernia-un-aniversario-para-recordar-y-celebrar\/#breadcrumb"},"inLanguage":"en-GB","potentialAction":[{"@type":"ReadAction","target":["https:\/\/www.turismolapernia.com\/noticias-pernia\/50-anos-del-ayuntamiento-de-la-pernia-un-aniversario-para-recordar-y-celebrar\/"]}]},{"@type":"ImageObject","inLanguage":"en-GB","@id":"https:\/\/www.turismolapernia.com\/noticias-pernia\/50-anos-del-ayuntamiento-de-la-pernia-un-aniversario-para-recordar-y-celebrar\/#primaryimage","url":"https:\/\/www.turismolapernia.com\/wp-content\/uploads\/2026\/08\/IMG_3870-scaled.jpg","contentUrl":"https:\/\/www.turismolapernia.com\/wp-content\/uploads\/2026\/08\/IMG_3870-scaled.jpg","width":2560,"height":1707},{"@type":"BreadcrumbList","@id":"https:\/\/www.turismolapernia.com\/noticias-pernia\/50-anos-del-ayuntamiento-de-la-pernia-un-aniversario-para-recordar-y-celebrar\/#breadcrumb","itemListElement":[{"@type":"ListItem","position":1,"name":"La Pern\u00eda","item":"https:\/\/www.turismolapernia.com\/"},{"@type":"ListItem","position":2,"name":"50 a\u00f1os del Ayuntamiento de La Pern\u00eda: un aniversario para recordar y celebrar"}]},{"@type":"WebSite","@id":"https:\/\/www.turismolapernia.com\/#website","url":"https:\/\/www.turismolapernia.com\/","name":"Turismo La Pern\u00eda","description":"Monta\u00f1a Palentina","publisher":{"@id":"https:\/\/www.turismolapernia.com\/#organization"},"potentialAction":[{"@type":"SearchAction","target":{"@type":"EntryPoint","urlTemplate":"https:\/\/www.turismolapernia.com\/?s={search_term_string}"},"query-input":{"@type":"PropertyValueSpecification","valueRequired":true,"valueName":"search_term_string"}}],"inLanguage":"en-GB"},{"@type":"Organization","@id":"https:\/\/www.turismolapernia.com\/#organization","name":"Turismo La Pern\u00eda","url":"https:\/\/www.turismolapernia.com\/","logo":{"@type":"ImageObject","inLanguage":"en-GB","@id":"https:\/\/www.turismolapernia.com\/#\/schema\/logo\/image\/","url":"https:\/\/www.turismolapernia.com\/wp-content\/uploads\/2021\/12\/cropped-logo-CRV-Pernia-perfil.jpg","contentUrl":"https:\/\/www.turismolapernia.com\/wp-content\/uploads\/2021\/12\/cropped-logo-CRV-Pernia-perfil.jpg","width":512,"height":512,"caption":"Turismo La Pern\u00eda"},"image":{"@id":"https:\/\/www.turismolapernia.com\/#\/schema\/logo\/image\/"},"sameAs":["https:\/\/www.facebook.com\/turismolapernia\/","https:\/\/www.instagram.com\/turismolapernia\/"]},{"@type":"Person","@id":"https:\/\/www.turismolapernia.com\/#\/schema\/person\/5d5ac032f7e9064c5ce073bbe3564340","name":"admin","image":{"@type":"ImageObject","inLanguage":"en-GB","@id":"https:\/\/www.turismolapernia.com\/#\/schema\/person\/image\/","url":"https:\/\/secure.gravatar.com\/avatar\/fe87fc43b218a52a79b72dddcb95d45fcdca0048b80712e6d20925a50f267165?s=96&d=mm&r=g","contentUrl":"https:\/\/secure.gravatar.com\/avatar\/fe87fc43b218a52a79b72dddcb95d45fcdca0048b80712e6d20925a50f267165?s=96&d=mm&r=g","caption":"admin"}}]}},"_links":{"self":[{"href":"https:\/\/www.turismolapernia.com\/en\/wp-json\/wp\/v2\/posts\/18337","targetHints":{"allow":["GET"]}}],"collection":[{"href":"https:\/\/www.turismolapernia.com\/en\/wp-json\/wp\/v2\/posts"}],"about":[{"href":"https:\/\/www.turismolapernia.com\/en\/wp-json\/wp\/v2\/types\/post"}],"author":[{"embeddable":true,"href":"https:\/\/www.turismolapernia.com\/en\/wp-json\/wp\/v2\/users\/1"}],"replies":[{"embeddable":true,"href":"https:\/\/www.turismolapernia.com\/en\/wp-json\/wp\/v2\/comments?post=18337"}],"version-history":[{"count":1,"href":"https:\/\/www.turismolapernia.com\/en\/wp-json\/wp\/v2\/posts\/18337\/revisions"}],"predecessor-version":[{"id":18348,"href":"https:\/\/www.turismolapernia.com\/en\/wp-json\/wp\/v2\/posts\/18337\/revisions\/18348"}],"wp:featuredmedia":[{"embeddable":true,"href":"https:\/\/www.turismolapernia.com\/en\/wp-json\/wp\/v2\/media\/18338"}],"wp:attachment":[{"href":"https:\/\/www.turismolapernia.com\/en\/wp-json\/wp\/v2\/media?parent=18337"}],"wp:term":[{"taxonomy":"category","embeddable":true,"href":"https:\/\/www.turismolapernia.com\/en\/wp-json\/wp\/v2\/categories?post=18337"},{"taxonomy":"post_tag","embeddable":true,"href":"https:\/\/www.turismolapernia.com\/en\/wp-json\/wp\/v2\/tags?post=18337"}],"curies":[{"name":"wp","href":"https:\/\/api.w.org\/{rel}","templated":true}]}}