{"id":18052,"date":"2024-09-20T10:28:20","date_gmt":"2024-09-20T08:28:20","guid":{"rendered":"https:\/\/www.turismolapernia.com\/?p=18052"},"modified":"2024-09-20T11:58:33","modified_gmt":"2024-09-20T09:58:33","slug":"comienzan-las-obras-de-mejora-de-la-plaza-luis-maria-cagigal-de-san-salvador-de-cantamuda","status":"publish","type":"post","link":"https:\/\/www.turismolapernia.com\/en\/noticias-pernia\/comienzan-las-obras-de-mejora-de-la-plaza-luis-maria-cagigal-de-san-salvador-de-cantamuda\/","title":{"rendered":"Comienzan las obras de mejora de la Plaza Luis Mar\u00eda Cagigal de San Salvador de Cantamuda"},"content":{"rendered":"<div data-elementor-type=\"wp-post\" data-elementor-id=\"18052\" class=\"elementor elementor-18052\" data-elementor-settings=\"[]\">\n\t\t\t\t\t\t\t<div class=\"elementor-section-wrap\">\n\t\t\t\t\t\t\t<section class=\"elementor-section elementor-top-section elementor-element elementor-element-44f38d6 elementor-section-boxed elementor-section-height-default elementor-section-height-default\" data-id=\"44f38d6\" data-element_type=\"section\">\n\t\t\t\t\t\t<div class=\"elementor-container elementor-column-gap-default\">\n\t\t\t\t\t<div class=\"elementor-column elementor-col-50 elementor-top-column elementor-element elementor-element-daf223c\" data-id=\"daf223c\" data-element_type=\"column\">\n\t\t\t<div class=\"elementor-widget-wrap elementor-element-populated\">\n\t\t\t\t\t\t\t\t<div class=\"elementor-element elementor-element-29ecd8f elementor-widget elementor-widget-image\" data-id=\"29ecd8f\" data-element_type=\"widget\" data-widget_type=\"image.default\">\n\t\t\t\t<div class=\"elementor-widget-container\">\n\t\t\t\t\t\t\t\t\t\t\t\t<figure class=\"wp-caption\">\n\t\t\t\t\t\t\t\t\t\t<img loading=\"lazy\" decoding=\"async\" width=\"525\" height=\"394\" src=\"https:\/\/www.turismolapernia.com\/wp-content\/uploads\/2024\/09\/DSC_10981-768x576.jpg\" class=\"attachment-medium_large size-medium_large\" alt=\"\" srcset=\"https:\/\/www.turismolapernia.com\/wp-content\/uploads\/2024\/09\/DSC_10981-768x576.jpg 768w, https:\/\/www.turismolapernia.com\/wp-content\/uploads\/2024\/09\/DSC_10981-300x225.jpg 300w, https:\/\/www.turismolapernia.com\/wp-content\/uploads\/2024\/09\/DSC_10981-1024x768.jpg 1024w, https:\/\/www.turismolapernia.com\/wp-content\/uploads\/2024\/09\/DSC_10981-1536x1152.jpg 1536w, https:\/\/www.turismolapernia.com\/wp-content\/uploads\/2024\/09\/DSC_10981-16x12.jpg 16w, https:\/\/www.turismolapernia.com\/wp-content\/uploads\/2024\/09\/DSC_10981.jpg 2032w\" sizes=\"auto, 100vw\" \/>\t\t\t\t\t\t\t\t\t\t\t<figcaption class=\"widget-image-caption wp-caption-text\">Obras en la Plaza Luis Mar\u00eda Cagigal. San Salvador de Cantamuda (La Pern\u00eda, Palencia).<\/figcaption>\n\t\t\t\t\t\t\t\t\t\t<\/figure>\n\t\t\t\t\t\t\t\t\t<\/div>\n\t\t\t\t<\/div>\n\t\t\t\t\t<\/div>\n\t\t<\/div>\n\t\t\t\t<div class=\"elementor-column elementor-col-50 elementor-top-column elementor-element elementor-element-ed40f51\" data-id=\"ed40f51\" data-element_type=\"column\">\n\t\t\t<div class=\"elementor-widget-wrap elementor-element-populated\">\n\t\t\t\t\t\t\t\t<div class=\"elementor-element elementor-element-3a59121 elementor-widget elementor-widget-text-editor\" data-id=\"3a59121\" data-element_type=\"widget\" data-widget_type=\"text-editor.default\">\n\t\t\t\t<div class=\"elementor-widget-container\">\n\t\t\t\t\t\t\t<div><p>Esta misma semana se han iniciado las obras de mejora del pavimento de la Plaza Luis Mar\u00eda Cagigal de San Salvador de Cantamuda (La Pern\u00eda, Palencia).<\/p><p>\u00a0<\/p><\/div><div>La c\u00e9ntrica plaza de la localidad, en la que se ubica el monumental rollo de justicia (declarado Bien de Inter\u00e9s Cultural), algunas casas blasonadas, y tambi\u00e9n la sede del propio Ayuntamiento de La Pern\u00eda, presentaba un mal estado de conservaci\u00f3n en su pavimento.<\/div><div>\u00a0<\/div><div>La Plaza Luis Mar\u00eda Cagigal cuenta con dos zonas de pavimento diferenciadas: una al norte, de adoquines de granito; y otra al sur, formada por adoquines prefabricados de hormig\u00f3n. Esta \u00faltima parte mostraba un deficiente estado, debido a las heladas y a la utilizaci\u00f3n de sal para la eliminaci\u00f3n de la nieve durante los inviernos, lo que hab\u00eda provocado la rotura y p\u00e9rdida de color de los adoquines de hormig\u00f3n, siendo necesaria su renovaci\u00f3n para evitar posibles accidentes.<\/div>\t\t\t\t\t\t<\/div>\n\t\t\t\t<\/div>\n\t\t\t\t\t<\/div>\n\t\t<\/div>\n\t\t\t\t\t\t\t<\/div>\n\t\t<\/section>\n\t\t\t\t<section class=\"elementor-section elementor-top-section elementor-element elementor-element-1ad82c4 elementor-section-boxed elementor-section-height-default elementor-section-height-default\" data-id=\"1ad82c4\" data-element_type=\"section\">\n\t\t\t\t\t\t<div class=\"elementor-container elementor-column-gap-default\">\n\t\t\t\t\t<div class=\"elementor-column elementor-col-100 elementor-top-column elementor-element elementor-element-7e0fb49\" data-id=\"7e0fb49\" data-element_type=\"column\">\n\t\t\t<div class=\"elementor-widget-wrap elementor-element-populated\">\n\t\t\t\t\t\t\t\t<div class=\"elementor-element elementor-element-4734bfa elementor-widget elementor-widget-text-editor\" data-id=\"4734bfa\" data-element_type=\"widget\" data-widget_type=\"text-editor.default\">\n\t\t\t\t<div class=\"elementor-widget-container\">\n\t\t\t\t\t\t\t<p>Para mejorar las condiciones del pavimento de la plaza, se sustituir\u00e1 el firme deteriorado por otro de adoquines de tipo casco viejo castellano, de color gris oscuro, que facilitar\u00e1 una buena rodadura. Adem\u00e1s, en determinadas zonas, se colocar\u00e1n unas cenefas de granito.<\/p><p>\u00a0<\/p><p>La obra, con un presupuesto total de 29.400 \u20ac, est\u00e1 incluida en el programa de subvenciones del fondo de Cohesi\u00f3n Territorial de la Junta de Castilla y Le\u00f3n para municipios menores de 1000 habitantes a trav\u00e9s de las Diputaci\u00f3n Provincial de Palencia, y ser\u00e1 ejecutada en las pr\u00f3ximas semanas por la empresa Hormigones Garrido.<\/p>\t\t\t\t\t\t<\/div>\n\t\t\t\t<\/div>\n\t\t\t\t\t<\/div>\n\t\t<\/div>\n\t\t\t\t\t\t\t<\/div>\n\t\t<\/section>\n\t\t\t\t<section class=\"elementor-section elementor-top-section elementor-element elementor-element-34394cb elementor-section-boxed elementor-section-height-default elementor-section-height-default\" data-id=\"34394cb\" data-element_type=\"section\">\n\t\t\t\t\t\t<div class=\"elementor-container elementor-column-gap-default\">\n\t\t\t\t\t<div class=\"elementor-column elementor-col-50 elementor-top-column elementor-element elementor-element-e1fe6a5\" data-id=\"e1fe6a5\" data-element_type=\"column\">\n\t\t\t<div class=\"elementor-widget-wrap elementor-element-populated\">\n\t\t\t\t\t\t\t\t<div class=\"elementor-element elementor-element-1a0bec3 elementor-widget elementor-widget-image\" data-id=\"1a0bec3\" data-element_type=\"widget\" data-widget_type=\"image.default\">\n\t\t\t\t<div class=\"elementor-widget-container\">\n\t\t\t\t\t\t\t\t\t\t\t\t\t\t\t<img loading=\"lazy\" decoding=\"async\" width=\"525\" height=\"394\" src=\"https:\/\/www.turismolapernia.com\/wp-content\/uploads\/2024\/09\/DSC_10971-768x576.jpg\" class=\"attachment-medium_large size-medium_large\" alt=\"\" srcset=\"https:\/\/www.turismolapernia.com\/wp-content\/uploads\/2024\/09\/DSC_10971-768x576.jpg 768w, https:\/\/www.turismolapernia.com\/wp-content\/uploads\/2024\/09\/DSC_10971-300x225.jpg 300w, https:\/\/www.turismolapernia.com\/wp-content\/uploads\/2024\/09\/DSC_10971-1024x768.jpg 1024w, https:\/\/www.turismolapernia.com\/wp-content\/uploads\/2024\/09\/DSC_10971-1536x1152.jpg 1536w, https:\/\/www.turismolapernia.com\/wp-content\/uploads\/2024\/09\/DSC_10971-16x12.jpg 16w, https:\/\/www.turismolapernia.com\/wp-content\/uploads\/2024\/09\/DSC_10971.jpg 2032w\" sizes=\"auto, 100vw\" \/>\t\t\t\t\t\t\t\t\t\t\t\t\t\t\t<\/div>\n\t\t\t\t<\/div>\n\t\t\t\t\t<\/div>\n\t\t<\/div>\n\t\t\t\t<div class=\"elementor-column elementor-col-50 elementor-top-column elementor-element elementor-element-39d69d7\" data-id=\"39d69d7\" data-element_type=\"column\">\n\t\t\t<div class=\"elementor-widget-wrap elementor-element-populated\">\n\t\t\t\t\t\t\t\t<div class=\"elementor-element elementor-element-83efa3c elementor-widget elementor-widget-image\" data-id=\"83efa3c\" data-element_type=\"widget\" data-widget_type=\"image.default\">\n\t\t\t\t<div class=\"elementor-widget-container\">\n\t\t\t\t\t\t\t\t\t\t\t\t\t\t\t<img loading=\"lazy\" decoding=\"async\" width=\"525\" height=\"394\" src=\"https:\/\/www.turismolapernia.com\/wp-content\/uploads\/2024\/09\/DSC04388-768x576.jpg\" class=\"attachment-medium_large size-medium_large\" alt=\"\" srcset=\"https:\/\/www.turismolapernia.com\/wp-content\/uploads\/2024\/09\/DSC04388-768x576.jpg 768w, https:\/\/www.turismolapernia.com\/wp-content\/uploads\/2024\/09\/DSC04388-300x225.jpg 300w, https:\/\/www.turismolapernia.com\/wp-content\/uploads\/2024\/09\/DSC04388-1024x768.jpg 1024w, https:\/\/www.turismolapernia.com\/wp-content\/uploads\/2024\/09\/DSC04388-1536x1152.jpg 1536w, https:\/\/www.turismolapernia.com\/wp-content\/uploads\/2024\/09\/DSC04388-16x12.jpg 16w, https:\/\/www.turismolapernia.com\/wp-content\/uploads\/2024\/09\/DSC04388.jpg 1896w\" sizes=\"auto, 100vw\" \/>\t\t\t\t\t\t\t\t\t\t\t\t\t\t\t<\/div>\n\t\t\t\t<\/div>\n\t\t\t\t\t<\/div>\n\t\t<\/div>\n\t\t\t\t\t\t\t<\/div>\n\t\t<\/section>\n\t\t\t\t\t\t<\/div>\n\t\t\t\t\t<\/div>","protected":false},"excerpt":{"rendered":"<p>Obras en la Plaza Luis Mar\u00eda Cagigal. San Salvador de Cantamuda (La Pern\u00eda, Palencia). Esta misma semana se han iniciado las obras de mejora del pavimento de la Plaza Luis Mar\u00eda Cagigal de San Salvador de Cantamuda (La Pern\u00eda, Palencia). \u00a0 La c\u00e9ntrica plaza de la localidad, en la que se ubica el monumental rollo &hellip; <\/p>\n<p class=\"link-more\"><a href=\"https:\/\/www.turismolapernia.com\/en\/noticias-pernia\/comienzan-las-obras-de-mejora-de-la-plaza-luis-maria-cagigal-de-san-salvador-de-cantamuda\/\" class=\"more-link\">Continue reading<span class=\"screen-reader-text\"> &#8220;Comienzan las obras de mejora de la Plaza Luis Mar\u00eda Cagigal de San Salvador de Cantamuda&#8221;<\/span><\/a><\/p>","protected":false},"author":1,"featured_media":18055,"comment_status":"open","ping_status":"open","sticky":false,"template":"","format":"standard","meta":{"footnotes":""},"categories":[13],"tags":[],"class_list":["post-18052","post","type-post","status-publish","format-standard","has-post-thumbnail","hentry","category-noticias-pernia"],"yoast_head":"<!-- This site is optimized with the Yoast SEO plugin v23.5 - https:\/\/yoast.com\/wordpress\/plugins\/seo\/ -->\n<title>Comienzan las obras de mejora de la Plaza Luis Mar\u00eda Cagigal de San Salvador de Cantamuda | Turismo La Pern\u00eda<\/title>\n<meta name=\"robots\" content=\"index, follow, max-snippet:-1, max-image-preview:large, max-video-preview:-1\" \/>\n<link rel=\"canonical\" href=\"https:\/\/www.turismolapernia.com\/en\/noticias-pernia\/comienzan-las-obras-de-mejora-de-la-plaza-luis-maria-cagigal-de-san-salvador-de-cantamuda\/\" \/>\n<meta property=\"og:locale\" content=\"en_GB\" \/>\n<meta property=\"og:type\" content=\"article\" \/>\n<meta property=\"og:title\" content=\"Comienzan las obras de mejora de la Plaza Luis Mar\u00eda Cagigal de San Salvador de Cantamuda | Turismo La Pern\u00eda\" \/>\n<meta property=\"og:description\" content=\"Obras en la Plaza Luis Mar\u00eda Cagigal. San Salvador de Cantamuda (La Pern\u00eda, Palencia). Esta misma semana se han iniciado las obras de mejora del pavimento de la Plaza Luis Mar\u00eda Cagigal de San Salvador de Cantamuda (La Pern\u00eda, Palencia). \u00a0 La c\u00e9ntrica plaza de la localidad, en la que se ubica el monumental rollo &hellip; Continue reading &quot;Comienzan las obras de mejora de la Plaza Luis Mar\u00eda Cagigal de San Salvador de Cantamuda&quot;\" \/>\n<meta property=\"og:url\" content=\"https:\/\/www.turismolapernia.com\/en\/noticias-pernia\/comienzan-las-obras-de-mejora-de-la-plaza-luis-maria-cagigal-de-san-salvador-de-cantamuda\/\" \/>\n<meta property=\"og:site_name\" content=\"Turismo La Pern\u00eda\" \/>\n<meta property=\"article:publisher\" content=\"https:\/\/www.facebook.com\/turismolapernia\/\" \/>\n<meta property=\"article:published_time\" content=\"2024-09-20T08:28:20+00:00\" \/>\n<meta property=\"article:modified_time\" content=\"2024-09-20T09:58:33+00:00\" \/>\n<meta property=\"og:image\" content=\"https:\/\/www.turismolapernia.com\/wp-content\/uploads\/2024\/09\/DSC_10981.jpg\" \/>\n\t<meta property=\"og:image:width\" content=\"2032\" \/>\n\t<meta property=\"og:image:height\" content=\"1524\" \/>\n\t<meta property=\"og:image:type\" content=\"image\/jpeg\" \/>\n<meta name=\"author\" content=\"admin\" \/>\n<meta name=\"twitter:card\" content=\"summary_large_image\" \/>\n<meta name=\"twitter:label1\" content=\"Written by\" \/>\n\t<meta name=\"twitter:data1\" content=\"admin\" \/>\n\t<meta name=\"twitter:label2\" content=\"Estimated reading time\" \/>\n\t<meta name=\"twitter:data2\" content=\"1 minute\" \/>\n<script type=\"application\/ld+json\" class=\"yoast-schema-graph\">{\"@context\":\"https:\/\/schema.org\",\"@graph\":[{\"@type\":\"Article\",\"@id\":\"https:\/\/www.turismolapernia.com\/noticias-pernia\/comienzan-las-obras-de-mejora-de-la-plaza-luis-maria-cagigal-de-san-salvador-de-cantamuda\/#article\",\"isPartOf\":{\"@id\":\"https:\/\/www.turismolapernia.com\/noticias-pernia\/comienzan-las-obras-de-mejora-de-la-plaza-luis-maria-cagigal-de-san-salvador-de-cantamuda\/\"},\"author\":{\"name\":\"admin\",\"@id\":\"https:\/\/www.turismolapernia.com\/#\/schema\/person\/5d5ac032f7e9064c5ce073bbe3564340\"},\"headline\":\"Comienzan las obras de mejora de la Plaza Luis Mar\u00eda Cagigal de San Salvador de Cantamuda\",\"datePublished\":\"2024-09-20T08:28:20+00:00\",\"dateModified\":\"2024-09-20T09:58:33+00:00\",\"mainEntityOfPage\":{\"@id\":\"https:\/\/www.turismolapernia.com\/noticias-pernia\/comienzan-las-obras-de-mejora-de-la-plaza-luis-maria-cagigal-de-san-salvador-de-cantamuda\/\"},\"wordCount\":295,\"commentCount\":0,\"publisher\":{\"@id\":\"https:\/\/www.turismolapernia.com\/#organization\"},\"image\":{\"@id\":\"https:\/\/www.turismolapernia.com\/noticias-pernia\/comienzan-las-obras-de-mejora-de-la-plaza-luis-maria-cagigal-de-san-salvador-de-cantamuda\/#primaryimage\"},\"thumbnailUrl\":\"https:\/\/www.turismolapernia.com\/wp-content\/uploads\/2024\/09\/DSC_10981.jpg\",\"articleSection\":[\"Noticias\"],\"inLanguage\":\"en-GB\",\"potentialAction\":[{\"@type\":\"CommentAction\",\"name\":\"Comment\",\"target\":[\"https:\/\/www.turismolapernia.com\/noticias-pernia\/comienzan-las-obras-de-mejora-de-la-plaza-luis-maria-cagigal-de-san-salvador-de-cantamuda\/#respond\"]}]},{\"@type\":\"WebPage\",\"@id\":\"https:\/\/www.turismolapernia.com\/noticias-pernia\/comienzan-las-obras-de-mejora-de-la-plaza-luis-maria-cagigal-de-san-salvador-de-cantamuda\/\",\"url\":\"https:\/\/www.turismolapernia.com\/noticias-pernia\/comienzan-las-obras-de-mejora-de-la-plaza-luis-maria-cagigal-de-san-salvador-de-cantamuda\/\",\"name\":\"Comienzan las obras de mejora de la Plaza Luis Mar\u00eda Cagigal de San Salvador de Cantamuda | Turismo La Pern\u00eda\",\"isPartOf\":{\"@id\":\"https:\/\/www.turismolapernia.com\/#website\"},\"primaryImageOfPage\":{\"@id\":\"https:\/\/www.turismolapernia.com\/noticias-pernia\/comienzan-las-obras-de-mejora-de-la-plaza-luis-maria-cagigal-de-san-salvador-de-cantamuda\/#primaryimage\"},\"image\":{\"@id\":\"https:\/\/www.turismolapernia.com\/noticias-pernia\/comienzan-las-obras-de-mejora-de-la-plaza-luis-maria-cagigal-de-san-salvador-de-cantamuda\/#primaryimage\"},\"thumbnailUrl\":\"https:\/\/www.turismolapernia.com\/wp-content\/uploads\/2024\/09\/DSC_10981.jpg\",\"datePublished\":\"2024-09-20T08:28:20+00:00\",\"dateModified\":\"2024-09-20T09:58:33+00:00\",\"breadcrumb\":{\"@id\":\"https:\/\/www.turismolapernia.com\/noticias-pernia\/comienzan-las-obras-de-mejora-de-la-plaza-luis-maria-cagigal-de-san-salvador-de-cantamuda\/#breadcrumb\"},\"inLanguage\":\"en-GB\",\"potentialAction\":[{\"@type\":\"ReadAction\",\"target\":[\"https:\/\/www.turismolapernia.com\/noticias-pernia\/comienzan-las-obras-de-mejora-de-la-plaza-luis-maria-cagigal-de-san-salvador-de-cantamuda\/\"]}]},{\"@type\":\"ImageObject\",\"inLanguage\":\"en-GB\",\"@id\":\"https:\/\/www.turismolapernia.com\/noticias-pernia\/comienzan-las-obras-de-mejora-de-la-plaza-luis-maria-cagigal-de-san-salvador-de-cantamuda\/#primaryimage\",\"url\":\"https:\/\/www.turismolapernia.com\/wp-content\/uploads\/2024\/09\/DSC_10981.jpg\",\"contentUrl\":\"https:\/\/www.turismolapernia.com\/wp-content\/uploads\/2024\/09\/DSC_10981.jpg\",\"width\":2032,\"height\":1524},{\"@type\":\"BreadcrumbList\",\"@id\":\"https:\/\/www.turismolapernia.com\/noticias-pernia\/comienzan-las-obras-de-mejora-de-la-plaza-luis-maria-cagigal-de-san-salvador-de-cantamuda\/#breadcrumb\",\"itemListElement\":[{\"@type\":\"ListItem\",\"position\":1,\"name\":\"La Pern\u00eda\",\"item\":\"https:\/\/www.turismolapernia.com\/\"},{\"@type\":\"ListItem\",\"position\":2,\"name\":\"Comienzan las obras de mejora de la Plaza Luis Mar\u00eda Cagigal de San Salvador de Cantamuda\"}]},{\"@type\":\"WebSite\",\"@id\":\"https:\/\/www.turismolapernia.com\/#website\",\"url\":\"https:\/\/www.turismolapernia.com\/\",\"name\":\"Turismo La Pern\u00eda\",\"description\":\"Monta\u00f1a Palentina\",\"publisher\":{\"@id\":\"https:\/\/www.turismolapernia.com\/#organization\"},\"potentialAction\":[{\"@type\":\"SearchAction\",\"target\":{\"@type\":\"EntryPoint\",\"urlTemplate\":\"https:\/\/www.turismolapernia.com\/?s={search_term_string}\"},\"query-input\":{\"@type\":\"PropertyValueSpecification\",\"valueRequired\":true,\"valueName\":\"search_term_string\"}}],\"inLanguage\":\"en-GB\"},{\"@type\":\"Organization\",\"@id\":\"https:\/\/www.turismolapernia.com\/#organization\",\"name\":\"Turismo La Pern\u00eda\",\"url\":\"https:\/\/www.turismolapernia.com\/\",\"logo\":{\"@type\":\"ImageObject\",\"inLanguage\":\"en-GB\",\"@id\":\"https:\/\/www.turismolapernia.com\/#\/schema\/logo\/image\/\",\"url\":\"https:\/\/www.turismolapernia.com\/wp-content\/uploads\/2021\/12\/cropped-logo-CRV-Pernia-perfil.jpg\",\"contentUrl\":\"https:\/\/www.turismolapernia.com\/wp-content\/uploads\/2021\/12\/cropped-logo-CRV-Pernia-perfil.jpg\",\"width\":512,\"height\":512,\"caption\":\"Turismo La Pern\u00eda\"},\"image\":{\"@id\":\"https:\/\/www.turismolapernia.com\/#\/schema\/logo\/image\/\"},\"sameAs\":[\"https:\/\/www.facebook.com\/turismolapernia\/\",\"https:\/\/www.instagram.com\/turismolapernia\/\"]},{\"@type\":\"Person\",\"@id\":\"https:\/\/www.turismolapernia.com\/#\/schema\/person\/5d5ac032f7e9064c5ce073bbe3564340\",\"name\":\"admin\",\"image\":{\"@type\":\"ImageObject\",\"inLanguage\":\"en-GB\",\"@id\":\"https:\/\/www.turismolapernia.com\/#\/schema\/person\/image\/\",\"url\":\"https:\/\/secure.gravatar.com\/avatar\/fe87fc43b218a52a79b72dddcb95d45fcdca0048b80712e6d20925a50f267165?s=96&d=mm&r=g\",\"contentUrl\":\"https:\/\/secure.gravatar.com\/avatar\/fe87fc43b218a52a79b72dddcb95d45fcdca0048b80712e6d20925a50f267165?s=96&d=mm&r=g\",\"caption\":\"admin\"}}]}<\/script>\n<!-- \/ Yoast SEO plugin. -->","yoast_head_json":{"title":"Comienzan las obras de mejora de la Plaza Luis Mar\u00eda Cagigal de San Salvador de Cantamuda | Turismo La Pern\u00eda","robots":{"index":"index","follow":"follow","max-snippet":"max-snippet:-1","max-image-preview":"max-image-preview:large","max-video-preview":"max-video-preview:-1"},"canonical":"https:\/\/www.turismolapernia.com\/en\/noticias-pernia\/comienzan-las-obras-de-mejora-de-la-plaza-luis-maria-cagigal-de-san-salvador-de-cantamuda\/","og_locale":"en_GB","og_type":"article","og_title":"Comienzan las obras de mejora de la Plaza Luis Mar\u00eda Cagigal de San Salvador de Cantamuda | Turismo La Pern\u00eda","og_description":"Obras en la Plaza Luis Mar\u00eda Cagigal. San Salvador de Cantamuda (La Pern\u00eda, Palencia). Esta misma semana se han iniciado las obras de mejora del pavimento de la Plaza Luis Mar\u00eda Cagigal de San Salvador de Cantamuda (La Pern\u00eda, Palencia). \u00a0 La c\u00e9ntrica plaza de la localidad, en la que se ubica el monumental rollo &hellip; Continue reading \"Comienzan las obras de mejora de la Plaza Luis Mar\u00eda Cagigal de San Salvador de Cantamuda\"","og_url":"https:\/\/www.turismolapernia.com\/en\/noticias-pernia\/comienzan-las-obras-de-mejora-de-la-plaza-luis-maria-cagigal-de-san-salvador-de-cantamuda\/","og_site_name":"Turismo La Pern\u00eda","article_publisher":"https:\/\/www.facebook.com\/turismolapernia\/","article_published_time":"2024-09-20T08:28:20+00:00","article_modified_time":"2024-09-20T09:58:33+00:00","og_image":[{"width":2032,"height":1524,"url":"https:\/\/www.turismolapernia.com\/wp-content\/uploads\/2024\/09\/DSC_10981.jpg","type":"image\/jpeg"}],"author":"admin","twitter_card":"summary_large_image","twitter_misc":{"Written by":"admin","Estimated reading time":"1 minute"},"schema":{"@context":"https:\/\/schema.org","@graph":[{"@type":"Article","@id":"https:\/\/www.turismolapernia.com\/noticias-pernia\/comienzan-las-obras-de-mejora-de-la-plaza-luis-maria-cagigal-de-san-salvador-de-cantamuda\/#article","isPartOf":{"@id":"https:\/\/www.turismolapernia.com\/noticias-pernia\/comienzan-las-obras-de-mejora-de-la-plaza-luis-maria-cagigal-de-san-salvador-de-cantamuda\/"},"author":{"name":"admin","@id":"https:\/\/www.turismolapernia.com\/#\/schema\/person\/5d5ac032f7e9064c5ce073bbe3564340"},"headline":"Comienzan las obras de mejora de la Plaza Luis Mar\u00eda Cagigal de San Salvador de Cantamuda","datePublished":"2024-09-20T08:28:20+00:00","dateModified":"2024-09-20T09:58:33+00:00","mainEntityOfPage":{"@id":"https:\/\/www.turismolapernia.com\/noticias-pernia\/comienzan-las-obras-de-mejora-de-la-plaza-luis-maria-cagigal-de-san-salvador-de-cantamuda\/"},"wordCount":295,"commentCount":0,"publisher":{"@id":"https:\/\/www.turismolapernia.com\/#organization"},"image":{"@id":"https:\/\/www.turismolapernia.com\/noticias-pernia\/comienzan-las-obras-de-mejora-de-la-plaza-luis-maria-cagigal-de-san-salvador-de-cantamuda\/#primaryimage"},"thumbnailUrl":"https:\/\/www.turismolapernia.com\/wp-content\/uploads\/2024\/09\/DSC_10981.jpg","articleSection":["Noticias"],"inLanguage":"en-GB","potentialAction":[{"@type":"CommentAction","name":"Comment","target":["https:\/\/www.turismolapernia.com\/noticias-pernia\/comienzan-las-obras-de-mejora-de-la-plaza-luis-maria-cagigal-de-san-salvador-de-cantamuda\/#respond"]}]},{"@type":"WebPage","@id":"https:\/\/www.turismolapernia.com\/noticias-pernia\/comienzan-las-obras-de-mejora-de-la-plaza-luis-maria-cagigal-de-san-salvador-de-cantamuda\/","url":"https:\/\/www.turismolapernia.com\/noticias-pernia\/comienzan-las-obras-de-mejora-de-la-plaza-luis-maria-cagigal-de-san-salvador-de-cantamuda\/","name":"Comienzan las obras de mejora de la Plaza Luis Mar\u00eda Cagigal de San Salvador de Cantamuda | Turismo La Pern\u00eda","isPartOf":{"@id":"https:\/\/www.turismolapernia.com\/#website"},"primaryImageOfPage":{"@id":"https:\/\/www.turismolapernia.com\/noticias-pernia\/comienzan-las-obras-de-mejora-de-la-plaza-luis-maria-cagigal-de-san-salvador-de-cantamuda\/#primaryimage"},"image":{"@id":"https:\/\/www.turismolapernia.com\/noticias-pernia\/comienzan-las-obras-de-mejora-de-la-plaza-luis-maria-cagigal-de-san-salvador-de-cantamuda\/#primaryimage"},"thumbnailUrl":"https:\/\/www.turismolapernia.com\/wp-content\/uploads\/2024\/09\/DSC_10981.jpg","datePublished":"2024-09-20T08:28:20+00:00","dateModified":"2024-09-20T09:58:33+00:00","breadcrumb":{"@id":"https:\/\/www.turismolapernia.com\/noticias-pernia\/comienzan-las-obras-de-mejora-de-la-plaza-luis-maria-cagigal-de-san-salvador-de-cantamuda\/#breadcrumb"},"inLanguage":"en-GB","potentialAction":[{"@type":"ReadAction","target":["https:\/\/www.turismolapernia.com\/noticias-pernia\/comienzan-las-obras-de-mejora-de-la-plaza-luis-maria-cagigal-de-san-salvador-de-cantamuda\/"]}]},{"@type":"ImageObject","inLanguage":"en-GB","@id":"https:\/\/www.turismolapernia.com\/noticias-pernia\/comienzan-las-obras-de-mejora-de-la-plaza-luis-maria-cagigal-de-san-salvador-de-cantamuda\/#primaryimage","url":"https:\/\/www.turismolapernia.com\/wp-content\/uploads\/2024\/09\/DSC_10981.jpg","contentUrl":"https:\/\/www.turismolapernia.com\/wp-content\/uploads\/2024\/09\/DSC_10981.jpg","width":2032,"height":1524},{"@type":"BreadcrumbList","@id":"https:\/\/www.turismolapernia.com\/noticias-pernia\/comienzan-las-obras-de-mejora-de-la-plaza-luis-maria-cagigal-de-san-salvador-de-cantamuda\/#breadcrumb","itemListElement":[{"@type":"ListItem","position":1,"name":"La Pern\u00eda","item":"https:\/\/www.turismolapernia.com\/"},{"@type":"ListItem","position":2,"name":"Comienzan las obras de mejora de la Plaza Luis Mar\u00eda Cagigal de San Salvador de Cantamuda"}]},{"@type":"WebSite","@id":"https:\/\/www.turismolapernia.com\/#website","url":"https:\/\/www.turismolapernia.com\/","name":"Turismo La Pern\u00eda","description":"Monta\u00f1a Palentina","publisher":{"@id":"https:\/\/www.turismolapernia.com\/#organization"},"potentialAction":[{"@type":"SearchAction","target":{"@type":"EntryPoint","urlTemplate":"https:\/\/www.turismolapernia.com\/?s={search_term_string}"},"query-input":{"@type":"PropertyValueSpecification","valueRequired":true,"valueName":"search_term_string"}}],"inLanguage":"en-GB"},{"@type":"Organization","@id":"https:\/\/www.turismolapernia.com\/#organization","name":"Turismo La Pern\u00eda","url":"https:\/\/www.turismolapernia.com\/","logo":{"@type":"ImageObject","inLanguage":"en-GB","@id":"https:\/\/www.turismolapernia.com\/#\/schema\/logo\/image\/","url":"https:\/\/www.turismolapernia.com\/wp-content\/uploads\/2021\/12\/cropped-logo-CRV-Pernia-perfil.jpg","contentUrl":"https:\/\/www.turismolapernia.com\/wp-content\/uploads\/2021\/12\/cropped-logo-CRV-Pernia-perfil.jpg","width":512,"height":512,"caption":"Turismo La Pern\u00eda"},"image":{"@id":"https:\/\/www.turismolapernia.com\/#\/schema\/logo\/image\/"},"sameAs":["https:\/\/www.facebook.com\/turismolapernia\/","https:\/\/www.instagram.com\/turismolapernia\/"]},{"@type":"Person","@id":"https:\/\/www.turismolapernia.com\/#\/schema\/person\/5d5ac032f7e9064c5ce073bbe3564340","name":"admin","image":{"@type":"ImageObject","inLanguage":"en-GB","@id":"https:\/\/www.turismolapernia.com\/#\/schema\/person\/image\/","url":"https:\/\/secure.gravatar.com\/avatar\/fe87fc43b218a52a79b72dddcb95d45fcdca0048b80712e6d20925a50f267165?s=96&d=mm&r=g","contentUrl":"https:\/\/secure.gravatar.com\/avatar\/fe87fc43b218a52a79b72dddcb95d45fcdca0048b80712e6d20925a50f267165?s=96&d=mm&r=g","caption":"admin"}}]}},"_links":{"self":[{"href":"https:\/\/www.turismolapernia.com\/en\/wp-json\/wp\/v2\/posts\/18052","targetHints":{"allow":["GET"]}}],"collection":[{"href":"https:\/\/www.turismolapernia.com\/en\/wp-json\/wp\/v2\/posts"}],"about":[{"href":"https:\/\/www.turismolapernia.com\/en\/wp-json\/wp\/v2\/types\/post"}],"author":[{"embeddable":true,"href":"https:\/\/www.turismolapernia.com\/en\/wp-json\/wp\/v2\/users\/1"}],"replies":[{"embeddable":true,"href":"https:\/\/www.turismolapernia.com\/en\/wp-json\/wp\/v2\/comments?post=18052"}],"version-history":[{"count":31,"href":"https:\/\/www.turismolapernia.com\/en\/wp-json\/wp\/v2\/posts\/18052\/revisions"}],"predecessor-version":[{"id":18088,"href":"https:\/\/www.turismolapernia.com\/en\/wp-json\/wp\/v2\/posts\/18052\/revisions\/18088"}],"wp:featuredmedia":[{"embeddable":true,"href":"https:\/\/www.turismolapernia.com\/en\/wp-json\/wp\/v2\/media\/18055"}],"wp:attachment":[{"href":"https:\/\/www.turismolapernia.com\/en\/wp-json\/wp\/v2\/media?parent=18052"}],"wp:term":[{"taxonomy":"category","embeddable":true,"href":"https:\/\/www.turismolapernia.com\/en\/wp-json\/wp\/v2\/categories?post=18052"},{"taxonomy":"post_tag","embeddable":true,"href":"https:\/\/www.turismolapernia.com\/en\/wp-json\/wp\/v2\/tags?post=18052"}],"curies":[{"name":"wp","href":"https:\/\/api.w.org\/{rel}","templated":true}]}}