{"id":18042,"date":"2024-09-18T11:10:46","date_gmt":"2024-09-18T09:10:46","guid":{"rendered":"https:\/\/www.turismolapernia.com\/?p=18042"},"modified":"2024-09-18T11:15:42","modified_gmt":"2024-09-18T09:15:42","slug":"an","status":"publish","type":"post","link":"https:\/\/www.turismolapernia.com\/en\/eventos-y-actividades\/an\/","title":{"rendered":"An\u00f3nimo IV Ensemble de M\u00fasica Renacentista y Medieval. Santa Mar\u00eda de Redondo (La Pern\u00eda, Palencia). Dinamiz-ARTj"},"content":{"rendered":"<div data-elementor-type=\"wp-post\" data-elementor-id=\"18042\" class=\"elementor elementor-18042\" data-elementor-settings=\"[]\">\n\t\t\t\t\t\t\t<div class=\"elementor-section-wrap\">\n\t\t\t\t\t\t\t<section class=\"elementor-section elementor-top-section elementor-element elementor-element-ef9e80c elementor-section-boxed elementor-section-height-default elementor-section-height-default\" data-id=\"ef9e80c\" data-element_type=\"section\">\n\t\t\t\t\t\t<div class=\"elementor-container elementor-column-gap-default\">\n\t\t\t\t\t<div class=\"elementor-column elementor-col-100 elementor-top-column elementor-element elementor-element-1ff359a\" data-id=\"1ff359a\" data-element_type=\"column\">\n\t\t\t<div class=\"elementor-widget-wrap elementor-element-populated\">\n\t\t\t\t\t\t\t\t<div class=\"elementor-element elementor-element-8cd0aa6 elementor-widget elementor-widget-text-editor\" data-id=\"8cd0aa6\" data-element_type=\"widget\" data-widget_type=\"text-editor.default\">\n\t\t\t\t<div class=\"elementor-widget-container\">\n\t\t\t\t\t\t\t<p><b><span dir=\"auto\">An\u00f3nimo IV Ensemble de M\u00fasica Renacentista y Medieval. &#8220;Plazca a sus Majestades&#8221;.<br \/><\/span><\/b><\/p><p><span dir=\"auto\">22 de septiembre 2024. 19:00 h. <br \/><\/span><\/p><p><span dir=\"auto\">Iglesia de Santa Mar\u00eda de Redondo (La Pern\u00eda, Palencia). <br \/><\/span><\/p><p><span dir=\"auto\">\u00a0<\/span><\/p><p><span dir=\"auto\">Concierto de <\/span><span dir=\"auto\">M\u00fasica Renacentista y Medieval, con r\u00e9plicas de instrumentos e indumentaria,<\/span><span dir=\"auto\"> dentro del Programa cultural <b>Dinamiz-ARTj<\/b>, provomido por el Instituto para la Transici\u00f3n Justa (ITJ) y la Fundaci\u00f3n Ciudad de la Energ\u00eda (CIUDEN)<\/span>.<\/p>\t\t\t\t\t\t<\/div>\n\t\t\t\t<\/div>\n\t\t\t\t<div class=\"elementor-element elementor-element-40a1eb4 elementor-widget elementor-widget-image\" data-id=\"40a1eb4\" data-element_type=\"widget\" data-widget_type=\"image.default\">\n\t\t\t\t<div class=\"elementor-widget-container\">\n\t\t\t\t\t\t\t\t\t\t\t\t\t\t\t<img loading=\"lazy\" decoding=\"async\" width=\"525\" height=\"743\" src=\"https:\/\/www.turismolapernia.com\/wp-content\/uploads\/2024\/09\/2024_Dinamiz-ARTj_carteleditable_2edicion-Autoguardado_page-0001-724x1024.jpg\" class=\"attachment-large size-large\" alt=\"\" srcset=\"https:\/\/www.turismolapernia.com\/wp-content\/uploads\/2024\/09\/2024_Dinamiz-ARTj_carteleditable_2edicion-Autoguardado_page-0001-724x1024.jpg 724w, https:\/\/www.turismolapernia.com\/wp-content\/uploads\/2024\/09\/2024_Dinamiz-ARTj_carteleditable_2edicion-Autoguardado_page-0001-212x300.jpg 212w, https:\/\/www.turismolapernia.com\/wp-content\/uploads\/2024\/09\/2024_Dinamiz-ARTj_carteleditable_2edicion-Autoguardado_page-0001-768x1086.jpg 768w, https:\/\/www.turismolapernia.com\/wp-content\/uploads\/2024\/09\/2024_Dinamiz-ARTj_carteleditable_2edicion-Autoguardado_page-0001-1087x1536.jpg 1087w, https:\/\/www.turismolapernia.com\/wp-content\/uploads\/2024\/09\/2024_Dinamiz-ARTj_carteleditable_2edicion-Autoguardado_page-0001-1449x2048.jpg 1449w, https:\/\/www.turismolapernia.com\/wp-content\/uploads\/2024\/09\/2024_Dinamiz-ARTj_carteleditable_2edicion-Autoguardado_page-0001-8x12.jpg 8w, https:\/\/www.turismolapernia.com\/wp-content\/uploads\/2024\/09\/2024_Dinamiz-ARTj_carteleditable_2edicion-Autoguardado_page-0001.jpg 1755w\" sizes=\"auto, 100vw\" \/>\t\t\t\t\t\t\t\t\t\t\t\t\t\t\t<\/div>\n\t\t\t\t<\/div>\n\t\t\t\t\t<\/div>\n\t\t<\/div>\n\t\t\t\t\t\t\t<\/div>\n\t\t<\/section>\n\t\t\t\t\t\t<\/div>\n\t\t\t\t\t<\/div>","protected":false},"excerpt":{"rendered":"<p>An\u00f3nimo IV Ensemble de M\u00fasica Renacentista y Medieval. &#8220;Plazca a sus Majestades&#8221;. 22 de septiembre 2024. 19:00 h. Iglesia de Santa Mar\u00eda de Redondo (La Pern\u00eda, Palencia). Concierto de M\u00fasica Renacentista y Medieval, con r\u00e9plicas de instrumentos e indumentaria, dentro del Programa cultural Dinamiz-ARTj, provomido por el Instituto para la Transici\u00f3n Justa (ITJ) y la &hellip; <\/p>\n<p class=\"link-more\"><a href=\"https:\/\/www.turismolapernia.com\/en\/eventos-y-actividades\/an\/\" class=\"more-link\">Continue reading<span class=\"screen-reader-text\"> &#8220;An\u00f3nimo IV Ensemble de M\u00fasica Renacentista y Medieval. Santa Mar\u00eda de Redondo (La Pern\u00eda, Palencia). Dinamiz-ARTj&#8221;<\/span><\/a><\/p>","protected":false},"author":1,"featured_media":18043,"comment_status":"open","ping_status":"open","sticky":false,"template":"","format":"standard","meta":{"footnotes":""},"categories":[14],"tags":[],"class_list":["post-18042","post","type-post","status-publish","format-standard","has-post-thumbnail","hentry","category-eventos-y-actividades"],"yoast_head":"<!-- This site is optimized with the Yoast SEO plugin v23.5 - https:\/\/yoast.com\/wordpress\/plugins\/seo\/ -->\n<title>An\u00f3nimo IV Ensemble de M\u00fasica Renacentista y Medieval. Santa Mar\u00eda de Redondo (La Pern\u00eda, Palencia). Dinamiz-ARTj | Turismo La Pern\u00eda<\/title>\n<meta name=\"robots\" content=\"index, follow, max-snippet:-1, max-image-preview:large, max-video-preview:-1\" \/>\n<link rel=\"canonical\" href=\"https:\/\/www.turismolapernia.com\/en\/eventos-y-actividades\/an\/\" \/>\n<meta property=\"og:locale\" content=\"en_GB\" \/>\n<meta property=\"og:type\" content=\"article\" \/>\n<meta property=\"og:title\" content=\"An\u00f3nimo IV Ensemble de M\u00fasica Renacentista y Medieval. Santa Mar\u00eda de Redondo (La Pern\u00eda, Palencia). Dinamiz-ARTj | Turismo La Pern\u00eda\" \/>\n<meta property=\"og:description\" content=\"An\u00f3nimo IV Ensemble de M\u00fasica Renacentista y Medieval. &#8220;Plazca a sus Majestades&#8221;. 22 de septiembre 2024. 19:00 h. Iglesia de Santa Mar\u00eda de Redondo (La Pern\u00eda, Palencia). Concierto de M\u00fasica Renacentista y Medieval, con r\u00e9plicas de instrumentos e indumentaria, dentro del Programa cultural Dinamiz-ARTj, provomido por el Instituto para la Transici\u00f3n Justa (ITJ) y la &hellip; Continue reading &quot;An\u00f3nimo IV Ensemble de M\u00fasica Renacentista y Medieval. Santa Mar\u00eda de Redondo (La Pern\u00eda, Palencia). Dinamiz-ARTj&quot;\" \/>\n<meta property=\"og:url\" content=\"https:\/\/www.turismolapernia.com\/en\/eventos-y-actividades\/an\/\" \/>\n<meta property=\"og:site_name\" content=\"Turismo La Pern\u00eda\" \/>\n<meta property=\"article:publisher\" content=\"https:\/\/www.facebook.com\/turismolapernia\/\" \/>\n<meta property=\"article:published_time\" content=\"2024-09-18T09:10:46+00:00\" \/>\n<meta property=\"article:modified_time\" content=\"2024-09-18T09:15:42+00:00\" \/>\n<meta property=\"og:image\" content=\"https:\/\/www.turismolapernia.com\/wp-content\/uploads\/2024\/09\/2024_Dinamiz-ARTj_carteleditable_2edicion-Autoguardado_page-0001.jpg\" \/>\n\t<meta property=\"og:image:width\" content=\"1755\" \/>\n\t<meta property=\"og:image:height\" content=\"2481\" \/>\n\t<meta property=\"og:image:type\" content=\"image\/jpeg\" \/>\n<meta name=\"author\" content=\"admin\" \/>\n<meta name=\"twitter:card\" content=\"summary_large_image\" \/>\n<meta name=\"twitter:label1\" content=\"Written by\" \/>\n\t<meta name=\"twitter:data1\" content=\"admin\" \/>\n<script type=\"application\/ld+json\" class=\"yoast-schema-graph\">{\"@context\":\"https:\/\/schema.org\",\"@graph\":[{\"@type\":\"Article\",\"@id\":\"https:\/\/www.turismolapernia.com\/eventos-y-actividades\/an\/#article\",\"isPartOf\":{\"@id\":\"https:\/\/www.turismolapernia.com\/eventos-y-actividades\/an\/\"},\"author\":{\"name\":\"admin\",\"@id\":\"https:\/\/www.turismolapernia.com\/#\/schema\/person\/5d5ac032f7e9064c5ce073bbe3564340\"},\"headline\":\"An\u00f3nimo IV Ensemble de M\u00fasica Renacentista y Medieval. Santa Mar\u00eda de Redondo (La Pern\u00eda, Palencia). Dinamiz-ARTj\",\"datePublished\":\"2024-09-18T09:10:46+00:00\",\"dateModified\":\"2024-09-18T09:15:42+00:00\",\"mainEntityOfPage\":{\"@id\":\"https:\/\/www.turismolapernia.com\/eventos-y-actividades\/an\/\"},\"wordCount\":87,\"commentCount\":0,\"publisher\":{\"@id\":\"https:\/\/www.turismolapernia.com\/#organization\"},\"image\":{\"@id\":\"https:\/\/www.turismolapernia.com\/eventos-y-actividades\/an\/#primaryimage\"},\"thumbnailUrl\":\"https:\/\/www.turismolapernia.com\/wp-content\/uploads\/2024\/09\/2024_Dinamiz-ARTj_carteleditable_2edicion-Autoguardado_page-0001.jpg\",\"articleSection\":[\"Eventos y actividades\"],\"inLanguage\":\"en-GB\",\"potentialAction\":[{\"@type\":\"CommentAction\",\"name\":\"Comment\",\"target\":[\"https:\/\/www.turismolapernia.com\/eventos-y-actividades\/an\/#respond\"]}]},{\"@type\":\"WebPage\",\"@id\":\"https:\/\/www.turismolapernia.com\/eventos-y-actividades\/an\/\",\"url\":\"https:\/\/www.turismolapernia.com\/eventos-y-actividades\/an\/\",\"name\":\"An\u00f3nimo IV Ensemble de M\u00fasica Renacentista y Medieval. Santa Mar\u00eda de Redondo (La Pern\u00eda, Palencia). Dinamiz-ARTj | Turismo La Pern\u00eda\",\"isPartOf\":{\"@id\":\"https:\/\/www.turismolapernia.com\/#website\"},\"primaryImageOfPage\":{\"@id\":\"https:\/\/www.turismolapernia.com\/eventos-y-actividades\/an\/#primaryimage\"},\"image\":{\"@id\":\"https:\/\/www.turismolapernia.com\/eventos-y-actividades\/an\/#primaryimage\"},\"thumbnailUrl\":\"https:\/\/www.turismolapernia.com\/wp-content\/uploads\/2024\/09\/2024_Dinamiz-ARTj_carteleditable_2edicion-Autoguardado_page-0001.jpg\",\"datePublished\":\"2024-09-18T09:10:46+00:00\",\"dateModified\":\"2024-09-18T09:15:42+00:00\",\"breadcrumb\":{\"@id\":\"https:\/\/www.turismolapernia.com\/eventos-y-actividades\/an\/#breadcrumb\"},\"inLanguage\":\"en-GB\",\"potentialAction\":[{\"@type\":\"ReadAction\",\"target\":[\"https:\/\/www.turismolapernia.com\/eventos-y-actividades\/an\/\"]}]},{\"@type\":\"ImageObject\",\"inLanguage\":\"en-GB\",\"@id\":\"https:\/\/www.turismolapernia.com\/eventos-y-actividades\/an\/#primaryimage\",\"url\":\"https:\/\/www.turismolapernia.com\/wp-content\/uploads\/2024\/09\/2024_Dinamiz-ARTj_carteleditable_2edicion-Autoguardado_page-0001.jpg\",\"contentUrl\":\"https:\/\/www.turismolapernia.com\/wp-content\/uploads\/2024\/09\/2024_Dinamiz-ARTj_carteleditable_2edicion-Autoguardado_page-0001.jpg\",\"width\":1755,\"height\":2481},{\"@type\":\"BreadcrumbList\",\"@id\":\"https:\/\/www.turismolapernia.com\/eventos-y-actividades\/an\/#breadcrumb\",\"itemListElement\":[{\"@type\":\"ListItem\",\"position\":1,\"name\":\"La Pern\u00eda\",\"item\":\"https:\/\/www.turismolapernia.com\/\"},{\"@type\":\"ListItem\",\"position\":2,\"name\":\"An\u00f3nimo IV Ensemble de M\u00fasica Renacentista y Medieval. Santa Mar\u00eda de Redondo (La Pern\u00eda, Palencia). Dinamiz-ARTj\"}]},{\"@type\":\"WebSite\",\"@id\":\"https:\/\/www.turismolapernia.com\/#website\",\"url\":\"https:\/\/www.turismolapernia.com\/\",\"name\":\"Turismo La Pern\u00eda\",\"description\":\"Monta\u00f1a Palentina\",\"publisher\":{\"@id\":\"https:\/\/www.turismolapernia.com\/#organization\"},\"potentialAction\":[{\"@type\":\"SearchAction\",\"target\":{\"@type\":\"EntryPoint\",\"urlTemplate\":\"https:\/\/www.turismolapernia.com\/?s={search_term_string}\"},\"query-input\":{\"@type\":\"PropertyValueSpecification\",\"valueRequired\":true,\"valueName\":\"search_term_string\"}}],\"inLanguage\":\"en-GB\"},{\"@type\":\"Organization\",\"@id\":\"https:\/\/www.turismolapernia.com\/#organization\",\"name\":\"Turismo La Pern\u00eda\",\"url\":\"https:\/\/www.turismolapernia.com\/\",\"logo\":{\"@type\":\"ImageObject\",\"inLanguage\":\"en-GB\",\"@id\":\"https:\/\/www.turismolapernia.com\/#\/schema\/logo\/image\/\",\"url\":\"https:\/\/www.turismolapernia.com\/wp-content\/uploads\/2021\/12\/cropped-logo-CRV-Pernia-perfil.jpg\",\"contentUrl\":\"https:\/\/www.turismolapernia.com\/wp-content\/uploads\/2021\/12\/cropped-logo-CRV-Pernia-perfil.jpg\",\"width\":512,\"height\":512,\"caption\":\"Turismo La Pern\u00eda\"},\"image\":{\"@id\":\"https:\/\/www.turismolapernia.com\/#\/schema\/logo\/image\/\"},\"sameAs\":[\"https:\/\/www.facebook.com\/turismolapernia\/\",\"https:\/\/www.instagram.com\/turismolapernia\/\"]},{\"@type\":\"Person\",\"@id\":\"https:\/\/www.turismolapernia.com\/#\/schema\/person\/5d5ac032f7e9064c5ce073bbe3564340\",\"name\":\"admin\",\"image\":{\"@type\":\"ImageObject\",\"inLanguage\":\"en-GB\",\"@id\":\"https:\/\/www.turismolapernia.com\/#\/schema\/person\/image\/\",\"url\":\"https:\/\/secure.gravatar.com\/avatar\/fe87fc43b218a52a79b72dddcb95d45fcdca0048b80712e6d20925a50f267165?s=96&d=mm&r=g\",\"contentUrl\":\"https:\/\/secure.gravatar.com\/avatar\/fe87fc43b218a52a79b72dddcb95d45fcdca0048b80712e6d20925a50f267165?s=96&d=mm&r=g\",\"caption\":\"admin\"}}]}<\/script>\n<!-- \/ Yoast SEO plugin. -->","yoast_head_json":{"title":"An\u00f3nimo IV Ensemble de M\u00fasica Renacentista y Medieval. Santa Mar\u00eda de Redondo (La Pern\u00eda, Palencia). Dinamiz-ARTj | Turismo La Pern\u00eda","robots":{"index":"index","follow":"follow","max-snippet":"max-snippet:-1","max-image-preview":"max-image-preview:large","max-video-preview":"max-video-preview:-1"},"canonical":"https:\/\/www.turismolapernia.com\/en\/eventos-y-actividades\/an\/","og_locale":"en_GB","og_type":"article","og_title":"An\u00f3nimo IV Ensemble de M\u00fasica Renacentista y Medieval. Santa Mar\u00eda de Redondo (La Pern\u00eda, Palencia). Dinamiz-ARTj | Turismo La Pern\u00eda","og_description":"An\u00f3nimo IV Ensemble de M\u00fasica Renacentista y Medieval. &#8220;Plazca a sus Majestades&#8221;. 22 de septiembre 2024. 19:00 h. Iglesia de Santa Mar\u00eda de Redondo (La Pern\u00eda, Palencia). Concierto de M\u00fasica Renacentista y Medieval, con r\u00e9plicas de instrumentos e indumentaria, dentro del Programa cultural Dinamiz-ARTj, provomido por el Instituto para la Transici\u00f3n Justa (ITJ) y la &hellip; Continue reading \"An\u00f3nimo IV Ensemble de M\u00fasica Renacentista y Medieval. Santa Mar\u00eda de Redondo (La Pern\u00eda, Palencia). Dinamiz-ARTj\"","og_url":"https:\/\/www.turismolapernia.com\/en\/eventos-y-actividades\/an\/","og_site_name":"Turismo La Pern\u00eda","article_publisher":"https:\/\/www.facebook.com\/turismolapernia\/","article_published_time":"2024-09-18T09:10:46+00:00","article_modified_time":"2024-09-18T09:15:42+00:00","og_image":[{"width":1755,"height":2481,"url":"https:\/\/www.turismolapernia.com\/wp-content\/uploads\/2024\/09\/2024_Dinamiz-ARTj_carteleditable_2edicion-Autoguardado_page-0001.jpg","type":"image\/jpeg"}],"author":"admin","twitter_card":"summary_large_image","twitter_misc":{"Written by":"admin"},"schema":{"@context":"https:\/\/schema.org","@graph":[{"@type":"Article","@id":"https:\/\/www.turismolapernia.com\/eventos-y-actividades\/an\/#article","isPartOf":{"@id":"https:\/\/www.turismolapernia.com\/eventos-y-actividades\/an\/"},"author":{"name":"admin","@id":"https:\/\/www.turismolapernia.com\/#\/schema\/person\/5d5ac032f7e9064c5ce073bbe3564340"},"headline":"An\u00f3nimo IV Ensemble de M\u00fasica Renacentista y Medieval. Santa Mar\u00eda de Redondo (La Pern\u00eda, Palencia). Dinamiz-ARTj","datePublished":"2024-09-18T09:10:46+00:00","dateModified":"2024-09-18T09:15:42+00:00","mainEntityOfPage":{"@id":"https:\/\/www.turismolapernia.com\/eventos-y-actividades\/an\/"},"wordCount":87,"commentCount":0,"publisher":{"@id":"https:\/\/www.turismolapernia.com\/#organization"},"image":{"@id":"https:\/\/www.turismolapernia.com\/eventos-y-actividades\/an\/#primaryimage"},"thumbnailUrl":"https:\/\/www.turismolapernia.com\/wp-content\/uploads\/2024\/09\/2024_Dinamiz-ARTj_carteleditable_2edicion-Autoguardado_page-0001.jpg","articleSection":["Eventos y actividades"],"inLanguage":"en-GB","potentialAction":[{"@type":"CommentAction","name":"Comment","target":["https:\/\/www.turismolapernia.com\/eventos-y-actividades\/an\/#respond"]}]},{"@type":"WebPage","@id":"https:\/\/www.turismolapernia.com\/eventos-y-actividades\/an\/","url":"https:\/\/www.turismolapernia.com\/eventos-y-actividades\/an\/","name":"An\u00f3nimo IV Ensemble de M\u00fasica Renacentista y Medieval. Santa Mar\u00eda de Redondo (La Pern\u00eda, Palencia). Dinamiz-ARTj | Turismo La Pern\u00eda","isPartOf":{"@id":"https:\/\/www.turismolapernia.com\/#website"},"primaryImageOfPage":{"@id":"https:\/\/www.turismolapernia.com\/eventos-y-actividades\/an\/#primaryimage"},"image":{"@id":"https:\/\/www.turismolapernia.com\/eventos-y-actividades\/an\/#primaryimage"},"thumbnailUrl":"https:\/\/www.turismolapernia.com\/wp-content\/uploads\/2024\/09\/2024_Dinamiz-ARTj_carteleditable_2edicion-Autoguardado_page-0001.jpg","datePublished":"2024-09-18T09:10:46+00:00","dateModified":"2024-09-18T09:15:42+00:00","breadcrumb":{"@id":"https:\/\/www.turismolapernia.com\/eventos-y-actividades\/an\/#breadcrumb"},"inLanguage":"en-GB","potentialAction":[{"@type":"ReadAction","target":["https:\/\/www.turismolapernia.com\/eventos-y-actividades\/an\/"]}]},{"@type":"ImageObject","inLanguage":"en-GB","@id":"https:\/\/www.turismolapernia.com\/eventos-y-actividades\/an\/#primaryimage","url":"https:\/\/www.turismolapernia.com\/wp-content\/uploads\/2024\/09\/2024_Dinamiz-ARTj_carteleditable_2edicion-Autoguardado_page-0001.jpg","contentUrl":"https:\/\/www.turismolapernia.com\/wp-content\/uploads\/2024\/09\/2024_Dinamiz-ARTj_carteleditable_2edicion-Autoguardado_page-0001.jpg","width":1755,"height":2481},{"@type":"BreadcrumbList","@id":"https:\/\/www.turismolapernia.com\/eventos-y-actividades\/an\/#breadcrumb","itemListElement":[{"@type":"ListItem","position":1,"name":"La Pern\u00eda","item":"https:\/\/www.turismolapernia.com\/"},{"@type":"ListItem","position":2,"name":"An\u00f3nimo IV Ensemble de M\u00fasica Renacentista y Medieval. Santa Mar\u00eda de Redondo (La Pern\u00eda, Palencia). Dinamiz-ARTj"}]},{"@type":"WebSite","@id":"https:\/\/www.turismolapernia.com\/#website","url":"https:\/\/www.turismolapernia.com\/","name":"Turismo La Pern\u00eda","description":"Monta\u00f1a Palentina","publisher":{"@id":"https:\/\/www.turismolapernia.com\/#organization"},"potentialAction":[{"@type":"SearchAction","target":{"@type":"EntryPoint","urlTemplate":"https:\/\/www.turismolapernia.com\/?s={search_term_string}"},"query-input":{"@type":"PropertyValueSpecification","valueRequired":true,"valueName":"search_term_string"}}],"inLanguage":"en-GB"},{"@type":"Organization","@id":"https:\/\/www.turismolapernia.com\/#organization","name":"Turismo La Pern\u00eda","url":"https:\/\/www.turismolapernia.com\/","logo":{"@type":"ImageObject","inLanguage":"en-GB","@id":"https:\/\/www.turismolapernia.com\/#\/schema\/logo\/image\/","url":"https:\/\/www.turismolapernia.com\/wp-content\/uploads\/2021\/12\/cropped-logo-CRV-Pernia-perfil.jpg","contentUrl":"https:\/\/www.turismolapernia.com\/wp-content\/uploads\/2021\/12\/cropped-logo-CRV-Pernia-perfil.jpg","width":512,"height":512,"caption":"Turismo La Pern\u00eda"},"image":{"@id":"https:\/\/www.turismolapernia.com\/#\/schema\/logo\/image\/"},"sameAs":["https:\/\/www.facebook.com\/turismolapernia\/","https:\/\/www.instagram.com\/turismolapernia\/"]},{"@type":"Person","@id":"https:\/\/www.turismolapernia.com\/#\/schema\/person\/5d5ac032f7e9064c5ce073bbe3564340","name":"admin","image":{"@type":"ImageObject","inLanguage":"en-GB","@id":"https:\/\/www.turismolapernia.com\/#\/schema\/person\/image\/","url":"https:\/\/secure.gravatar.com\/avatar\/fe87fc43b218a52a79b72dddcb95d45fcdca0048b80712e6d20925a50f267165?s=96&d=mm&r=g","contentUrl":"https:\/\/secure.gravatar.com\/avatar\/fe87fc43b218a52a79b72dddcb95d45fcdca0048b80712e6d20925a50f267165?s=96&d=mm&r=g","caption":"admin"}}]}},"_links":{"self":[{"href":"https:\/\/www.turismolapernia.com\/en\/wp-json\/wp\/v2\/posts\/18042","targetHints":{"allow":["GET"]}}],"collection":[{"href":"https:\/\/www.turismolapernia.com\/en\/wp-json\/wp\/v2\/posts"}],"about":[{"href":"https:\/\/www.turismolapernia.com\/en\/wp-json\/wp\/v2\/types\/post"}],"author":[{"embeddable":true,"href":"https:\/\/www.turismolapernia.com\/en\/wp-json\/wp\/v2\/users\/1"}],"replies":[{"embeddable":true,"href":"https:\/\/www.turismolapernia.com\/en\/wp-json\/wp\/v2\/comments?post=18042"}],"version-history":[{"count":7,"href":"https:\/\/www.turismolapernia.com\/en\/wp-json\/wp\/v2\/posts\/18042\/revisions"}],"predecessor-version":[{"id":18051,"href":"https:\/\/www.turismolapernia.com\/en\/wp-json\/wp\/v2\/posts\/18042\/revisions\/18051"}],"wp:featuredmedia":[{"embeddable":true,"href":"https:\/\/www.turismolapernia.com\/en\/wp-json\/wp\/v2\/media\/18043"}],"wp:attachment":[{"href":"https:\/\/www.turismolapernia.com\/en\/wp-json\/wp\/v2\/media?parent=18042"}],"wp:term":[{"taxonomy":"category","embeddable":true,"href":"https:\/\/www.turismolapernia.com\/en\/wp-json\/wp\/v2\/categories?post=18042"},{"taxonomy":"post_tag","embeddable":true,"href":"https:\/\/www.turismolapernia.com\/en\/wp-json\/wp\/v2\/tags?post=18042"}],"curies":[{"name":"wp","href":"https:\/\/api.w.org\/{rel}","templated":true}]}}