{"id":18015,"date":"2024-09-17T19:57:52","date_gmt":"2024-09-17T17:57:52","guid":{"rendered":"https:\/\/www.turismolapernia.com\/?p=18015"},"modified":"2024-09-17T20:55:09","modified_gmt":"2024-09-17T18:55:09","slug":"dona-sofia-visita-la-pernia-para-conocer-el-habitat-del-gato-montes-en-la-montana-palentina","status":"publish","type":"post","link":"https:\/\/www.turismolapernia.com\/en\/noticias-pernia\/dona-sofia-visita-la-pernia-para-conocer-el-habitat-del-gato-montes-en-la-montana-palentina\/","title":{"rendered":"Do\u00f1a Sof\u00eda visita La Pern\u00eda para conocer el h\u00e1bitat del gato mont\u00e9s en la Monta\u00f1a Palentina"},"content":{"rendered":"<div data-elementor-type=\"wp-post\" data-elementor-id=\"18015\" class=\"elementor elementor-18015\" data-elementor-settings=\"[]\">\n\t\t\t\t\t\t\t<div class=\"elementor-section-wrap\">\n\t\t\t\t\t\t\t<section class=\"elementor-section elementor-top-section elementor-element elementor-element-b9f03a7 elementor-section-boxed elementor-section-height-default elementor-section-height-default\" data-id=\"b9f03a7\" data-element_type=\"section\">\n\t\t\t\t\t\t<div class=\"elementor-container elementor-column-gap-default\">\n\t\t\t\t\t<div class=\"elementor-column elementor-col-50 elementor-top-column elementor-element elementor-element-8fc1375\" data-id=\"8fc1375\" data-element_type=\"column\">\n\t\t\t<div class=\"elementor-widget-wrap elementor-element-populated\">\n\t\t\t\t\t\t\t\t<div class=\"elementor-element elementor-element-9b2adfe elementor-widget elementor-widget-image\" data-id=\"9b2adfe\" data-element_type=\"widget\" data-widget_type=\"image.default\">\n\t\t\t\t<div class=\"elementor-widget-container\">\n\t\t\t\t\t\t\t\t\t\t\t\t\t\t\t<img loading=\"lazy\" decoding=\"async\" width=\"525\" height=\"729\" src=\"https:\/\/www.turismolapernia.com\/wp-content\/uploads\/2024\/09\/Imagen-de-WhatsApp-2024-09-17-a-las-18.52.46_75d1ea99-768x1066.jpg\" class=\"attachment-medium_large size-medium_large\" alt=\"\" srcset=\"https:\/\/www.turismolapernia.com\/wp-content\/uploads\/2024\/09\/Imagen-de-WhatsApp-2024-09-17-a-las-18.52.46_75d1ea99-768x1066.jpg 768w, https:\/\/www.turismolapernia.com\/wp-content\/uploads\/2024\/09\/Imagen-de-WhatsApp-2024-09-17-a-las-18.52.46_75d1ea99-216x300.jpg 216w, https:\/\/www.turismolapernia.com\/wp-content\/uploads\/2024\/09\/Imagen-de-WhatsApp-2024-09-17-a-las-18.52.46_75d1ea99-738x1024.jpg 738w, https:\/\/www.turismolapernia.com\/wp-content\/uploads\/2024\/09\/Imagen-de-WhatsApp-2024-09-17-a-las-18.52.46_75d1ea99-1107x1536.jpg 1107w, https:\/\/www.turismolapernia.com\/wp-content\/uploads\/2024\/09\/Imagen-de-WhatsApp-2024-09-17-a-las-18.52.46_75d1ea99-1476x2048.jpg 1476w, https:\/\/www.turismolapernia.com\/wp-content\/uploads\/2024\/09\/Imagen-de-WhatsApp-2024-09-17-a-las-18.52.46_75d1ea99-9x12.jpg 9w, https:\/\/www.turismolapernia.com\/wp-content\/uploads\/2024\/09\/Imagen-de-WhatsApp-2024-09-17-a-las-18.52.46_75d1ea99-scaled.jpg 1844w\" sizes=\"auto, 100vw\" \/>\t\t\t\t\t\t\t\t\t\t\t\t\t\t\t<\/div>\n\t\t\t\t<\/div>\n\t\t\t\t\t<\/div>\n\t\t<\/div>\n\t\t\t\t<div class=\"elementor-column elementor-col-50 elementor-top-column elementor-element elementor-element-72715a2\" data-id=\"72715a2\" data-element_type=\"column\">\n\t\t\t<div class=\"elementor-widget-wrap elementor-element-populated\">\n\t\t\t\t\t\t\t\t<div class=\"elementor-element elementor-element-c80e7d2 elementor-widget elementor-widget-text-editor\" data-id=\"c80e7d2\" data-element_type=\"widget\" data-widget_type=\"text-editor.default\">\n\t\t\t\t<div class=\"elementor-widget-container\">\n\t\t\t\t\t\t\t<p>La Reina Sof\u00eda, presidenta de la\u00a0Fundaci\u00f3n que lleva su nombre, se desplaz\u00f3 este lunes al Parque Natural de la Monta\u00f1a Palentina para conocer el proyecto que est\u00e1 llevando a cabo la Estaci\u00f3n Biol\u00f3gica de Do\u00f1ana del Consejo Superior de Investigaciones Cient\u00edficas (CSIC) con la colaboraci\u00f3n de la Fundaci\u00f3n Reina Sof\u00eda, cuyo objetivo es estudiar la ecolog\u00eda y el estado de conservaci\u00f3n del gato mont\u00e9s (<em>Felis silvestris)<\/em>.<\/p><p>\u00a0<\/p><p>Las poblaciones de este felino salvaje han disminuido o incluso desaparecido en varias partes de Europa y en la actualidad esta especie figura como \u201ccasi amenazada\u201d en Espa\u00f1a. Sin embargo, se cree que su poblaci\u00f3n en el norte de la provincia de Palencia es \u201cmucho m\u00e1s abundante\u201d que en el resto del territorio nacional y eso favorece su estudio y observaci\u00f3n. El centro de investigaci\u00f3n del CSIC empez\u00f3 trabajando con censos anuales del gato mont\u00e9s y su presa principal, la rata topera, hace ya nueve a\u00f1os en la Monta\u00f1a Palentina, pero desde el a\u00f1o pasado\u00a0cuenta con el apoyo de la Fundaci\u00f3n Reina Sof\u00eda.<\/p><p>Dentro del nuevo proyecto \u201cConservaci\u00f3n del gato mont\u00e9s en \u00e1reas ganaderas del norte de Espa\u00f1a\u201d, que est\u00e1 previsto que concluya en 2028, se est\u00e1 investigando sobre las amenazas potenciales a las que se enfrenta el gato mont\u00e9s en zonas ganaderas del norte de la Pen\u00ednsula Ib\u00e9rica, entre las que se encuentran la p\u00e9rdida de h\u00e1bitat, la persecuci\u00f3n directa, los atropellos, enfermedades infecciosas o la hibridaci\u00f3n con el gato dom\u00e9stico.<\/p>\t\t\t\t\t\t<\/div>\n\t\t\t\t<\/div>\n\t\t\t\t\t<\/div>\n\t\t<\/div>\n\t\t\t\t\t\t\t<\/div>\n\t\t<\/section>\n\t\t\t\t<section class=\"elementor-section elementor-top-section elementor-element elementor-element-0b2490b elementor-section-boxed elementor-section-height-default elementor-section-height-default\" data-id=\"0b2490b\" data-element_type=\"section\">\n\t\t\t\t\t\t<div class=\"elementor-container elementor-column-gap-default\">\n\t\t\t\t\t<div class=\"elementor-column elementor-col-50 elementor-top-column elementor-element elementor-element-1af6f28\" data-id=\"1af6f28\" data-element_type=\"column\">\n\t\t\t<div class=\"elementor-widget-wrap elementor-element-populated\">\n\t\t\t\t\t\t\t\t<div class=\"elementor-element elementor-element-7b25150 elementor-widget elementor-widget-text-editor\" data-id=\"7b25150\" data-element_type=\"widget\" data-widget_type=\"text-editor.default\">\n\t\t\t\t<div class=\"elementor-widget-container\">\n\t\t\t\t\t\t\t<p>Precisamente, para conocer de primera mano los avances de la investigaci\u00f3n y el h\u00e1bitat natural de esta especie protegida, Do\u00f1a Sof\u00eda ha viajado estos d\u00edas a la Monta\u00f1a Palentina. En su recorrido, ha estado acompa\u00f1ada de Jos\u00e9 Mar\u00eda Martell, vicepresidente de Investigaci\u00f3n Cient\u00edfica y T\u00e9cnica del CSIC; de Eloy Revilla, director de la Estaci\u00f3n Biol\u00f3gica de Do\u00f1ana y de Francisco Palomares, investigador principal del proyecto.<\/p>\n<p><br><\/p>\n<p>\nLa visita comenz\u00f3 este lunes en el Parador Nacional de Cervera de Pisuerga con el saludo a las autoridades, entre las que se encontraban el viceconsejero de Medio Ambiente y Ordenaci\u00f3n del Territorio de la Junta de Castilla y Le\u00f3n, Rub\u00e9n Rodr\u00edguez Lucas, y los alcaldes de Cervera de Pisuerga, Jorge Ib\u00e1\u00f1ez, y de La Pern\u00eda, Mariano San Abelardo, seguido de una explicaci\u00f3n por parte de los responsables del proyecto del estado de desarrollo del mismo.<br>A continuaci\u00f3n, se realiz\u00f3 una salida al campo por los entornos de Resoba, para observar la fauna silvestre en su h\u00e1bitat.<\/p>\n<p><br><\/p>\n<p>En la jornada de hoy martes, la Reina Sof\u00eda se ha desplazado a La Pern\u00eda para seguir conociendo el paisaje, la ecolog\u00eda y las amenazas del gato mont\u00e9s. En su recorrido ha podido visitar el Valle de los Redondos y el mirador de Piedrasluengas.<\/p>\n<p>Para finalizar su visita a la Monta\u00f1a Palentina, Do\u00f1a Sof\u00eda no ha querido dejar pasar la ocasi\u00f3n de conocer la colegiata rom\u00e1nica de San Salvador de Cantamuda, por la que se ha mostrado muy interesada y ha calificado de &#8220;verdadera maravilla&#8221;.<\/p>\t\t\t\t\t\t<\/div>\n\t\t\t\t<\/div>\n\t\t\t\t\t<\/div>\n\t\t<\/div>\n\t\t\t\t<div class=\"elementor-column elementor-col-50 elementor-top-column elementor-element elementor-element-1509240\" data-id=\"1509240\" data-element_type=\"column\">\n\t\t\t<div class=\"elementor-widget-wrap elementor-element-populated\">\n\t\t\t\t\t\t\t\t<div class=\"elementor-element elementor-element-eb6072b elementor-widget elementor-widget-image\" data-id=\"eb6072b\" data-element_type=\"widget\" data-widget_type=\"image.default\">\n\t\t\t\t<div class=\"elementor-widget-container\">\n\t\t\t\t\t\t\t\t\t\t\t\t\t\t\t<img loading=\"lazy\" decoding=\"async\" width=\"525\" height=\"967\" src=\"https:\/\/www.turismolapernia.com\/wp-content\/uploads\/2024\/09\/Imagen-de-WhatsApp-2024-09-17-a-las-20.20.06_b811196b-768x1415.jpg\" class=\"attachment-medium_large size-medium_large\" alt=\"\" srcset=\"https:\/\/www.turismolapernia.com\/wp-content\/uploads\/2024\/09\/Imagen-de-WhatsApp-2024-09-17-a-las-20.20.06_b811196b-768x1415.jpg 768w, https:\/\/www.turismolapernia.com\/wp-content\/uploads\/2024\/09\/Imagen-de-WhatsApp-2024-09-17-a-las-20.20.06_b811196b-163x300.jpg 163w, https:\/\/www.turismolapernia.com\/wp-content\/uploads\/2024\/09\/Imagen-de-WhatsApp-2024-09-17-a-las-20.20.06_b811196b-556x1024.jpg 556w, https:\/\/www.turismolapernia.com\/wp-content\/uploads\/2024\/09\/Imagen-de-WhatsApp-2024-09-17-a-las-20.20.06_b811196b-834x1536.jpg 834w, https:\/\/www.turismolapernia.com\/wp-content\/uploads\/2024\/09\/Imagen-de-WhatsApp-2024-09-17-a-las-20.20.06_b811196b-7x12.jpg 7w, https:\/\/www.turismolapernia.com\/wp-content\/uploads\/2024\/09\/Imagen-de-WhatsApp-2024-09-17-a-las-20.20.06_b811196b.jpg 972w\" sizes=\"auto, 100vw\" \/>\t\t\t\t\t\t\t\t\t\t\t\t\t\t\t<\/div>\n\t\t\t\t<\/div>\n\t\t\t\t<div class=\"elementor-element elementor-element-f38c01a elementor-widget elementor-widget-text-editor\" data-id=\"f38c01a\" data-element_type=\"widget\" data-widget_type=\"text-editor.default\">\n\t\t\t\t<div class=\"elementor-widget-container\">\n\t\t\t\t\t\t\t\t\t\t\t\t\t<\/div>\n\t\t\t\t<\/div>\n\t\t\t\t\t<\/div>\n\t\t<\/div>\n\t\t\t\t\t\t\t<\/div>\n\t\t<\/section>\n\t\t\t\t<section class=\"elementor-section elementor-top-section elementor-element elementor-element-02ae594 elementor-section-boxed elementor-section-height-default elementor-section-height-default\" data-id=\"02ae594\" data-element_type=\"section\">\n\t\t\t\t\t\t<div class=\"elementor-container elementor-column-gap-default\">\n\t\t\t\t\t<div class=\"elementor-column elementor-col-33 elementor-top-column elementor-element elementor-element-7366b72\" data-id=\"7366b72\" data-element_type=\"column\">\n\t\t\t<div class=\"elementor-widget-wrap\">\n\t\t\t\t\t\t\t\t\t<\/div>\n\t\t<\/div>\n\t\t\t\t<div class=\"elementor-column elementor-col-33 elementor-top-column elementor-element elementor-element-0388b75\" data-id=\"0388b75\" data-element_type=\"column\">\n\t\t\t<div class=\"elementor-widget-wrap elementor-element-populated\">\n\t\t\t\t\t\t\t\t<div class=\"elementor-element elementor-element-d8babfe elementor-widget elementor-widget-image\" data-id=\"d8babfe\" data-element_type=\"widget\" data-widget_type=\"image.default\">\n\t\t\t\t<div class=\"elementor-widget-container\">\n\t\t\t\t\t\t\t\t\t\t\t\t<figure class=\"wp-caption\">\n\t\t\t\t\t\t\t\t\t\t<img loading=\"lazy\" decoding=\"async\" width=\"525\" height=\"394\" src=\"https:\/\/www.turismolapernia.com\/wp-content\/uploads\/2024\/09\/Imagen-de-WhatsApp-2024-09-17-a-las-18.52.46_0befa75f-1024x768.jpg\" class=\"attachment-large size-large\" alt=\"\" srcset=\"https:\/\/www.turismolapernia.com\/wp-content\/uploads\/2024\/09\/Imagen-de-WhatsApp-2024-09-17-a-las-18.52.46_0befa75f-1024x768.jpg 1024w, https:\/\/www.turismolapernia.com\/wp-content\/uploads\/2024\/09\/Imagen-de-WhatsApp-2024-09-17-a-las-18.52.46_0befa75f-300x225.jpg 300w, https:\/\/www.turismolapernia.com\/wp-content\/uploads\/2024\/09\/Imagen-de-WhatsApp-2024-09-17-a-las-18.52.46_0befa75f-768x576.jpg 768w, https:\/\/www.turismolapernia.com\/wp-content\/uploads\/2024\/09\/Imagen-de-WhatsApp-2024-09-17-a-las-18.52.46_0befa75f-1536x1152.jpg 1536w, https:\/\/www.turismolapernia.com\/wp-content\/uploads\/2024\/09\/Imagen-de-WhatsApp-2024-09-17-a-las-18.52.46_0befa75f-2048x1536.jpg 2048w, https:\/\/www.turismolapernia.com\/wp-content\/uploads\/2024\/09\/Imagen-de-WhatsApp-2024-09-17-a-las-18.52.46_0befa75f-16x12.jpg 16w\" sizes=\"auto, 100vw\" \/>\t\t\t\t\t\t\t\t\t\t\t<figcaption class=\"widget-image-caption wp-caption-text\">La Reina Sof\u00eda fotografiando el altar de San Salvador de Cantamuda<\/figcaption>\n\t\t\t\t\t\t\t\t\t\t<\/figure>\n\t\t\t\t\t\t\t\t\t<\/div>\n\t\t\t\t<\/div>\n\t\t\t\t\t<\/div>\n\t\t<\/div>\n\t\t\t\t<div class=\"elementor-column elementor-col-33 elementor-top-column elementor-element elementor-element-9aaceae\" data-id=\"9aaceae\" data-element_type=\"column\">\n\t\t\t<div class=\"elementor-widget-wrap\">\n\t\t\t\t\t\t\t\t\t<\/div>\n\t\t<\/div>\n\t\t\t\t\t\t\t<\/div>\n\t\t<\/section>\n\t\t\t\t\t\t<\/div>\n\t\t\t\t\t<\/div>","protected":false},"excerpt":{"rendered":"<p>La Reina Sof\u00eda, presidenta de la\u00a0Fundaci\u00f3n que lleva su nombre, se desplaz\u00f3 este lunes al Parque Natural de la Monta\u00f1a Palentina para conocer el proyecto que est\u00e1 llevando a cabo la Estaci\u00f3n Biol\u00f3gica de Do\u00f1ana del Consejo Superior de Investigaciones Cient\u00edficas (CSIC) con la colaboraci\u00f3n de la Fundaci\u00f3n Reina Sof\u00eda, cuyo objetivo es estudiar la &hellip; <\/p>\n<p class=\"link-more\"><a href=\"https:\/\/www.turismolapernia.com\/en\/noticias-pernia\/dona-sofia-visita-la-pernia-para-conocer-el-habitat-del-gato-montes-en-la-montana-palentina\/\" class=\"more-link\">Continue reading<span class=\"screen-reader-text\"> &#8220;Do\u00f1a Sof\u00eda visita La Pern\u00eda para conocer el h\u00e1bitat del gato mont\u00e9s en la Monta\u00f1a Palentina&#8221;<\/span><\/a><\/p>","protected":false},"author":1,"featured_media":18035,"comment_status":"open","ping_status":"open","sticky":false,"template":"","format":"standard","meta":{"footnotes":""},"categories":[13],"tags":[],"class_list":["post-18015","post","type-post","status-publish","format-standard","has-post-thumbnail","hentry","category-noticias-pernia"],"yoast_head":"<!-- This site is optimized with the Yoast SEO plugin v23.5 - https:\/\/yoast.com\/wordpress\/plugins\/seo\/ -->\n<title>Do\u00f1a Sof\u00eda visita La Pern\u00eda para conocer el h\u00e1bitat del gato mont\u00e9s en la Monta\u00f1a Palentina | Turismo La Pern\u00eda<\/title>\n<meta name=\"robots\" content=\"index, follow, max-snippet:-1, max-image-preview:large, max-video-preview:-1\" \/>\n<link rel=\"canonical\" href=\"https:\/\/www.turismolapernia.com\/en\/noticias-pernia\/dona-sofia-visita-la-pernia-para-conocer-el-habitat-del-gato-montes-en-la-montana-palentina\/\" \/>\n<meta property=\"og:locale\" content=\"en_GB\" \/>\n<meta property=\"og:type\" content=\"article\" \/>\n<meta property=\"og:title\" content=\"Do\u00f1a Sof\u00eda visita La Pern\u00eda para conocer el h\u00e1bitat del gato mont\u00e9s en la Monta\u00f1a Palentina | Turismo La Pern\u00eda\" \/>\n<meta property=\"og:description\" content=\"La Reina Sof\u00eda, presidenta de la\u00a0Fundaci\u00f3n que lleva su nombre, se desplaz\u00f3 este lunes al Parque Natural de la Monta\u00f1a Palentina para conocer el proyecto que est\u00e1 llevando a cabo la Estaci\u00f3n Biol\u00f3gica de Do\u00f1ana del Consejo Superior de Investigaciones Cient\u00edficas (CSIC) con la colaboraci\u00f3n de la Fundaci\u00f3n Reina Sof\u00eda, cuyo objetivo es estudiar la &hellip; Continue reading &quot;Do\u00f1a Sof\u00eda visita La Pern\u00eda para conocer el h\u00e1bitat del gato mont\u00e9s en la Monta\u00f1a Palentina&quot;\" \/>\n<meta property=\"og:url\" content=\"https:\/\/www.turismolapernia.com\/en\/noticias-pernia\/dona-sofia-visita-la-pernia-para-conocer-el-habitat-del-gato-montes-en-la-montana-palentina\/\" \/>\n<meta property=\"og:site_name\" content=\"Turismo La Pern\u00eda\" \/>\n<meta property=\"article:publisher\" content=\"https:\/\/www.facebook.com\/turismolapernia\/\" \/>\n<meta property=\"article:published_time\" content=\"2024-09-17T17:57:52+00:00\" \/>\n<meta property=\"article:modified_time\" content=\"2024-09-17T18:55:09+00:00\" \/>\n<meta property=\"og:image\" content=\"https:\/\/www.turismolapernia.com\/wp-content\/uploads\/2024\/09\/Imagen-de-WhatsApp-2-.jpg\" \/>\n\t<meta property=\"og:image:width\" content=\"2163\" \/>\n\t<meta property=\"og:image:height\" content=\"1668\" \/>\n\t<meta property=\"og:image:type\" content=\"image\/jpeg\" \/>\n<meta name=\"author\" content=\"admin\" \/>\n<meta name=\"twitter:card\" content=\"summary_large_image\" \/>\n<meta name=\"twitter:label1\" content=\"Written by\" \/>\n\t<meta name=\"twitter:data1\" content=\"admin\" \/>\n\t<meta name=\"twitter:label2\" content=\"Estimated reading time\" \/>\n\t<meta name=\"twitter:data2\" content=\"3 minutes\" \/>\n<script type=\"application\/ld+json\" class=\"yoast-schema-graph\">{\"@context\":\"https:\/\/schema.org\",\"@graph\":[{\"@type\":\"Article\",\"@id\":\"https:\/\/www.turismolapernia.com\/noticias-pernia\/dona-sofia-visita-la-pernia-para-conocer-el-habitat-del-gato-montes-en-la-montana-palentina\/#article\",\"isPartOf\":{\"@id\":\"https:\/\/www.turismolapernia.com\/noticias-pernia\/dona-sofia-visita-la-pernia-para-conocer-el-habitat-del-gato-montes-en-la-montana-palentina\/\"},\"author\":{\"name\":\"admin\",\"@id\":\"https:\/\/www.turismolapernia.com\/#\/schema\/person\/5d5ac032f7e9064c5ce073bbe3564340\"},\"headline\":\"Do\u00f1a Sof\u00eda visita La Pern\u00eda para conocer el h\u00e1bitat del gato mont\u00e9s en la Monta\u00f1a Palentina\",\"datePublished\":\"2024-09-17T17:57:52+00:00\",\"dateModified\":\"2024-09-17T18:55:09+00:00\",\"mainEntityOfPage\":{\"@id\":\"https:\/\/www.turismolapernia.com\/noticias-pernia\/dona-sofia-visita-la-pernia-para-conocer-el-habitat-del-gato-montes-en-la-montana-palentina\/\"},\"wordCount\":587,\"commentCount\":0,\"publisher\":{\"@id\":\"https:\/\/www.turismolapernia.com\/#organization\"},\"image\":{\"@id\":\"https:\/\/www.turismolapernia.com\/noticias-pernia\/dona-sofia-visita-la-pernia-para-conocer-el-habitat-del-gato-montes-en-la-montana-palentina\/#primaryimage\"},\"thumbnailUrl\":\"https:\/\/www.turismolapernia.com\/wp-content\/uploads\/2024\/09\/Imagen-de-WhatsApp-2-.jpg\",\"articleSection\":[\"Noticias\"],\"inLanguage\":\"en-GB\",\"potentialAction\":[{\"@type\":\"CommentAction\",\"name\":\"Comment\",\"target\":[\"https:\/\/www.turismolapernia.com\/noticias-pernia\/dona-sofia-visita-la-pernia-para-conocer-el-habitat-del-gato-montes-en-la-montana-palentina\/#respond\"]}]},{\"@type\":\"WebPage\",\"@id\":\"https:\/\/www.turismolapernia.com\/noticias-pernia\/dona-sofia-visita-la-pernia-para-conocer-el-habitat-del-gato-montes-en-la-montana-palentina\/\",\"url\":\"https:\/\/www.turismolapernia.com\/noticias-pernia\/dona-sofia-visita-la-pernia-para-conocer-el-habitat-del-gato-montes-en-la-montana-palentina\/\",\"name\":\"Do\u00f1a Sof\u00eda visita La Pern\u00eda para conocer el h\u00e1bitat del gato mont\u00e9s en la Monta\u00f1a Palentina | Turismo La Pern\u00eda\",\"isPartOf\":{\"@id\":\"https:\/\/www.turismolapernia.com\/#website\"},\"primaryImageOfPage\":{\"@id\":\"https:\/\/www.turismolapernia.com\/noticias-pernia\/dona-sofia-visita-la-pernia-para-conocer-el-habitat-del-gato-montes-en-la-montana-palentina\/#primaryimage\"},\"image\":{\"@id\":\"https:\/\/www.turismolapernia.com\/noticias-pernia\/dona-sofia-visita-la-pernia-para-conocer-el-habitat-del-gato-montes-en-la-montana-palentina\/#primaryimage\"},\"thumbnailUrl\":\"https:\/\/www.turismolapernia.com\/wp-content\/uploads\/2024\/09\/Imagen-de-WhatsApp-2-.jpg\",\"datePublished\":\"2024-09-17T17:57:52+00:00\",\"dateModified\":\"2024-09-17T18:55:09+00:00\",\"breadcrumb\":{\"@id\":\"https:\/\/www.turismolapernia.com\/noticias-pernia\/dona-sofia-visita-la-pernia-para-conocer-el-habitat-del-gato-montes-en-la-montana-palentina\/#breadcrumb\"},\"inLanguage\":\"en-GB\",\"potentialAction\":[{\"@type\":\"ReadAction\",\"target\":[\"https:\/\/www.turismolapernia.com\/noticias-pernia\/dona-sofia-visita-la-pernia-para-conocer-el-habitat-del-gato-montes-en-la-montana-palentina\/\"]}]},{\"@type\":\"ImageObject\",\"inLanguage\":\"en-GB\",\"@id\":\"https:\/\/www.turismolapernia.com\/noticias-pernia\/dona-sofia-visita-la-pernia-para-conocer-el-habitat-del-gato-montes-en-la-montana-palentina\/#primaryimage\",\"url\":\"https:\/\/www.turismolapernia.com\/wp-content\/uploads\/2024\/09\/Imagen-de-WhatsApp-2-.jpg\",\"contentUrl\":\"https:\/\/www.turismolapernia.com\/wp-content\/uploads\/2024\/09\/Imagen-de-WhatsApp-2-.jpg\",\"width\":2163,\"height\":1668},{\"@type\":\"BreadcrumbList\",\"@id\":\"https:\/\/www.turismolapernia.com\/noticias-pernia\/dona-sofia-visita-la-pernia-para-conocer-el-habitat-del-gato-montes-en-la-montana-palentina\/#breadcrumb\",\"itemListElement\":[{\"@type\":\"ListItem\",\"position\":1,\"name\":\"La Pern\u00eda\",\"item\":\"https:\/\/www.turismolapernia.com\/\"},{\"@type\":\"ListItem\",\"position\":2,\"name\":\"Do\u00f1a Sof\u00eda visita La Pern\u00eda para conocer el h\u00e1bitat del gato mont\u00e9s en la Monta\u00f1a Palentina\"}]},{\"@type\":\"WebSite\",\"@id\":\"https:\/\/www.turismolapernia.com\/#website\",\"url\":\"https:\/\/www.turismolapernia.com\/\",\"name\":\"Turismo La Pern\u00eda\",\"description\":\"Monta\u00f1a Palentina\",\"publisher\":{\"@id\":\"https:\/\/www.turismolapernia.com\/#organization\"},\"potentialAction\":[{\"@type\":\"SearchAction\",\"target\":{\"@type\":\"EntryPoint\",\"urlTemplate\":\"https:\/\/www.turismolapernia.com\/?s={search_term_string}\"},\"query-input\":{\"@type\":\"PropertyValueSpecification\",\"valueRequired\":true,\"valueName\":\"search_term_string\"}}],\"inLanguage\":\"en-GB\"},{\"@type\":\"Organization\",\"@id\":\"https:\/\/www.turismolapernia.com\/#organization\",\"name\":\"Turismo La Pern\u00eda\",\"url\":\"https:\/\/www.turismolapernia.com\/\",\"logo\":{\"@type\":\"ImageObject\",\"inLanguage\":\"en-GB\",\"@id\":\"https:\/\/www.turismolapernia.com\/#\/schema\/logo\/image\/\",\"url\":\"https:\/\/www.turismolapernia.com\/wp-content\/uploads\/2021\/12\/cropped-logo-CRV-Pernia-perfil.jpg\",\"contentUrl\":\"https:\/\/www.turismolapernia.com\/wp-content\/uploads\/2021\/12\/cropped-logo-CRV-Pernia-perfil.jpg\",\"width\":512,\"height\":512,\"caption\":\"Turismo La Pern\u00eda\"},\"image\":{\"@id\":\"https:\/\/www.turismolapernia.com\/#\/schema\/logo\/image\/\"},\"sameAs\":[\"https:\/\/www.facebook.com\/turismolapernia\/\",\"https:\/\/www.instagram.com\/turismolapernia\/\"]},{\"@type\":\"Person\",\"@id\":\"https:\/\/www.turismolapernia.com\/#\/schema\/person\/5d5ac032f7e9064c5ce073bbe3564340\",\"name\":\"admin\",\"image\":{\"@type\":\"ImageObject\",\"inLanguage\":\"en-GB\",\"@id\":\"https:\/\/www.turismolapernia.com\/#\/schema\/person\/image\/\",\"url\":\"https:\/\/secure.gravatar.com\/avatar\/fe87fc43b218a52a79b72dddcb95d45fcdca0048b80712e6d20925a50f267165?s=96&d=mm&r=g\",\"contentUrl\":\"https:\/\/secure.gravatar.com\/avatar\/fe87fc43b218a52a79b72dddcb95d45fcdca0048b80712e6d20925a50f267165?s=96&d=mm&r=g\",\"caption\":\"admin\"}}]}<\/script>\n<!-- \/ Yoast SEO plugin. -->","yoast_head_json":{"title":"Do\u00f1a Sof\u00eda visita La Pern\u00eda para conocer el h\u00e1bitat del gato mont\u00e9s en la Monta\u00f1a Palentina | Turismo La Pern\u00eda","robots":{"index":"index","follow":"follow","max-snippet":"max-snippet:-1","max-image-preview":"max-image-preview:large","max-video-preview":"max-video-preview:-1"},"canonical":"https:\/\/www.turismolapernia.com\/en\/noticias-pernia\/dona-sofia-visita-la-pernia-para-conocer-el-habitat-del-gato-montes-en-la-montana-palentina\/","og_locale":"en_GB","og_type":"article","og_title":"Do\u00f1a Sof\u00eda visita La Pern\u00eda para conocer el h\u00e1bitat del gato mont\u00e9s en la Monta\u00f1a Palentina | Turismo La Pern\u00eda","og_description":"La Reina Sof\u00eda, presidenta de la\u00a0Fundaci\u00f3n que lleva su nombre, se desplaz\u00f3 este lunes al Parque Natural de la Monta\u00f1a Palentina para conocer el proyecto que est\u00e1 llevando a cabo la Estaci\u00f3n Biol\u00f3gica de Do\u00f1ana del Consejo Superior de Investigaciones Cient\u00edficas (CSIC) con la colaboraci\u00f3n de la Fundaci\u00f3n Reina Sof\u00eda, cuyo objetivo es estudiar la &hellip; Continue reading \"Do\u00f1a Sof\u00eda visita La Pern\u00eda para conocer el h\u00e1bitat del gato mont\u00e9s en la Monta\u00f1a Palentina\"","og_url":"https:\/\/www.turismolapernia.com\/en\/noticias-pernia\/dona-sofia-visita-la-pernia-para-conocer-el-habitat-del-gato-montes-en-la-montana-palentina\/","og_site_name":"Turismo La Pern\u00eda","article_publisher":"https:\/\/www.facebook.com\/turismolapernia\/","article_published_time":"2024-09-17T17:57:52+00:00","article_modified_time":"2024-09-17T18:55:09+00:00","og_image":[{"width":2163,"height":1668,"url":"https:\/\/www.turismolapernia.com\/wp-content\/uploads\/2024\/09\/Imagen-de-WhatsApp-2-.jpg","type":"image\/jpeg"}],"author":"admin","twitter_card":"summary_large_image","twitter_misc":{"Written by":"admin","Estimated reading time":"3 minutes"},"schema":{"@context":"https:\/\/schema.org","@graph":[{"@type":"Article","@id":"https:\/\/www.turismolapernia.com\/noticias-pernia\/dona-sofia-visita-la-pernia-para-conocer-el-habitat-del-gato-montes-en-la-montana-palentina\/#article","isPartOf":{"@id":"https:\/\/www.turismolapernia.com\/noticias-pernia\/dona-sofia-visita-la-pernia-para-conocer-el-habitat-del-gato-montes-en-la-montana-palentina\/"},"author":{"name":"admin","@id":"https:\/\/www.turismolapernia.com\/#\/schema\/person\/5d5ac032f7e9064c5ce073bbe3564340"},"headline":"Do\u00f1a Sof\u00eda visita La Pern\u00eda para conocer el h\u00e1bitat del gato mont\u00e9s en la Monta\u00f1a Palentina","datePublished":"2024-09-17T17:57:52+00:00","dateModified":"2024-09-17T18:55:09+00:00","mainEntityOfPage":{"@id":"https:\/\/www.turismolapernia.com\/noticias-pernia\/dona-sofia-visita-la-pernia-para-conocer-el-habitat-del-gato-montes-en-la-montana-palentina\/"},"wordCount":587,"commentCount":0,"publisher":{"@id":"https:\/\/www.turismolapernia.com\/#organization"},"image":{"@id":"https:\/\/www.turismolapernia.com\/noticias-pernia\/dona-sofia-visita-la-pernia-para-conocer-el-habitat-del-gato-montes-en-la-montana-palentina\/#primaryimage"},"thumbnailUrl":"https:\/\/www.turismolapernia.com\/wp-content\/uploads\/2024\/09\/Imagen-de-WhatsApp-2-.jpg","articleSection":["Noticias"],"inLanguage":"en-GB","potentialAction":[{"@type":"CommentAction","name":"Comment","target":["https:\/\/www.turismolapernia.com\/noticias-pernia\/dona-sofia-visita-la-pernia-para-conocer-el-habitat-del-gato-montes-en-la-montana-palentina\/#respond"]}]},{"@type":"WebPage","@id":"https:\/\/www.turismolapernia.com\/noticias-pernia\/dona-sofia-visita-la-pernia-para-conocer-el-habitat-del-gato-montes-en-la-montana-palentina\/","url":"https:\/\/www.turismolapernia.com\/noticias-pernia\/dona-sofia-visita-la-pernia-para-conocer-el-habitat-del-gato-montes-en-la-montana-palentina\/","name":"Do\u00f1a Sof\u00eda visita La Pern\u00eda para conocer el h\u00e1bitat del gato mont\u00e9s en la Monta\u00f1a Palentina | Turismo La Pern\u00eda","isPartOf":{"@id":"https:\/\/www.turismolapernia.com\/#website"},"primaryImageOfPage":{"@id":"https:\/\/www.turismolapernia.com\/noticias-pernia\/dona-sofia-visita-la-pernia-para-conocer-el-habitat-del-gato-montes-en-la-montana-palentina\/#primaryimage"},"image":{"@id":"https:\/\/www.turismolapernia.com\/noticias-pernia\/dona-sofia-visita-la-pernia-para-conocer-el-habitat-del-gato-montes-en-la-montana-palentina\/#primaryimage"},"thumbnailUrl":"https:\/\/www.turismolapernia.com\/wp-content\/uploads\/2024\/09\/Imagen-de-WhatsApp-2-.jpg","datePublished":"2024-09-17T17:57:52+00:00","dateModified":"2024-09-17T18:55:09+00:00","breadcrumb":{"@id":"https:\/\/www.turismolapernia.com\/noticias-pernia\/dona-sofia-visita-la-pernia-para-conocer-el-habitat-del-gato-montes-en-la-montana-palentina\/#breadcrumb"},"inLanguage":"en-GB","potentialAction":[{"@type":"ReadAction","target":["https:\/\/www.turismolapernia.com\/noticias-pernia\/dona-sofia-visita-la-pernia-para-conocer-el-habitat-del-gato-montes-en-la-montana-palentina\/"]}]},{"@type":"ImageObject","inLanguage":"en-GB","@id":"https:\/\/www.turismolapernia.com\/noticias-pernia\/dona-sofia-visita-la-pernia-para-conocer-el-habitat-del-gato-montes-en-la-montana-palentina\/#primaryimage","url":"https:\/\/www.turismolapernia.com\/wp-content\/uploads\/2024\/09\/Imagen-de-WhatsApp-2-.jpg","contentUrl":"https:\/\/www.turismolapernia.com\/wp-content\/uploads\/2024\/09\/Imagen-de-WhatsApp-2-.jpg","width":2163,"height":1668},{"@type":"BreadcrumbList","@id":"https:\/\/www.turismolapernia.com\/noticias-pernia\/dona-sofia-visita-la-pernia-para-conocer-el-habitat-del-gato-montes-en-la-montana-palentina\/#breadcrumb","itemListElement":[{"@type":"ListItem","position":1,"name":"La Pern\u00eda","item":"https:\/\/www.turismolapernia.com\/"},{"@type":"ListItem","position":2,"name":"Do\u00f1a Sof\u00eda visita La Pern\u00eda para conocer el h\u00e1bitat del gato mont\u00e9s en la Monta\u00f1a Palentina"}]},{"@type":"WebSite","@id":"https:\/\/www.turismolapernia.com\/#website","url":"https:\/\/www.turismolapernia.com\/","name":"Turismo La Pern\u00eda","description":"Monta\u00f1a Palentina","publisher":{"@id":"https:\/\/www.turismolapernia.com\/#organization"},"potentialAction":[{"@type":"SearchAction","target":{"@type":"EntryPoint","urlTemplate":"https:\/\/www.turismolapernia.com\/?s={search_term_string}"},"query-input":{"@type":"PropertyValueSpecification","valueRequired":true,"valueName":"search_term_string"}}],"inLanguage":"en-GB"},{"@type":"Organization","@id":"https:\/\/www.turismolapernia.com\/#organization","name":"Turismo La Pern\u00eda","url":"https:\/\/www.turismolapernia.com\/","logo":{"@type":"ImageObject","inLanguage":"en-GB","@id":"https:\/\/www.turismolapernia.com\/#\/schema\/logo\/image\/","url":"https:\/\/www.turismolapernia.com\/wp-content\/uploads\/2021\/12\/cropped-logo-CRV-Pernia-perfil.jpg","contentUrl":"https:\/\/www.turismolapernia.com\/wp-content\/uploads\/2021\/12\/cropped-logo-CRV-Pernia-perfil.jpg","width":512,"height":512,"caption":"Turismo La Pern\u00eda"},"image":{"@id":"https:\/\/www.turismolapernia.com\/#\/schema\/logo\/image\/"},"sameAs":["https:\/\/www.facebook.com\/turismolapernia\/","https:\/\/www.instagram.com\/turismolapernia\/"]},{"@type":"Person","@id":"https:\/\/www.turismolapernia.com\/#\/schema\/person\/5d5ac032f7e9064c5ce073bbe3564340","name":"admin","image":{"@type":"ImageObject","inLanguage":"en-GB","@id":"https:\/\/www.turismolapernia.com\/#\/schema\/person\/image\/","url":"https:\/\/secure.gravatar.com\/avatar\/fe87fc43b218a52a79b72dddcb95d45fcdca0048b80712e6d20925a50f267165?s=96&d=mm&r=g","contentUrl":"https:\/\/secure.gravatar.com\/avatar\/fe87fc43b218a52a79b72dddcb95d45fcdca0048b80712e6d20925a50f267165?s=96&d=mm&r=g","caption":"admin"}}]}},"_links":{"self":[{"href":"https:\/\/www.turismolapernia.com\/en\/wp-json\/wp\/v2\/posts\/18015","targetHints":{"allow":["GET"]}}],"collection":[{"href":"https:\/\/www.turismolapernia.com\/en\/wp-json\/wp\/v2\/posts"}],"about":[{"href":"https:\/\/www.turismolapernia.com\/en\/wp-json\/wp\/v2\/types\/post"}],"author":[{"embeddable":true,"href":"https:\/\/www.turismolapernia.com\/en\/wp-json\/wp\/v2\/users\/1"}],"replies":[{"embeddable":true,"href":"https:\/\/www.turismolapernia.com\/en\/wp-json\/wp\/v2\/comments?post=18015"}],"version-history":[{"count":22,"href":"https:\/\/www.turismolapernia.com\/en\/wp-json\/wp\/v2\/posts\/18015\/revisions"}],"predecessor-version":[{"id":18041,"href":"https:\/\/www.turismolapernia.com\/en\/wp-json\/wp\/v2\/posts\/18015\/revisions\/18041"}],"wp:featuredmedia":[{"embeddable":true,"href":"https:\/\/www.turismolapernia.com\/en\/wp-json\/wp\/v2\/media\/18035"}],"wp:attachment":[{"href":"https:\/\/www.turismolapernia.com\/en\/wp-json\/wp\/v2\/media?parent=18015"}],"wp:term":[{"taxonomy":"category","embeddable":true,"href":"https:\/\/www.turismolapernia.com\/en\/wp-json\/wp\/v2\/categories?post=18015"},{"taxonomy":"post_tag","embeddable":true,"href":"https:\/\/www.turismolapernia.com\/en\/wp-json\/wp\/v2\/tags?post=18015"}],"curies":[{"name":"wp","href":"https:\/\/api.w.org\/{rel}","templated":true}]}}