{"id":17906,"date":"2024-07-08T10:25:22","date_gmt":"2024-07-08T08:25:22","guid":{"rendered":"https:\/\/www.turismolapernia.com\/?p=17906"},"modified":"2024-07-09T11:11:09","modified_gmt":"2024-07-09T09:11:09","slug":"el-festival-escenario-patrimonio-de-castilla-y-leon-regresa-a-san-salvador-de-cantamuda","status":"publish","type":"post","link":"https:\/\/www.turismolapernia.com\/en\/noticias-pernia\/el-festival-escenario-patrimonio-de-castilla-y-leon-regresa-a-san-salvador-de-cantamuda\/","title":{"rendered":"El Festival Escenario Patrimonio de Castilla y Le\u00f3n regresa a San Salvador de Cantamuda"},"content":{"rendered":"<div data-elementor-type=\"wp-post\" data-elementor-id=\"17906\" class=\"elementor elementor-17906\" data-elementor-settings=\"[]\">\n\t\t\t\t\t\t\t<div class=\"elementor-section-wrap\">\n\t\t\t\t\t\t\t<section class=\"elementor-section elementor-top-section elementor-element elementor-element-364f1d7 elementor-section-boxed elementor-section-height-default elementor-section-height-default\" data-id=\"364f1d7\" data-element_type=\"section\">\n\t\t\t\t\t\t<div class=\"elementor-container elementor-column-gap-default\">\n\t\t\t\t\t<div class=\"elementor-column elementor-col-50 elementor-top-column elementor-element elementor-element-218c028\" data-id=\"218c028\" data-element_type=\"column\">\n\t\t\t<div class=\"elementor-widget-wrap elementor-element-populated\">\n\t\t\t\t\t\t\t\t<div class=\"elementor-element elementor-element-000dcbd elementor-widget elementor-widget-image\" data-id=\"000dcbd\" data-element_type=\"widget\" data-widget_type=\"image.default\">\n\t\t\t\t<div class=\"elementor-widget-container\">\n\t\t\t\t\t\t\t\t\t\t\t\t\t\t\t<img loading=\"lazy\" decoding=\"async\" width=\"525\" height=\"743\" src=\"https:\/\/www.turismolapernia.com\/wp-content\/uploads\/2024\/07\/24.-CARTEL-BAMBALUA_page-0001-724x1024.jpg\" class=\"attachment-large size-large\" alt=\"\" srcset=\"https:\/\/www.turismolapernia.com\/wp-content\/uploads\/2024\/07\/24.-CARTEL-BAMBALUA_page-0001-724x1024.jpg 724w, https:\/\/www.turismolapernia.com\/wp-content\/uploads\/2024\/07\/24.-CARTEL-BAMBALUA_page-0001-212x300.jpg 212w, https:\/\/www.turismolapernia.com\/wp-content\/uploads\/2024\/07\/24.-CARTEL-BAMBALUA_page-0001-768x1086.jpg 768w, https:\/\/www.turismolapernia.com\/wp-content\/uploads\/2024\/07\/24.-CARTEL-BAMBALUA_page-0001-1087x1536.jpg 1087w, https:\/\/www.turismolapernia.com\/wp-content\/uploads\/2024\/07\/24.-CARTEL-BAMBALUA_page-0001-1449x2048.jpg 1449w, https:\/\/www.turismolapernia.com\/wp-content\/uploads\/2024\/07\/24.-CARTEL-BAMBALUA_page-0001-8x12.jpg 8w, https:\/\/www.turismolapernia.com\/wp-content\/uploads\/2024\/07\/24.-CARTEL-BAMBALUA_page-0001.jpg 1755w\" sizes=\"auto, 100vw\" \/>\t\t\t\t\t\t\t\t\t\t\t\t\t\t\t<\/div>\n\t\t\t\t<\/div>\n\t\t\t\t\t<\/div>\n\t\t<\/div>\n\t\t\t\t<div class=\"elementor-column elementor-col-50 elementor-top-column elementor-element elementor-element-cdcc00f\" data-id=\"cdcc00f\" data-element_type=\"column\">\n\t\t\t<div class=\"elementor-widget-wrap elementor-element-populated\">\n\t\t\t\t\t\t\t\t<div class=\"elementor-element elementor-element-4b246dc elementor-widget elementor-widget-text-editor\" data-id=\"4b246dc\" data-element_type=\"widget\" data-widget_type=\"text-editor.default\">\n\t\t\t\t<div class=\"elementor-widget-container\">\n\t\t\t\t\t\t\t<p>El Festival Escenario Patrimonio de Castilla y Le\u00f3n, que a\u00fana el sector de las artes esc\u00e9nicas con el patrimonio art\u00edstico y los recursos tur\u00edsticos de la Comunidad, se desarrollar\u00e1 del 5 de julio al 1 de septiembre con 63 espect\u00e1culos en enclaves patrimoniales \u00fanicos, siete en cada una de las provincias de la Comunidad, que contar\u00e1n con la participaci\u00f3n de un total de 146 artistas, a los que hay que sumar los m\u00e1s de 500 m\u00fasicos del programa de bandas de m\u00fasica.<\/p><p>\u00a0<\/p><p>La directora general de Pol\u00edticas Culturales de la Junta de Castilla y Le\u00f3n, Inmaculada Mart\u00ednez ha incidido en que \u201cel objetivo de la Consejer\u00eda, a trav\u00e9s de este festival, es acercar y extender la cultura a todo nuestro territorio con una oferta cultural diversa y de calidad\u201d.<\/p><p>\u00a0<\/p><p>El festival apuesta por las industrias culturales de la Comunidad, de forma que todas las actuaciones son de compa\u00f1\u00edas y artistas regionales, poniendo en valor la creatividad y la calidad de las producciones hechas aqu\u00ed.<\/p><p>\u00a0<\/p><p>En esta cuarta edici\u00f3n, el programa de 2024 recoge una gran pluralidad de propuestas, desde espect\u00e1culos para la primera infancia y familias hasta las instalaciones art\u00edsticas y musicales m\u00e1s performativas, pasando por g\u00e9neros y apuestas tan dispares como la danza, el teatro dram\u00e1tico, el teatro de calle o el jazz, lo que demuestra el potencial que tienen las artes esc\u00e9nicas de la Comunidad, teniendo en cuenta que se ha respetado un equilibrio en la selecci\u00f3n de compa\u00f1\u00edas, tanto en la diversidad de g\u00e9neros y disciplinas, como en la representaci\u00f3n de todas las provincias.<\/p><p>\u00a0<\/p><p>\u00a0<\/p>\t\t\t\t\t\t<\/div>\n\t\t\t\t<\/div>\n\t\t\t\t\t<\/div>\n\t\t<\/div>\n\t\t\t\t\t\t\t<\/div>\n\t\t<\/section>\n\t\t\t\t<section class=\"elementor-section elementor-top-section elementor-element elementor-element-158108b elementor-section-boxed elementor-section-height-default elementor-section-height-default\" data-id=\"158108b\" data-element_type=\"section\">\n\t\t\t\t\t\t<div class=\"elementor-container elementor-column-gap-default\">\n\t\t\t\t\t<div class=\"elementor-column elementor-col-100 elementor-top-column elementor-element elementor-element-1fc7102\" data-id=\"1fc7102\" data-element_type=\"column\">\n\t\t\t<div class=\"elementor-widget-wrap elementor-element-populated\">\n\t\t\t\t\t\t\t\t<div class=\"elementor-element elementor-element-9a1c174 elementor-widget elementor-widget-text-editor\" data-id=\"9a1c174\" data-element_type=\"widget\" data-widget_type=\"text-editor.default\">\n\t\t\t\t<div class=\"elementor-widget-container\">\n\t\t\t\t\t\t\t<p>En la provincia de Palencia, el exterior de la iglesia rom\u00e1nica de <b>San Salvador de Cantamuda<\/b> volver\u00e1 a servir de escenario para una de las actuaciones del programa, concretamente la representaci\u00f3n teatral\u00a0 <strong>\u2018Camino\u2019<\/strong> de <b>Bambal\u00faa Teatro, <\/b>que tendr\u00e1 lugar el <b>s\u00e1bado 27 de julio a las 21:00 h. <\/b><\/p><p>El incomparable marco de la iglesia de San Salvador ya acogi\u00f3 hace dos a\u00f1os otra actuaci\u00f3n de este festival en su segunda edici\u00f3n, con la actuaci\u00f3n musical \u2018Huella y camino\u2019 de El nido.<\/p><p>\u00a0<\/p><p>Adem\u00e1s de San Salvador de Cantamuda, en Palencia se realizar\u00e1n actuaciones en las localidades de Fuentes de Valdepero, Mave, Palenzuela, Fr\u00f3mista, Ampudia y Paredes de Nava.<\/p><p>\u00a0<\/p><p>Todos los espect\u00e1culos son gratuitos y la entrada es libre hasta completar el aforo de los espacios seleccionados.<\/p><p>La programaci\u00f3n completa se puede consultar a trav\u00e9s de la web <span style=\"text-decoration: underline;\"><a href=\"https:\/\/www.escenariopatrimoniocyl.es\">Escenario Patrimonio Castilla y Le\u00f3n<\/a>.<\/span><\/p>\t\t\t\t\t\t<\/div>\n\t\t\t\t<\/div>\n\t\t\t\t\t<\/div>\n\t\t<\/div>\n\t\t\t\t\t\t\t<\/div>\n\t\t<\/section>\n\t\t\t\t\t\t<\/div>\n\t\t\t\t\t<\/div>","protected":false},"excerpt":{"rendered":"<p>El Festival Escenario Patrimonio de Castilla y Le\u00f3n, que a\u00fana el sector de las artes esc\u00e9nicas con el patrimonio art\u00edstico y los recursos tur\u00edsticos de la Comunidad, se desarrollar\u00e1 del 5 de julio al 1 de septiembre con 63 espect\u00e1culos en enclaves patrimoniales \u00fanicos, siete en cada una de las provincias de la Comunidad, que &hellip; <\/p>\n<p class=\"link-more\"><a href=\"https:\/\/www.turismolapernia.com\/en\/noticias-pernia\/el-festival-escenario-patrimonio-de-castilla-y-leon-regresa-a-san-salvador-de-cantamuda\/\" class=\"more-link\">Continue reading<span class=\"screen-reader-text\"> &#8220;El Festival Escenario Patrimonio de Castilla y Le\u00f3n regresa a San Salvador de Cantamuda&#8221;<\/span><\/a><\/p>","protected":false},"author":1,"featured_media":17909,"comment_status":"open","ping_status":"open","sticky":false,"template":"","format":"standard","meta":{"footnotes":""},"categories":[14,13],"tags":[],"class_list":["post-17906","post","type-post","status-publish","format-standard","has-post-thumbnail","hentry","category-eventos-y-actividades","category-noticias-pernia"],"yoast_head":"<!-- This site is optimized with the Yoast SEO plugin v23.5 - https:\/\/yoast.com\/wordpress\/plugins\/seo\/ -->\n<title>El Festival Escenario Patrimonio de Castilla y Le\u00f3n regresa a San Salvador de Cantamuda | Turismo La Pern\u00eda<\/title>\n<meta name=\"robots\" content=\"index, follow, max-snippet:-1, max-image-preview:large, max-video-preview:-1\" \/>\n<link rel=\"canonical\" href=\"https:\/\/www.turismolapernia.com\/en\/noticias-pernia\/el-festival-escenario-patrimonio-de-castilla-y-leon-regresa-a-san-salvador-de-cantamuda\/\" \/>\n<meta property=\"og:locale\" content=\"en_GB\" \/>\n<meta property=\"og:type\" content=\"article\" \/>\n<meta property=\"og:title\" content=\"El Festival Escenario Patrimonio de Castilla y Le\u00f3n regresa a San Salvador de Cantamuda | Turismo La Pern\u00eda\" \/>\n<meta property=\"og:description\" content=\"El Festival Escenario Patrimonio de Castilla y Le\u00f3n, que a\u00fana el sector de las artes esc\u00e9nicas con el patrimonio art\u00edstico y los recursos tur\u00edsticos de la Comunidad, se desarrollar\u00e1 del 5 de julio al 1 de septiembre con 63 espect\u00e1culos en enclaves patrimoniales \u00fanicos, siete en cada una de las provincias de la Comunidad, que &hellip; Continue reading &quot;El Festival Escenario Patrimonio de Castilla y Le\u00f3n regresa a San Salvador de Cantamuda&quot;\" \/>\n<meta property=\"og:url\" content=\"https:\/\/www.turismolapernia.com\/en\/noticias-pernia\/el-festival-escenario-patrimonio-de-castilla-y-leon-regresa-a-san-salvador-de-cantamuda\/\" \/>\n<meta property=\"og:site_name\" content=\"Turismo La Pern\u00eda\" \/>\n<meta property=\"article:publisher\" content=\"https:\/\/www.facebook.com\/turismolapernia\/\" \/>\n<meta property=\"article:published_time\" content=\"2024-07-08T08:25:22+00:00\" \/>\n<meta property=\"article:modified_time\" content=\"2024-07-09T09:11:09+00:00\" \/>\n<meta property=\"og:image\" content=\"https:\/\/www.turismolapernia.com\/wp-content\/uploads\/2024\/07\/24.-CARTEL-BAMBALUA_page-0001.jpg\" \/>\n\t<meta property=\"og:image:width\" content=\"1755\" \/>\n\t<meta property=\"og:image:height\" content=\"2481\" \/>\n\t<meta property=\"og:image:type\" content=\"image\/jpeg\" \/>\n<meta name=\"author\" content=\"admin\" \/>\n<meta name=\"twitter:card\" content=\"summary_large_image\" \/>\n<meta name=\"twitter:label1\" content=\"Written by\" \/>\n\t<meta name=\"twitter:data1\" content=\"admin\" \/>\n\t<meta name=\"twitter:label2\" content=\"Estimated reading time\" \/>\n\t<meta name=\"twitter:data2\" content=\"2 minutes\" \/>\n<script type=\"application\/ld+json\" class=\"yoast-schema-graph\">{\"@context\":\"https:\/\/schema.org\",\"@graph\":[{\"@type\":\"Article\",\"@id\":\"https:\/\/www.turismolapernia.com\/noticias-pernia\/el-festival-escenario-patrimonio-de-castilla-y-leon-regresa-a-san-salvador-de-cantamuda\/#article\",\"isPartOf\":{\"@id\":\"https:\/\/www.turismolapernia.com\/noticias-pernia\/el-festival-escenario-patrimonio-de-castilla-y-leon-regresa-a-san-salvador-de-cantamuda\/\"},\"author\":{\"name\":\"admin\",\"@id\":\"https:\/\/www.turismolapernia.com\/#\/schema\/person\/5d5ac032f7e9064c5ce073bbe3564340\"},\"headline\":\"El Festival Escenario Patrimonio de Castilla y Le\u00f3n regresa a San Salvador de Cantamuda\",\"datePublished\":\"2024-07-08T08:25:22+00:00\",\"dateModified\":\"2024-07-09T09:11:09+00:00\",\"mainEntityOfPage\":{\"@id\":\"https:\/\/www.turismolapernia.com\/noticias-pernia\/el-festival-escenario-patrimonio-de-castilla-y-leon-regresa-a-san-salvador-de-cantamuda\/\"},\"wordCount\":448,\"commentCount\":0,\"publisher\":{\"@id\":\"https:\/\/www.turismolapernia.com\/#organization\"},\"image\":{\"@id\":\"https:\/\/www.turismolapernia.com\/noticias-pernia\/el-festival-escenario-patrimonio-de-castilla-y-leon-regresa-a-san-salvador-de-cantamuda\/#primaryimage\"},\"thumbnailUrl\":\"https:\/\/www.turismolapernia.com\/wp-content\/uploads\/2024\/07\/24.-CARTEL-BAMBALUA_page-0001.jpg\",\"articleSection\":[\"Eventos y actividades\",\"Noticias\"],\"inLanguage\":\"en-GB\",\"potentialAction\":[{\"@type\":\"CommentAction\",\"name\":\"Comment\",\"target\":[\"https:\/\/www.turismolapernia.com\/noticias-pernia\/el-festival-escenario-patrimonio-de-castilla-y-leon-regresa-a-san-salvador-de-cantamuda\/#respond\"]}]},{\"@type\":\"WebPage\",\"@id\":\"https:\/\/www.turismolapernia.com\/noticias-pernia\/el-festival-escenario-patrimonio-de-castilla-y-leon-regresa-a-san-salvador-de-cantamuda\/\",\"url\":\"https:\/\/www.turismolapernia.com\/noticias-pernia\/el-festival-escenario-patrimonio-de-castilla-y-leon-regresa-a-san-salvador-de-cantamuda\/\",\"name\":\"El Festival Escenario Patrimonio de Castilla y Le\u00f3n regresa a San Salvador de Cantamuda | Turismo La Pern\u00eda\",\"isPartOf\":{\"@id\":\"https:\/\/www.turismolapernia.com\/#website\"},\"primaryImageOfPage\":{\"@id\":\"https:\/\/www.turismolapernia.com\/noticias-pernia\/el-festival-escenario-patrimonio-de-castilla-y-leon-regresa-a-san-salvador-de-cantamuda\/#primaryimage\"},\"image\":{\"@id\":\"https:\/\/www.turismolapernia.com\/noticias-pernia\/el-festival-escenario-patrimonio-de-castilla-y-leon-regresa-a-san-salvador-de-cantamuda\/#primaryimage\"},\"thumbnailUrl\":\"https:\/\/www.turismolapernia.com\/wp-content\/uploads\/2024\/07\/24.-CARTEL-BAMBALUA_page-0001.jpg\",\"datePublished\":\"2024-07-08T08:25:22+00:00\",\"dateModified\":\"2024-07-09T09:11:09+00:00\",\"breadcrumb\":{\"@id\":\"https:\/\/www.turismolapernia.com\/noticias-pernia\/el-festival-escenario-patrimonio-de-castilla-y-leon-regresa-a-san-salvador-de-cantamuda\/#breadcrumb\"},\"inLanguage\":\"en-GB\",\"potentialAction\":[{\"@type\":\"ReadAction\",\"target\":[\"https:\/\/www.turismolapernia.com\/noticias-pernia\/el-festival-escenario-patrimonio-de-castilla-y-leon-regresa-a-san-salvador-de-cantamuda\/\"]}]},{\"@type\":\"ImageObject\",\"inLanguage\":\"en-GB\",\"@id\":\"https:\/\/www.turismolapernia.com\/noticias-pernia\/el-festival-escenario-patrimonio-de-castilla-y-leon-regresa-a-san-salvador-de-cantamuda\/#primaryimage\",\"url\":\"https:\/\/www.turismolapernia.com\/wp-content\/uploads\/2024\/07\/24.-CARTEL-BAMBALUA_page-0001.jpg\",\"contentUrl\":\"https:\/\/www.turismolapernia.com\/wp-content\/uploads\/2024\/07\/24.-CARTEL-BAMBALUA_page-0001.jpg\",\"width\":1755,\"height\":2481},{\"@type\":\"BreadcrumbList\",\"@id\":\"https:\/\/www.turismolapernia.com\/noticias-pernia\/el-festival-escenario-patrimonio-de-castilla-y-leon-regresa-a-san-salvador-de-cantamuda\/#breadcrumb\",\"itemListElement\":[{\"@type\":\"ListItem\",\"position\":1,\"name\":\"La Pern\u00eda\",\"item\":\"https:\/\/www.turismolapernia.com\/\"},{\"@type\":\"ListItem\",\"position\":2,\"name\":\"El Festival Escenario Patrimonio de Castilla y Le\u00f3n regresa a San Salvador de Cantamuda\"}]},{\"@type\":\"WebSite\",\"@id\":\"https:\/\/www.turismolapernia.com\/#website\",\"url\":\"https:\/\/www.turismolapernia.com\/\",\"name\":\"Turismo La Pern\u00eda\",\"description\":\"Monta\u00f1a Palentina\",\"publisher\":{\"@id\":\"https:\/\/www.turismolapernia.com\/#organization\"},\"potentialAction\":[{\"@type\":\"SearchAction\",\"target\":{\"@type\":\"EntryPoint\",\"urlTemplate\":\"https:\/\/www.turismolapernia.com\/?s={search_term_string}\"},\"query-input\":{\"@type\":\"PropertyValueSpecification\",\"valueRequired\":true,\"valueName\":\"search_term_string\"}}],\"inLanguage\":\"en-GB\"},{\"@type\":\"Organization\",\"@id\":\"https:\/\/www.turismolapernia.com\/#organization\",\"name\":\"Turismo La Pern\u00eda\",\"url\":\"https:\/\/www.turismolapernia.com\/\",\"logo\":{\"@type\":\"ImageObject\",\"inLanguage\":\"en-GB\",\"@id\":\"https:\/\/www.turismolapernia.com\/#\/schema\/logo\/image\/\",\"url\":\"https:\/\/www.turismolapernia.com\/wp-content\/uploads\/2021\/12\/cropped-logo-CRV-Pernia-perfil.jpg\",\"contentUrl\":\"https:\/\/www.turismolapernia.com\/wp-content\/uploads\/2021\/12\/cropped-logo-CRV-Pernia-perfil.jpg\",\"width\":512,\"height\":512,\"caption\":\"Turismo La Pern\u00eda\"},\"image\":{\"@id\":\"https:\/\/www.turismolapernia.com\/#\/schema\/logo\/image\/\"},\"sameAs\":[\"https:\/\/www.facebook.com\/turismolapernia\/\",\"https:\/\/www.instagram.com\/turismolapernia\/\"]},{\"@type\":\"Person\",\"@id\":\"https:\/\/www.turismolapernia.com\/#\/schema\/person\/5d5ac032f7e9064c5ce073bbe3564340\",\"name\":\"admin\",\"image\":{\"@type\":\"ImageObject\",\"inLanguage\":\"en-GB\",\"@id\":\"https:\/\/www.turismolapernia.com\/#\/schema\/person\/image\/\",\"url\":\"https:\/\/secure.gravatar.com\/avatar\/fe87fc43b218a52a79b72dddcb95d45fcdca0048b80712e6d20925a50f267165?s=96&d=mm&r=g\",\"contentUrl\":\"https:\/\/secure.gravatar.com\/avatar\/fe87fc43b218a52a79b72dddcb95d45fcdca0048b80712e6d20925a50f267165?s=96&d=mm&r=g\",\"caption\":\"admin\"}}]}<\/script>\n<!-- \/ Yoast SEO plugin. -->","yoast_head_json":{"title":"El Festival Escenario Patrimonio de Castilla y Le\u00f3n regresa a San Salvador de Cantamuda | Turismo La Pern\u00eda","robots":{"index":"index","follow":"follow","max-snippet":"max-snippet:-1","max-image-preview":"max-image-preview:large","max-video-preview":"max-video-preview:-1"},"canonical":"https:\/\/www.turismolapernia.com\/en\/noticias-pernia\/el-festival-escenario-patrimonio-de-castilla-y-leon-regresa-a-san-salvador-de-cantamuda\/","og_locale":"en_GB","og_type":"article","og_title":"El Festival Escenario Patrimonio de Castilla y Le\u00f3n regresa a San Salvador de Cantamuda | Turismo La Pern\u00eda","og_description":"El Festival Escenario Patrimonio de Castilla y Le\u00f3n, que a\u00fana el sector de las artes esc\u00e9nicas con el patrimonio art\u00edstico y los recursos tur\u00edsticos de la Comunidad, se desarrollar\u00e1 del 5 de julio al 1 de septiembre con 63 espect\u00e1culos en enclaves patrimoniales \u00fanicos, siete en cada una de las provincias de la Comunidad, que &hellip; Continue reading \"El Festival Escenario Patrimonio de Castilla y Le\u00f3n regresa a San Salvador de Cantamuda\"","og_url":"https:\/\/www.turismolapernia.com\/en\/noticias-pernia\/el-festival-escenario-patrimonio-de-castilla-y-leon-regresa-a-san-salvador-de-cantamuda\/","og_site_name":"Turismo La Pern\u00eda","article_publisher":"https:\/\/www.facebook.com\/turismolapernia\/","article_published_time":"2024-07-08T08:25:22+00:00","article_modified_time":"2024-07-09T09:11:09+00:00","og_image":[{"width":1755,"height":2481,"url":"https:\/\/www.turismolapernia.com\/wp-content\/uploads\/2024\/07\/24.-CARTEL-BAMBALUA_page-0001.jpg","type":"image\/jpeg"}],"author":"admin","twitter_card":"summary_large_image","twitter_misc":{"Written by":"admin","Estimated reading time":"2 minutes"},"schema":{"@context":"https:\/\/schema.org","@graph":[{"@type":"Article","@id":"https:\/\/www.turismolapernia.com\/noticias-pernia\/el-festival-escenario-patrimonio-de-castilla-y-leon-regresa-a-san-salvador-de-cantamuda\/#article","isPartOf":{"@id":"https:\/\/www.turismolapernia.com\/noticias-pernia\/el-festival-escenario-patrimonio-de-castilla-y-leon-regresa-a-san-salvador-de-cantamuda\/"},"author":{"name":"admin","@id":"https:\/\/www.turismolapernia.com\/#\/schema\/person\/5d5ac032f7e9064c5ce073bbe3564340"},"headline":"El Festival Escenario Patrimonio de Castilla y Le\u00f3n regresa a San Salvador de Cantamuda","datePublished":"2024-07-08T08:25:22+00:00","dateModified":"2024-07-09T09:11:09+00:00","mainEntityOfPage":{"@id":"https:\/\/www.turismolapernia.com\/noticias-pernia\/el-festival-escenario-patrimonio-de-castilla-y-leon-regresa-a-san-salvador-de-cantamuda\/"},"wordCount":448,"commentCount":0,"publisher":{"@id":"https:\/\/www.turismolapernia.com\/#organization"},"image":{"@id":"https:\/\/www.turismolapernia.com\/noticias-pernia\/el-festival-escenario-patrimonio-de-castilla-y-leon-regresa-a-san-salvador-de-cantamuda\/#primaryimage"},"thumbnailUrl":"https:\/\/www.turismolapernia.com\/wp-content\/uploads\/2024\/07\/24.-CARTEL-BAMBALUA_page-0001.jpg","articleSection":["Eventos y actividades","Noticias"],"inLanguage":"en-GB","potentialAction":[{"@type":"CommentAction","name":"Comment","target":["https:\/\/www.turismolapernia.com\/noticias-pernia\/el-festival-escenario-patrimonio-de-castilla-y-leon-regresa-a-san-salvador-de-cantamuda\/#respond"]}]},{"@type":"WebPage","@id":"https:\/\/www.turismolapernia.com\/noticias-pernia\/el-festival-escenario-patrimonio-de-castilla-y-leon-regresa-a-san-salvador-de-cantamuda\/","url":"https:\/\/www.turismolapernia.com\/noticias-pernia\/el-festival-escenario-patrimonio-de-castilla-y-leon-regresa-a-san-salvador-de-cantamuda\/","name":"El Festival Escenario Patrimonio de Castilla y Le\u00f3n regresa a San Salvador de Cantamuda | Turismo La Pern\u00eda","isPartOf":{"@id":"https:\/\/www.turismolapernia.com\/#website"},"primaryImageOfPage":{"@id":"https:\/\/www.turismolapernia.com\/noticias-pernia\/el-festival-escenario-patrimonio-de-castilla-y-leon-regresa-a-san-salvador-de-cantamuda\/#primaryimage"},"image":{"@id":"https:\/\/www.turismolapernia.com\/noticias-pernia\/el-festival-escenario-patrimonio-de-castilla-y-leon-regresa-a-san-salvador-de-cantamuda\/#primaryimage"},"thumbnailUrl":"https:\/\/www.turismolapernia.com\/wp-content\/uploads\/2024\/07\/24.-CARTEL-BAMBALUA_page-0001.jpg","datePublished":"2024-07-08T08:25:22+00:00","dateModified":"2024-07-09T09:11:09+00:00","breadcrumb":{"@id":"https:\/\/www.turismolapernia.com\/noticias-pernia\/el-festival-escenario-patrimonio-de-castilla-y-leon-regresa-a-san-salvador-de-cantamuda\/#breadcrumb"},"inLanguage":"en-GB","potentialAction":[{"@type":"ReadAction","target":["https:\/\/www.turismolapernia.com\/noticias-pernia\/el-festival-escenario-patrimonio-de-castilla-y-leon-regresa-a-san-salvador-de-cantamuda\/"]}]},{"@type":"ImageObject","inLanguage":"en-GB","@id":"https:\/\/www.turismolapernia.com\/noticias-pernia\/el-festival-escenario-patrimonio-de-castilla-y-leon-regresa-a-san-salvador-de-cantamuda\/#primaryimage","url":"https:\/\/www.turismolapernia.com\/wp-content\/uploads\/2024\/07\/24.-CARTEL-BAMBALUA_page-0001.jpg","contentUrl":"https:\/\/www.turismolapernia.com\/wp-content\/uploads\/2024\/07\/24.-CARTEL-BAMBALUA_page-0001.jpg","width":1755,"height":2481},{"@type":"BreadcrumbList","@id":"https:\/\/www.turismolapernia.com\/noticias-pernia\/el-festival-escenario-patrimonio-de-castilla-y-leon-regresa-a-san-salvador-de-cantamuda\/#breadcrumb","itemListElement":[{"@type":"ListItem","position":1,"name":"La Pern\u00eda","item":"https:\/\/www.turismolapernia.com\/"},{"@type":"ListItem","position":2,"name":"El Festival Escenario Patrimonio de Castilla y Le\u00f3n regresa a San Salvador de Cantamuda"}]},{"@type":"WebSite","@id":"https:\/\/www.turismolapernia.com\/#website","url":"https:\/\/www.turismolapernia.com\/","name":"Turismo La Pern\u00eda","description":"Monta\u00f1a Palentina","publisher":{"@id":"https:\/\/www.turismolapernia.com\/#organization"},"potentialAction":[{"@type":"SearchAction","target":{"@type":"EntryPoint","urlTemplate":"https:\/\/www.turismolapernia.com\/?s={search_term_string}"},"query-input":{"@type":"PropertyValueSpecification","valueRequired":true,"valueName":"search_term_string"}}],"inLanguage":"en-GB"},{"@type":"Organization","@id":"https:\/\/www.turismolapernia.com\/#organization","name":"Turismo La Pern\u00eda","url":"https:\/\/www.turismolapernia.com\/","logo":{"@type":"ImageObject","inLanguage":"en-GB","@id":"https:\/\/www.turismolapernia.com\/#\/schema\/logo\/image\/","url":"https:\/\/www.turismolapernia.com\/wp-content\/uploads\/2021\/12\/cropped-logo-CRV-Pernia-perfil.jpg","contentUrl":"https:\/\/www.turismolapernia.com\/wp-content\/uploads\/2021\/12\/cropped-logo-CRV-Pernia-perfil.jpg","width":512,"height":512,"caption":"Turismo La Pern\u00eda"},"image":{"@id":"https:\/\/www.turismolapernia.com\/#\/schema\/logo\/image\/"},"sameAs":["https:\/\/www.facebook.com\/turismolapernia\/","https:\/\/www.instagram.com\/turismolapernia\/"]},{"@type":"Person","@id":"https:\/\/www.turismolapernia.com\/#\/schema\/person\/5d5ac032f7e9064c5ce073bbe3564340","name":"admin","image":{"@type":"ImageObject","inLanguage":"en-GB","@id":"https:\/\/www.turismolapernia.com\/#\/schema\/person\/image\/","url":"https:\/\/secure.gravatar.com\/avatar\/fe87fc43b218a52a79b72dddcb95d45fcdca0048b80712e6d20925a50f267165?s=96&d=mm&r=g","contentUrl":"https:\/\/secure.gravatar.com\/avatar\/fe87fc43b218a52a79b72dddcb95d45fcdca0048b80712e6d20925a50f267165?s=96&d=mm&r=g","caption":"admin"}}]}},"_links":{"self":[{"href":"https:\/\/www.turismolapernia.com\/en\/wp-json\/wp\/v2\/posts\/17906","targetHints":{"allow":["GET"]}}],"collection":[{"href":"https:\/\/www.turismolapernia.com\/en\/wp-json\/wp\/v2\/posts"}],"about":[{"href":"https:\/\/www.turismolapernia.com\/en\/wp-json\/wp\/v2\/types\/post"}],"author":[{"embeddable":true,"href":"https:\/\/www.turismolapernia.com\/en\/wp-json\/wp\/v2\/users\/1"}],"replies":[{"embeddable":true,"href":"https:\/\/www.turismolapernia.com\/en\/wp-json\/wp\/v2\/comments?post=17906"}],"version-history":[{"count":13,"href":"https:\/\/www.turismolapernia.com\/en\/wp-json\/wp\/v2\/posts\/17906\/revisions"}],"predecessor-version":[{"id":17921,"href":"https:\/\/www.turismolapernia.com\/en\/wp-json\/wp\/v2\/posts\/17906\/revisions\/17921"}],"wp:featuredmedia":[{"embeddable":true,"href":"https:\/\/www.turismolapernia.com\/en\/wp-json\/wp\/v2\/media\/17909"}],"wp:attachment":[{"href":"https:\/\/www.turismolapernia.com\/en\/wp-json\/wp\/v2\/media?parent=17906"}],"wp:term":[{"taxonomy":"category","embeddable":true,"href":"https:\/\/www.turismolapernia.com\/en\/wp-json\/wp\/v2\/categories?post=17906"},{"taxonomy":"post_tag","embeddable":true,"href":"https:\/\/www.turismolapernia.com\/en\/wp-json\/wp\/v2\/tags?post=17906"}],"curies":[{"name":"wp","href":"https:\/\/api.w.org\/{rel}","templated":true}]}}