{"id":17816,"date":"2024-06-25T12:48:26","date_gmt":"2024-06-25T10:48:26","guid":{"rendered":"https:\/\/www.turismolapernia.com\/?p=17816"},"modified":"2024-06-25T16:58:05","modified_gmt":"2024-06-25T14:58:05","slug":"desvio-provisional-en-el-puente-de-vanes","status":"publish","type":"post","link":"https:\/\/www.turismolapernia.com\/en\/noticias-pernia\/desvio-provisional-en-el-puente-de-vanes\/","title":{"rendered":"Desv\u00edo provisional en el puente de Va\u00f1es"},"content":{"rendered":"<div data-elementor-type=\"wp-post\" data-elementor-id=\"17816\" class=\"elementor elementor-17816\" data-elementor-settings=\"[]\">\n\t\t\t\t\t\t\t<div class=\"elementor-section-wrap\">\n\t\t\t\t\t\t\t<section class=\"elementor-section elementor-top-section elementor-element elementor-element-3630f78 elementor-section-boxed elementor-section-height-default elementor-section-height-default\" data-id=\"3630f78\" data-element_type=\"section\">\n\t\t\t\t\t\t<div class=\"elementor-container elementor-column-gap-default\">\n\t\t\t\t\t<div class=\"elementor-column elementor-col-50 elementor-top-column elementor-element elementor-element-a01128b\" data-id=\"a01128b\" data-element_type=\"column\">\n\t\t\t<div class=\"elementor-widget-wrap elementor-element-populated\">\n\t\t\t\t\t\t\t\t<div class=\"elementor-element elementor-element-2792de9 elementor-widget elementor-widget-image\" data-id=\"2792de9\" data-element_type=\"widget\" data-widget_type=\"image.default\">\n\t\t\t\t<div class=\"elementor-widget-container\">\n\t\t\t\t\t\t\t\t\t\t\t\t<figure class=\"wp-caption\">\n\t\t\t\t\t\t\t\t\t\t<img loading=\"lazy\" decoding=\"async\" width=\"525\" height=\"479\" src=\"https:\/\/www.turismolapernia.com\/wp-content\/uploads\/2024\/06\/vanes-768x701.jpg\" class=\"attachment-medium_large size-medium_large\" alt=\"\" srcset=\"https:\/\/www.turismolapernia.com\/wp-content\/uploads\/2024\/06\/vanes-768x701.jpg 768w, https:\/\/www.turismolapernia.com\/wp-content\/uploads\/2024\/06\/vanes-300x274.jpg 300w, https:\/\/www.turismolapernia.com\/wp-content\/uploads\/2024\/06\/vanes-13x12.jpg 13w, https:\/\/www.turismolapernia.com\/wp-content\/uploads\/2024\/06\/vanes.jpg 798w\" sizes=\"auto, 100vw\" \/>\t\t\t\t\t\t\t\t\t\t\t<figcaption class=\"widget-image-caption wp-caption-text\">Croquis sobre imagen Sentinel-2 del d\u00eda 24-06-2024.<\/figcaption>\n\t\t\t\t\t\t\t\t\t\t<\/figure>\n\t\t\t\t\t\t\t\t\t<\/div>\n\t\t\t\t<\/div>\n\t\t\t\t\t<\/div>\n\t\t<\/div>\n\t\t\t\t<div class=\"elementor-column elementor-col-50 elementor-top-column elementor-element elementor-element-adb0376\" data-id=\"adb0376\" data-element_type=\"column\">\n\t\t\t<div class=\"elementor-widget-wrap elementor-element-populated\">\n\t\t\t\t\t\t\t\t<div class=\"elementor-element elementor-element-d14586a elementor-widget elementor-widget-text-editor\" data-id=\"d14586a\" data-element_type=\"widget\" data-widget_type=\"text-editor.default\">\n\t\t\t\t<div class=\"elementor-widget-container\">\n\t\t\t\t\t\t\t<p>La Junta de Castilla y Le\u00f3n ha anunciado el corte del tr\u00e1fico en el puente de Va\u00f1es sobre el embalse de Requejada, (entre el punto kilom\u00e9trico 8,557 y el 8,735 de la carretera CL-627), a partir del d\u00eda de hoy, 25 de junio de 2024.<\/p><p><br><\/p>\n<p>La ejecuci\u00f3n de las obras previstas en el Puente de Va\u00f1es para renovaci\u00f3n de pavimento, seguridad vial y ensanche de obras de f\u00e1brica que permitir\u00e1n dotarlo de dos carriles, arcenes de 0,5 metros y acera peatonal, dentro del proyecto de mejora de la carretera CL-627 (Cervera de Pisuerga &#8211; l\u00edmite con la Comunidad Aut\u00f3noma de Cantabria en Piedrasluengas), hace necesario proceder al corte del tr\u00e1fico en dicho puente.<\/p><p><br><\/p>\n<p><\/p>\n<p>El tr\u00e1fico se canalizar\u00e1 por el desv\u00edo ejecutado a tal efecto en las inmediaciones del puente.<\/p><p><br><\/p>\n<p>Esta soluci\u00f3n temporal supone descender al vaso del embalse, lo que ha conllevado mantener el nivel del mismo por debajo del 30% de su capacidad.<\/p><p><br><\/p>\n<p><\/p>\n<p>Para la construcci\u00f3n del nuevo desv\u00edo provisional se han ejecutado dos rampas, terraplenes y la colocaci\u00f3n de marcos de hormig\u00f3n para salvar el cauce del r\u00edo Castiller\u00eda.<\/p>\t\t\t\t\t\t<\/div>\n\t\t\t\t<\/div>\n\t\t\t\t\t<\/div>\n\t\t<\/div>\n\t\t\t\t\t\t\t<\/div>\n\t\t<\/section>\n\t\t\t\t<section class=\"elementor-section elementor-top-section elementor-element elementor-element-a5ab0c2 elementor-section-boxed elementor-section-height-default elementor-section-height-default\" data-id=\"a5ab0c2\" data-element_type=\"section\">\n\t\t\t\t\t\t<div class=\"elementor-container elementor-column-gap-default\">\n\t\t\t\t\t<div class=\"elementor-column elementor-col-100 elementor-top-column elementor-element elementor-element-affcca8\" data-id=\"affcca8\" data-element_type=\"column\">\n\t\t\t<div class=\"elementor-widget-wrap elementor-element-populated\">\n\t\t\t\t\t\t\t\t<div class=\"elementor-element elementor-element-712a62e elementor-widget elementor-widget-text-editor\" data-id=\"712a62e\" data-element_type=\"widget\" data-widget_type=\"text-editor.default\">\n\t\t\t\t<div class=\"elementor-widget-container\">\n\t\t\t\t\t\t\t<p>Seg\u00fan ha comunicado la Junta, en cuanto finalicen los trabajos en el puente de Va\u00f1es, se restituir\u00e1 el tr\u00e1fico sin previo aviso.<\/p>\t\t\t\t\t\t<\/div>\n\t\t\t\t<\/div>\n\t\t\t\t\t<\/div>\n\t\t<\/div>\n\t\t\t\t\t\t\t<\/div>\n\t\t<\/section>\n\t\t\t\t<section class=\"elementor-section elementor-top-section elementor-element elementor-element-0e26b85 elementor-section-boxed elementor-section-height-default elementor-section-height-default\" data-id=\"0e26b85\" data-element_type=\"section\">\n\t\t\t\t\t\t<div class=\"elementor-container elementor-column-gap-default\">\n\t\t\t\t\t<div class=\"elementor-column elementor-col-33 elementor-top-column elementor-element elementor-element-4c0acfd\" data-id=\"4c0acfd\" data-element_type=\"column\">\n\t\t\t<div class=\"elementor-widget-wrap elementor-element-populated\">\n\t\t\t\t\t\t\t\t<div class=\"elementor-element elementor-element-ad57e16 elementor-widget elementor-widget-image\" data-id=\"ad57e16\" data-element_type=\"widget\" data-widget_type=\"image.default\">\n\t\t\t\t<div class=\"elementor-widget-container\">\n\t\t\t\t\t\t\t\t\t\t\t\t<figure class=\"wp-caption\">\n\t\t\t\t\t\t\t\t\t\t<img loading=\"lazy\" decoding=\"async\" width=\"300\" height=\"222\" src=\"https:\/\/www.turismolapernia.com\/wp-content\/uploads\/2024\/06\/DSC_0430-01-300x222.jpeg\" class=\"attachment-medium size-medium\" alt=\"\" srcset=\"https:\/\/www.turismolapernia.com\/wp-content\/uploads\/2024\/06\/DSC_0430-01-300x222.jpeg 300w, https:\/\/www.turismolapernia.com\/wp-content\/uploads\/2024\/06\/DSC_0430-01-1024x756.jpeg 1024w, https:\/\/www.turismolapernia.com\/wp-content\/uploads\/2024\/06\/DSC_0430-01-768x567.jpeg 768w, https:\/\/www.turismolapernia.com\/wp-content\/uploads\/2024\/06\/DSC_0430-01-1536x1135.jpeg 1536w, https:\/\/www.turismolapernia.com\/wp-content\/uploads\/2024\/06\/DSC_0430-01-2048x1513.jpeg 2048w, https:\/\/www.turismolapernia.com\/wp-content\/uploads\/2024\/06\/DSC_0430-01-16x12.jpeg 16w\" sizes=\"auto, 100vw\" \/>\t\t\t\t\t\t\t\t\t\t\t<figcaption class=\"widget-image-caption wp-caption-text\"><\/figcaption>\n\t\t\t\t\t\t\t\t\t\t<\/figure>\n\t\t\t\t\t\t\t\t\t<\/div>\n\t\t\t\t<\/div>\n\t\t\t\t\t<\/div>\n\t\t<\/div>\n\t\t\t\t<div class=\"elementor-column elementor-col-33 elementor-top-column elementor-element elementor-element-517c988\" data-id=\"517c988\" data-element_type=\"column\">\n\t\t\t<div class=\"elementor-widget-wrap elementor-element-populated\">\n\t\t\t\t\t\t\t\t<div class=\"elementor-element elementor-element-904aee9 elementor-widget elementor-widget-image\" data-id=\"904aee9\" data-element_type=\"widget\" data-widget_type=\"image.default\">\n\t\t\t\t<div class=\"elementor-widget-container\">\n\t\t\t\t\t\t\t\t\t\t\t\t\t\t\t<img loading=\"lazy\" decoding=\"async\" width=\"300\" height=\"225\" src=\"https:\/\/www.turismolapernia.com\/wp-content\/uploads\/2024\/06\/DSC_0432-300x225.jpg\" class=\"attachment-medium size-medium\" alt=\"\" srcset=\"https:\/\/www.turismolapernia.com\/wp-content\/uploads\/2024\/06\/DSC_0432-300x225.jpg 300w, https:\/\/www.turismolapernia.com\/wp-content\/uploads\/2024\/06\/DSC_0432-1024x768.jpg 1024w, https:\/\/www.turismolapernia.com\/wp-content\/uploads\/2024\/06\/DSC_0432-768x576.jpg 768w, https:\/\/www.turismolapernia.com\/wp-content\/uploads\/2024\/06\/DSC_0432-1536x1152.jpg 1536w, https:\/\/www.turismolapernia.com\/wp-content\/uploads\/2024\/06\/DSC_0432-2048x1536.jpg 2048w, https:\/\/www.turismolapernia.com\/wp-content\/uploads\/2024\/06\/DSC_0432-16x12.jpg 16w\" sizes=\"auto, 100vw\" \/>\t\t\t\t\t\t\t\t\t\t\t\t\t\t\t<\/div>\n\t\t\t\t<\/div>\n\t\t\t\t\t<\/div>\n\t\t<\/div>\n\t\t\t\t<div class=\"elementor-column elementor-col-33 elementor-top-column elementor-element elementor-element-f8a60e1\" data-id=\"f8a60e1\" data-element_type=\"column\">\n\t\t\t<div class=\"elementor-widget-wrap elementor-element-populated\">\n\t\t\t\t\t\t\t\t<div class=\"elementor-element elementor-element-2226eba elementor-widget elementor-widget-image\" data-id=\"2226eba\" data-element_type=\"widget\" data-widget_type=\"image.default\">\n\t\t\t\t<div class=\"elementor-widget-container\">\n\t\t\t\t\t\t\t\t\t\t\t\t\t\t\t<img loading=\"lazy\" decoding=\"async\" width=\"300\" height=\"225\" src=\"https:\/\/www.turismolapernia.com\/wp-content\/uploads\/2024\/06\/DSC_0429-300x225.jpg\" class=\"attachment-medium size-medium\" alt=\"\" srcset=\"https:\/\/www.turismolapernia.com\/wp-content\/uploads\/2024\/06\/DSC_0429-300x225.jpg 300w, https:\/\/www.turismolapernia.com\/wp-content\/uploads\/2024\/06\/DSC_0429-1024x768.jpg 1024w, https:\/\/www.turismolapernia.com\/wp-content\/uploads\/2024\/06\/DSC_0429-768x576.jpg 768w, https:\/\/www.turismolapernia.com\/wp-content\/uploads\/2024\/06\/DSC_0429-1536x1152.jpg 1536w, https:\/\/www.turismolapernia.com\/wp-content\/uploads\/2024\/06\/DSC_0429-2048x1536.jpg 2048w, https:\/\/www.turismolapernia.com\/wp-content\/uploads\/2024\/06\/DSC_0429-16x12.jpg 16w\" sizes=\"auto, 100vw\" \/>\t\t\t\t\t\t\t\t\t\t\t\t\t\t\t<\/div>\n\t\t\t\t<\/div>\n\t\t\t\t\t<\/div>\n\t\t<\/div>\n\t\t\t\t\t\t\t<\/div>\n\t\t<\/section>\n\t\t\t\t\t\t<\/div>\n\t\t\t\t\t<\/div>","protected":false},"excerpt":{"rendered":"<p>Croquis sobre imagen Sentinel-2 del d\u00eda 24-06-2024. La Junta de Castilla y Le\u00f3n ha anunciado el corte del tr\u00e1fico en el puente de Va\u00f1es sobre el embalse de Requejada, (entre el punto kilom\u00e9trico 8,557 y el 8,735 de la carretera CL-627), a partir del d\u00eda de hoy, 25 de junio de 2024. La ejecuci\u00f3n de &hellip; <\/p>\n<p class=\"link-more\"><a href=\"https:\/\/www.turismolapernia.com\/en\/noticias-pernia\/desvio-provisional-en-el-puente-de-vanes\/\" class=\"more-link\">Continue reading<span class=\"screen-reader-text\"> &#8220;Desv\u00edo provisional en el puente de Va\u00f1es&#8221;<\/span><\/a><\/p>","protected":false},"author":1,"featured_media":17819,"comment_status":"open","ping_status":"open","sticky":false,"template":"","format":"standard","meta":{"footnotes":""},"categories":[13],"tags":[],"class_list":["post-17816","post","type-post","status-publish","format-standard","has-post-thumbnail","hentry","category-noticias-pernia"],"yoast_head":"<!-- This site is optimized with the Yoast SEO plugin v23.5 - https:\/\/yoast.com\/wordpress\/plugins\/seo\/ -->\n<title>Desv\u00edo provisional en el puente de Va\u00f1es | Turismo La Pern\u00eda<\/title>\n<meta name=\"robots\" content=\"index, follow, max-snippet:-1, max-image-preview:large, max-video-preview:-1\" \/>\n<link rel=\"canonical\" href=\"https:\/\/www.turismolapernia.com\/en\/noticias-pernia\/desvio-provisional-en-el-puente-de-vanes\/\" \/>\n<meta property=\"og:locale\" content=\"en_GB\" \/>\n<meta property=\"og:type\" content=\"article\" \/>\n<meta property=\"og:title\" content=\"Desv\u00edo provisional en el puente de Va\u00f1es | Turismo La Pern\u00eda\" \/>\n<meta property=\"og:description\" content=\"Croquis sobre imagen Sentinel-2 del d\u00eda 24-06-2024. La Junta de Castilla y Le\u00f3n ha anunciado el corte del tr\u00e1fico en el puente de Va\u00f1es sobre el embalse de Requejada, (entre el punto kilom\u00e9trico 8,557 y el 8,735 de la carretera CL-627), a partir del d\u00eda de hoy, 25 de junio de 2024. La ejecuci\u00f3n de &hellip; Continue reading &quot;Desv\u00edo provisional en el puente de Va\u00f1es&quot;\" \/>\n<meta property=\"og:url\" content=\"https:\/\/www.turismolapernia.com\/en\/noticias-pernia\/desvio-provisional-en-el-puente-de-vanes\/\" \/>\n<meta property=\"og:site_name\" content=\"Turismo La Pern\u00eda\" \/>\n<meta property=\"article:publisher\" content=\"https:\/\/www.facebook.com\/turismolapernia\/\" \/>\n<meta property=\"article:published_time\" content=\"2024-06-25T10:48:26+00:00\" \/>\n<meta property=\"article:modified_time\" content=\"2024-06-25T14:58:05+00:00\" \/>\n<meta property=\"og:image\" content=\"https:\/\/www.turismolapernia.com\/wp-content\/uploads\/2024\/06\/vanes.jpg\" \/>\n\t<meta property=\"og:image:width\" content=\"798\" \/>\n\t<meta property=\"og:image:height\" content=\"728\" \/>\n\t<meta property=\"og:image:type\" content=\"image\/jpeg\" \/>\n<meta name=\"author\" content=\"admin\" \/>\n<meta name=\"twitter:card\" content=\"summary_large_image\" \/>\n<meta name=\"twitter:label1\" content=\"Written by\" \/>\n\t<meta name=\"twitter:data1\" content=\"admin\" \/>\n\t<meta name=\"twitter:label2\" content=\"Estimated reading time\" \/>\n\t<meta name=\"twitter:data2\" content=\"1 minute\" \/>\n<script type=\"application\/ld+json\" class=\"yoast-schema-graph\">{\"@context\":\"https:\/\/schema.org\",\"@graph\":[{\"@type\":\"Article\",\"@id\":\"https:\/\/www.turismolapernia.com\/noticias-pernia\/desvio-provisional-en-el-puente-de-vanes\/#article\",\"isPartOf\":{\"@id\":\"https:\/\/www.turismolapernia.com\/noticias-pernia\/desvio-provisional-en-el-puente-de-vanes\/\"},\"author\":{\"name\":\"admin\",\"@id\":\"https:\/\/www.turismolapernia.com\/#\/schema\/person\/5d5ac032f7e9064c5ce073bbe3564340\"},\"headline\":\"Desv\u00edo provisional en el puente de Va\u00f1es\",\"datePublished\":\"2024-06-25T10:48:26+00:00\",\"dateModified\":\"2024-06-25T14:58:05+00:00\",\"mainEntityOfPage\":{\"@id\":\"https:\/\/www.turismolapernia.com\/noticias-pernia\/desvio-provisional-en-el-puente-de-vanes\/\"},\"wordCount\":240,\"commentCount\":0,\"publisher\":{\"@id\":\"https:\/\/www.turismolapernia.com\/#organization\"},\"image\":{\"@id\":\"https:\/\/www.turismolapernia.com\/noticias-pernia\/desvio-provisional-en-el-puente-de-vanes\/#primaryimage\"},\"thumbnailUrl\":\"https:\/\/www.turismolapernia.com\/wp-content\/uploads\/2024\/06\/vanes.jpg\",\"articleSection\":[\"Noticias\"],\"inLanguage\":\"en-GB\",\"potentialAction\":[{\"@type\":\"CommentAction\",\"name\":\"Comment\",\"target\":[\"https:\/\/www.turismolapernia.com\/noticias-pernia\/desvio-provisional-en-el-puente-de-vanes\/#respond\"]}]},{\"@type\":\"WebPage\",\"@id\":\"https:\/\/www.turismolapernia.com\/noticias-pernia\/desvio-provisional-en-el-puente-de-vanes\/\",\"url\":\"https:\/\/www.turismolapernia.com\/noticias-pernia\/desvio-provisional-en-el-puente-de-vanes\/\",\"name\":\"Desv\u00edo provisional en el puente de Va\u00f1es | Turismo La Pern\u00eda\",\"isPartOf\":{\"@id\":\"https:\/\/www.turismolapernia.com\/#website\"},\"primaryImageOfPage\":{\"@id\":\"https:\/\/www.turismolapernia.com\/noticias-pernia\/desvio-provisional-en-el-puente-de-vanes\/#primaryimage\"},\"image\":{\"@id\":\"https:\/\/www.turismolapernia.com\/noticias-pernia\/desvio-provisional-en-el-puente-de-vanes\/#primaryimage\"},\"thumbnailUrl\":\"https:\/\/www.turismolapernia.com\/wp-content\/uploads\/2024\/06\/vanes.jpg\",\"datePublished\":\"2024-06-25T10:48:26+00:00\",\"dateModified\":\"2024-06-25T14:58:05+00:00\",\"breadcrumb\":{\"@id\":\"https:\/\/www.turismolapernia.com\/noticias-pernia\/desvio-provisional-en-el-puente-de-vanes\/#breadcrumb\"},\"inLanguage\":\"en-GB\",\"potentialAction\":[{\"@type\":\"ReadAction\",\"target\":[\"https:\/\/www.turismolapernia.com\/noticias-pernia\/desvio-provisional-en-el-puente-de-vanes\/\"]}]},{\"@type\":\"ImageObject\",\"inLanguage\":\"en-GB\",\"@id\":\"https:\/\/www.turismolapernia.com\/noticias-pernia\/desvio-provisional-en-el-puente-de-vanes\/#primaryimage\",\"url\":\"https:\/\/www.turismolapernia.com\/wp-content\/uploads\/2024\/06\/vanes.jpg\",\"contentUrl\":\"https:\/\/www.turismolapernia.com\/wp-content\/uploads\/2024\/06\/vanes.jpg\",\"width\":798,\"height\":728},{\"@type\":\"BreadcrumbList\",\"@id\":\"https:\/\/www.turismolapernia.com\/noticias-pernia\/desvio-provisional-en-el-puente-de-vanes\/#breadcrumb\",\"itemListElement\":[{\"@type\":\"ListItem\",\"position\":1,\"name\":\"La Pern\u00eda\",\"item\":\"https:\/\/www.turismolapernia.com\/\"},{\"@type\":\"ListItem\",\"position\":2,\"name\":\"Desv\u00edo provisional en el puente de Va\u00f1es\"}]},{\"@type\":\"WebSite\",\"@id\":\"https:\/\/www.turismolapernia.com\/#website\",\"url\":\"https:\/\/www.turismolapernia.com\/\",\"name\":\"Turismo La Pern\u00eda\",\"description\":\"Monta\u00f1a Palentina\",\"publisher\":{\"@id\":\"https:\/\/www.turismolapernia.com\/#organization\"},\"potentialAction\":[{\"@type\":\"SearchAction\",\"target\":{\"@type\":\"EntryPoint\",\"urlTemplate\":\"https:\/\/www.turismolapernia.com\/?s={search_term_string}\"},\"query-input\":{\"@type\":\"PropertyValueSpecification\",\"valueRequired\":true,\"valueName\":\"search_term_string\"}}],\"inLanguage\":\"en-GB\"},{\"@type\":\"Organization\",\"@id\":\"https:\/\/www.turismolapernia.com\/#organization\",\"name\":\"Turismo La Pern\u00eda\",\"url\":\"https:\/\/www.turismolapernia.com\/\",\"logo\":{\"@type\":\"ImageObject\",\"inLanguage\":\"en-GB\",\"@id\":\"https:\/\/www.turismolapernia.com\/#\/schema\/logo\/image\/\",\"url\":\"https:\/\/www.turismolapernia.com\/wp-content\/uploads\/2021\/12\/cropped-logo-CRV-Pernia-perfil.jpg\",\"contentUrl\":\"https:\/\/www.turismolapernia.com\/wp-content\/uploads\/2021\/12\/cropped-logo-CRV-Pernia-perfil.jpg\",\"width\":512,\"height\":512,\"caption\":\"Turismo La Pern\u00eda\"},\"image\":{\"@id\":\"https:\/\/www.turismolapernia.com\/#\/schema\/logo\/image\/\"},\"sameAs\":[\"https:\/\/www.facebook.com\/turismolapernia\/\",\"https:\/\/www.instagram.com\/turismolapernia\/\"]},{\"@type\":\"Person\",\"@id\":\"https:\/\/www.turismolapernia.com\/#\/schema\/person\/5d5ac032f7e9064c5ce073bbe3564340\",\"name\":\"admin\",\"image\":{\"@type\":\"ImageObject\",\"inLanguage\":\"en-GB\",\"@id\":\"https:\/\/www.turismolapernia.com\/#\/schema\/person\/image\/\",\"url\":\"https:\/\/secure.gravatar.com\/avatar\/fe87fc43b218a52a79b72dddcb95d45fcdca0048b80712e6d20925a50f267165?s=96&d=mm&r=g\",\"contentUrl\":\"https:\/\/secure.gravatar.com\/avatar\/fe87fc43b218a52a79b72dddcb95d45fcdca0048b80712e6d20925a50f267165?s=96&d=mm&r=g\",\"caption\":\"admin\"}}]}<\/script>\n<!-- \/ Yoast SEO plugin. -->","yoast_head_json":{"title":"Desv\u00edo provisional en el puente de Va\u00f1es | Turismo La Pern\u00eda","robots":{"index":"index","follow":"follow","max-snippet":"max-snippet:-1","max-image-preview":"max-image-preview:large","max-video-preview":"max-video-preview:-1"},"canonical":"https:\/\/www.turismolapernia.com\/en\/noticias-pernia\/desvio-provisional-en-el-puente-de-vanes\/","og_locale":"en_GB","og_type":"article","og_title":"Desv\u00edo provisional en el puente de Va\u00f1es | Turismo La Pern\u00eda","og_description":"Croquis sobre imagen Sentinel-2 del d\u00eda 24-06-2024. La Junta de Castilla y Le\u00f3n ha anunciado el corte del tr\u00e1fico en el puente de Va\u00f1es sobre el embalse de Requejada, (entre el punto kilom\u00e9trico 8,557 y el 8,735 de la carretera CL-627), a partir del d\u00eda de hoy, 25 de junio de 2024. La ejecuci\u00f3n de &hellip; Continue reading \"Desv\u00edo provisional en el puente de Va\u00f1es\"","og_url":"https:\/\/www.turismolapernia.com\/en\/noticias-pernia\/desvio-provisional-en-el-puente-de-vanes\/","og_site_name":"Turismo La Pern\u00eda","article_publisher":"https:\/\/www.facebook.com\/turismolapernia\/","article_published_time":"2024-06-25T10:48:26+00:00","article_modified_time":"2024-06-25T14:58:05+00:00","og_image":[{"width":798,"height":728,"url":"https:\/\/www.turismolapernia.com\/wp-content\/uploads\/2024\/06\/vanes.jpg","type":"image\/jpeg"}],"author":"admin","twitter_card":"summary_large_image","twitter_misc":{"Written by":"admin","Estimated reading time":"1 minute"},"schema":{"@context":"https:\/\/schema.org","@graph":[{"@type":"Article","@id":"https:\/\/www.turismolapernia.com\/noticias-pernia\/desvio-provisional-en-el-puente-de-vanes\/#article","isPartOf":{"@id":"https:\/\/www.turismolapernia.com\/noticias-pernia\/desvio-provisional-en-el-puente-de-vanes\/"},"author":{"name":"admin","@id":"https:\/\/www.turismolapernia.com\/#\/schema\/person\/5d5ac032f7e9064c5ce073bbe3564340"},"headline":"Desv\u00edo provisional en el puente de Va\u00f1es","datePublished":"2024-06-25T10:48:26+00:00","dateModified":"2024-06-25T14:58:05+00:00","mainEntityOfPage":{"@id":"https:\/\/www.turismolapernia.com\/noticias-pernia\/desvio-provisional-en-el-puente-de-vanes\/"},"wordCount":240,"commentCount":0,"publisher":{"@id":"https:\/\/www.turismolapernia.com\/#organization"},"image":{"@id":"https:\/\/www.turismolapernia.com\/noticias-pernia\/desvio-provisional-en-el-puente-de-vanes\/#primaryimage"},"thumbnailUrl":"https:\/\/www.turismolapernia.com\/wp-content\/uploads\/2024\/06\/vanes.jpg","articleSection":["Noticias"],"inLanguage":"en-GB","potentialAction":[{"@type":"CommentAction","name":"Comment","target":["https:\/\/www.turismolapernia.com\/noticias-pernia\/desvio-provisional-en-el-puente-de-vanes\/#respond"]}]},{"@type":"WebPage","@id":"https:\/\/www.turismolapernia.com\/noticias-pernia\/desvio-provisional-en-el-puente-de-vanes\/","url":"https:\/\/www.turismolapernia.com\/noticias-pernia\/desvio-provisional-en-el-puente-de-vanes\/","name":"Desv\u00edo provisional en el puente de Va\u00f1es | Turismo La Pern\u00eda","isPartOf":{"@id":"https:\/\/www.turismolapernia.com\/#website"},"primaryImageOfPage":{"@id":"https:\/\/www.turismolapernia.com\/noticias-pernia\/desvio-provisional-en-el-puente-de-vanes\/#primaryimage"},"image":{"@id":"https:\/\/www.turismolapernia.com\/noticias-pernia\/desvio-provisional-en-el-puente-de-vanes\/#primaryimage"},"thumbnailUrl":"https:\/\/www.turismolapernia.com\/wp-content\/uploads\/2024\/06\/vanes.jpg","datePublished":"2024-06-25T10:48:26+00:00","dateModified":"2024-06-25T14:58:05+00:00","breadcrumb":{"@id":"https:\/\/www.turismolapernia.com\/noticias-pernia\/desvio-provisional-en-el-puente-de-vanes\/#breadcrumb"},"inLanguage":"en-GB","potentialAction":[{"@type":"ReadAction","target":["https:\/\/www.turismolapernia.com\/noticias-pernia\/desvio-provisional-en-el-puente-de-vanes\/"]}]},{"@type":"ImageObject","inLanguage":"en-GB","@id":"https:\/\/www.turismolapernia.com\/noticias-pernia\/desvio-provisional-en-el-puente-de-vanes\/#primaryimage","url":"https:\/\/www.turismolapernia.com\/wp-content\/uploads\/2024\/06\/vanes.jpg","contentUrl":"https:\/\/www.turismolapernia.com\/wp-content\/uploads\/2024\/06\/vanes.jpg","width":798,"height":728},{"@type":"BreadcrumbList","@id":"https:\/\/www.turismolapernia.com\/noticias-pernia\/desvio-provisional-en-el-puente-de-vanes\/#breadcrumb","itemListElement":[{"@type":"ListItem","position":1,"name":"La Pern\u00eda","item":"https:\/\/www.turismolapernia.com\/"},{"@type":"ListItem","position":2,"name":"Desv\u00edo provisional en el puente de Va\u00f1es"}]},{"@type":"WebSite","@id":"https:\/\/www.turismolapernia.com\/#website","url":"https:\/\/www.turismolapernia.com\/","name":"Turismo La Pern\u00eda","description":"Monta\u00f1a Palentina","publisher":{"@id":"https:\/\/www.turismolapernia.com\/#organization"},"potentialAction":[{"@type":"SearchAction","target":{"@type":"EntryPoint","urlTemplate":"https:\/\/www.turismolapernia.com\/?s={search_term_string}"},"query-input":{"@type":"PropertyValueSpecification","valueRequired":true,"valueName":"search_term_string"}}],"inLanguage":"en-GB"},{"@type":"Organization","@id":"https:\/\/www.turismolapernia.com\/#organization","name":"Turismo La Pern\u00eda","url":"https:\/\/www.turismolapernia.com\/","logo":{"@type":"ImageObject","inLanguage":"en-GB","@id":"https:\/\/www.turismolapernia.com\/#\/schema\/logo\/image\/","url":"https:\/\/www.turismolapernia.com\/wp-content\/uploads\/2021\/12\/cropped-logo-CRV-Pernia-perfil.jpg","contentUrl":"https:\/\/www.turismolapernia.com\/wp-content\/uploads\/2021\/12\/cropped-logo-CRV-Pernia-perfil.jpg","width":512,"height":512,"caption":"Turismo La Pern\u00eda"},"image":{"@id":"https:\/\/www.turismolapernia.com\/#\/schema\/logo\/image\/"},"sameAs":["https:\/\/www.facebook.com\/turismolapernia\/","https:\/\/www.instagram.com\/turismolapernia\/"]},{"@type":"Person","@id":"https:\/\/www.turismolapernia.com\/#\/schema\/person\/5d5ac032f7e9064c5ce073bbe3564340","name":"admin","image":{"@type":"ImageObject","inLanguage":"en-GB","@id":"https:\/\/www.turismolapernia.com\/#\/schema\/person\/image\/","url":"https:\/\/secure.gravatar.com\/avatar\/fe87fc43b218a52a79b72dddcb95d45fcdca0048b80712e6d20925a50f267165?s=96&d=mm&r=g","contentUrl":"https:\/\/secure.gravatar.com\/avatar\/fe87fc43b218a52a79b72dddcb95d45fcdca0048b80712e6d20925a50f267165?s=96&d=mm&r=g","caption":"admin"}}]}},"_links":{"self":[{"href":"https:\/\/www.turismolapernia.com\/en\/wp-json\/wp\/v2\/posts\/17816","targetHints":{"allow":["GET"]}}],"collection":[{"href":"https:\/\/www.turismolapernia.com\/en\/wp-json\/wp\/v2\/posts"}],"about":[{"href":"https:\/\/www.turismolapernia.com\/en\/wp-json\/wp\/v2\/types\/post"}],"author":[{"embeddable":true,"href":"https:\/\/www.turismolapernia.com\/en\/wp-json\/wp\/v2\/users\/1"}],"replies":[{"embeddable":true,"href":"https:\/\/www.turismolapernia.com\/en\/wp-json\/wp\/v2\/comments?post=17816"}],"version-history":[{"count":23,"href":"https:\/\/www.turismolapernia.com\/en\/wp-json\/wp\/v2\/posts\/17816\/revisions"}],"predecessor-version":[{"id":17855,"href":"https:\/\/www.turismolapernia.com\/en\/wp-json\/wp\/v2\/posts\/17816\/revisions\/17855"}],"wp:featuredmedia":[{"embeddable":true,"href":"https:\/\/www.turismolapernia.com\/en\/wp-json\/wp\/v2\/media\/17819"}],"wp:attachment":[{"href":"https:\/\/www.turismolapernia.com\/en\/wp-json\/wp\/v2\/media?parent=17816"}],"wp:term":[{"taxonomy":"category","embeddable":true,"href":"https:\/\/www.turismolapernia.com\/en\/wp-json\/wp\/v2\/categories?post=17816"},{"taxonomy":"post_tag","embeddable":true,"href":"https:\/\/www.turismolapernia.com\/en\/wp-json\/wp\/v2\/tags?post=17816"}],"curies":[{"name":"wp","href":"https:\/\/api.w.org\/{rel}","templated":true}]}}