{"id":17447,"date":"2024-05-16T11:11:53","date_gmt":"2024-05-16T09:11:53","guid":{"rendered":"https:\/\/www.turismolapernia.com\/?p=17447"},"modified":"2024-05-16T13:15:12","modified_gmt":"2024-05-16T11:15:12","slug":"una-nueva-ruta-en-la-pernia-rememora-la-leyenda-de-la-venganza-del-conde","status":"publish","type":"post","link":"https:\/\/www.turismolapernia.com\/en\/noticias-pernia\/una-nueva-ruta-en-la-pernia-rememora-la-leyenda-de-la-venganza-del-conde\/","title":{"rendered":"Una nueva ruta en La Pern\u00eda rememora la leyenda de La Venganza del Conde"},"content":{"rendered":"<div data-elementor-type=\"wp-post\" data-elementor-id=\"17447\" class=\"elementor elementor-17447\" data-elementor-settings=\"[]\">\n\t\t\t\t\t\t\t<div class=\"elementor-section-wrap\">\n\t\t\t\t\t\t\t<section class=\"elementor-section elementor-top-section elementor-element elementor-element-abbe5bd elementor-section-boxed elementor-section-height-default elementor-section-height-default\" data-id=\"abbe5bd\" data-element_type=\"section\">\n\t\t\t\t\t\t<div class=\"elementor-container elementor-column-gap-default\">\n\t\t\t\t\t<div class=\"elementor-column elementor-col-50 elementor-top-column elementor-element elementor-element-904b797\" data-id=\"904b797\" data-element_type=\"column\">\n\t\t\t<div class=\"elementor-widget-wrap elementor-element-populated\">\n\t\t\t\t\t\t\t\t<div class=\"elementor-element elementor-element-5998d43 elementor-widget elementor-widget-image\" data-id=\"5998d43\" data-element_type=\"widget\" data-widget_type=\"image.default\">\n\t\t\t\t<div class=\"elementor-widget-container\">\n\t\t\t\t\t\t\t\t\t\t\t\t<figure class=\"wp-caption\">\n\t\t\t\t\t\t\t\t\t\t<img loading=\"lazy\" decoding=\"async\" width=\"525\" height=\"394\" src=\"https:\/\/www.turismolapernia.com\/wp-content\/uploads\/2024\/05\/DSC01741-768x576.jpg\" class=\"attachment-medium_large size-medium_large\" alt=\"\" srcset=\"https:\/\/www.turismolapernia.com\/wp-content\/uploads\/2024\/05\/DSC01741-768x576.jpg 768w, https:\/\/www.turismolapernia.com\/wp-content\/uploads\/2024\/05\/DSC01741-300x225.jpg 300w, https:\/\/www.turismolapernia.com\/wp-content\/uploads\/2024\/05\/DSC01741-1024x768.jpg 1024w, https:\/\/www.turismolapernia.com\/wp-content\/uploads\/2024\/05\/DSC01741-16x12.jpg 16w, https:\/\/www.turismolapernia.com\/wp-content\/uploads\/2024\/05\/DSC01741.jpg 1496w\" sizes=\"auto, 100vw\" \/>\t\t\t\t\t\t\t\t\t\t\t<figcaption class=\"widget-image-caption wp-caption-text\">Mirador de la Leyenda. Senda de La Venganza del Conde (La Pern\u00eda, Monta\u00f1a Palentina)<\/figcaption>\n\t\t\t\t\t\t\t\t\t\t<\/figure>\n\t\t\t\t\t\t\t\t\t<\/div>\n\t\t\t\t<\/div>\n\t\t\t\t\t<\/div>\n\t\t<\/div>\n\t\t\t\t<div class=\"elementor-column elementor-col-50 elementor-top-column elementor-element elementor-element-5f53147\" data-id=\"5f53147\" data-element_type=\"column\">\n\t\t\t<div class=\"elementor-widget-wrap elementor-element-populated\">\n\t\t\t\t\t\t\t\t<div class=\"elementor-element elementor-element-d31d3a4 elementor-widget elementor-widget-text-editor\" data-id=\"d31d3a4\" data-element_type=\"widget\" data-widget_type=\"text-editor.default\">\n\t\t\t\t<div class=\"elementor-widget-container\">\n\t\t\t\t\t\t\t<div>La Junta de Castilla y Le\u00f3n, junto con la Fundaci\u00f3n Patrimonio Natural, han dado por finalizados recientemente los trabajos de ejecuci\u00f3n de la senda de La Venganza del Conde en La Pern\u00eda, dentro del Parque Natural Monta\u00f1a Palentina.<\/div><div>\u00a0<\/div><div>La nueva ruta, con un recorrido circular de 7,2 km entre San Salvador de Cantamuda y Pe\u00f1a Tremaya, sirve para recordar la popular leyenda local que tiene por protagonistas al conde Munio, su esposa do\u00f1a Elvira y una criada sordomuda que milagrosamente comenz\u00f3 a hablar. La leyenda, que probablemente surgi\u00f3 para dar explicaci\u00f3n al nombre de la localidad de San Salvador de Cantamuda, fue recopilada y publicada en forma de romance en 1871 por el pol\u00edtico y jurista D. Mat\u00edas Barrio y Mier.<\/div><div>\u00a0<\/div><div>Seguramente, lo narrado en la leyenda no sea el verdadero origen del nombre de Cantamuda, que m\u00e1s bien parece proceder de &#8220;Campo de Muga&#8221;,\u00a0 con el significado de un posible l\u00edmite o frontera, pero la leyenda est\u00e1 tan arraigada en la zona, que se la ha querido rememorar con esta ruta.<\/div><p>\u00a0<\/p>\t\t\t\t\t\t<\/div>\n\t\t\t\t<\/div>\n\t\t\t\t\t<\/div>\n\t\t<\/div>\n\t\t\t\t\t\t\t<\/div>\n\t\t<\/section>\n\t\t\t\t<section class=\"elementor-section elementor-top-section elementor-element elementor-element-2e9d452 elementor-section-boxed elementor-section-height-default elementor-section-height-default\" data-id=\"2e9d452\" data-element_type=\"section\">\n\t\t\t\t\t\t<div class=\"elementor-container elementor-column-gap-default\">\n\t\t\t\t\t<div class=\"elementor-column elementor-col-100 elementor-top-column elementor-element elementor-element-4b4008a\" data-id=\"4b4008a\" data-element_type=\"column\">\n\t\t\t<div class=\"elementor-widget-wrap elementor-element-populated\">\n\t\t\t\t\t\t\t\t<div class=\"elementor-element elementor-element-c397771 elementor-widget elementor-widget-text-editor\" data-id=\"c397771\" data-element_type=\"widget\" data-widget_type=\"text-editor.default\">\n\t\t\t\t<div class=\"elementor-widget-container\">\n\t\t\t\t\t\t\t<p>El recorrido transcurre por parajes de gran belleza y calidad ambiental, con una interesante variedad paisaj\u00edstica, para culminar en el Mirador de la Leyenda, en las mismas faldas de Pe\u00f1a Tremaya, desde donde se contempla una fabulosa panor\u00e1mica del entorno monta\u00f1oso de La Pern\u00eda, con algunos de sus pueblos asentados entre prados, bosques y pe\u00f1as.<\/p>\t\t\t\t\t\t<\/div>\n\t\t\t\t<\/div>\n\t\t\t\t\t<\/div>\n\t\t<\/div>\n\t\t\t\t\t\t\t<\/div>\n\t\t<\/section>\n\t\t\t\t<section class=\"elementor-section elementor-top-section elementor-element elementor-element-a209bf9 elementor-section-boxed elementor-section-height-default elementor-section-height-default\" data-id=\"a209bf9\" data-element_type=\"section\">\n\t\t\t\t\t\t<div class=\"elementor-container elementor-column-gap-default\">\n\t\t\t\t\t<div class=\"elementor-column elementor-col-33 elementor-top-column elementor-element elementor-element-54cb380\" data-id=\"54cb380\" data-element_type=\"column\">\n\t\t\t<div class=\"elementor-widget-wrap elementor-element-populated\">\n\t\t\t\t\t\t\t\t<div class=\"elementor-element elementor-element-fe30dc6 elementor-widget elementor-widget-image\" data-id=\"fe30dc6\" data-element_type=\"widget\" data-widget_type=\"image.default\">\n\t\t\t\t<div class=\"elementor-widget-container\">\n\t\t\t\t\t\t\t\t\t\t\t\t\t\t\t<img loading=\"lazy\" decoding=\"async\" width=\"300\" height=\"224\" src=\"https:\/\/www.turismolapernia.com\/wp-content\/uploads\/2024\/05\/DSC01714-300x224.jpg\" class=\"attachment-medium size-medium\" alt=\"\" srcset=\"https:\/\/www.turismolapernia.com\/wp-content\/uploads\/2024\/05\/DSC01714-300x224.jpg 300w, https:\/\/www.turismolapernia.com\/wp-content\/uploads\/2024\/05\/DSC01714-1024x763.jpg 1024w, https:\/\/www.turismolapernia.com\/wp-content\/uploads\/2024\/05\/DSC01714-768x573.jpg 768w, https:\/\/www.turismolapernia.com\/wp-content\/uploads\/2024\/05\/DSC01714-16x12.jpg 16w, https:\/\/www.turismolapernia.com\/wp-content\/uploads\/2024\/05\/DSC01714.jpg 1344w\" sizes=\"auto, 100vw\" \/>\t\t\t\t\t\t\t\t\t\t\t\t\t\t\t<\/div>\n\t\t\t\t<\/div>\n\t\t\t\t\t<\/div>\n\t\t<\/div>\n\t\t\t\t<div class=\"elementor-column elementor-col-33 elementor-top-column elementor-element elementor-element-a5ed573\" data-id=\"a5ed573\" data-element_type=\"column\">\n\t\t\t<div class=\"elementor-widget-wrap elementor-element-populated\">\n\t\t\t\t\t\t\t\t<div class=\"elementor-element elementor-element-5e03f19 elementor-widget elementor-widget-image\" data-id=\"5e03f19\" data-element_type=\"widget\" data-widget_type=\"image.default\">\n\t\t\t\t<div class=\"elementor-widget-container\">\n\t\t\t\t\t\t\t\t\t\t\t\t\t\t\t<img loading=\"lazy\" decoding=\"async\" width=\"300\" height=\"225\" src=\"https:\/\/www.turismolapernia.com\/wp-content\/uploads\/2024\/05\/DSC01715-scaled-e1715852488607-300x225.jpg\" class=\"attachment-medium size-medium\" alt=\"\" srcset=\"https:\/\/www.turismolapernia.com\/wp-content\/uploads\/2024\/05\/DSC01715-scaled-e1715852488607-300x225.jpg 300w, https:\/\/www.turismolapernia.com\/wp-content\/uploads\/2024\/05\/DSC01715-scaled-e1715852488607-1024x768.jpg 1024w, https:\/\/www.turismolapernia.com\/wp-content\/uploads\/2024\/05\/DSC01715-scaled-e1715852488607-768x576.jpg 768w, https:\/\/www.turismolapernia.com\/wp-content\/uploads\/2024\/05\/DSC01715-scaled-e1715852488607-1536x1152.jpg 1536w, https:\/\/www.turismolapernia.com\/wp-content\/uploads\/2024\/05\/DSC01715-scaled-e1715852488607-2048x1536.jpg 2048w, https:\/\/www.turismolapernia.com\/wp-content\/uploads\/2024\/05\/DSC01715-scaled-e1715852488607-16x12.jpg 16w\" sizes=\"auto, 100vw\" \/>\t\t\t\t\t\t\t\t\t\t\t\t\t\t\t<\/div>\n\t\t\t\t<\/div>\n\t\t\t\t\t<\/div>\n\t\t<\/div>\n\t\t\t\t<div class=\"elementor-column elementor-col-33 elementor-top-column elementor-element elementor-element-5da324e\" data-id=\"5da324e\" data-element_type=\"column\">\n\t\t\t<div class=\"elementor-widget-wrap elementor-element-populated\">\n\t\t\t\t\t\t\t\t<div class=\"elementor-element elementor-element-f138368 elementor-widget elementor-widget-image\" data-id=\"f138368\" data-element_type=\"widget\" data-widget_type=\"image.default\">\n\t\t\t\t<div class=\"elementor-widget-container\">\n\t\t\t\t\t\t\t\t\t\t\t\t\t\t\t<img loading=\"lazy\" decoding=\"async\" width=\"300\" height=\"225\" src=\"https:\/\/www.turismolapernia.com\/wp-content\/uploads\/2024\/05\/DSC01742-01-300x225.jpeg\" class=\"attachment-medium size-medium\" alt=\"\" srcset=\"https:\/\/www.turismolapernia.com\/wp-content\/uploads\/2024\/05\/DSC01742-01-300x225.jpeg 300w, https:\/\/www.turismolapernia.com\/wp-content\/uploads\/2024\/05\/DSC01742-01-1024x769.jpeg 1024w, https:\/\/www.turismolapernia.com\/wp-content\/uploads\/2024\/05\/DSC01742-01-768x577.jpeg 768w, https:\/\/www.turismolapernia.com\/wp-content\/uploads\/2024\/05\/DSC01742-01-1536x1154.jpeg 1536w, https:\/\/www.turismolapernia.com\/wp-content\/uploads\/2024\/05\/DSC01742-01-16x12.jpeg 16w, https:\/\/www.turismolapernia.com\/wp-content\/uploads\/2024\/05\/DSC01742-01.jpeg 1725w\" sizes=\"auto, 100vw\" \/>\t\t\t\t\t\t\t\t\t\t\t\t\t\t\t<\/div>\n\t\t\t\t<\/div>\n\t\t\t\t\t<\/div>\n\t\t<\/div>\n\t\t\t\t\t\t\t<\/div>\n\t\t<\/section>\n\t\t\t\t<section class=\"elementor-section elementor-top-section elementor-element elementor-element-94ee0f2 elementor-section-boxed elementor-section-height-default elementor-section-height-default\" data-id=\"94ee0f2\" data-element_type=\"section\">\n\t\t\t\t\t\t<div class=\"elementor-container elementor-column-gap-default\">\n\t\t\t\t\t<div class=\"elementor-column elementor-col-100 elementor-top-column elementor-element elementor-element-c0764ac\" data-id=\"c0764ac\" data-element_type=\"column\">\n\t\t\t<div class=\"elementor-widget-wrap elementor-element-populated\">\n\t\t\t\t\t\t\t\t<div class=\"elementor-element elementor-element-9e947dd elementor-widget elementor-widget-text-editor\" data-id=\"9e947dd\" data-element_type=\"widget\" data-widget_type=\"text-editor.default\">\n\t\t\t\t<div class=\"elementor-widget-container\">\n\t\t\t\t\t\t\t<p>Las obras de ejecuci\u00f3n de la senda han sido realizadas por la empresa Talher con un presupuesto de 141.161 \u20ac, cofinanciado por la Uni\u00f3n Europea en el Plan de Sostenibilidad Tur\u00edstica de la Monta\u00f1a Palentina.<\/p><p>Las actuaciones realizadas han consistido en la adecuaci\u00f3n de un aparcamiento en San Salvador de Cantamuda, el acondicionamiento de la traza del sendero con la recuperaci\u00f3n de caminos antiguos y otros tramos de nueva construcci\u00f3n, la se\u00f1alizaci\u00f3n y colocaci\u00f3n de paneles interpretativos, un contador de personas y especialmente la construcci\u00f3n de un mirador de 57 m<span style=\"mso-ascii-font-family: Calibri; mso-fareast-font-family: 'Times New Roman'; mso-hansi-font-family: Calibri; mso-bidi-font-family: Calibri; color: black; mso-fareast-language: ES;\"><sup>2\u00a0 <\/sup><\/span><span style=\"mso-ascii-font-family: Calibri; mso-fareast-font-family: 'Times New Roman'; mso-hansi-font-family: Calibri; mso-bidi-font-family: Calibri; color: black; mso-fareast-language: ES;\">en Pe\u00f1a Tremaya con vistas a La Pern\u00eda, as\u00ed como la instalaci\u00f3n de una escultura relacionada con la leyenda junto al mirador.<\/span><\/p><p><span style=\"mso-ascii-font-family: Calibri; mso-fareast-font-family: 'Times New Roman'; mso-hansi-font-family: Calibri; mso-bidi-font-family: Calibri; color: black; mso-fareast-language: ES;\">\u00a0<\/span><\/p><p><span style=\"mso-ascii-font-family: Calibri; mso-fareast-font-family: 'Times New Roman'; mso-hansi-font-family: Calibri; mso-bidi-font-family: Calibri; color: black; mso-fareast-language: ES;\">La nueva senda se incorpora desde ahora a la red de senderos de uso p\u00fablico del Parque Natural Monta\u00f1a Palentina, de la que ya forman parte otras sendas bien reconocidas como la senda de la Tejeda de Tosande, la senda de Fuente Cobre, el Robl\u00f3n de Estalaya, el Bosque F\u00f3sil o la Cascada de Mazobre, entre otras.<\/span><\/p><p><span style=\"mso-ascii-font-family: Calibri; mso-fareast-font-family: 'Times New Roman'; mso-hansi-font-family: Calibri; mso-bidi-font-family: Calibri; color: black; mso-fareast-language: ES;\">\u00a0<\/span><\/p><p><span style=\"mso-ascii-font-family: Calibri; mso-fareast-font-family: 'Times New Roman'; mso-hansi-font-family: Calibri; mso-bidi-font-family: Calibri; color: black; mso-fareast-language: ES;\">Desde el Parque Natural est\u00e1 prevista la realizaci\u00f3n de algunas mejoras a mayores en la nueva senda, as\u00ed como su pr\u00f3xima inauguraci\u00f3n oficial de cara al verano, aunque quien lo desee ya puede disfrutar de la ruta y sumergirse en los paisajes de leyenda de La Pern\u00eda. Un aliciente m\u00e1s para visitar este entorno privilegiado de la Monta\u00f1a Palentina.<br \/><\/span><\/p>\t\t\t\t\t\t<\/div>\n\t\t\t\t<\/div>\n\t\t\t\t\t<\/div>\n\t\t<\/div>\n\t\t\t\t\t\t\t<\/div>\n\t\t<\/section>\n\t\t\t\t<section class=\"elementor-section elementor-top-section elementor-element elementor-element-6f5ee53 elementor-section-boxed elementor-section-height-default elementor-section-height-default\" data-id=\"6f5ee53\" data-element_type=\"section\">\n\t\t\t\t\t\t<div class=\"elementor-container elementor-column-gap-default\">\n\t\t\t\t\t<div class=\"elementor-column elementor-col-100 elementor-top-column elementor-element elementor-element-1db10ab\" data-id=\"1db10ab\" data-element_type=\"column\">\n\t\t\t<div class=\"elementor-widget-wrap elementor-element-populated\">\n\t\t\t\t\t\t\t\t<div class=\"elementor-element elementor-element-db27a27 elementor-widget elementor-widget-text-editor\" data-id=\"db27a27\" data-element_type=\"widget\" data-widget_type=\"text-editor.default\">\n\t\t\t\t<div class=\"elementor-widget-container\">\n\t\t\t\t\t\t\t<p>M\u00e1s informaci\u00f3n:<\/p>\t\t\t\t\t\t<\/div>\n\t\t\t\t<\/div>\n\t\t\t\t<div class=\"elementor-element elementor-element-8824029 elementor-widget elementor-widget-heading\" data-id=\"8824029\" data-element_type=\"widget\" data-widget_type=\"heading.default\">\n\t\t\t\t<div class=\"elementor-widget-container\">\n\t\t\t<h4 class=\"elementor-heading-title elementor-size-default\"><a href=\"https:\/\/www.turismolapernia.com\/en\/senda-de-la-venganza-del-conde\/\">Path of the Count's Revenge<\/a><\/h4>\t\t<\/div>\n\t\t\t\t<\/div>\n\t\t\t\t\t<\/div>\n\t\t<\/div>\n\t\t\t\t\t\t\t<\/div>\n\t\t<\/section>\n\t\t\t\t<section class=\"elementor-section elementor-top-section elementor-element elementor-element-342d6e2 elementor-section-boxed elementor-section-height-default elementor-section-height-default\" data-id=\"342d6e2\" data-element_type=\"section\">\n\t\t\t\t\t\t<div class=\"elementor-container elementor-column-gap-default\">\n\t\t\t\t\t<div class=\"elementor-column elementor-col-33 elementor-top-column elementor-element elementor-element-66147b0\" data-id=\"66147b0\" data-element_type=\"column\">\n\t\t\t<div class=\"elementor-widget-wrap elementor-element-populated\">\n\t\t\t\t\t\t\t\t<div class=\"elementor-element elementor-element-66c151f elementor-widget elementor-widget-image\" data-id=\"66c151f\" data-element_type=\"widget\" data-widget_type=\"image.default\">\n\t\t\t\t<div class=\"elementor-widget-container\">\n\t\t\t\t\t\t\t\t\t\t\t\t\t\t\t<img loading=\"lazy\" decoding=\"async\" width=\"300\" height=\"225\" src=\"https:\/\/www.turismolapernia.com\/wp-content\/uploads\/2024\/05\/DSC01756-300x225.jpg\" class=\"attachment-medium size-medium\" alt=\"\" srcset=\"https:\/\/www.turismolapernia.com\/wp-content\/uploads\/2024\/05\/DSC01756-300x225.jpg 300w, https:\/\/www.turismolapernia.com\/wp-content\/uploads\/2024\/05\/DSC01756-1024x768.jpg 1024w, https:\/\/www.turismolapernia.com\/wp-content\/uploads\/2024\/05\/DSC01756-768x576.jpg 768w, https:\/\/www.turismolapernia.com\/wp-content\/uploads\/2024\/05\/DSC01756-16x12.jpg 16w, https:\/\/www.turismolapernia.com\/wp-content\/uploads\/2024\/05\/DSC01756.jpg 1396w\" sizes=\"auto, 100vw\" \/>\t\t\t\t\t\t\t\t\t\t\t\t\t\t\t<\/div>\n\t\t\t\t<\/div>\n\t\t\t\t\t<\/div>\n\t\t<\/div>\n\t\t\t\t<div class=\"elementor-column elementor-col-33 elementor-top-column elementor-element elementor-element-8a7e418\" data-id=\"8a7e418\" data-element_type=\"column\">\n\t\t\t<div class=\"elementor-widget-wrap elementor-element-populated\">\n\t\t\t\t\t\t\t\t<div class=\"elementor-element elementor-element-36fed96 elementor-widget elementor-widget-image\" data-id=\"36fed96\" data-element_type=\"widget\" data-widget_type=\"image.default\">\n\t\t\t\t<div class=\"elementor-widget-container\">\n\t\t\t\t\t\t\t\t\t\t\t\t\t\t\t<img loading=\"lazy\" decoding=\"async\" width=\"300\" height=\"225\" src=\"https:\/\/www.turismolapernia.com\/wp-content\/uploads\/2024\/05\/DSC01753-01-300x225.jpeg\" class=\"attachment-medium size-medium\" alt=\"\" srcset=\"https:\/\/www.turismolapernia.com\/wp-content\/uploads\/2024\/05\/DSC01753-01-300x225.jpeg 300w, https:\/\/www.turismolapernia.com\/wp-content\/uploads\/2024\/05\/DSC01753-01-1024x768.jpeg 1024w, https:\/\/www.turismolapernia.com\/wp-content\/uploads\/2024\/05\/DSC01753-01-768x576.jpeg 768w, https:\/\/www.turismolapernia.com\/wp-content\/uploads\/2024\/05\/DSC01753-01-16x12.jpeg 16w, https:\/\/www.turismolapernia.com\/wp-content\/uploads\/2024\/05\/DSC01753-01.jpeg 1296w\" sizes=\"auto, 100vw\" \/>\t\t\t\t\t\t\t\t\t\t\t\t\t\t\t<\/div>\n\t\t\t\t<\/div>\n\t\t\t\t\t<\/div>\n\t\t<\/div>\n\t\t\t\t<div class=\"elementor-column elementor-col-33 elementor-top-column elementor-element elementor-element-68f968c\" data-id=\"68f968c\" data-element_type=\"column\">\n\t\t\t<div class=\"elementor-widget-wrap elementor-element-populated\">\n\t\t\t\t\t\t\t\t<div class=\"elementor-element elementor-element-613172d elementor-widget elementor-widget-image\" data-id=\"613172d\" data-element_type=\"widget\" data-widget_type=\"image.default\">\n\t\t\t\t<div class=\"elementor-widget-container\">\n\t\t\t\t\t\t\t\t\t\t\t\t\t\t\t<img loading=\"lazy\" decoding=\"async\" width=\"300\" height=\"225\" src=\"https:\/\/www.turismolapernia.com\/wp-content\/uploads\/2024\/05\/DSC01726-01-300x225.jpeg\" class=\"attachment-medium size-medium\" alt=\"\" srcset=\"https:\/\/www.turismolapernia.com\/wp-content\/uploads\/2024\/05\/DSC01726-01-300x225.jpeg 300w, https:\/\/www.turismolapernia.com\/wp-content\/uploads\/2024\/05\/DSC01726-01-1024x768.jpeg 1024w, https:\/\/www.turismolapernia.com\/wp-content\/uploads\/2024\/05\/DSC01726-01-768x576.jpeg 768w, https:\/\/www.turismolapernia.com\/wp-content\/uploads\/2024\/05\/DSC01726-01-16x12.jpeg 16w, https:\/\/www.turismolapernia.com\/wp-content\/uploads\/2024\/05\/DSC01726-01.jpeg 1296w\" sizes=\"auto, 100vw\" \/>\t\t\t\t\t\t\t\t\t\t\t\t\t\t\t<\/div>\n\t\t\t\t<\/div>\n\t\t\t\t\t<\/div>\n\t\t<\/div>\n\t\t\t\t\t\t\t<\/div>\n\t\t<\/section>\n\t\t\t\t\t\t<\/div>\n\t\t\t\t\t<\/div>","protected":false},"excerpt":{"rendered":"<p>Mirador de la Leyenda. Senda de La Venganza del Conde (La Pern\u00eda, Monta\u00f1a Palentina) La Junta de Castilla y Le\u00f3n, junto con la Fundaci\u00f3n Patrimonio Natural, han dado por finalizados recientemente los trabajos de ejecuci\u00f3n de la senda de La Venganza del Conde en La Pern\u00eda, dentro del Parque Natural Monta\u00f1a Palentina.\u00a0La nueva ruta, con &hellip; <\/p>\n<p class=\"link-more\"><a href=\"https:\/\/www.turismolapernia.com\/en\/noticias-pernia\/una-nueva-ruta-en-la-pernia-rememora-la-leyenda-de-la-venganza-del-conde\/\" class=\"more-link\">Continue reading<span class=\"screen-reader-text\"> &#8220;Una nueva ruta en La Pern\u00eda rememora la leyenda de La Venganza del Conde&#8221;<\/span><\/a><\/p>","protected":false},"author":1,"featured_media":17188,"comment_status":"open","ping_status":"open","sticky":false,"template":"","format":"standard","meta":{"footnotes":""},"categories":[13],"tags":[],"class_list":["post-17447","post","type-post","status-publish","format-standard","has-post-thumbnail","hentry","category-noticias-pernia"],"yoast_head":"<!-- This site is optimized with the Yoast SEO plugin v23.5 - https:\/\/yoast.com\/wordpress\/plugins\/seo\/ -->\n<title>Una nueva ruta en La Pern\u00eda rememora la leyenda de La Venganza del Conde | Turismo La Pern\u00eda<\/title>\n<meta name=\"robots\" content=\"index, follow, max-snippet:-1, max-image-preview:large, max-video-preview:-1\" \/>\n<link rel=\"canonical\" href=\"https:\/\/www.turismolapernia.com\/en\/noticias-pernia\/una-nueva-ruta-en-la-pernia-rememora-la-leyenda-de-la-venganza-del-conde\/\" \/>\n<meta property=\"og:locale\" content=\"en_GB\" \/>\n<meta property=\"og:type\" content=\"article\" \/>\n<meta property=\"og:title\" content=\"Una nueva ruta en La Pern\u00eda rememora la leyenda de La Venganza del Conde | Turismo La Pern\u00eda\" \/>\n<meta property=\"og:description\" content=\"Mirador de la Leyenda. Senda de La Venganza del Conde (La Pern\u00eda, Monta\u00f1a Palentina) La Junta de Castilla y Le\u00f3n, junto con la Fundaci\u00f3n Patrimonio Natural, han dado por finalizados recientemente los trabajos de ejecuci\u00f3n de la senda de La Venganza del Conde en La Pern\u00eda, dentro del Parque Natural Monta\u00f1a Palentina.\u00a0La nueva ruta, con &hellip; Continue reading &quot;Una nueva ruta en La Pern\u00eda rememora la leyenda de La Venganza del Conde&quot;\" \/>\n<meta property=\"og:url\" content=\"https:\/\/www.turismolapernia.com\/en\/noticias-pernia\/una-nueva-ruta-en-la-pernia-rememora-la-leyenda-de-la-venganza-del-conde\/\" \/>\n<meta property=\"og:site_name\" content=\"Turismo La Pern\u00eda\" \/>\n<meta property=\"article:publisher\" content=\"https:\/\/www.facebook.com\/turismolapernia\/\" \/>\n<meta property=\"article:published_time\" content=\"2024-05-16T09:11:53+00:00\" \/>\n<meta property=\"article:modified_time\" content=\"2024-05-16T11:15:12+00:00\" \/>\n<meta property=\"og:image\" content=\"https:\/\/www.turismolapernia.com\/wp-content\/uploads\/2024\/05\/DSC01742-01.jpeg\" \/>\n\t<meta property=\"og:image:width\" content=\"1725\" \/>\n\t<meta property=\"og:image:height\" content=\"1296\" \/>\n\t<meta property=\"og:image:type\" content=\"image\/jpeg\" \/>\n<meta name=\"author\" content=\"admin\" \/>\n<meta name=\"twitter:card\" content=\"summary_large_image\" \/>\n<meta name=\"twitter:label1\" content=\"Written by\" \/>\n\t<meta name=\"twitter:data1\" content=\"admin\" \/>\n\t<meta name=\"twitter:label2\" content=\"Estimated reading time\" \/>\n\t<meta name=\"twitter:data2\" content=\"3 minutes\" \/>\n<script type=\"application\/ld+json\" class=\"yoast-schema-graph\">{\"@context\":\"https:\/\/schema.org\",\"@graph\":[{\"@type\":\"Article\",\"@id\":\"https:\/\/www.turismolapernia.com\/noticias-pernia\/una-nueva-ruta-en-la-pernia-rememora-la-leyenda-de-la-venganza-del-conde\/#article\",\"isPartOf\":{\"@id\":\"https:\/\/www.turismolapernia.com\/noticias-pernia\/una-nueva-ruta-en-la-pernia-rememora-la-leyenda-de-la-venganza-del-conde\/\"},\"author\":{\"name\":\"admin\",\"@id\":\"https:\/\/www.turismolapernia.com\/#\/schema\/person\/5d5ac032f7e9064c5ce073bbe3564340\"},\"headline\":\"Una nueva ruta en La Pern\u00eda rememora la leyenda de La Venganza del Conde\",\"datePublished\":\"2024-05-16T09:11:53+00:00\",\"dateModified\":\"2024-05-16T11:15:12+00:00\",\"mainEntityOfPage\":{\"@id\":\"https:\/\/www.turismolapernia.com\/noticias-pernia\/una-nueva-ruta-en-la-pernia-rememora-la-leyenda-de-la-venganza-del-conde\/\"},\"wordCount\":534,\"commentCount\":0,\"publisher\":{\"@id\":\"https:\/\/www.turismolapernia.com\/#organization\"},\"image\":{\"@id\":\"https:\/\/www.turismolapernia.com\/noticias-pernia\/una-nueva-ruta-en-la-pernia-rememora-la-leyenda-de-la-venganza-del-conde\/#primaryimage\"},\"thumbnailUrl\":\"https:\/\/www.turismolapernia.com\/wp-content\/uploads\/2024\/05\/DSC01742-01.jpeg\",\"articleSection\":[\"Noticias\"],\"inLanguage\":\"en-GB\",\"potentialAction\":[{\"@type\":\"CommentAction\",\"name\":\"Comment\",\"target\":[\"https:\/\/www.turismolapernia.com\/noticias-pernia\/una-nueva-ruta-en-la-pernia-rememora-la-leyenda-de-la-venganza-del-conde\/#respond\"]}]},{\"@type\":\"WebPage\",\"@id\":\"https:\/\/www.turismolapernia.com\/noticias-pernia\/una-nueva-ruta-en-la-pernia-rememora-la-leyenda-de-la-venganza-del-conde\/\",\"url\":\"https:\/\/www.turismolapernia.com\/noticias-pernia\/una-nueva-ruta-en-la-pernia-rememora-la-leyenda-de-la-venganza-del-conde\/\",\"name\":\"Una nueva ruta en La Pern\u00eda rememora la leyenda de La Venganza del Conde | Turismo La Pern\u00eda\",\"isPartOf\":{\"@id\":\"https:\/\/www.turismolapernia.com\/#website\"},\"primaryImageOfPage\":{\"@id\":\"https:\/\/www.turismolapernia.com\/noticias-pernia\/una-nueva-ruta-en-la-pernia-rememora-la-leyenda-de-la-venganza-del-conde\/#primaryimage\"},\"image\":{\"@id\":\"https:\/\/www.turismolapernia.com\/noticias-pernia\/una-nueva-ruta-en-la-pernia-rememora-la-leyenda-de-la-venganza-del-conde\/#primaryimage\"},\"thumbnailUrl\":\"https:\/\/www.turismolapernia.com\/wp-content\/uploads\/2024\/05\/DSC01742-01.jpeg\",\"datePublished\":\"2024-05-16T09:11:53+00:00\",\"dateModified\":\"2024-05-16T11:15:12+00:00\",\"breadcrumb\":{\"@id\":\"https:\/\/www.turismolapernia.com\/noticias-pernia\/una-nueva-ruta-en-la-pernia-rememora-la-leyenda-de-la-venganza-del-conde\/#breadcrumb\"},\"inLanguage\":\"en-GB\",\"potentialAction\":[{\"@type\":\"ReadAction\",\"target\":[\"https:\/\/www.turismolapernia.com\/noticias-pernia\/una-nueva-ruta-en-la-pernia-rememora-la-leyenda-de-la-venganza-del-conde\/\"]}]},{\"@type\":\"ImageObject\",\"inLanguage\":\"en-GB\",\"@id\":\"https:\/\/www.turismolapernia.com\/noticias-pernia\/una-nueva-ruta-en-la-pernia-rememora-la-leyenda-de-la-venganza-del-conde\/#primaryimage\",\"url\":\"https:\/\/www.turismolapernia.com\/wp-content\/uploads\/2024\/05\/DSC01742-01.jpeg\",\"contentUrl\":\"https:\/\/www.turismolapernia.com\/wp-content\/uploads\/2024\/05\/DSC01742-01.jpeg\",\"width\":1725,\"height\":1296},{\"@type\":\"BreadcrumbList\",\"@id\":\"https:\/\/www.turismolapernia.com\/noticias-pernia\/una-nueva-ruta-en-la-pernia-rememora-la-leyenda-de-la-venganza-del-conde\/#breadcrumb\",\"itemListElement\":[{\"@type\":\"ListItem\",\"position\":1,\"name\":\"La Pern\u00eda\",\"item\":\"https:\/\/www.turismolapernia.com\/\"},{\"@type\":\"ListItem\",\"position\":2,\"name\":\"Una nueva ruta en La Pern\u00eda rememora la leyenda de La Venganza del Conde\"}]},{\"@type\":\"WebSite\",\"@id\":\"https:\/\/www.turismolapernia.com\/#website\",\"url\":\"https:\/\/www.turismolapernia.com\/\",\"name\":\"Turismo La Pern\u00eda\",\"description\":\"Monta\u00f1a Palentina\",\"publisher\":{\"@id\":\"https:\/\/www.turismolapernia.com\/#organization\"},\"potentialAction\":[{\"@type\":\"SearchAction\",\"target\":{\"@type\":\"EntryPoint\",\"urlTemplate\":\"https:\/\/www.turismolapernia.com\/?s={search_term_string}\"},\"query-input\":{\"@type\":\"PropertyValueSpecification\",\"valueRequired\":true,\"valueName\":\"search_term_string\"}}],\"inLanguage\":\"en-GB\"},{\"@type\":\"Organization\",\"@id\":\"https:\/\/www.turismolapernia.com\/#organization\",\"name\":\"Turismo La Pern\u00eda\",\"url\":\"https:\/\/www.turismolapernia.com\/\",\"logo\":{\"@type\":\"ImageObject\",\"inLanguage\":\"en-GB\",\"@id\":\"https:\/\/www.turismolapernia.com\/#\/schema\/logo\/image\/\",\"url\":\"https:\/\/www.turismolapernia.com\/wp-content\/uploads\/2021\/12\/cropped-logo-CRV-Pernia-perfil.jpg\",\"contentUrl\":\"https:\/\/www.turismolapernia.com\/wp-content\/uploads\/2021\/12\/cropped-logo-CRV-Pernia-perfil.jpg\",\"width\":512,\"height\":512,\"caption\":\"Turismo La Pern\u00eda\"},\"image\":{\"@id\":\"https:\/\/www.turismolapernia.com\/#\/schema\/logo\/image\/\"},\"sameAs\":[\"https:\/\/www.facebook.com\/turismolapernia\/\",\"https:\/\/www.instagram.com\/turismolapernia\/\"]},{\"@type\":\"Person\",\"@id\":\"https:\/\/www.turismolapernia.com\/#\/schema\/person\/5d5ac032f7e9064c5ce073bbe3564340\",\"name\":\"admin\",\"image\":{\"@type\":\"ImageObject\",\"inLanguage\":\"en-GB\",\"@id\":\"https:\/\/www.turismolapernia.com\/#\/schema\/person\/image\/\",\"url\":\"https:\/\/secure.gravatar.com\/avatar\/fe87fc43b218a52a79b72dddcb95d45fcdca0048b80712e6d20925a50f267165?s=96&d=mm&r=g\",\"contentUrl\":\"https:\/\/secure.gravatar.com\/avatar\/fe87fc43b218a52a79b72dddcb95d45fcdca0048b80712e6d20925a50f267165?s=96&d=mm&r=g\",\"caption\":\"admin\"}}]}<\/script>\n<!-- \/ Yoast SEO plugin. -->","yoast_head_json":{"title":"Una nueva ruta en La Pern\u00eda rememora la leyenda de La Venganza del Conde | Turismo La Pern\u00eda","robots":{"index":"index","follow":"follow","max-snippet":"max-snippet:-1","max-image-preview":"max-image-preview:large","max-video-preview":"max-video-preview:-1"},"canonical":"https:\/\/www.turismolapernia.com\/en\/noticias-pernia\/una-nueva-ruta-en-la-pernia-rememora-la-leyenda-de-la-venganza-del-conde\/","og_locale":"en_GB","og_type":"article","og_title":"Una nueva ruta en La Pern\u00eda rememora la leyenda de La Venganza del Conde | Turismo La Pern\u00eda","og_description":"Mirador de la Leyenda. Senda de La Venganza del Conde (La Pern\u00eda, Monta\u00f1a Palentina) La Junta de Castilla y Le\u00f3n, junto con la Fundaci\u00f3n Patrimonio Natural, han dado por finalizados recientemente los trabajos de ejecuci\u00f3n de la senda de La Venganza del Conde en La Pern\u00eda, dentro del Parque Natural Monta\u00f1a Palentina.\u00a0La nueva ruta, con &hellip; Continue reading \"Una nueva ruta en La Pern\u00eda rememora la leyenda de La Venganza del Conde\"","og_url":"https:\/\/www.turismolapernia.com\/en\/noticias-pernia\/una-nueva-ruta-en-la-pernia-rememora-la-leyenda-de-la-venganza-del-conde\/","og_site_name":"Turismo La Pern\u00eda","article_publisher":"https:\/\/www.facebook.com\/turismolapernia\/","article_published_time":"2024-05-16T09:11:53+00:00","article_modified_time":"2024-05-16T11:15:12+00:00","og_image":[{"width":1725,"height":1296,"url":"https:\/\/www.turismolapernia.com\/wp-content\/uploads\/2024\/05\/DSC01742-01.jpeg","type":"image\/jpeg"}],"author":"admin","twitter_card":"summary_large_image","twitter_misc":{"Written by":"admin","Estimated reading time":"3 minutes"},"schema":{"@context":"https:\/\/schema.org","@graph":[{"@type":"Article","@id":"https:\/\/www.turismolapernia.com\/noticias-pernia\/una-nueva-ruta-en-la-pernia-rememora-la-leyenda-de-la-venganza-del-conde\/#article","isPartOf":{"@id":"https:\/\/www.turismolapernia.com\/noticias-pernia\/una-nueva-ruta-en-la-pernia-rememora-la-leyenda-de-la-venganza-del-conde\/"},"author":{"name":"admin","@id":"https:\/\/www.turismolapernia.com\/#\/schema\/person\/5d5ac032f7e9064c5ce073bbe3564340"},"headline":"Una nueva ruta en La Pern\u00eda rememora la leyenda de La Venganza del Conde","datePublished":"2024-05-16T09:11:53+00:00","dateModified":"2024-05-16T11:15:12+00:00","mainEntityOfPage":{"@id":"https:\/\/www.turismolapernia.com\/noticias-pernia\/una-nueva-ruta-en-la-pernia-rememora-la-leyenda-de-la-venganza-del-conde\/"},"wordCount":534,"commentCount":0,"publisher":{"@id":"https:\/\/www.turismolapernia.com\/#organization"},"image":{"@id":"https:\/\/www.turismolapernia.com\/noticias-pernia\/una-nueva-ruta-en-la-pernia-rememora-la-leyenda-de-la-venganza-del-conde\/#primaryimage"},"thumbnailUrl":"https:\/\/www.turismolapernia.com\/wp-content\/uploads\/2024\/05\/DSC01742-01.jpeg","articleSection":["Noticias"],"inLanguage":"en-GB","potentialAction":[{"@type":"CommentAction","name":"Comment","target":["https:\/\/www.turismolapernia.com\/noticias-pernia\/una-nueva-ruta-en-la-pernia-rememora-la-leyenda-de-la-venganza-del-conde\/#respond"]}]},{"@type":"WebPage","@id":"https:\/\/www.turismolapernia.com\/noticias-pernia\/una-nueva-ruta-en-la-pernia-rememora-la-leyenda-de-la-venganza-del-conde\/","url":"https:\/\/www.turismolapernia.com\/noticias-pernia\/una-nueva-ruta-en-la-pernia-rememora-la-leyenda-de-la-venganza-del-conde\/","name":"Una nueva ruta en La Pern\u00eda rememora la leyenda de La Venganza del Conde | Turismo La Pern\u00eda","isPartOf":{"@id":"https:\/\/www.turismolapernia.com\/#website"},"primaryImageOfPage":{"@id":"https:\/\/www.turismolapernia.com\/noticias-pernia\/una-nueva-ruta-en-la-pernia-rememora-la-leyenda-de-la-venganza-del-conde\/#primaryimage"},"image":{"@id":"https:\/\/www.turismolapernia.com\/noticias-pernia\/una-nueva-ruta-en-la-pernia-rememora-la-leyenda-de-la-venganza-del-conde\/#primaryimage"},"thumbnailUrl":"https:\/\/www.turismolapernia.com\/wp-content\/uploads\/2024\/05\/DSC01742-01.jpeg","datePublished":"2024-05-16T09:11:53+00:00","dateModified":"2024-05-16T11:15:12+00:00","breadcrumb":{"@id":"https:\/\/www.turismolapernia.com\/noticias-pernia\/una-nueva-ruta-en-la-pernia-rememora-la-leyenda-de-la-venganza-del-conde\/#breadcrumb"},"inLanguage":"en-GB","potentialAction":[{"@type":"ReadAction","target":["https:\/\/www.turismolapernia.com\/noticias-pernia\/una-nueva-ruta-en-la-pernia-rememora-la-leyenda-de-la-venganza-del-conde\/"]}]},{"@type":"ImageObject","inLanguage":"en-GB","@id":"https:\/\/www.turismolapernia.com\/noticias-pernia\/una-nueva-ruta-en-la-pernia-rememora-la-leyenda-de-la-venganza-del-conde\/#primaryimage","url":"https:\/\/www.turismolapernia.com\/wp-content\/uploads\/2024\/05\/DSC01742-01.jpeg","contentUrl":"https:\/\/www.turismolapernia.com\/wp-content\/uploads\/2024\/05\/DSC01742-01.jpeg","width":1725,"height":1296},{"@type":"BreadcrumbList","@id":"https:\/\/www.turismolapernia.com\/noticias-pernia\/una-nueva-ruta-en-la-pernia-rememora-la-leyenda-de-la-venganza-del-conde\/#breadcrumb","itemListElement":[{"@type":"ListItem","position":1,"name":"La Pern\u00eda","item":"https:\/\/www.turismolapernia.com\/"},{"@type":"ListItem","position":2,"name":"Una nueva ruta en La Pern\u00eda rememora la leyenda de La Venganza del Conde"}]},{"@type":"WebSite","@id":"https:\/\/www.turismolapernia.com\/#website","url":"https:\/\/www.turismolapernia.com\/","name":"Turismo La Pern\u00eda","description":"Monta\u00f1a Palentina","publisher":{"@id":"https:\/\/www.turismolapernia.com\/#organization"},"potentialAction":[{"@type":"SearchAction","target":{"@type":"EntryPoint","urlTemplate":"https:\/\/www.turismolapernia.com\/?s={search_term_string}"},"query-input":{"@type":"PropertyValueSpecification","valueRequired":true,"valueName":"search_term_string"}}],"inLanguage":"en-GB"},{"@type":"Organization","@id":"https:\/\/www.turismolapernia.com\/#organization","name":"Turismo La Pern\u00eda","url":"https:\/\/www.turismolapernia.com\/","logo":{"@type":"ImageObject","inLanguage":"en-GB","@id":"https:\/\/www.turismolapernia.com\/#\/schema\/logo\/image\/","url":"https:\/\/www.turismolapernia.com\/wp-content\/uploads\/2021\/12\/cropped-logo-CRV-Pernia-perfil.jpg","contentUrl":"https:\/\/www.turismolapernia.com\/wp-content\/uploads\/2021\/12\/cropped-logo-CRV-Pernia-perfil.jpg","width":512,"height":512,"caption":"Turismo La Pern\u00eda"},"image":{"@id":"https:\/\/www.turismolapernia.com\/#\/schema\/logo\/image\/"},"sameAs":["https:\/\/www.facebook.com\/turismolapernia\/","https:\/\/www.instagram.com\/turismolapernia\/"]},{"@type":"Person","@id":"https:\/\/www.turismolapernia.com\/#\/schema\/person\/5d5ac032f7e9064c5ce073bbe3564340","name":"admin","image":{"@type":"ImageObject","inLanguage":"en-GB","@id":"https:\/\/www.turismolapernia.com\/#\/schema\/person\/image\/","url":"https:\/\/secure.gravatar.com\/avatar\/fe87fc43b218a52a79b72dddcb95d45fcdca0048b80712e6d20925a50f267165?s=96&d=mm&r=g","contentUrl":"https:\/\/secure.gravatar.com\/avatar\/fe87fc43b218a52a79b72dddcb95d45fcdca0048b80712e6d20925a50f267165?s=96&d=mm&r=g","caption":"admin"}}]}},"_links":{"self":[{"href":"https:\/\/www.turismolapernia.com\/en\/wp-json\/wp\/v2\/posts\/17447","targetHints":{"allow":["GET"]}}],"collection":[{"href":"https:\/\/www.turismolapernia.com\/en\/wp-json\/wp\/v2\/posts"}],"about":[{"href":"https:\/\/www.turismolapernia.com\/en\/wp-json\/wp\/v2\/types\/post"}],"author":[{"embeddable":true,"href":"https:\/\/www.turismolapernia.com\/en\/wp-json\/wp\/v2\/users\/1"}],"replies":[{"embeddable":true,"href":"https:\/\/www.turismolapernia.com\/en\/wp-json\/wp\/v2\/comments?post=17447"}],"version-history":[{"count":49,"href":"https:\/\/www.turismolapernia.com\/en\/wp-json\/wp\/v2\/posts\/17447\/revisions"}],"predecessor-version":[{"id":17504,"href":"https:\/\/www.turismolapernia.com\/en\/wp-json\/wp\/v2\/posts\/17447\/revisions\/17504"}],"wp:featuredmedia":[{"embeddable":true,"href":"https:\/\/www.turismolapernia.com\/en\/wp-json\/wp\/v2\/media\/17188"}],"wp:attachment":[{"href":"https:\/\/www.turismolapernia.com\/en\/wp-json\/wp\/v2\/media?parent=17447"}],"wp:term":[{"taxonomy":"category","embeddable":true,"href":"https:\/\/www.turismolapernia.com\/en\/wp-json\/wp\/v2\/categories?post=17447"},{"taxonomy":"post_tag","embeddable":true,"href":"https:\/\/www.turismolapernia.com\/en\/wp-json\/wp\/v2\/tags?post=17447"}],"curies":[{"name":"wp","href":"https:\/\/api.w.org\/{rel}","templated":true}]}}