{"id":16981,"date":"2024-02-03T23:13:59","date_gmt":"2024-02-03T22:13:59","guid":{"rendered":"https:\/\/www.turismolapernia.com\/?p=16981"},"modified":"2024-02-04T00:53:19","modified_gmt":"2024-02-03T23:53:19","slug":"lores-recupera-su-tradicional-fiesta-de-las-candelas","status":"publish","type":"post","link":"https:\/\/www.turismolapernia.com\/en\/noticias-pernia\/lores-recupera-su-tradicional-fiesta-de-las-candelas\/","title":{"rendered":"Lores recupera su tradicional fiesta de Las Candelas"},"content":{"rendered":"<div data-elementor-type=\"wp-post\" data-elementor-id=\"16981\" class=\"elementor elementor-16981\" data-elementor-settings=\"[]\">\n\t\t\t\t\t\t\t<div class=\"elementor-section-wrap\">\n\t\t\t\t\t\t\t<section class=\"elementor-section elementor-top-section elementor-element elementor-element-6b89768 elementor-section-boxed elementor-section-height-default elementor-section-height-default\" data-id=\"6b89768\" data-element_type=\"section\">\n\t\t\t\t\t\t<div class=\"elementor-container elementor-column-gap-default\">\n\t\t\t\t\t<div class=\"elementor-column elementor-col-50 elementor-top-column elementor-element elementor-element-349c16d\" data-id=\"349c16d\" data-element_type=\"column\">\n\t\t\t<div class=\"elementor-widget-wrap elementor-element-populated\">\n\t\t\t\t\t\t\t\t<div class=\"elementor-element elementor-element-07f3b52 elementor-widget elementor-widget-image\" data-id=\"07f3b52\" data-element_type=\"widget\" data-widget_type=\"image.default\">\n\t\t\t\t<div class=\"elementor-widget-container\">\n\t\t\t\t\t\t\t\t\t\t\t\t<figure class=\"wp-caption\">\n\t\t\t\t\t\t\t\t\t\t<img loading=\"lazy\" decoding=\"async\" width=\"525\" height=\"394\" src=\"https:\/\/www.turismolapernia.com\/wp-content\/uploads\/2024\/02\/DSC08829-768x576.jpg\" class=\"attachment-medium_large size-medium_large\" alt=\"\" srcset=\"https:\/\/www.turismolapernia.com\/wp-content\/uploads\/2024\/02\/DSC08829-768x576.jpg 768w, https:\/\/www.turismolapernia.com\/wp-content\/uploads\/2024\/02\/DSC08829-300x225.jpg 300w, https:\/\/www.turismolapernia.com\/wp-content\/uploads\/2024\/02\/DSC08829-1024x768.jpg 1024w, https:\/\/www.turismolapernia.com\/wp-content\/uploads\/2024\/02\/DSC08829-1536x1152.jpg 1536w, https:\/\/www.turismolapernia.com\/wp-content\/uploads\/2024\/02\/DSC08829-2048x1536.jpg 2048w, https:\/\/www.turismolapernia.com\/wp-content\/uploads\/2024\/02\/DSC08829-16x12.jpg 16w\" sizes=\"auto, 100vw\" \/>\t\t\t\t\t\t\t\t\t\t\t<figcaption class=\"widget-image-caption wp-caption-text\">Ramo de rosquillas de Lores<\/figcaption>\n\t\t\t\t\t\t\t\t\t\t<\/figure>\n\t\t\t\t\t\t\t\t\t<\/div>\n\t\t\t\t<\/div>\n\t\t\t\t\t<\/div>\n\t\t<\/div>\n\t\t\t\t<div class=\"elementor-column elementor-col-50 elementor-top-column elementor-element elementor-element-6343571\" data-id=\"6343571\" data-element_type=\"column\">\n\t\t\t<div class=\"elementor-widget-wrap elementor-element-populated\">\n\t\t\t\t\t\t\t\t<div class=\"elementor-element elementor-element-00f5707 elementor-widget elementor-widget-text-editor\" data-id=\"00f5707\" data-element_type=\"widget\" data-widget_type=\"text-editor.default\">\n\t\t\t\t<div class=\"elementor-widget-container\">\n\t\t\t\t\t\t\t<p>El d\u00eda de Las Candelas, 2 de febrero, sol\u00eda celebrarse en Lores una de las fiestas de invierno m\u00e1s destacadas de La Pern\u00eda y de toda la Monta\u00f1a Palentina.<\/p><p>Este d\u00eda, era tradici\u00f3n elaborar un ramo de rosquillas que se llevaba a la iglesia del pueblo y despu\u00e9s se rifaba por toda la comarca.<\/p><p>\u00a0<\/p><p>Especial fama adquirieron las rosquillas de Lores en todo el entorno, por su incomparable sabor, y cuya receta a\u00fan guardan con estima algunas personas de la localidad.<\/p>\t\t\t\t\t\t<\/div>\n\t\t\t\t<\/div>\n\t\t\t\t\t<\/div>\n\t\t<\/div>\n\t\t\t\t\t\t\t<\/div>\n\t\t<\/section>\n\t\t\t\t<section class=\"elementor-section elementor-top-section elementor-element elementor-element-e185eb6 elementor-section-boxed elementor-section-height-default elementor-section-height-default\" data-id=\"e185eb6\" data-element_type=\"section\">\n\t\t\t\t\t\t<div class=\"elementor-container elementor-column-gap-default\">\n\t\t\t\t\t<div class=\"elementor-column elementor-col-100 elementor-top-column elementor-element elementor-element-47a5074\" data-id=\"47a5074\" data-element_type=\"column\">\n\t\t\t<div class=\"elementor-widget-wrap elementor-element-populated\">\n\t\t\t\t\t\t\t\t<div class=\"elementor-element elementor-element-1b8b223 elementor-widget elementor-widget-text-editor\" data-id=\"1b8b223\" data-element_type=\"widget\" data-widget_type=\"text-editor.default\">\n\t\t\t\t<div class=\"elementor-widget-container\">\n\t\t\t\t\t\t\t<p>Tras 56 a\u00f1os sin celebrarse la festividad de Las Candelas en Lores, este a\u00f1o, sus vecinos, en un encomiable empe\u00f1o por recuperar la tradici\u00f3n, se han vuelto a reunir en torno a esta celebraci\u00f3n, en la que, como no pod\u00eda ser de otro modo, no han faltado las rosquillas.<\/p>\t\t\t\t\t\t<\/div>\n\t\t\t\t<\/div>\n\t\t\t\t\t<\/div>\n\t\t<\/div>\n\t\t\t\t\t\t\t<\/div>\n\t\t<\/section>\n\t\t\t\t<section class=\"elementor-section elementor-top-section elementor-element elementor-element-06746f6 elementor-section-boxed elementor-section-height-default elementor-section-height-default\" data-id=\"06746f6\" data-element_type=\"section\">\n\t\t\t\t\t\t<div class=\"elementor-container elementor-column-gap-default\">\n\t\t\t\t\t<div class=\"elementor-column elementor-col-33 elementor-top-column elementor-element elementor-element-10f3528\" data-id=\"10f3528\" data-element_type=\"column\">\n\t\t\t<div class=\"elementor-widget-wrap elementor-element-populated\">\n\t\t\t\t\t\t\t\t<div class=\"elementor-element elementor-element-777e37a elementor-widget elementor-widget-image\" data-id=\"777e37a\" data-element_type=\"widget\" data-widget_type=\"image.default\">\n\t\t\t\t<div class=\"elementor-widget-container\">\n\t\t\t\t\t\t\t\t\t\t\t\t\t\t\t<img loading=\"lazy\" decoding=\"async\" width=\"300\" height=\"223\" src=\"https:\/\/www.turismolapernia.com\/wp-content\/uploads\/2024\/02\/DSC08831-01-300x223.jpeg\" class=\"attachment-medium size-medium\" alt=\"\" srcset=\"https:\/\/www.turismolapernia.com\/wp-content\/uploads\/2024\/02\/DSC08831-01-300x223.jpeg 300w, https:\/\/www.turismolapernia.com\/wp-content\/uploads\/2024\/02\/DSC08831-01-1024x762.jpeg 1024w, https:\/\/www.turismolapernia.com\/wp-content\/uploads\/2024\/02\/DSC08831-01-768x572.jpeg 768w, https:\/\/www.turismolapernia.com\/wp-content\/uploads\/2024\/02\/DSC08831-01-1536x1143.jpeg 1536w, https:\/\/www.turismolapernia.com\/wp-content\/uploads\/2024\/02\/DSC08831-01-2048x1524.jpeg 2048w, https:\/\/www.turismolapernia.com\/wp-content\/uploads\/2024\/02\/DSC08831-01-16x12.jpeg 16w\" sizes=\"auto, 100vw\" \/>\t\t\t\t\t\t\t\t\t\t\t\t\t\t\t<\/div>\n\t\t\t\t<\/div>\n\t\t\t\t\t<\/div>\n\t\t<\/div>\n\t\t\t\t<div class=\"elementor-column elementor-col-33 elementor-top-column elementor-element elementor-element-a86e977\" data-id=\"a86e977\" data-element_type=\"column\">\n\t\t\t<div class=\"elementor-widget-wrap elementor-element-populated\">\n\t\t\t\t\t\t\t\t<div class=\"elementor-element elementor-element-ace721b elementor-widget elementor-widget-image\" data-id=\"ace721b\" data-element_type=\"widget\" data-widget_type=\"image.default\">\n\t\t\t\t<div class=\"elementor-widget-container\">\n\t\t\t\t\t\t\t\t\t\t\t\t\t\t\t<img loading=\"lazy\" decoding=\"async\" width=\"300\" height=\"225\" src=\"https:\/\/www.turismolapernia.com\/wp-content\/uploads\/2024\/02\/DSC08839-300x225.jpg\" class=\"attachment-medium size-medium\" alt=\"\" srcset=\"https:\/\/www.turismolapernia.com\/wp-content\/uploads\/2024\/02\/DSC08839-300x225.jpg 300w, https:\/\/www.turismolapernia.com\/wp-content\/uploads\/2024\/02\/DSC08839-1024x768.jpg 1024w, https:\/\/www.turismolapernia.com\/wp-content\/uploads\/2024\/02\/DSC08839-768x576.jpg 768w, https:\/\/www.turismolapernia.com\/wp-content\/uploads\/2024\/02\/DSC08839-1536x1152.jpg 1536w, https:\/\/www.turismolapernia.com\/wp-content\/uploads\/2024\/02\/DSC08839-2048x1536.jpg 2048w, https:\/\/www.turismolapernia.com\/wp-content\/uploads\/2024\/02\/DSC08839-16x12.jpg 16w\" sizes=\"auto, 100vw\" \/>\t\t\t\t\t\t\t\t\t\t\t\t\t\t\t<\/div>\n\t\t\t\t<\/div>\n\t\t\t\t\t<\/div>\n\t\t<\/div>\n\t\t\t\t<div class=\"elementor-column elementor-col-33 elementor-top-column elementor-element elementor-element-44382d1\" data-id=\"44382d1\" data-element_type=\"column\">\n\t\t\t<div class=\"elementor-widget-wrap elementor-element-populated\">\n\t\t\t\t\t\t\t\t<div class=\"elementor-element elementor-element-c4688de elementor-widget elementor-widget-image\" data-id=\"c4688de\" data-element_type=\"widget\" data-widget_type=\"image.default\">\n\t\t\t\t<div class=\"elementor-widget-container\">\n\t\t\t\t\t\t\t\t\t\t\t\t\t\t\t<img loading=\"lazy\" decoding=\"async\" width=\"300\" height=\"222\" src=\"https:\/\/www.turismolapernia.com\/wp-content\/uploads\/2024\/02\/DSC08897-01-300x222.jpeg\" class=\"attachment-medium size-medium\" alt=\"\" srcset=\"https:\/\/www.turismolapernia.com\/wp-content\/uploads\/2024\/02\/DSC08897-01-300x222.jpeg 300w, https:\/\/www.turismolapernia.com\/wp-content\/uploads\/2024\/02\/DSC08897-01-1024x756.jpeg 1024w, https:\/\/www.turismolapernia.com\/wp-content\/uploads\/2024\/02\/DSC08897-01-768x567.jpeg 768w, https:\/\/www.turismolapernia.com\/wp-content\/uploads\/2024\/02\/DSC08897-01-1536x1134.jpeg 1536w, https:\/\/www.turismolapernia.com\/wp-content\/uploads\/2024\/02\/DSC08897-01-2048x1513.jpeg 2048w, https:\/\/www.turismolapernia.com\/wp-content\/uploads\/2024\/02\/DSC08897-01-16x12.jpeg 16w\" sizes=\"auto, 100vw\" \/>\t\t\t\t\t\t\t\t\t\t\t\t\t\t\t<\/div>\n\t\t\t\t<\/div>\n\t\t\t\t\t<\/div>\n\t\t<\/div>\n\t\t\t\t\t\t\t<\/div>\n\t\t<\/section>\n\t\t\t\t<section class=\"elementor-section elementor-top-section elementor-element elementor-element-5da4949 elementor-section-boxed elementor-section-height-default elementor-section-height-default\" data-id=\"5da4949\" data-element_type=\"section\">\n\t\t\t\t\t\t<div class=\"elementor-container elementor-column-gap-default\">\n\t\t\t\t\t<div class=\"elementor-column elementor-col-100 elementor-top-column elementor-element elementor-element-51049d8\" data-id=\"51049d8\" data-element_type=\"column\">\n\t\t\t<div class=\"elementor-widget-wrap elementor-element-populated\">\n\t\t\t\t\t\t\t\t<div class=\"elementor-element elementor-element-283790a elementor-widget elementor-widget-text-editor\" data-id=\"283790a\" data-element_type=\"widget\" data-widget_type=\"text-editor.default\">\n\t\t\t\t<div class=\"elementor-widget-container\">\n\t\t\t\t\t\t\t<p>En esta ocasi\u00f3n, la festividad se ha celebrado el 3 de febrero, coincidiendo con el fin de semana m\u00e1s pr\u00f3ximo al se\u00f1alado d\u00eda, y ha atra\u00eddo un destacable n\u00famero de personas, tanto vecinos como algunos visitantes que no han querido perderse la recuperaci\u00f3n de esta fiesta.<\/p><p>\u00a0<\/p><p>El d\u00eda elegido, soleado y de temperaturas agradables, no ha podido ser m\u00e1s adecuado, y ha contrastado con lo que anta\u00f1o era habitual por estas fechas, pues la nieve sol\u00eda estar casi siempre presente por Las Candelas en Lores.<\/p><p>\u00a0<\/p><p>Los actos festivos comenzaron con una misa en la ermita de San Roque y la bendici\u00f3n del t\u00edpico ramo de rosquillas, un ramo de madera realizado por Santiago Alonso Romero y decorado con multitud de rosquillas.<\/p><p>Despu\u00e9s de la misa, se llev\u00f3 el ramo en procesi\u00f3n hasta las escuelas, donde se disfrut\u00f3 de una comida de hermandad entre los asistentes. <\/p><p>Al finalizar la comida, se procedi\u00f3 al sorteo del ramo de rosquillas mediante una rifa, como se hac\u00eda anta\u00f1o.<\/p>\t\t\t\t\t\t<\/div>\n\t\t\t\t<\/div>\n\t\t\t\t\t<\/div>\n\t\t<\/div>\n\t\t\t\t\t\t\t<\/div>\n\t\t<\/section>\n\t\t\t\t<section class=\"elementor-section elementor-top-section elementor-element elementor-element-bc3c071 elementor-section-boxed elementor-section-height-default elementor-section-height-default\" data-id=\"bc3c071\" data-element_type=\"section\">\n\t\t\t\t\t\t<div class=\"elementor-container elementor-column-gap-default\">\n\t\t\t\t\t<div class=\"elementor-column elementor-col-33 elementor-top-column elementor-element elementor-element-f6bdc34\" data-id=\"f6bdc34\" data-element_type=\"column\">\n\t\t\t<div class=\"elementor-widget-wrap elementor-element-populated\">\n\t\t\t\t\t\t\t\t<div class=\"elementor-element elementor-element-90cc682 elementor-widget elementor-widget-image\" data-id=\"90cc682\" data-element_type=\"widget\" data-widget_type=\"image.default\">\n\t\t\t\t<div class=\"elementor-widget-container\">\n\t\t\t\t\t\t\t\t\t\t\t\t\t\t\t<img loading=\"lazy\" decoding=\"async\" width=\"300\" height=\"225\" src=\"https:\/\/www.turismolapernia.com\/wp-content\/uploads\/2024\/02\/DSC08854-300x225.jpg\" class=\"attachment-medium size-medium\" alt=\"\" srcset=\"https:\/\/www.turismolapernia.com\/wp-content\/uploads\/2024\/02\/DSC08854-300x225.jpg 300w, https:\/\/www.turismolapernia.com\/wp-content\/uploads\/2024\/02\/DSC08854-1024x768.jpg 1024w, https:\/\/www.turismolapernia.com\/wp-content\/uploads\/2024\/02\/DSC08854-768x576.jpg 768w, https:\/\/www.turismolapernia.com\/wp-content\/uploads\/2024\/02\/DSC08854-1536x1152.jpg 1536w, https:\/\/www.turismolapernia.com\/wp-content\/uploads\/2024\/02\/DSC08854-2048x1536.jpg 2048w, https:\/\/www.turismolapernia.com\/wp-content\/uploads\/2024\/02\/DSC08854-16x12.jpg 16w\" sizes=\"auto, 100vw\" \/>\t\t\t\t\t\t\t\t\t\t\t\t\t\t\t<\/div>\n\t\t\t\t<\/div>\n\t\t\t\t\t<\/div>\n\t\t<\/div>\n\t\t\t\t<div class=\"elementor-column elementor-col-33 elementor-top-column elementor-element elementor-element-55e94cc\" data-id=\"55e94cc\" data-element_type=\"column\">\n\t\t\t<div class=\"elementor-widget-wrap elementor-element-populated\">\n\t\t\t\t\t\t\t\t<div class=\"elementor-element elementor-element-62a1145 elementor-widget elementor-widget-image\" data-id=\"62a1145\" data-element_type=\"widget\" data-widget_type=\"image.default\">\n\t\t\t\t<div class=\"elementor-widget-container\">\n\t\t\t\t\t\t\t\t\t\t\t\t\t\t\t<img loading=\"lazy\" decoding=\"async\" width=\"300\" height=\"220\" src=\"https:\/\/www.turismolapernia.com\/wp-content\/uploads\/2024\/02\/DSC08865-01-300x220.jpeg\" class=\"attachment-medium size-medium\" alt=\"\" srcset=\"https:\/\/www.turismolapernia.com\/wp-content\/uploads\/2024\/02\/DSC08865-01-300x220.jpeg 300w, https:\/\/www.turismolapernia.com\/wp-content\/uploads\/2024\/02\/DSC08865-01-1024x752.jpeg 1024w, https:\/\/www.turismolapernia.com\/wp-content\/uploads\/2024\/02\/DSC08865-01-768x564.jpeg 768w, https:\/\/www.turismolapernia.com\/wp-content\/uploads\/2024\/02\/DSC08865-01-1536x1128.jpeg 1536w, https:\/\/www.turismolapernia.com\/wp-content\/uploads\/2024\/02\/DSC08865-01-2048x1504.jpeg 2048w, https:\/\/www.turismolapernia.com\/wp-content\/uploads\/2024\/02\/DSC08865-01-16x12.jpeg 16w\" sizes=\"auto, 100vw\" \/>\t\t\t\t\t\t\t\t\t\t\t\t\t\t\t<\/div>\n\t\t\t\t<\/div>\n\t\t\t\t\t<\/div>\n\t\t<\/div>\n\t\t\t\t<div class=\"elementor-column elementor-col-33 elementor-top-column elementor-element elementor-element-65aa0f5\" data-id=\"65aa0f5\" data-element_type=\"column\">\n\t\t\t<div class=\"elementor-widget-wrap elementor-element-populated\">\n\t\t\t\t\t\t\t\t<div class=\"elementor-element elementor-element-9e487ca elementor-widget elementor-widget-image\" data-id=\"9e487ca\" data-element_type=\"widget\" data-widget_type=\"image.default\">\n\t\t\t\t<div class=\"elementor-widget-container\">\n\t\t\t\t\t\t\t\t\t\t\t\t\t\t\t<img loading=\"lazy\" decoding=\"async\" width=\"300\" height=\"225\" src=\"https:\/\/www.turismolapernia.com\/wp-content\/uploads\/2024\/02\/DSC08879-01-300x225.jpeg\" class=\"attachment-medium size-medium\" alt=\"\" srcset=\"https:\/\/www.turismolapernia.com\/wp-content\/uploads\/2024\/02\/DSC08879-01-300x225.jpeg 300w, https:\/\/www.turismolapernia.com\/wp-content\/uploads\/2024\/02\/DSC08879-01-1024x768.jpeg 1024w, https:\/\/www.turismolapernia.com\/wp-content\/uploads\/2024\/02\/DSC08879-01-768x576.jpeg 768w, https:\/\/www.turismolapernia.com\/wp-content\/uploads\/2024\/02\/DSC08879-01-1536x1152.jpeg 1536w, https:\/\/www.turismolapernia.com\/wp-content\/uploads\/2024\/02\/DSC08879-01-2048x1536.jpeg 2048w, https:\/\/www.turismolapernia.com\/wp-content\/uploads\/2024\/02\/DSC08879-01-16x12.jpeg 16w\" sizes=\"auto, 100vw\" \/>\t\t\t\t\t\t\t\t\t\t\t\t\t\t\t<\/div>\n\t\t\t\t<\/div>\n\t\t\t\t\t<\/div>\n\t\t<\/div>\n\t\t\t\t\t\t\t<\/div>\n\t\t<\/section>\n\t\t\t\t<section class=\"elementor-section elementor-top-section elementor-element elementor-element-0cd6d0f elementor-section-boxed elementor-section-height-default elementor-section-height-default\" data-id=\"0cd6d0f\" data-element_type=\"section\">\n\t\t\t\t\t\t<div class=\"elementor-container elementor-column-gap-default\">\n\t\t\t\t\t<div class=\"elementor-column elementor-col-100 elementor-top-column elementor-element elementor-element-2004227\" data-id=\"2004227\" data-element_type=\"column\">\n\t\t\t<div class=\"elementor-widget-wrap elementor-element-populated\">\n\t\t\t\t\t\t\t\t<div class=\"elementor-element elementor-element-d97db9c elementor-widget elementor-widget-text-editor\" data-id=\"d97db9c\" data-element_type=\"widget\" data-widget_type=\"text-editor.default\">\n\t\t\t\t<div class=\"elementor-widget-container\">\n\t\t\t\t\t\t\t<p>La fiesta estuvo amenizada adem\u00e1s por la actuaci\u00f3n musical de &#8220;Tomas\u00edn&#8221; y Gonzalo, con su acorde\u00f3n y canciones tradicionales.<\/p><p>\u00a0<\/p><p>De esta forma, Lores revive una de las festividades m\u00e1s importantes del invierno en La Pern\u00eda, recuperando su tradicional fiesta Las Candelas, en una bella jornada de uni\u00f3n y hermanamiento que ha sido valorada muy positivamente por todos los asistentes.<\/p>\t\t\t\t\t\t<\/div>\n\t\t\t\t<\/div>\n\t\t\t\t\t<\/div>\n\t\t<\/div>\n\t\t\t\t\t\t\t<\/div>\n\t\t<\/section>\n\t\t\t\t<section class=\"elementor-section elementor-top-section elementor-element elementor-element-c430c76 elementor-section-boxed elementor-section-height-default elementor-section-height-default\" data-id=\"c430c76\" data-element_type=\"section\">\n\t\t\t\t\t\t<div class=\"elementor-container elementor-column-gap-default\">\n\t\t\t\t\t<div class=\"elementor-column elementor-col-33 elementor-top-column elementor-element elementor-element-202b7ea\" data-id=\"202b7ea\" data-element_type=\"column\">\n\t\t\t<div class=\"elementor-widget-wrap elementor-element-populated\">\n\t\t\t\t\t\t\t\t<div class=\"elementor-element elementor-element-6738c9a elementor-widget elementor-widget-image\" data-id=\"6738c9a\" data-element_type=\"widget\" data-widget_type=\"image.default\">\n\t\t\t\t<div class=\"elementor-widget-container\">\n\t\t\t\t\t\t\t\t\t\t\t\t\t\t\t<img loading=\"lazy\" decoding=\"async\" width=\"300\" height=\"225\" src=\"https:\/\/www.turismolapernia.com\/wp-content\/uploads\/2024\/02\/DSC08907-300x225.jpg\" class=\"attachment-medium size-medium\" alt=\"\" srcset=\"https:\/\/www.turismolapernia.com\/wp-content\/uploads\/2024\/02\/DSC08907-300x225.jpg 300w, https:\/\/www.turismolapernia.com\/wp-content\/uploads\/2024\/02\/DSC08907-1024x768.jpg 1024w, https:\/\/www.turismolapernia.com\/wp-content\/uploads\/2024\/02\/DSC08907-768x576.jpg 768w, https:\/\/www.turismolapernia.com\/wp-content\/uploads\/2024\/02\/DSC08907-1536x1152.jpg 1536w, https:\/\/www.turismolapernia.com\/wp-content\/uploads\/2024\/02\/DSC08907-2048x1536.jpg 2048w, https:\/\/www.turismolapernia.com\/wp-content\/uploads\/2024\/02\/DSC08907-16x12.jpg 16w\" sizes=\"auto, 100vw\" \/>\t\t\t\t\t\t\t\t\t\t\t\t\t\t\t<\/div>\n\t\t\t\t<\/div>\n\t\t\t\t\t<\/div>\n\t\t<\/div>\n\t\t\t\t<div class=\"elementor-column elementor-col-33 elementor-top-column elementor-element elementor-element-17a6b78\" data-id=\"17a6b78\" data-element_type=\"column\">\n\t\t\t<div class=\"elementor-widget-wrap elementor-element-populated\">\n\t\t\t\t\t\t\t\t<div class=\"elementor-element elementor-element-5cbfe3d elementor-widget elementor-widget-image\" data-id=\"5cbfe3d\" data-element_type=\"widget\" data-widget_type=\"image.default\">\n\t\t\t\t<div class=\"elementor-widget-container\">\n\t\t\t\t\t\t\t\t\t\t\t\t\t\t\t<img loading=\"lazy\" decoding=\"async\" width=\"300\" height=\"225\" src=\"https:\/\/www.turismolapernia.com\/wp-content\/uploads\/2024\/02\/DSC08893_2-300x225.jpg\" class=\"attachment-medium size-medium\" alt=\"\" srcset=\"https:\/\/www.turismolapernia.com\/wp-content\/uploads\/2024\/02\/DSC08893_2-300x225.jpg 300w, https:\/\/www.turismolapernia.com\/wp-content\/uploads\/2024\/02\/DSC08893_2-1024x768.jpg 1024w, https:\/\/www.turismolapernia.com\/wp-content\/uploads\/2024\/02\/DSC08893_2-768x576.jpg 768w, https:\/\/www.turismolapernia.com\/wp-content\/uploads\/2024\/02\/DSC08893_2-1536x1152.jpg 1536w, https:\/\/www.turismolapernia.com\/wp-content\/uploads\/2024\/02\/DSC08893_2-2048x1536.jpg 2048w, https:\/\/www.turismolapernia.com\/wp-content\/uploads\/2024\/02\/DSC08893_2-16x12.jpg 16w\" sizes=\"auto, 100vw\" \/>\t\t\t\t\t\t\t\t\t\t\t\t\t\t\t<\/div>\n\t\t\t\t<\/div>\n\t\t\t\t\t<\/div>\n\t\t<\/div>\n\t\t\t\t<div class=\"elementor-column elementor-col-33 elementor-top-column elementor-element elementor-element-85b4195\" data-id=\"85b4195\" data-element_type=\"column\">\n\t\t\t<div class=\"elementor-widget-wrap elementor-element-populated\">\n\t\t\t\t\t\t\t\t<div class=\"elementor-element elementor-element-3954bdd elementor-widget elementor-widget-image\" data-id=\"3954bdd\" data-element_type=\"widget\" data-widget_type=\"image.default\">\n\t\t\t\t<div class=\"elementor-widget-container\">\n\t\t\t\t\t\t\t\t\t\t\t\t\t\t\t<img loading=\"lazy\" decoding=\"async\" width=\"300\" height=\"225\" src=\"https:\/\/www.turismolapernia.com\/wp-content\/uploads\/2024\/02\/DSC08858-300x225.jpg\" class=\"attachment-medium size-medium\" alt=\"\" srcset=\"https:\/\/www.turismolapernia.com\/wp-content\/uploads\/2024\/02\/DSC08858-300x225.jpg 300w, https:\/\/www.turismolapernia.com\/wp-content\/uploads\/2024\/02\/DSC08858-1024x768.jpg 1024w, https:\/\/www.turismolapernia.com\/wp-content\/uploads\/2024\/02\/DSC08858-768x576.jpg 768w, https:\/\/www.turismolapernia.com\/wp-content\/uploads\/2024\/02\/DSC08858-1536x1152.jpg 1536w, https:\/\/www.turismolapernia.com\/wp-content\/uploads\/2024\/02\/DSC08858-2048x1536.jpg 2048w, https:\/\/www.turismolapernia.com\/wp-content\/uploads\/2024\/02\/DSC08858-16x12.jpg 16w\" sizes=\"auto, 100vw\" \/>\t\t\t\t\t\t\t\t\t\t\t\t\t\t\t<\/div>\n\t\t\t\t<\/div>\n\t\t\t\t\t<\/div>\n\t\t<\/div>\n\t\t\t\t\t\t\t<\/div>\n\t\t<\/section>\n\t\t\t\t\t\t<\/div>\n\t\t\t\t\t<\/div>","protected":false},"excerpt":{"rendered":"<p>Ramo de rosquillas de Lores El d\u00eda de Las Candelas, 2 de febrero, sol\u00eda celebrarse en Lores una de las fiestas de invierno m\u00e1s destacadas de La Pern\u00eda y de toda la Monta\u00f1a Palentina. Este d\u00eda, era tradici\u00f3n elaborar un ramo de rosquillas que se llevaba a la iglesia del pueblo y despu\u00e9s se rifaba &hellip; <\/p>\n<p class=\"link-more\"><a href=\"https:\/\/www.turismolapernia.com\/en\/noticias-pernia\/lores-recupera-su-tradicional-fiesta-de-las-candelas\/\" class=\"more-link\">Continue reading<span class=\"screen-reader-text\"> &#8220;Lores recupera su tradicional fiesta de Las Candelas&#8221;<\/span><\/a><\/p>","protected":false},"author":1,"featured_media":16988,"comment_status":"open","ping_status":"open","sticky":false,"template":"","format":"standard","meta":{"footnotes":""},"categories":[13],"tags":[],"class_list":["post-16981","post","type-post","status-publish","format-standard","has-post-thumbnail","hentry","category-noticias-pernia"],"yoast_head":"<!-- This site is optimized with the Yoast SEO plugin v23.5 - https:\/\/yoast.com\/wordpress\/plugins\/seo\/ -->\n<title>Lores recupera su tradicional fiesta de Las Candelas | Turismo La Pern\u00eda<\/title>\n<meta name=\"robots\" content=\"index, follow, max-snippet:-1, max-image-preview:large, max-video-preview:-1\" \/>\n<link rel=\"canonical\" href=\"https:\/\/www.turismolapernia.com\/en\/noticias-pernia\/lores-recupera-su-tradicional-fiesta-de-las-candelas\/\" \/>\n<meta property=\"og:locale\" content=\"en_GB\" \/>\n<meta property=\"og:type\" content=\"article\" \/>\n<meta property=\"og:title\" content=\"Lores recupera su tradicional fiesta de Las Candelas | Turismo La Pern\u00eda\" \/>\n<meta property=\"og:description\" content=\"Ramo de rosquillas de Lores El d\u00eda de Las Candelas, 2 de febrero, sol\u00eda celebrarse en Lores una de las fiestas de invierno m\u00e1s destacadas de La Pern\u00eda y de toda la Monta\u00f1a Palentina. Este d\u00eda, era tradici\u00f3n elaborar un ramo de rosquillas que se llevaba a la iglesia del pueblo y despu\u00e9s se rifaba &hellip; Continue reading &quot;Lores recupera su tradicional fiesta de Las Candelas&quot;\" \/>\n<meta property=\"og:url\" content=\"https:\/\/www.turismolapernia.com\/en\/noticias-pernia\/lores-recupera-su-tradicional-fiesta-de-las-candelas\/\" \/>\n<meta property=\"og:site_name\" content=\"Turismo La Pern\u00eda\" \/>\n<meta property=\"article:publisher\" content=\"https:\/\/www.facebook.com\/turismolapernia\/\" \/>\n<meta property=\"article:published_time\" content=\"2024-02-03T22:13:59+00:00\" \/>\n<meta property=\"article:modified_time\" content=\"2024-02-03T23:53:19+00:00\" \/>\n<meta property=\"og:image\" content=\"https:\/\/www.turismolapernia.com\/wp-content\/uploads\/2024\/02\/DSC08848-01.jpeg\" \/>\n\t<meta property=\"og:image:width\" content=\"2133\" \/>\n\t<meta property=\"og:image:height\" content=\"1543\" \/>\n\t<meta property=\"og:image:type\" content=\"image\/jpeg\" \/>\n<meta name=\"author\" content=\"admin\" \/>\n<meta name=\"twitter:card\" content=\"summary_large_image\" \/>\n<meta name=\"twitter:label1\" content=\"Written by\" \/>\n\t<meta name=\"twitter:data1\" content=\"admin\" \/>\n\t<meta name=\"twitter:label2\" content=\"Estimated reading time\" \/>\n\t<meta name=\"twitter:data2\" content=\"2 minutes\" \/>\n<script type=\"application\/ld+json\" class=\"yoast-schema-graph\">{\"@context\":\"https:\/\/schema.org\",\"@graph\":[{\"@type\":\"Article\",\"@id\":\"https:\/\/www.turismolapernia.com\/noticias-pernia\/lores-recupera-su-tradicional-fiesta-de-las-candelas\/#article\",\"isPartOf\":{\"@id\":\"https:\/\/www.turismolapernia.com\/noticias-pernia\/lores-recupera-su-tradicional-fiesta-de-las-candelas\/\"},\"author\":{\"name\":\"admin\",\"@id\":\"https:\/\/www.turismolapernia.com\/#\/schema\/person\/5d5ac032f7e9064c5ce073bbe3564340\"},\"headline\":\"Lores recupera su tradicional fiesta de Las Candelas\",\"datePublished\":\"2024-02-03T22:13:59+00:00\",\"dateModified\":\"2024-02-03T23:53:19+00:00\",\"mainEntityOfPage\":{\"@id\":\"https:\/\/www.turismolapernia.com\/noticias-pernia\/lores-recupera-su-tradicional-fiesta-de-las-candelas\/\"},\"wordCount\":403,\"commentCount\":0,\"publisher\":{\"@id\":\"https:\/\/www.turismolapernia.com\/#organization\"},\"image\":{\"@id\":\"https:\/\/www.turismolapernia.com\/noticias-pernia\/lores-recupera-su-tradicional-fiesta-de-las-candelas\/#primaryimage\"},\"thumbnailUrl\":\"https:\/\/www.turismolapernia.com\/wp-content\/uploads\/2024\/02\/DSC08848-01.jpeg\",\"articleSection\":[\"Noticias\"],\"inLanguage\":\"en-GB\",\"potentialAction\":[{\"@type\":\"CommentAction\",\"name\":\"Comment\",\"target\":[\"https:\/\/www.turismolapernia.com\/noticias-pernia\/lores-recupera-su-tradicional-fiesta-de-las-candelas\/#respond\"]}]},{\"@type\":\"WebPage\",\"@id\":\"https:\/\/www.turismolapernia.com\/noticias-pernia\/lores-recupera-su-tradicional-fiesta-de-las-candelas\/\",\"url\":\"https:\/\/www.turismolapernia.com\/noticias-pernia\/lores-recupera-su-tradicional-fiesta-de-las-candelas\/\",\"name\":\"Lores recupera su tradicional fiesta de Las Candelas | Turismo La Pern\u00eda\",\"isPartOf\":{\"@id\":\"https:\/\/www.turismolapernia.com\/#website\"},\"primaryImageOfPage\":{\"@id\":\"https:\/\/www.turismolapernia.com\/noticias-pernia\/lores-recupera-su-tradicional-fiesta-de-las-candelas\/#primaryimage\"},\"image\":{\"@id\":\"https:\/\/www.turismolapernia.com\/noticias-pernia\/lores-recupera-su-tradicional-fiesta-de-las-candelas\/#primaryimage\"},\"thumbnailUrl\":\"https:\/\/www.turismolapernia.com\/wp-content\/uploads\/2024\/02\/DSC08848-01.jpeg\",\"datePublished\":\"2024-02-03T22:13:59+00:00\",\"dateModified\":\"2024-02-03T23:53:19+00:00\",\"breadcrumb\":{\"@id\":\"https:\/\/www.turismolapernia.com\/noticias-pernia\/lores-recupera-su-tradicional-fiesta-de-las-candelas\/#breadcrumb\"},\"inLanguage\":\"en-GB\",\"potentialAction\":[{\"@type\":\"ReadAction\",\"target\":[\"https:\/\/www.turismolapernia.com\/noticias-pernia\/lores-recupera-su-tradicional-fiesta-de-las-candelas\/\"]}]},{\"@type\":\"ImageObject\",\"inLanguage\":\"en-GB\",\"@id\":\"https:\/\/www.turismolapernia.com\/noticias-pernia\/lores-recupera-su-tradicional-fiesta-de-las-candelas\/#primaryimage\",\"url\":\"https:\/\/www.turismolapernia.com\/wp-content\/uploads\/2024\/02\/DSC08848-01.jpeg\",\"contentUrl\":\"https:\/\/www.turismolapernia.com\/wp-content\/uploads\/2024\/02\/DSC08848-01.jpeg\",\"width\":2133,\"height\":1543},{\"@type\":\"BreadcrumbList\",\"@id\":\"https:\/\/www.turismolapernia.com\/noticias-pernia\/lores-recupera-su-tradicional-fiesta-de-las-candelas\/#breadcrumb\",\"itemListElement\":[{\"@type\":\"ListItem\",\"position\":1,\"name\":\"La Pern\u00eda\",\"item\":\"https:\/\/www.turismolapernia.com\/\"},{\"@type\":\"ListItem\",\"position\":2,\"name\":\"Lores recupera su tradicional fiesta de Las Candelas\"}]},{\"@type\":\"WebSite\",\"@id\":\"https:\/\/www.turismolapernia.com\/#website\",\"url\":\"https:\/\/www.turismolapernia.com\/\",\"name\":\"Turismo La Pern\u00eda\",\"description\":\"Monta\u00f1a Palentina\",\"publisher\":{\"@id\":\"https:\/\/www.turismolapernia.com\/#organization\"},\"potentialAction\":[{\"@type\":\"SearchAction\",\"target\":{\"@type\":\"EntryPoint\",\"urlTemplate\":\"https:\/\/www.turismolapernia.com\/?s={search_term_string}\"},\"query-input\":{\"@type\":\"PropertyValueSpecification\",\"valueRequired\":true,\"valueName\":\"search_term_string\"}}],\"inLanguage\":\"en-GB\"},{\"@type\":\"Organization\",\"@id\":\"https:\/\/www.turismolapernia.com\/#organization\",\"name\":\"Turismo La Pern\u00eda\",\"url\":\"https:\/\/www.turismolapernia.com\/\",\"logo\":{\"@type\":\"ImageObject\",\"inLanguage\":\"en-GB\",\"@id\":\"https:\/\/www.turismolapernia.com\/#\/schema\/logo\/image\/\",\"url\":\"https:\/\/www.turismolapernia.com\/wp-content\/uploads\/2021\/12\/cropped-logo-CRV-Pernia-perfil.jpg\",\"contentUrl\":\"https:\/\/www.turismolapernia.com\/wp-content\/uploads\/2021\/12\/cropped-logo-CRV-Pernia-perfil.jpg\",\"width\":512,\"height\":512,\"caption\":\"Turismo La Pern\u00eda\"},\"image\":{\"@id\":\"https:\/\/www.turismolapernia.com\/#\/schema\/logo\/image\/\"},\"sameAs\":[\"https:\/\/www.facebook.com\/turismolapernia\/\",\"https:\/\/www.instagram.com\/turismolapernia\/\"]},{\"@type\":\"Person\",\"@id\":\"https:\/\/www.turismolapernia.com\/#\/schema\/person\/5d5ac032f7e9064c5ce073bbe3564340\",\"name\":\"admin\",\"image\":{\"@type\":\"ImageObject\",\"inLanguage\":\"en-GB\",\"@id\":\"https:\/\/www.turismolapernia.com\/#\/schema\/person\/image\/\",\"url\":\"https:\/\/secure.gravatar.com\/avatar\/fe87fc43b218a52a79b72dddcb95d45fcdca0048b80712e6d20925a50f267165?s=96&d=mm&r=g\",\"contentUrl\":\"https:\/\/secure.gravatar.com\/avatar\/fe87fc43b218a52a79b72dddcb95d45fcdca0048b80712e6d20925a50f267165?s=96&d=mm&r=g\",\"caption\":\"admin\"}}]}<\/script>\n<!-- \/ Yoast SEO plugin. -->","yoast_head_json":{"title":"Lores recupera su tradicional fiesta de Las Candelas | Turismo La Pern\u00eda","robots":{"index":"index","follow":"follow","max-snippet":"max-snippet:-1","max-image-preview":"max-image-preview:large","max-video-preview":"max-video-preview:-1"},"canonical":"https:\/\/www.turismolapernia.com\/en\/noticias-pernia\/lores-recupera-su-tradicional-fiesta-de-las-candelas\/","og_locale":"en_GB","og_type":"article","og_title":"Lores recupera su tradicional fiesta de Las Candelas | Turismo La Pern\u00eda","og_description":"Ramo de rosquillas de Lores El d\u00eda de Las Candelas, 2 de febrero, sol\u00eda celebrarse en Lores una de las fiestas de invierno m\u00e1s destacadas de La Pern\u00eda y de toda la Monta\u00f1a Palentina. Este d\u00eda, era tradici\u00f3n elaborar un ramo de rosquillas que se llevaba a la iglesia del pueblo y despu\u00e9s se rifaba &hellip; Continue reading \"Lores recupera su tradicional fiesta de Las Candelas\"","og_url":"https:\/\/www.turismolapernia.com\/en\/noticias-pernia\/lores-recupera-su-tradicional-fiesta-de-las-candelas\/","og_site_name":"Turismo La Pern\u00eda","article_publisher":"https:\/\/www.facebook.com\/turismolapernia\/","article_published_time":"2024-02-03T22:13:59+00:00","article_modified_time":"2024-02-03T23:53:19+00:00","og_image":[{"width":2133,"height":1543,"url":"https:\/\/www.turismolapernia.com\/wp-content\/uploads\/2024\/02\/DSC08848-01.jpeg","type":"image\/jpeg"}],"author":"admin","twitter_card":"summary_large_image","twitter_misc":{"Written by":"admin","Estimated reading time":"2 minutes"},"schema":{"@context":"https:\/\/schema.org","@graph":[{"@type":"Article","@id":"https:\/\/www.turismolapernia.com\/noticias-pernia\/lores-recupera-su-tradicional-fiesta-de-las-candelas\/#article","isPartOf":{"@id":"https:\/\/www.turismolapernia.com\/noticias-pernia\/lores-recupera-su-tradicional-fiesta-de-las-candelas\/"},"author":{"name":"admin","@id":"https:\/\/www.turismolapernia.com\/#\/schema\/person\/5d5ac032f7e9064c5ce073bbe3564340"},"headline":"Lores recupera su tradicional fiesta de Las Candelas","datePublished":"2024-02-03T22:13:59+00:00","dateModified":"2024-02-03T23:53:19+00:00","mainEntityOfPage":{"@id":"https:\/\/www.turismolapernia.com\/noticias-pernia\/lores-recupera-su-tradicional-fiesta-de-las-candelas\/"},"wordCount":403,"commentCount":0,"publisher":{"@id":"https:\/\/www.turismolapernia.com\/#organization"},"image":{"@id":"https:\/\/www.turismolapernia.com\/noticias-pernia\/lores-recupera-su-tradicional-fiesta-de-las-candelas\/#primaryimage"},"thumbnailUrl":"https:\/\/www.turismolapernia.com\/wp-content\/uploads\/2024\/02\/DSC08848-01.jpeg","articleSection":["Noticias"],"inLanguage":"en-GB","potentialAction":[{"@type":"CommentAction","name":"Comment","target":["https:\/\/www.turismolapernia.com\/noticias-pernia\/lores-recupera-su-tradicional-fiesta-de-las-candelas\/#respond"]}]},{"@type":"WebPage","@id":"https:\/\/www.turismolapernia.com\/noticias-pernia\/lores-recupera-su-tradicional-fiesta-de-las-candelas\/","url":"https:\/\/www.turismolapernia.com\/noticias-pernia\/lores-recupera-su-tradicional-fiesta-de-las-candelas\/","name":"Lores recupera su tradicional fiesta de Las Candelas | Turismo La Pern\u00eda","isPartOf":{"@id":"https:\/\/www.turismolapernia.com\/#website"},"primaryImageOfPage":{"@id":"https:\/\/www.turismolapernia.com\/noticias-pernia\/lores-recupera-su-tradicional-fiesta-de-las-candelas\/#primaryimage"},"image":{"@id":"https:\/\/www.turismolapernia.com\/noticias-pernia\/lores-recupera-su-tradicional-fiesta-de-las-candelas\/#primaryimage"},"thumbnailUrl":"https:\/\/www.turismolapernia.com\/wp-content\/uploads\/2024\/02\/DSC08848-01.jpeg","datePublished":"2024-02-03T22:13:59+00:00","dateModified":"2024-02-03T23:53:19+00:00","breadcrumb":{"@id":"https:\/\/www.turismolapernia.com\/noticias-pernia\/lores-recupera-su-tradicional-fiesta-de-las-candelas\/#breadcrumb"},"inLanguage":"en-GB","potentialAction":[{"@type":"ReadAction","target":["https:\/\/www.turismolapernia.com\/noticias-pernia\/lores-recupera-su-tradicional-fiesta-de-las-candelas\/"]}]},{"@type":"ImageObject","inLanguage":"en-GB","@id":"https:\/\/www.turismolapernia.com\/noticias-pernia\/lores-recupera-su-tradicional-fiesta-de-las-candelas\/#primaryimage","url":"https:\/\/www.turismolapernia.com\/wp-content\/uploads\/2024\/02\/DSC08848-01.jpeg","contentUrl":"https:\/\/www.turismolapernia.com\/wp-content\/uploads\/2024\/02\/DSC08848-01.jpeg","width":2133,"height":1543},{"@type":"BreadcrumbList","@id":"https:\/\/www.turismolapernia.com\/noticias-pernia\/lores-recupera-su-tradicional-fiesta-de-las-candelas\/#breadcrumb","itemListElement":[{"@type":"ListItem","position":1,"name":"La Pern\u00eda","item":"https:\/\/www.turismolapernia.com\/"},{"@type":"ListItem","position":2,"name":"Lores recupera su tradicional fiesta de Las Candelas"}]},{"@type":"WebSite","@id":"https:\/\/www.turismolapernia.com\/#website","url":"https:\/\/www.turismolapernia.com\/","name":"Turismo La Pern\u00eda","description":"Monta\u00f1a Palentina","publisher":{"@id":"https:\/\/www.turismolapernia.com\/#organization"},"potentialAction":[{"@type":"SearchAction","target":{"@type":"EntryPoint","urlTemplate":"https:\/\/www.turismolapernia.com\/?s={search_term_string}"},"query-input":{"@type":"PropertyValueSpecification","valueRequired":true,"valueName":"search_term_string"}}],"inLanguage":"en-GB"},{"@type":"Organization","@id":"https:\/\/www.turismolapernia.com\/#organization","name":"Turismo La Pern\u00eda","url":"https:\/\/www.turismolapernia.com\/","logo":{"@type":"ImageObject","inLanguage":"en-GB","@id":"https:\/\/www.turismolapernia.com\/#\/schema\/logo\/image\/","url":"https:\/\/www.turismolapernia.com\/wp-content\/uploads\/2021\/12\/cropped-logo-CRV-Pernia-perfil.jpg","contentUrl":"https:\/\/www.turismolapernia.com\/wp-content\/uploads\/2021\/12\/cropped-logo-CRV-Pernia-perfil.jpg","width":512,"height":512,"caption":"Turismo La Pern\u00eda"},"image":{"@id":"https:\/\/www.turismolapernia.com\/#\/schema\/logo\/image\/"},"sameAs":["https:\/\/www.facebook.com\/turismolapernia\/","https:\/\/www.instagram.com\/turismolapernia\/"]},{"@type":"Person","@id":"https:\/\/www.turismolapernia.com\/#\/schema\/person\/5d5ac032f7e9064c5ce073bbe3564340","name":"admin","image":{"@type":"ImageObject","inLanguage":"en-GB","@id":"https:\/\/www.turismolapernia.com\/#\/schema\/person\/image\/","url":"https:\/\/secure.gravatar.com\/avatar\/fe87fc43b218a52a79b72dddcb95d45fcdca0048b80712e6d20925a50f267165?s=96&d=mm&r=g","contentUrl":"https:\/\/secure.gravatar.com\/avatar\/fe87fc43b218a52a79b72dddcb95d45fcdca0048b80712e6d20925a50f267165?s=96&d=mm&r=g","caption":"admin"}}]}},"_links":{"self":[{"href":"https:\/\/www.turismolapernia.com\/en\/wp-json\/wp\/v2\/posts\/16981","targetHints":{"allow":["GET"]}}],"collection":[{"href":"https:\/\/www.turismolapernia.com\/en\/wp-json\/wp\/v2\/posts"}],"about":[{"href":"https:\/\/www.turismolapernia.com\/en\/wp-json\/wp\/v2\/types\/post"}],"author":[{"embeddable":true,"href":"https:\/\/www.turismolapernia.com\/en\/wp-json\/wp\/v2\/users\/1"}],"replies":[{"embeddable":true,"href":"https:\/\/www.turismolapernia.com\/en\/wp-json\/wp\/v2\/comments?post=16981"}],"version-history":[{"count":39,"href":"https:\/\/www.turismolapernia.com\/en\/wp-json\/wp\/v2\/posts\/16981\/revisions"}],"predecessor-version":[{"id":17453,"href":"https:\/\/www.turismolapernia.com\/en\/wp-json\/wp\/v2\/posts\/16981\/revisions\/17453"}],"wp:featuredmedia":[{"embeddable":true,"href":"https:\/\/www.turismolapernia.com\/en\/wp-json\/wp\/v2\/media\/16988"}],"wp:attachment":[{"href":"https:\/\/www.turismolapernia.com\/en\/wp-json\/wp\/v2\/media?parent=16981"}],"wp:term":[{"taxonomy":"category","embeddable":true,"href":"https:\/\/www.turismolapernia.com\/en\/wp-json\/wp\/v2\/categories?post=16981"},{"taxonomy":"post_tag","embeddable":true,"href":"https:\/\/www.turismolapernia.com\/en\/wp-json\/wp\/v2\/tags?post=16981"}],"curies":[{"name":"wp","href":"https:\/\/api.w.org\/{rel}","templated":true}]}}