{"id":16924,"date":"2023-10-11T17:11:54","date_gmt":"2023-10-11T15:11:54","guid":{"rendered":"https:\/\/www.turismolapernia.com\/?p=16924"},"modified":"2023-10-22T22:34:54","modified_gmt":"2023-10-22T20:34:54","slug":"el-nuevo-asfalto-de-la-cl-627-llega-a-la-pernia","status":"publish","type":"post","link":"https:\/\/www.turismolapernia.com\/en\/noticias-pernia\/el-nuevo-asfalto-de-la-cl-627-llega-a-la-pernia\/","title":{"rendered":"El nuevo asfalto de la CL-627 llega a La Pern\u00eda"},"content":{"rendered":"<div data-elementor-type=\"wp-post\" data-elementor-id=\"16924\" class=\"elementor elementor-16924\" data-elementor-settings=\"[]\">\n\t\t\t\t\t\t\t<div class=\"elementor-section-wrap\">\n\t\t\t\t\t\t\t<section class=\"elementor-section elementor-top-section elementor-element elementor-element-0a085de elementor-section-boxed elementor-section-height-default elementor-section-height-default\" data-id=\"0a085de\" data-element_type=\"section\">\n\t\t\t\t\t\t<div class=\"elementor-container elementor-column-gap-default\">\n\t\t\t\t\t<div class=\"elementor-column elementor-col-50 elementor-top-column elementor-element elementor-element-8021358\" data-id=\"8021358\" data-element_type=\"column\">\n\t\t\t<div class=\"elementor-widget-wrap elementor-element-populated\">\n\t\t\t\t\t\t\t\t<div class=\"elementor-element elementor-element-8124547 elementor-widget elementor-widget-image\" data-id=\"8124547\" data-element_type=\"widget\" data-widget_type=\"image.default\">\n\t\t\t\t<div class=\"elementor-widget-container\">\n\t\t\t\t\t\t\t\t\t\t\t\t<figure class=\"wp-caption\">\n\t\t\t\t\t\t\t\t\t\t<img loading=\"lazy\" decoding=\"async\" width=\"525\" height=\"391\" src=\"https:\/\/www.turismolapernia.com\/wp-content\/uploads\/2023\/10\/DSC04713-01-768x572.jpeg\" class=\"attachment-medium_large size-medium_large\" alt=\"\" srcset=\"https:\/\/www.turismolapernia.com\/wp-content\/uploads\/2023\/10\/DSC04713-01-768x572.jpeg 768w, https:\/\/www.turismolapernia.com\/wp-content\/uploads\/2023\/10\/DSC04713-01-300x224.jpeg 300w, https:\/\/www.turismolapernia.com\/wp-content\/uploads\/2023\/10\/DSC04713-01-1024x763.jpeg 1024w, https:\/\/www.turismolapernia.com\/wp-content\/uploads\/2023\/10\/DSC04713-01-1536x1145.jpeg 1536w, https:\/\/www.turismolapernia.com\/wp-content\/uploads\/2023\/10\/DSC04713-01-2048x1526.jpeg 2048w, https:\/\/www.turismolapernia.com\/wp-content\/uploads\/2023\/10\/DSC04713-01-16x12.jpeg 16w\" sizes=\"auto, 100vw\" \/>\t\t\t\t\t\t\t\t\t\t\t<figcaption class=\"widget-image-caption wp-caption-text\"><\/figcaption>\n\t\t\t\t\t\t\t\t\t\t<\/figure>\n\t\t\t\t\t\t\t\t\t<\/div>\n\t\t\t\t<\/div>\n\t\t\t\t\t<\/div>\n\t\t<\/div>\n\t\t\t\t<div class=\"elementor-column elementor-col-50 elementor-top-column elementor-element elementor-element-3ed2e3d\" data-id=\"3ed2e3d\" data-element_type=\"column\">\n\t\t\t<div class=\"elementor-widget-wrap elementor-element-populated\">\n\t\t\t\t\t\t\t\t<div class=\"elementor-element elementor-element-fdcea54 elementor-widget elementor-widget-text-editor\" data-id=\"fdcea54\" data-element_type=\"widget\" data-widget_type=\"text-editor.default\">\n\t\t\t\t<div class=\"elementor-widget-container\">\n\t\t\t\t\t\t\t<p>Contin\u00faan avanzando los trabajos de mejora de la carretera CL-627, de Cervera de Pisuerga al l\u00edmite con Cantabria en Piedrasluengas, que se centran actualmente en la renovaci\u00f3n superficial del pavimento y en el ensanche del puente de San Roque en Cervera de Pisuerga.<\/p><p>\u00a0<\/p><p>La esperada renovaci\u00f3n del firme ha comenzado a ejecutarse desde el l\u00edmite con la comunidad aut\u00f3noma de Cantabria, en sentido descendente hacia Cervera de Pisuerga. El nuevo asfaltado ya es visible en el Puerto de Piedrasluengas, en Piedrasluengas, en Camasobres y se ha avanzado hasta los entornos de la localidad de Are\u00f1os, lo que, de momento, supone la renovaci\u00f3n del pavimento en unos 12 km, incluyendo uno de los tramos de la carretera que se encontraba en peor estado.<\/p>\t\t\t\t\t\t<\/div>\n\t\t\t\t<\/div>\n\t\t\t\t\t<\/div>\n\t\t<\/div>\n\t\t\t\t\t\t\t<\/div>\n\t\t<\/section>\n\t\t\t\t<section class=\"elementor-section elementor-top-section elementor-element elementor-element-3277d0c elementor-section-boxed elementor-section-height-default elementor-section-height-default\" data-id=\"3277d0c\" data-element_type=\"section\">\n\t\t\t\t\t\t<div class=\"elementor-container elementor-column-gap-default\">\n\t\t\t\t\t<div class=\"elementor-column elementor-col-100 elementor-top-column elementor-element elementor-element-15060bd\" data-id=\"15060bd\" data-element_type=\"column\">\n\t\t\t<div class=\"elementor-widget-wrap elementor-element-populated\">\n\t\t\t\t\t\t\t\t<div class=\"elementor-element elementor-element-9daca3f elementor-widget elementor-widget-text-editor\" data-id=\"9daca3f\" data-element_type=\"widget\" data-widget_type=\"text-editor.default\">\n\t\t\t\t<div class=\"elementor-widget-container\">\n\t\t\t\t\t\t\t<p>Estos trabajos, que continuar\u00e1n desarroll\u00e1ndose en los pr\u00f3ximos d\u00edas mientras las condiciones meteorol\u00f3gicas lo permitan, han ido precedidos de un saneo de blandones y de la mejora del drenaje y adecuaci\u00f3n de cunetas.<\/p><p>\u00a0<\/p>\t\t\t\t\t\t<\/div>\n\t\t\t\t<\/div>\n\t\t\t\t\t<\/div>\n\t\t<\/div>\n\t\t\t\t\t\t\t<\/div>\n\t\t<\/section>\n\t\t\t\t<section class=\"elementor-section elementor-top-section elementor-element elementor-element-0e8f635 elementor-section-boxed elementor-section-height-default elementor-section-height-default\" data-id=\"0e8f635\" data-element_type=\"section\">\n\t\t\t\t\t\t<div class=\"elementor-container elementor-column-gap-default\">\n\t\t\t\t\t<div class=\"elementor-column elementor-col-33 elementor-top-column elementor-element elementor-element-e45c732\" data-id=\"e45c732\" data-element_type=\"column\">\n\t\t\t<div class=\"elementor-widget-wrap elementor-element-populated\">\n\t\t\t\t\t\t\t\t<div class=\"elementor-element elementor-element-25f4d7b elementor-widget elementor-widget-image\" data-id=\"25f4d7b\" data-element_type=\"widget\" data-widget_type=\"image.default\">\n\t\t\t\t<div class=\"elementor-widget-container\">\n\t\t\t\t\t\t\t\t\t\t\t\t<figure class=\"wp-caption\">\n\t\t\t\t\t\t\t\t\t\t<img loading=\"lazy\" decoding=\"async\" width=\"300\" height=\"225\" src=\"https:\/\/www.turismolapernia.com\/wp-content\/uploads\/2023\/10\/DSC_2234-300x225.jpg\" class=\"attachment-medium size-medium\" alt=\"\" srcset=\"https:\/\/www.turismolapernia.com\/wp-content\/uploads\/2023\/10\/DSC_2234-300x225.jpg 300w, https:\/\/www.turismolapernia.com\/wp-content\/uploads\/2023\/10\/DSC_2234-1024x768.jpg 1024w, https:\/\/www.turismolapernia.com\/wp-content\/uploads\/2023\/10\/DSC_2234-768x576.jpg 768w, https:\/\/www.turismolapernia.com\/wp-content\/uploads\/2023\/10\/DSC_2234-1536x1152.jpg 1536w, https:\/\/www.turismolapernia.com\/wp-content\/uploads\/2023\/10\/DSC_2234-16x12.jpg 16w, https:\/\/www.turismolapernia.com\/wp-content\/uploads\/2023\/10\/DSC_2234.jpg 2016w\" sizes=\"auto, 100vw\" \/>\t\t\t\t\t\t\t\t\t\t\t<figcaption class=\"widget-image-caption wp-caption-text\"><\/figcaption>\n\t\t\t\t\t\t\t\t\t\t<\/figure>\n\t\t\t\t\t\t\t\t\t<\/div>\n\t\t\t\t<\/div>\n\t\t\t\t\t<\/div>\n\t\t<\/div>\n\t\t\t\t<div class=\"elementor-column elementor-col-33 elementor-top-column elementor-element elementor-element-f25ddee\" data-id=\"f25ddee\" data-element_type=\"column\">\n\t\t\t<div class=\"elementor-widget-wrap elementor-element-populated\">\n\t\t\t\t\t\t\t\t<div class=\"elementor-element elementor-element-b6bb905 elementor-widget elementor-widget-image\" data-id=\"b6bb905\" data-element_type=\"widget\" data-widget_type=\"image.default\">\n\t\t\t\t<div class=\"elementor-widget-container\">\n\t\t\t\t\t\t\t\t\t\t\t\t\t\t\t<img loading=\"lazy\" decoding=\"async\" width=\"300\" height=\"225\" src=\"https:\/\/www.turismolapernia.com\/wp-content\/uploads\/2023\/10\/DSC04725-01-300x225.jpeg\" class=\"attachment-medium size-medium\" alt=\"\" srcset=\"https:\/\/www.turismolapernia.com\/wp-content\/uploads\/2023\/10\/DSC04725-01-300x225.jpeg 300w, https:\/\/www.turismolapernia.com\/wp-content\/uploads\/2023\/10\/DSC04725-01-1024x768.jpeg 1024w, https:\/\/www.turismolapernia.com\/wp-content\/uploads\/2023\/10\/DSC04725-01-768x576.jpeg 768w, https:\/\/www.turismolapernia.com\/wp-content\/uploads\/2023\/10\/DSC04725-01-1536x1152.jpeg 1536w, https:\/\/www.turismolapernia.com\/wp-content\/uploads\/2023\/10\/DSC04725-01-2048x1536.jpeg 2048w, https:\/\/www.turismolapernia.com\/wp-content\/uploads\/2023\/10\/DSC04725-01-16x12.jpeg 16w\" sizes=\"auto, 100vw\" \/>\t\t\t\t\t\t\t\t\t\t\t\t\t\t\t<\/div>\n\t\t\t\t<\/div>\n\t\t\t\t\t<\/div>\n\t\t<\/div>\n\t\t\t\t<div class=\"elementor-column elementor-col-33 elementor-top-column elementor-element elementor-element-4b59390\" data-id=\"4b59390\" data-element_type=\"column\">\n\t\t\t<div class=\"elementor-widget-wrap elementor-element-populated\">\n\t\t\t\t\t\t\t\t<div class=\"elementor-element elementor-element-e683997 elementor-widget elementor-widget-image\" data-id=\"e683997\" data-element_type=\"widget\" data-widget_type=\"image.default\">\n\t\t\t\t<div class=\"elementor-widget-container\">\n\t\t\t\t\t\t\t\t\t\t\t\t\t\t\t<img loading=\"lazy\" decoding=\"async\" width=\"300\" height=\"219\" src=\"https:\/\/www.turismolapernia.com\/wp-content\/uploads\/2023\/10\/DSC04761-01-300x219.jpeg\" class=\"attachment-medium size-medium\" alt=\"\" srcset=\"https:\/\/www.turismolapernia.com\/wp-content\/uploads\/2023\/10\/DSC04761-01-300x219.jpeg 300w, https:\/\/www.turismolapernia.com\/wp-content\/uploads\/2023\/10\/DSC04761-01-1024x747.jpeg 1024w, https:\/\/www.turismolapernia.com\/wp-content\/uploads\/2023\/10\/DSC04761-01-768x561.jpeg 768w, https:\/\/www.turismolapernia.com\/wp-content\/uploads\/2023\/10\/DSC04761-01-1536x1121.jpeg 1536w, https:\/\/www.turismolapernia.com\/wp-content\/uploads\/2023\/10\/DSC04761-01-2048x1495.jpeg 2048w, https:\/\/www.turismolapernia.com\/wp-content\/uploads\/2023\/10\/DSC04761-01-16x12.jpeg 16w\" sizes=\"auto, 100vw\" \/>\t\t\t\t\t\t\t\t\t\t\t\t\t\t\t<\/div>\n\t\t\t\t<\/div>\n\t\t\t\t\t<\/div>\n\t\t<\/div>\n\t\t\t\t\t\t\t<\/div>\n\t\t<\/section>\n\t\t\t\t<section class=\"elementor-section elementor-top-section elementor-element elementor-element-408c6e2 elementor-section-boxed elementor-section-height-default elementor-section-height-default\" data-id=\"408c6e2\" data-element_type=\"section\">\n\t\t\t\t\t\t<div class=\"elementor-container elementor-column-gap-default\">\n\t\t\t\t\t<div class=\"elementor-column elementor-col-100 elementor-top-column elementor-element elementor-element-4fed2c0\" data-id=\"4fed2c0\" data-element_type=\"column\">\n\t\t\t<div class=\"elementor-widget-wrap elementor-element-populated\">\n\t\t\t\t\t\t\t\t<div class=\"elementor-element elementor-element-7a04545 elementor-widget elementor-widget-text-editor\" data-id=\"7a04545\" data-element_type=\"widget\" data-widget_type=\"text-editor.default\">\n\t\t\t\t<div class=\"elementor-widget-container\">\n\t\t\t\t\t\t\t<p>Por otra parte, a d\u00eda de hoy, se mantiene el desv\u00edo provisional en el puente de San Roque de Cervera de Pisuerga, debido a las obras de mejora del mismo, que se espera que concluyan en las pr\u00f3ximas semanas. <br><\/p><p><br><\/p>\n<p><\/p>\n<p>Para el pr\u00f3ximo a\u00f1o 2024 est\u00e1 prevista la intervenci\u00f3n de ensanche en el puente de Va\u00f1es, sobre el Embalse de Requejada. Asimismo se contemplan diferentes mejoras en los sistemas de protecci\u00f3n de veh\u00edculos, elementos de balizamiento y se\u00f1alizaci\u00f3n vertical.<\/p>\t\t\t\t\t\t<\/div>\n\t\t\t\t<\/div>\n\t\t\t\t\t<\/div>\n\t\t<\/div>\n\t\t\t\t\t\t\t<\/div>\n\t\t<\/section>\n\t\t\t\t\t\t<\/div>\n\t\t\t\t\t<\/div>","protected":false},"excerpt":{"rendered":"<p>Contin\u00faan avanzando los trabajos de mejora de la carretera CL-627, de Cervera de Pisuerga al l\u00edmite con Cantabria en Piedrasluengas, que se centran actualmente en la renovaci\u00f3n superficial del pavimento y en el ensanche del puente de San Roque en Cervera de Pisuerga. \u00a0 La esperada renovaci\u00f3n del firme ha comenzado a ejecutarse desde el &hellip; <\/p>\n<p class=\"link-more\"><a href=\"https:\/\/www.turismolapernia.com\/en\/noticias-pernia\/el-nuevo-asfalto-de-la-cl-627-llega-a-la-pernia\/\" class=\"more-link\">Continue reading<span class=\"screen-reader-text\"> &#8220;El nuevo asfalto de la CL-627 llega a La Pern\u00eda&#8221;<\/span><\/a><\/p>","protected":false},"author":1,"featured_media":16925,"comment_status":"open","ping_status":"open","sticky":false,"template":"","format":"standard","meta":{"footnotes":""},"categories":[13],"tags":[],"class_list":["post-16924","post","type-post","status-publish","format-standard","has-post-thumbnail","hentry","category-noticias-pernia"],"yoast_head":"<!-- This site is optimized with the Yoast SEO plugin v23.5 - https:\/\/yoast.com\/wordpress\/plugins\/seo\/ -->\n<title>El nuevo asfalto de la CL-627 llega a La Pern\u00eda | Turismo La Pern\u00eda<\/title>\n<meta name=\"robots\" content=\"index, follow, max-snippet:-1, max-image-preview:large, max-video-preview:-1\" \/>\n<link rel=\"canonical\" href=\"https:\/\/www.turismolapernia.com\/en\/noticias-pernia\/el-nuevo-asfalto-de-la-cl-627-llega-a-la-pernia\/\" \/>\n<meta property=\"og:locale\" content=\"en_GB\" \/>\n<meta property=\"og:type\" content=\"article\" \/>\n<meta property=\"og:title\" content=\"El nuevo asfalto de la CL-627 llega a La Pern\u00eda | Turismo La Pern\u00eda\" \/>\n<meta property=\"og:description\" content=\"Contin\u00faan avanzando los trabajos de mejora de la carretera CL-627, de Cervera de Pisuerga al l\u00edmite con Cantabria en Piedrasluengas, que se centran actualmente en la renovaci\u00f3n superficial del pavimento y en el ensanche del puente de San Roque en Cervera de Pisuerga. \u00a0 La esperada renovaci\u00f3n del firme ha comenzado a ejecutarse desde el &hellip; Continue reading &quot;El nuevo asfalto de la CL-627 llega a La Pern\u00eda&quot;\" \/>\n<meta property=\"og:url\" content=\"https:\/\/www.turismolapernia.com\/en\/noticias-pernia\/el-nuevo-asfalto-de-la-cl-627-llega-a-la-pernia\/\" \/>\n<meta property=\"og:site_name\" content=\"Turismo La Pern\u00eda\" \/>\n<meta property=\"article:publisher\" content=\"https:\/\/www.facebook.com\/turismolapernia\/\" \/>\n<meta property=\"article:published_time\" content=\"2023-10-11T15:11:54+00:00\" \/>\n<meta property=\"article:modified_time\" content=\"2023-10-22T20:34:54+00:00\" \/>\n<meta property=\"og:image\" content=\"https:\/\/www.turismolapernia.com\/wp-content\/uploads\/2023\/10\/DSC04713-01-1024x763.jpeg\" \/>\n\t<meta property=\"og:image:width\" content=\"1024\" \/>\n\t<meta property=\"og:image:height\" content=\"763\" \/>\n\t<meta property=\"og:image:type\" content=\"image\/jpeg\" \/>\n<meta name=\"author\" content=\"admin\" \/>\n<meta name=\"twitter:card\" content=\"summary_large_image\" \/>\n<meta name=\"twitter:label1\" content=\"Written by\" \/>\n\t<meta name=\"twitter:data1\" content=\"admin\" \/>\n\t<meta name=\"twitter:label2\" content=\"Estimated reading time\" \/>\n\t<meta name=\"twitter:data2\" content=\"1 minute\" \/>\n<script type=\"application\/ld+json\" class=\"yoast-schema-graph\">{\"@context\":\"https:\/\/schema.org\",\"@graph\":[{\"@type\":\"Article\",\"@id\":\"https:\/\/www.turismolapernia.com\/noticias-pernia\/el-nuevo-asfalto-de-la-cl-627-llega-a-la-pernia\/#article\",\"isPartOf\":{\"@id\":\"https:\/\/www.turismolapernia.com\/noticias-pernia\/el-nuevo-asfalto-de-la-cl-627-llega-a-la-pernia\/\"},\"author\":{\"name\":\"admin\",\"@id\":\"https:\/\/www.turismolapernia.com\/#\/schema\/person\/5d5ac032f7e9064c5ce073bbe3564340\"},\"headline\":\"El nuevo asfalto de la CL-627 llega a La Pern\u00eda\",\"datePublished\":\"2023-10-11T15:11:54+00:00\",\"dateModified\":\"2023-10-22T20:34:54+00:00\",\"mainEntityOfPage\":{\"@id\":\"https:\/\/www.turismolapernia.com\/noticias-pernia\/el-nuevo-asfalto-de-la-cl-627-llega-a-la-pernia\/\"},\"wordCount\":267,\"commentCount\":0,\"publisher\":{\"@id\":\"https:\/\/www.turismolapernia.com\/#organization\"},\"image\":{\"@id\":\"https:\/\/www.turismolapernia.com\/noticias-pernia\/el-nuevo-asfalto-de-la-cl-627-llega-a-la-pernia\/#primaryimage\"},\"thumbnailUrl\":\"https:\/\/www.turismolapernia.com\/wp-content\/uploads\/2023\/10\/DSC04713-01.jpeg\",\"articleSection\":[\"Noticias\"],\"inLanguage\":\"en-GB\",\"potentialAction\":[{\"@type\":\"CommentAction\",\"name\":\"Comment\",\"target\":[\"https:\/\/www.turismolapernia.com\/noticias-pernia\/el-nuevo-asfalto-de-la-cl-627-llega-a-la-pernia\/#respond\"]}]},{\"@type\":\"WebPage\",\"@id\":\"https:\/\/www.turismolapernia.com\/noticias-pernia\/el-nuevo-asfalto-de-la-cl-627-llega-a-la-pernia\/\",\"url\":\"https:\/\/www.turismolapernia.com\/noticias-pernia\/el-nuevo-asfalto-de-la-cl-627-llega-a-la-pernia\/\",\"name\":\"El nuevo asfalto de la CL-627 llega a La Pern\u00eda | Turismo La Pern\u00eda\",\"isPartOf\":{\"@id\":\"https:\/\/www.turismolapernia.com\/#website\"},\"primaryImageOfPage\":{\"@id\":\"https:\/\/www.turismolapernia.com\/noticias-pernia\/el-nuevo-asfalto-de-la-cl-627-llega-a-la-pernia\/#primaryimage\"},\"image\":{\"@id\":\"https:\/\/www.turismolapernia.com\/noticias-pernia\/el-nuevo-asfalto-de-la-cl-627-llega-a-la-pernia\/#primaryimage\"},\"thumbnailUrl\":\"https:\/\/www.turismolapernia.com\/wp-content\/uploads\/2023\/10\/DSC04713-01.jpeg\",\"datePublished\":\"2023-10-11T15:11:54+00:00\",\"dateModified\":\"2023-10-22T20:34:54+00:00\",\"breadcrumb\":{\"@id\":\"https:\/\/www.turismolapernia.com\/noticias-pernia\/el-nuevo-asfalto-de-la-cl-627-llega-a-la-pernia\/#breadcrumb\"},\"inLanguage\":\"en-GB\",\"potentialAction\":[{\"@type\":\"ReadAction\",\"target\":[\"https:\/\/www.turismolapernia.com\/noticias-pernia\/el-nuevo-asfalto-de-la-cl-627-llega-a-la-pernia\/\"]}]},{\"@type\":\"ImageObject\",\"inLanguage\":\"en-GB\",\"@id\":\"https:\/\/www.turismolapernia.com\/noticias-pernia\/el-nuevo-asfalto-de-la-cl-627-llega-a-la-pernia\/#primaryimage\",\"url\":\"https:\/\/www.turismolapernia.com\/wp-content\/uploads\/2023\/10\/DSC04713-01.jpeg\",\"contentUrl\":\"https:\/\/www.turismolapernia.com\/wp-content\/uploads\/2023\/10\/DSC04713-01.jpeg\",\"width\":2406,\"height\":1793},{\"@type\":\"BreadcrumbList\",\"@id\":\"https:\/\/www.turismolapernia.com\/noticias-pernia\/el-nuevo-asfalto-de-la-cl-627-llega-a-la-pernia\/#breadcrumb\",\"itemListElement\":[{\"@type\":\"ListItem\",\"position\":1,\"name\":\"La Pern\u00eda\",\"item\":\"https:\/\/www.turismolapernia.com\/\"},{\"@type\":\"ListItem\",\"position\":2,\"name\":\"El nuevo asfalto de la CL-627 llega a La Pern\u00eda\"}]},{\"@type\":\"WebSite\",\"@id\":\"https:\/\/www.turismolapernia.com\/#website\",\"url\":\"https:\/\/www.turismolapernia.com\/\",\"name\":\"Turismo La Pern\u00eda\",\"description\":\"Monta\u00f1a Palentina\",\"publisher\":{\"@id\":\"https:\/\/www.turismolapernia.com\/#organization\"},\"potentialAction\":[{\"@type\":\"SearchAction\",\"target\":{\"@type\":\"EntryPoint\",\"urlTemplate\":\"https:\/\/www.turismolapernia.com\/?s={search_term_string}\"},\"query-input\":{\"@type\":\"PropertyValueSpecification\",\"valueRequired\":true,\"valueName\":\"search_term_string\"}}],\"inLanguage\":\"en-GB\"},{\"@type\":\"Organization\",\"@id\":\"https:\/\/www.turismolapernia.com\/#organization\",\"name\":\"Turismo La Pern\u00eda\",\"url\":\"https:\/\/www.turismolapernia.com\/\",\"logo\":{\"@type\":\"ImageObject\",\"inLanguage\":\"en-GB\",\"@id\":\"https:\/\/www.turismolapernia.com\/#\/schema\/logo\/image\/\",\"url\":\"https:\/\/www.turismolapernia.com\/wp-content\/uploads\/2021\/12\/cropped-logo-CRV-Pernia-perfil.jpg\",\"contentUrl\":\"https:\/\/www.turismolapernia.com\/wp-content\/uploads\/2021\/12\/cropped-logo-CRV-Pernia-perfil.jpg\",\"width\":512,\"height\":512,\"caption\":\"Turismo La Pern\u00eda\"},\"image\":{\"@id\":\"https:\/\/www.turismolapernia.com\/#\/schema\/logo\/image\/\"},\"sameAs\":[\"https:\/\/www.facebook.com\/turismolapernia\/\",\"https:\/\/www.instagram.com\/turismolapernia\/\"]},{\"@type\":\"Person\",\"@id\":\"https:\/\/www.turismolapernia.com\/#\/schema\/person\/5d5ac032f7e9064c5ce073bbe3564340\",\"name\":\"admin\",\"image\":{\"@type\":\"ImageObject\",\"inLanguage\":\"en-GB\",\"@id\":\"https:\/\/www.turismolapernia.com\/#\/schema\/person\/image\/\",\"url\":\"https:\/\/secure.gravatar.com\/avatar\/fe87fc43b218a52a79b72dddcb95d45fcdca0048b80712e6d20925a50f267165?s=96&d=mm&r=g\",\"contentUrl\":\"https:\/\/secure.gravatar.com\/avatar\/fe87fc43b218a52a79b72dddcb95d45fcdca0048b80712e6d20925a50f267165?s=96&d=mm&r=g\",\"caption\":\"admin\"}}]}<\/script>\n<!-- \/ Yoast SEO plugin. -->","yoast_head_json":{"title":"El nuevo asfalto de la CL-627 llega a La Pern\u00eda | Turismo La Pern\u00eda","robots":{"index":"index","follow":"follow","max-snippet":"max-snippet:-1","max-image-preview":"max-image-preview:large","max-video-preview":"max-video-preview:-1"},"canonical":"https:\/\/www.turismolapernia.com\/en\/noticias-pernia\/el-nuevo-asfalto-de-la-cl-627-llega-a-la-pernia\/","og_locale":"en_GB","og_type":"article","og_title":"El nuevo asfalto de la CL-627 llega a La Pern\u00eda | Turismo La Pern\u00eda","og_description":"Contin\u00faan avanzando los trabajos de mejora de la carretera CL-627, de Cervera de Pisuerga al l\u00edmite con Cantabria en Piedrasluengas, que se centran actualmente en la renovaci\u00f3n superficial del pavimento y en el ensanche del puente de San Roque en Cervera de Pisuerga. \u00a0 La esperada renovaci\u00f3n del firme ha comenzado a ejecutarse desde el &hellip; Continue reading \"El nuevo asfalto de la CL-627 llega a La Pern\u00eda\"","og_url":"https:\/\/www.turismolapernia.com\/en\/noticias-pernia\/el-nuevo-asfalto-de-la-cl-627-llega-a-la-pernia\/","og_site_name":"Turismo La Pern\u00eda","article_publisher":"https:\/\/www.facebook.com\/turismolapernia\/","article_published_time":"2023-10-11T15:11:54+00:00","article_modified_time":"2023-10-22T20:34:54+00:00","og_image":[{"width":1024,"height":763,"url":"https:\/\/www.turismolapernia.com\/wp-content\/uploads\/2023\/10\/DSC04713-01-1024x763.jpeg","type":"image\/jpeg"}],"author":"admin","twitter_card":"summary_large_image","twitter_misc":{"Written by":"admin","Estimated reading time":"1 minute"},"schema":{"@context":"https:\/\/schema.org","@graph":[{"@type":"Article","@id":"https:\/\/www.turismolapernia.com\/noticias-pernia\/el-nuevo-asfalto-de-la-cl-627-llega-a-la-pernia\/#article","isPartOf":{"@id":"https:\/\/www.turismolapernia.com\/noticias-pernia\/el-nuevo-asfalto-de-la-cl-627-llega-a-la-pernia\/"},"author":{"name":"admin","@id":"https:\/\/www.turismolapernia.com\/#\/schema\/person\/5d5ac032f7e9064c5ce073bbe3564340"},"headline":"El nuevo asfalto de la CL-627 llega a La Pern\u00eda","datePublished":"2023-10-11T15:11:54+00:00","dateModified":"2023-10-22T20:34:54+00:00","mainEntityOfPage":{"@id":"https:\/\/www.turismolapernia.com\/noticias-pernia\/el-nuevo-asfalto-de-la-cl-627-llega-a-la-pernia\/"},"wordCount":267,"commentCount":0,"publisher":{"@id":"https:\/\/www.turismolapernia.com\/#organization"},"image":{"@id":"https:\/\/www.turismolapernia.com\/noticias-pernia\/el-nuevo-asfalto-de-la-cl-627-llega-a-la-pernia\/#primaryimage"},"thumbnailUrl":"https:\/\/www.turismolapernia.com\/wp-content\/uploads\/2023\/10\/DSC04713-01.jpeg","articleSection":["Noticias"],"inLanguage":"en-GB","potentialAction":[{"@type":"CommentAction","name":"Comment","target":["https:\/\/www.turismolapernia.com\/noticias-pernia\/el-nuevo-asfalto-de-la-cl-627-llega-a-la-pernia\/#respond"]}]},{"@type":"WebPage","@id":"https:\/\/www.turismolapernia.com\/noticias-pernia\/el-nuevo-asfalto-de-la-cl-627-llega-a-la-pernia\/","url":"https:\/\/www.turismolapernia.com\/noticias-pernia\/el-nuevo-asfalto-de-la-cl-627-llega-a-la-pernia\/","name":"El nuevo asfalto de la CL-627 llega a La Pern\u00eda | Turismo La Pern\u00eda","isPartOf":{"@id":"https:\/\/www.turismolapernia.com\/#website"},"primaryImageOfPage":{"@id":"https:\/\/www.turismolapernia.com\/noticias-pernia\/el-nuevo-asfalto-de-la-cl-627-llega-a-la-pernia\/#primaryimage"},"image":{"@id":"https:\/\/www.turismolapernia.com\/noticias-pernia\/el-nuevo-asfalto-de-la-cl-627-llega-a-la-pernia\/#primaryimage"},"thumbnailUrl":"https:\/\/www.turismolapernia.com\/wp-content\/uploads\/2023\/10\/DSC04713-01.jpeg","datePublished":"2023-10-11T15:11:54+00:00","dateModified":"2023-10-22T20:34:54+00:00","breadcrumb":{"@id":"https:\/\/www.turismolapernia.com\/noticias-pernia\/el-nuevo-asfalto-de-la-cl-627-llega-a-la-pernia\/#breadcrumb"},"inLanguage":"en-GB","potentialAction":[{"@type":"ReadAction","target":["https:\/\/www.turismolapernia.com\/noticias-pernia\/el-nuevo-asfalto-de-la-cl-627-llega-a-la-pernia\/"]}]},{"@type":"ImageObject","inLanguage":"en-GB","@id":"https:\/\/www.turismolapernia.com\/noticias-pernia\/el-nuevo-asfalto-de-la-cl-627-llega-a-la-pernia\/#primaryimage","url":"https:\/\/www.turismolapernia.com\/wp-content\/uploads\/2023\/10\/DSC04713-01.jpeg","contentUrl":"https:\/\/www.turismolapernia.com\/wp-content\/uploads\/2023\/10\/DSC04713-01.jpeg","width":2406,"height":1793},{"@type":"BreadcrumbList","@id":"https:\/\/www.turismolapernia.com\/noticias-pernia\/el-nuevo-asfalto-de-la-cl-627-llega-a-la-pernia\/#breadcrumb","itemListElement":[{"@type":"ListItem","position":1,"name":"La Pern\u00eda","item":"https:\/\/www.turismolapernia.com\/"},{"@type":"ListItem","position":2,"name":"El nuevo asfalto de la CL-627 llega a La Pern\u00eda"}]},{"@type":"WebSite","@id":"https:\/\/www.turismolapernia.com\/#website","url":"https:\/\/www.turismolapernia.com\/","name":"Turismo La Pern\u00eda","description":"Monta\u00f1a Palentina","publisher":{"@id":"https:\/\/www.turismolapernia.com\/#organization"},"potentialAction":[{"@type":"SearchAction","target":{"@type":"EntryPoint","urlTemplate":"https:\/\/www.turismolapernia.com\/?s={search_term_string}"},"query-input":{"@type":"PropertyValueSpecification","valueRequired":true,"valueName":"search_term_string"}}],"inLanguage":"en-GB"},{"@type":"Organization","@id":"https:\/\/www.turismolapernia.com\/#organization","name":"Turismo La Pern\u00eda","url":"https:\/\/www.turismolapernia.com\/","logo":{"@type":"ImageObject","inLanguage":"en-GB","@id":"https:\/\/www.turismolapernia.com\/#\/schema\/logo\/image\/","url":"https:\/\/www.turismolapernia.com\/wp-content\/uploads\/2021\/12\/cropped-logo-CRV-Pernia-perfil.jpg","contentUrl":"https:\/\/www.turismolapernia.com\/wp-content\/uploads\/2021\/12\/cropped-logo-CRV-Pernia-perfil.jpg","width":512,"height":512,"caption":"Turismo La Pern\u00eda"},"image":{"@id":"https:\/\/www.turismolapernia.com\/#\/schema\/logo\/image\/"},"sameAs":["https:\/\/www.facebook.com\/turismolapernia\/","https:\/\/www.instagram.com\/turismolapernia\/"]},{"@type":"Person","@id":"https:\/\/www.turismolapernia.com\/#\/schema\/person\/5d5ac032f7e9064c5ce073bbe3564340","name":"admin","image":{"@type":"ImageObject","inLanguage":"en-GB","@id":"https:\/\/www.turismolapernia.com\/#\/schema\/person\/image\/","url":"https:\/\/secure.gravatar.com\/avatar\/fe87fc43b218a52a79b72dddcb95d45fcdca0048b80712e6d20925a50f267165?s=96&d=mm&r=g","contentUrl":"https:\/\/secure.gravatar.com\/avatar\/fe87fc43b218a52a79b72dddcb95d45fcdca0048b80712e6d20925a50f267165?s=96&d=mm&r=g","caption":"admin"}}]}},"_links":{"self":[{"href":"https:\/\/www.turismolapernia.com\/en\/wp-json\/wp\/v2\/posts\/16924","targetHints":{"allow":["GET"]}}],"collection":[{"href":"https:\/\/www.turismolapernia.com\/en\/wp-json\/wp\/v2\/posts"}],"about":[{"href":"https:\/\/www.turismolapernia.com\/en\/wp-json\/wp\/v2\/types\/post"}],"author":[{"embeddable":true,"href":"https:\/\/www.turismolapernia.com\/en\/wp-json\/wp\/v2\/users\/1"}],"replies":[{"embeddable":true,"href":"https:\/\/www.turismolapernia.com\/en\/wp-json\/wp\/v2\/comments?post=16924"}],"version-history":[{"count":14,"href":"https:\/\/www.turismolapernia.com\/en\/wp-json\/wp\/v2\/posts\/16924\/revisions"}],"predecessor-version":[{"id":16944,"href":"https:\/\/www.turismolapernia.com\/en\/wp-json\/wp\/v2\/posts\/16924\/revisions\/16944"}],"wp:featuredmedia":[{"embeddable":true,"href":"https:\/\/www.turismolapernia.com\/en\/wp-json\/wp\/v2\/media\/16925"}],"wp:attachment":[{"href":"https:\/\/www.turismolapernia.com\/en\/wp-json\/wp\/v2\/media?parent=16924"}],"wp:term":[{"taxonomy":"category","embeddable":true,"href":"https:\/\/www.turismolapernia.com\/en\/wp-json\/wp\/v2\/categories?post=16924"},{"taxonomy":"post_tag","embeddable":true,"href":"https:\/\/www.turismolapernia.com\/en\/wp-json\/wp\/v2\/tags?post=16924"}],"curies":[{"name":"wp","href":"https:\/\/api.w.org\/{rel}","templated":true}]}}