{"id":16820,"date":"2023-08-01T13:53:22","date_gmt":"2023-08-01T11:53:22","guid":{"rendered":"https:\/\/www.turismolapernia.com\/?p=16820"},"modified":"2023-08-01T13:55:03","modified_gmt":"2023-08-01T11:55:03","slug":"exposicion-de-fotografias-en-manos-de-mujer-red-pame-montana-palentina","status":"publish","type":"post","link":"https:\/\/www.turismolapernia.com\/en\/eventos-y-actividades\/exposicion-de-fotografias-en-manos-de-mujer-red-pame-montana-palentina\/","title":{"rendered":"Exposici\u00f3n de fotograf\u00edas &#8220;En manos de mujer&#8221;. Red PAME Monta\u00f1a Palentina"},"content":{"rendered":"<div data-elementor-type=\"wp-post\" data-elementor-id=\"16820\" class=\"elementor elementor-16820\" data-elementor-settings=\"[]\">\n\t\t\t\t\t\t\t<div class=\"elementor-section-wrap\">\n\t\t\t\t\t\t\t<section class=\"elementor-section elementor-top-section elementor-element elementor-element-ecc7121 elementor-section-boxed elementor-section-height-default elementor-section-height-default\" data-id=\"ecc7121\" data-element_type=\"section\">\n\t\t\t\t\t\t<div class=\"elementor-container elementor-column-gap-default\">\n\t\t\t\t\t<div class=\"elementor-column elementor-col-100 elementor-top-column elementor-element elementor-element-3eaa904\" data-id=\"3eaa904\" data-element_type=\"column\">\n\t\t\t<div class=\"elementor-widget-wrap elementor-element-populated\">\n\t\t\t\t\t\t\t\t<div class=\"elementor-element elementor-element-11f3767 elementor-widget elementor-widget-image\" data-id=\"11f3767\" data-element_type=\"widget\" data-widget_type=\"image.default\">\n\t\t\t\t<div class=\"elementor-widget-container\">\n\t\t\t\t\t\t\t\t\t\t\t\t\t\t\t<img loading=\"lazy\" decoding=\"async\" width=\"525\" height=\"743\" src=\"https:\/\/www.turismolapernia.com\/wp-content\/uploads\/2023\/08\/Exposicion-fotos-La-Pernia1-724x1024.png\" class=\"attachment-large size-large\" alt=\"\" srcset=\"https:\/\/www.turismolapernia.com\/wp-content\/uploads\/2023\/08\/Exposicion-fotos-La-Pernia1-724x1024.png 724w, https:\/\/www.turismolapernia.com\/wp-content\/uploads\/2023\/08\/Exposicion-fotos-La-Pernia1-212x300.png 212w, https:\/\/www.turismolapernia.com\/wp-content\/uploads\/2023\/08\/Exposicion-fotos-La-Pernia1-768x1086.png 768w, https:\/\/www.turismolapernia.com\/wp-content\/uploads\/2023\/08\/Exposicion-fotos-La-Pernia1-1086x1536.png 1086w, https:\/\/www.turismolapernia.com\/wp-content\/uploads\/2023\/08\/Exposicion-fotos-La-Pernia1-1448x2048.png 1448w, https:\/\/www.turismolapernia.com\/wp-content\/uploads\/2023\/08\/Exposicion-fotos-La-Pernia1-8x12.png 8w, https:\/\/www.turismolapernia.com\/wp-content\/uploads\/2023\/08\/Exposicion-fotos-La-Pernia1.png 1587w\" sizes=\"auto, 100vw\" \/>\t\t\t\t\t\t\t\t\t\t\t\t\t\t\t<\/div>\n\t\t\t\t<\/div>\n\t\t\t\t\t<\/div>\n\t\t<\/div>\n\t\t\t\t\t\t\t<\/div>\n\t\t<\/section>\n\t\t\t\t\t\t<\/div>\n\t\t\t\t\t<\/div>","protected":false},"excerpt":{"rendered":"","protected":false},"author":1,"featured_media":16822,"comment_status":"open","ping_status":"open","sticky":false,"template":"","format":"standard","meta":{"footnotes":""},"categories":[14],"tags":[],"class_list":["post-16820","post","type-post","status-publish","format-standard","has-post-thumbnail","hentry","category-eventos-y-actividades"],"yoast_head":"<!-- This site is optimized with the Yoast SEO plugin v23.5 - https:\/\/yoast.com\/wordpress\/plugins\/seo\/ -->\n<title>Exposici\u00f3n de fotograf\u00edas &quot;En manos de mujer&quot;. Red PAME Monta\u00f1a Palentina | Turismo La Pern\u00eda<\/title>\n<meta name=\"robots\" content=\"index, follow, max-snippet:-1, max-image-preview:large, max-video-preview:-1\" \/>\n<link rel=\"canonical\" href=\"https:\/\/www.turismolapernia.com\/en\/eventos-y-actividades\/exposicion-de-fotografias-en-manos-de-mujer-red-pame-montana-palentina\/\" \/>\n<meta property=\"og:locale\" content=\"en_GB\" \/>\n<meta property=\"og:type\" content=\"article\" \/>\n<meta property=\"og:title\" content=\"Exposici\u00f3n de fotograf\u00edas &quot;En manos de mujer&quot;. Red PAME Monta\u00f1a Palentina | Turismo La Pern\u00eda\" \/>\n<meta property=\"og:url\" content=\"https:\/\/www.turismolapernia.com\/en\/eventos-y-actividades\/exposicion-de-fotografias-en-manos-de-mujer-red-pame-montana-palentina\/\" \/>\n<meta property=\"og:site_name\" content=\"Turismo La Pern\u00eda\" \/>\n<meta property=\"article:publisher\" content=\"https:\/\/www.facebook.com\/turismolapernia\/\" \/>\n<meta property=\"article:published_time\" content=\"2023-08-01T11:53:22+00:00\" \/>\n<meta property=\"article:modified_time\" content=\"2023-08-01T11:55:03+00:00\" \/>\n<meta property=\"og:image\" content=\"https:\/\/www.turismolapernia.com\/wp-content\/uploads\/2023\/08\/Exposicion-fotos-La-Pernia1-724x1024.png\" \/>\n\t<meta property=\"og:image:width\" content=\"724\" \/>\n\t<meta property=\"og:image:height\" content=\"1024\" \/>\n\t<meta property=\"og:image:type\" content=\"image\/png\" \/>\n<meta name=\"author\" content=\"admin\" \/>\n<meta name=\"twitter:card\" content=\"summary_large_image\" \/>\n<meta name=\"twitter:label1\" content=\"Written by\" \/>\n\t<meta name=\"twitter:data1\" content=\"admin\" \/>\n<script type=\"application\/ld+json\" class=\"yoast-schema-graph\">{\"@context\":\"https:\/\/schema.org\",\"@graph\":[{\"@type\":\"Article\",\"@id\":\"https:\/\/www.turismolapernia.com\/eventos-y-actividades\/exposicion-de-fotografias-en-manos-de-mujer-red-pame-montana-palentina\/#article\",\"isPartOf\":{\"@id\":\"https:\/\/www.turismolapernia.com\/eventos-y-actividades\/exposicion-de-fotografias-en-manos-de-mujer-red-pame-montana-palentina\/\"},\"author\":{\"name\":\"admin\",\"@id\":\"https:\/\/www.turismolapernia.com\/#\/schema\/person\/5d5ac032f7e9064c5ce073bbe3564340\"},\"headline\":\"Exposici\u00f3n de fotograf\u00edas &#8220;En manos de mujer&#8221;. Red PAME Monta\u00f1a Palentina\",\"datePublished\":\"2023-08-01T11:53:22+00:00\",\"dateModified\":\"2023-08-01T11:55:03+00:00\",\"mainEntityOfPage\":{\"@id\":\"https:\/\/www.turismolapernia.com\/eventos-y-actividades\/exposicion-de-fotografias-en-manos-de-mujer-red-pame-montana-palentina\/\"},\"wordCount\":14,\"commentCount\":0,\"publisher\":{\"@id\":\"https:\/\/www.turismolapernia.com\/#organization\"},\"image\":{\"@id\":\"https:\/\/www.turismolapernia.com\/eventos-y-actividades\/exposicion-de-fotografias-en-manos-de-mujer-red-pame-montana-palentina\/#primaryimage\"},\"thumbnailUrl\":\"https:\/\/www.turismolapernia.com\/wp-content\/uploads\/2023\/08\/Exposicion-fotos-La-Pernia1.png\",\"articleSection\":[\"Eventos y actividades\"],\"inLanguage\":\"en-GB\",\"potentialAction\":[{\"@type\":\"CommentAction\",\"name\":\"Comment\",\"target\":[\"https:\/\/www.turismolapernia.com\/eventos-y-actividades\/exposicion-de-fotografias-en-manos-de-mujer-red-pame-montana-palentina\/#respond\"]}]},{\"@type\":\"WebPage\",\"@id\":\"https:\/\/www.turismolapernia.com\/eventos-y-actividades\/exposicion-de-fotografias-en-manos-de-mujer-red-pame-montana-palentina\/\",\"url\":\"https:\/\/www.turismolapernia.com\/eventos-y-actividades\/exposicion-de-fotografias-en-manos-de-mujer-red-pame-montana-palentina\/\",\"name\":\"Exposici\u00f3n de fotograf\u00edas \\\"En manos de mujer\\\". Red PAME Monta\u00f1a Palentina | Turismo La Pern\u00eda\",\"isPartOf\":{\"@id\":\"https:\/\/www.turismolapernia.com\/#website\"},\"primaryImageOfPage\":{\"@id\":\"https:\/\/www.turismolapernia.com\/eventos-y-actividades\/exposicion-de-fotografias-en-manos-de-mujer-red-pame-montana-palentina\/#primaryimage\"},\"image\":{\"@id\":\"https:\/\/www.turismolapernia.com\/eventos-y-actividades\/exposicion-de-fotografias-en-manos-de-mujer-red-pame-montana-palentina\/#primaryimage\"},\"thumbnailUrl\":\"https:\/\/www.turismolapernia.com\/wp-content\/uploads\/2023\/08\/Exposicion-fotos-La-Pernia1.png\",\"datePublished\":\"2023-08-01T11:53:22+00:00\",\"dateModified\":\"2023-08-01T11:55:03+00:00\",\"breadcrumb\":{\"@id\":\"https:\/\/www.turismolapernia.com\/eventos-y-actividades\/exposicion-de-fotografias-en-manos-de-mujer-red-pame-montana-palentina\/#breadcrumb\"},\"inLanguage\":\"en-GB\",\"potentialAction\":[{\"@type\":\"ReadAction\",\"target\":[\"https:\/\/www.turismolapernia.com\/eventos-y-actividades\/exposicion-de-fotografias-en-manos-de-mujer-red-pame-montana-palentina\/\"]}]},{\"@type\":\"ImageObject\",\"inLanguage\":\"en-GB\",\"@id\":\"https:\/\/www.turismolapernia.com\/eventos-y-actividades\/exposicion-de-fotografias-en-manos-de-mujer-red-pame-montana-palentina\/#primaryimage\",\"url\":\"https:\/\/www.turismolapernia.com\/wp-content\/uploads\/2023\/08\/Exposicion-fotos-La-Pernia1.png\",\"contentUrl\":\"https:\/\/www.turismolapernia.com\/wp-content\/uploads\/2023\/08\/Exposicion-fotos-La-Pernia1.png\",\"width\":1587,\"height\":2245},{\"@type\":\"BreadcrumbList\",\"@id\":\"https:\/\/www.turismolapernia.com\/eventos-y-actividades\/exposicion-de-fotografias-en-manos-de-mujer-red-pame-montana-palentina\/#breadcrumb\",\"itemListElement\":[{\"@type\":\"ListItem\",\"position\":1,\"name\":\"La Pern\u00eda\",\"item\":\"https:\/\/www.turismolapernia.com\/\"},{\"@type\":\"ListItem\",\"position\":2,\"name\":\"Exposici\u00f3n de fotograf\u00edas &#8220;En manos de mujer&#8221;. Red PAME Monta\u00f1a Palentina\"}]},{\"@type\":\"WebSite\",\"@id\":\"https:\/\/www.turismolapernia.com\/#website\",\"url\":\"https:\/\/www.turismolapernia.com\/\",\"name\":\"Turismo La Pern\u00eda\",\"description\":\"Monta\u00f1a Palentina\",\"publisher\":{\"@id\":\"https:\/\/www.turismolapernia.com\/#organization\"},\"potentialAction\":[{\"@type\":\"SearchAction\",\"target\":{\"@type\":\"EntryPoint\",\"urlTemplate\":\"https:\/\/www.turismolapernia.com\/?s={search_term_string}\"},\"query-input\":{\"@type\":\"PropertyValueSpecification\",\"valueRequired\":true,\"valueName\":\"search_term_string\"}}],\"inLanguage\":\"en-GB\"},{\"@type\":\"Organization\",\"@id\":\"https:\/\/www.turismolapernia.com\/#organization\",\"name\":\"Turismo La Pern\u00eda\",\"url\":\"https:\/\/www.turismolapernia.com\/\",\"logo\":{\"@type\":\"ImageObject\",\"inLanguage\":\"en-GB\",\"@id\":\"https:\/\/www.turismolapernia.com\/#\/schema\/logo\/image\/\",\"url\":\"https:\/\/www.turismolapernia.com\/wp-content\/uploads\/2021\/12\/cropped-logo-CRV-Pernia-perfil.jpg\",\"contentUrl\":\"https:\/\/www.turismolapernia.com\/wp-content\/uploads\/2021\/12\/cropped-logo-CRV-Pernia-perfil.jpg\",\"width\":512,\"height\":512,\"caption\":\"Turismo La Pern\u00eda\"},\"image\":{\"@id\":\"https:\/\/www.turismolapernia.com\/#\/schema\/logo\/image\/\"},\"sameAs\":[\"https:\/\/www.facebook.com\/turismolapernia\/\",\"https:\/\/www.instagram.com\/turismolapernia\/\"]},{\"@type\":\"Person\",\"@id\":\"https:\/\/www.turismolapernia.com\/#\/schema\/person\/5d5ac032f7e9064c5ce073bbe3564340\",\"name\":\"admin\",\"image\":{\"@type\":\"ImageObject\",\"inLanguage\":\"en-GB\",\"@id\":\"https:\/\/www.turismolapernia.com\/#\/schema\/person\/image\/\",\"url\":\"https:\/\/secure.gravatar.com\/avatar\/fe87fc43b218a52a79b72dddcb95d45fcdca0048b80712e6d20925a50f267165?s=96&d=mm&r=g\",\"contentUrl\":\"https:\/\/secure.gravatar.com\/avatar\/fe87fc43b218a52a79b72dddcb95d45fcdca0048b80712e6d20925a50f267165?s=96&d=mm&r=g\",\"caption\":\"admin\"}}]}<\/script>\n<!-- \/ Yoast SEO plugin. -->","yoast_head_json":{"title":"Exposici\u00f3n de fotograf\u00edas \"En manos de mujer\". Red PAME Monta\u00f1a Palentina | Turismo La Pern\u00eda","robots":{"index":"index","follow":"follow","max-snippet":"max-snippet:-1","max-image-preview":"max-image-preview:large","max-video-preview":"max-video-preview:-1"},"canonical":"https:\/\/www.turismolapernia.com\/en\/eventos-y-actividades\/exposicion-de-fotografias-en-manos-de-mujer-red-pame-montana-palentina\/","og_locale":"en_GB","og_type":"article","og_title":"Exposici\u00f3n de fotograf\u00edas \"En manos de mujer\". Red PAME Monta\u00f1a Palentina | Turismo La Pern\u00eda","og_url":"https:\/\/www.turismolapernia.com\/en\/eventos-y-actividades\/exposicion-de-fotografias-en-manos-de-mujer-red-pame-montana-palentina\/","og_site_name":"Turismo La Pern\u00eda","article_publisher":"https:\/\/www.facebook.com\/turismolapernia\/","article_published_time":"2023-08-01T11:53:22+00:00","article_modified_time":"2023-08-01T11:55:03+00:00","og_image":[{"width":724,"height":1024,"url":"https:\/\/www.turismolapernia.com\/wp-content\/uploads\/2023\/08\/Exposicion-fotos-La-Pernia1-724x1024.png","type":"image\/png"}],"author":"admin","twitter_card":"summary_large_image","twitter_misc":{"Written by":"admin"},"schema":{"@context":"https:\/\/schema.org","@graph":[{"@type":"Article","@id":"https:\/\/www.turismolapernia.com\/eventos-y-actividades\/exposicion-de-fotografias-en-manos-de-mujer-red-pame-montana-palentina\/#article","isPartOf":{"@id":"https:\/\/www.turismolapernia.com\/eventos-y-actividades\/exposicion-de-fotografias-en-manos-de-mujer-red-pame-montana-palentina\/"},"author":{"name":"admin","@id":"https:\/\/www.turismolapernia.com\/#\/schema\/person\/5d5ac032f7e9064c5ce073bbe3564340"},"headline":"Exposici\u00f3n de fotograf\u00edas &#8220;En manos de mujer&#8221;. Red PAME Monta\u00f1a Palentina","datePublished":"2023-08-01T11:53:22+00:00","dateModified":"2023-08-01T11:55:03+00:00","mainEntityOfPage":{"@id":"https:\/\/www.turismolapernia.com\/eventos-y-actividades\/exposicion-de-fotografias-en-manos-de-mujer-red-pame-montana-palentina\/"},"wordCount":14,"commentCount":0,"publisher":{"@id":"https:\/\/www.turismolapernia.com\/#organization"},"image":{"@id":"https:\/\/www.turismolapernia.com\/eventos-y-actividades\/exposicion-de-fotografias-en-manos-de-mujer-red-pame-montana-palentina\/#primaryimage"},"thumbnailUrl":"https:\/\/www.turismolapernia.com\/wp-content\/uploads\/2023\/08\/Exposicion-fotos-La-Pernia1.png","articleSection":["Eventos y actividades"],"inLanguage":"en-GB","potentialAction":[{"@type":"CommentAction","name":"Comment","target":["https:\/\/www.turismolapernia.com\/eventos-y-actividades\/exposicion-de-fotografias-en-manos-de-mujer-red-pame-montana-palentina\/#respond"]}]},{"@type":"WebPage","@id":"https:\/\/www.turismolapernia.com\/eventos-y-actividades\/exposicion-de-fotografias-en-manos-de-mujer-red-pame-montana-palentina\/","url":"https:\/\/www.turismolapernia.com\/eventos-y-actividades\/exposicion-de-fotografias-en-manos-de-mujer-red-pame-montana-palentina\/","name":"Exposici\u00f3n de fotograf\u00edas \"En manos de mujer\". Red PAME Monta\u00f1a Palentina | Turismo La Pern\u00eda","isPartOf":{"@id":"https:\/\/www.turismolapernia.com\/#website"},"primaryImageOfPage":{"@id":"https:\/\/www.turismolapernia.com\/eventos-y-actividades\/exposicion-de-fotografias-en-manos-de-mujer-red-pame-montana-palentina\/#primaryimage"},"image":{"@id":"https:\/\/www.turismolapernia.com\/eventos-y-actividades\/exposicion-de-fotografias-en-manos-de-mujer-red-pame-montana-palentina\/#primaryimage"},"thumbnailUrl":"https:\/\/www.turismolapernia.com\/wp-content\/uploads\/2023\/08\/Exposicion-fotos-La-Pernia1.png","datePublished":"2023-08-01T11:53:22+00:00","dateModified":"2023-08-01T11:55:03+00:00","breadcrumb":{"@id":"https:\/\/www.turismolapernia.com\/eventos-y-actividades\/exposicion-de-fotografias-en-manos-de-mujer-red-pame-montana-palentina\/#breadcrumb"},"inLanguage":"en-GB","potentialAction":[{"@type":"ReadAction","target":["https:\/\/www.turismolapernia.com\/eventos-y-actividades\/exposicion-de-fotografias-en-manos-de-mujer-red-pame-montana-palentina\/"]}]},{"@type":"ImageObject","inLanguage":"en-GB","@id":"https:\/\/www.turismolapernia.com\/eventos-y-actividades\/exposicion-de-fotografias-en-manos-de-mujer-red-pame-montana-palentina\/#primaryimage","url":"https:\/\/www.turismolapernia.com\/wp-content\/uploads\/2023\/08\/Exposicion-fotos-La-Pernia1.png","contentUrl":"https:\/\/www.turismolapernia.com\/wp-content\/uploads\/2023\/08\/Exposicion-fotos-La-Pernia1.png","width":1587,"height":2245},{"@type":"BreadcrumbList","@id":"https:\/\/www.turismolapernia.com\/eventos-y-actividades\/exposicion-de-fotografias-en-manos-de-mujer-red-pame-montana-palentina\/#breadcrumb","itemListElement":[{"@type":"ListItem","position":1,"name":"La Pern\u00eda","item":"https:\/\/www.turismolapernia.com\/"},{"@type":"ListItem","position":2,"name":"Exposici\u00f3n de fotograf\u00edas &#8220;En manos de mujer&#8221;. Red PAME Monta\u00f1a Palentina"}]},{"@type":"WebSite","@id":"https:\/\/www.turismolapernia.com\/#website","url":"https:\/\/www.turismolapernia.com\/","name":"Turismo La Pern\u00eda","description":"Monta\u00f1a Palentina","publisher":{"@id":"https:\/\/www.turismolapernia.com\/#organization"},"potentialAction":[{"@type":"SearchAction","target":{"@type":"EntryPoint","urlTemplate":"https:\/\/www.turismolapernia.com\/?s={search_term_string}"},"query-input":{"@type":"PropertyValueSpecification","valueRequired":true,"valueName":"search_term_string"}}],"inLanguage":"en-GB"},{"@type":"Organization","@id":"https:\/\/www.turismolapernia.com\/#organization","name":"Turismo La Pern\u00eda","url":"https:\/\/www.turismolapernia.com\/","logo":{"@type":"ImageObject","inLanguage":"en-GB","@id":"https:\/\/www.turismolapernia.com\/#\/schema\/logo\/image\/","url":"https:\/\/www.turismolapernia.com\/wp-content\/uploads\/2021\/12\/cropped-logo-CRV-Pernia-perfil.jpg","contentUrl":"https:\/\/www.turismolapernia.com\/wp-content\/uploads\/2021\/12\/cropped-logo-CRV-Pernia-perfil.jpg","width":512,"height":512,"caption":"Turismo La Pern\u00eda"},"image":{"@id":"https:\/\/www.turismolapernia.com\/#\/schema\/logo\/image\/"},"sameAs":["https:\/\/www.facebook.com\/turismolapernia\/","https:\/\/www.instagram.com\/turismolapernia\/"]},{"@type":"Person","@id":"https:\/\/www.turismolapernia.com\/#\/schema\/person\/5d5ac032f7e9064c5ce073bbe3564340","name":"admin","image":{"@type":"ImageObject","inLanguage":"en-GB","@id":"https:\/\/www.turismolapernia.com\/#\/schema\/person\/image\/","url":"https:\/\/secure.gravatar.com\/avatar\/fe87fc43b218a52a79b72dddcb95d45fcdca0048b80712e6d20925a50f267165?s=96&d=mm&r=g","contentUrl":"https:\/\/secure.gravatar.com\/avatar\/fe87fc43b218a52a79b72dddcb95d45fcdca0048b80712e6d20925a50f267165?s=96&d=mm&r=g","caption":"admin"}}]}},"_links":{"self":[{"href":"https:\/\/www.turismolapernia.com\/en\/wp-json\/wp\/v2\/posts\/16820","targetHints":{"allow":["GET"]}}],"collection":[{"href":"https:\/\/www.turismolapernia.com\/en\/wp-json\/wp\/v2\/posts"}],"about":[{"href":"https:\/\/www.turismolapernia.com\/en\/wp-json\/wp\/v2\/types\/post"}],"author":[{"embeddable":true,"href":"https:\/\/www.turismolapernia.com\/en\/wp-json\/wp\/v2\/users\/1"}],"replies":[{"embeddable":true,"href":"https:\/\/www.turismolapernia.com\/en\/wp-json\/wp\/v2\/comments?post=16820"}],"version-history":[{"count":4,"href":"https:\/\/www.turismolapernia.com\/en\/wp-json\/wp\/v2\/posts\/16820\/revisions"}],"predecessor-version":[{"id":16825,"href":"https:\/\/www.turismolapernia.com\/en\/wp-json\/wp\/v2\/posts\/16820\/revisions\/16825"}],"wp:featuredmedia":[{"embeddable":true,"href":"https:\/\/www.turismolapernia.com\/en\/wp-json\/wp\/v2\/media\/16822"}],"wp:attachment":[{"href":"https:\/\/www.turismolapernia.com\/en\/wp-json\/wp\/v2\/media?parent=16820"}],"wp:term":[{"taxonomy":"category","embeddable":true,"href":"https:\/\/www.turismolapernia.com\/en\/wp-json\/wp\/v2\/categories?post=16820"},{"taxonomy":"post_tag","embeddable":true,"href":"https:\/\/www.turismolapernia.com\/en\/wp-json\/wp\/v2\/tags?post=16820"}],"curies":[{"name":"wp","href":"https:\/\/api.w.org\/{rel}","templated":true}]}}