{"id":16778,"date":"2023-07-18T13:18:31","date_gmt":"2023-07-18T11:18:31","guid":{"rendered":"https:\/\/www.turismolapernia.com\/?p=16778"},"modified":"2023-08-08T14:43:22","modified_gmt":"2023-08-08T12:43:22","slug":"la-pernia-verano-cultural-2023","status":"publish","type":"post","link":"https:\/\/www.turismolapernia.com\/en\/eventos-y-actividades\/la-pernia-verano-cultural-2023\/","title":{"rendered":"La Pern\u00eda. Verano Cultural 2023"},"content":{"rendered":"<div data-elementor-type=\"wp-post\" data-elementor-id=\"16778\" class=\"elementor elementor-16778\" data-elementor-settings=\"[]\">\n\t\t\t\t\t\t\t<div class=\"elementor-section-wrap\">\n\t\t\t\t\t\t\t<section class=\"elementor-section elementor-top-section elementor-element elementor-element-6ebc9e2 elementor-section-boxed elementor-section-height-default elementor-section-height-default\" data-id=\"6ebc9e2\" data-element_type=\"section\">\n\t\t\t\t\t\t<div class=\"elementor-container elementor-column-gap-default\">\n\t\t\t\t\t<div class=\"elementor-column elementor-col-100 elementor-top-column elementor-element elementor-element-9d2fe10\" data-id=\"9d2fe10\" data-element_type=\"column\">\n\t\t\t<div class=\"elementor-widget-wrap elementor-element-populated\">\n\t\t\t\t\t\t\t\t<div class=\"elementor-element elementor-element-1d08607 elementor-widget elementor-widget-text-editor\" data-id=\"1d08607\" data-element_type=\"widget\" data-widget_type=\"text-editor.default\">\n\t\t\t\t<div class=\"elementor-widget-container\">\n\t\t\t\t\t\t\t<p><span dir=\"auto\">Conciertos y actuaciones de m\u00fasica variada en los distintos pueblos del municipio, adem\u00e1s de una exposici\u00f3n de fotograf\u00eda en el Ayuntamiento. Una ocasi\u00f3n \u00fanica para conocer los pueblos de La Pern\u00eda disfrutando de la cultura y la mejor m\u00fasica.<\/span><\/p>\n<p><span dir=\"auto\">&nbsp;<\/span><\/p>\n<p><span dir=\"auto\">&#8211; Conciertos y actuaciones promovidas por el Programa <b>Dinamiz-ARTj<\/b>, del Instituto para la Transici\u00f3n Justa (ITJ) y la Fundaci\u00f3n Ciudad de la Energ\u00eda (CIUDEN)<\/span> y el Programa <b>Allegrissimo<\/b> de la Diputaci\u00f3n de Palencia.<\/p>\n<p>&#8211; Exposici\u00f3n del Concurso de Fotograf\u00eda &#8220;En manos de mujer&#8221; de la Red PAME Monta\u00f1a Palentina.<\/p>\n<p><\/p>\n<p><span dir=\"auto\">&nbsp;<\/span><\/p>\t\t\t\t\t\t<\/div>\n\t\t\t\t<\/div>\n\t\t\t\t\t<\/div>\n\t\t<\/div>\n\t\t\t\t\t\t\t<\/div>\n\t\t<\/section>\n\t\t\t\t<section class=\"elementor-section elementor-top-section elementor-element elementor-element-ff8ceef elementor-section-boxed elementor-section-height-default elementor-section-height-default\" data-id=\"ff8ceef\" data-element_type=\"section\">\n\t\t\t\t\t\t<div class=\"elementor-container elementor-column-gap-default\">\n\t\t\t\t\t<div class=\"elementor-column elementor-col-100 elementor-top-column elementor-element elementor-element-3194561\" data-id=\"3194561\" data-element_type=\"column\">\n\t\t\t<div class=\"elementor-widget-wrap elementor-element-populated\">\n\t\t\t\t\t\t\t\t<div class=\"elementor-element elementor-element-b9f7ff7 elementor-widget elementor-widget-image\" data-id=\"b9f7ff7\" data-element_type=\"widget\" data-widget_type=\"image.default\">\n\t\t\t\t<div class=\"elementor-widget-container\">\n\t\t\t\t\t\t\t\t\t\t\t\t\t\t\t<img loading=\"lazy\" decoding=\"async\" width=\"525\" height=\"743\" src=\"https:\/\/www.turismolapernia.com\/wp-content\/uploads\/2023\/07\/verano-cultural-la-pernia-2023-1-724x1024.jpg\" class=\"attachment-large size-large\" alt=\"\" srcset=\"https:\/\/www.turismolapernia.com\/wp-content\/uploads\/2023\/07\/verano-cultural-la-pernia-2023-1-724x1024.jpg 724w, https:\/\/www.turismolapernia.com\/wp-content\/uploads\/2023\/07\/verano-cultural-la-pernia-2023-1-212x300.jpg 212w, https:\/\/www.turismolapernia.com\/wp-content\/uploads\/2023\/07\/verano-cultural-la-pernia-2023-1-768x1086.jpg 768w, https:\/\/www.turismolapernia.com\/wp-content\/uploads\/2023\/07\/verano-cultural-la-pernia-2023-1-1086x1536.jpg 1086w, https:\/\/www.turismolapernia.com\/wp-content\/uploads\/2023\/07\/verano-cultural-la-pernia-2023-1-8x12.jpg 8w, https:\/\/www.turismolapernia.com\/wp-content\/uploads\/2023\/07\/verano-cultural-la-pernia-2023-1.jpg 1414w\" sizes=\"auto, 100vw\" \/>\t\t\t\t\t\t\t\t\t\t\t\t\t\t\t<\/div>\n\t\t\t\t<\/div>\n\t\t\t\t\t<\/div>\n\t\t<\/div>\n\t\t\t\t\t\t\t<\/div>\n\t\t<\/section>\n\t\t\t\t\t\t<\/div>\n\t\t\t\t\t<\/div>","protected":false},"excerpt":{"rendered":"<p>Conciertos y actuaciones de m\u00fasica variada en los distintos pueblos del municipio, adem\u00e1s de una exposici\u00f3n de fotograf\u00eda en el Ayuntamiento. Una ocasi\u00f3n \u00fanica para conocer los pueblos de La Pern\u00eda disfrutando de la cultura y la mejor m\u00fasica. &nbsp; &#8211; Conciertos y actuaciones promovidas por el Programa Dinamiz-ARTj, del Instituto para la Transici\u00f3n Justa &hellip; <\/p>\n<p class=\"link-more\"><a href=\"https:\/\/www.turismolapernia.com\/en\/eventos-y-actividades\/la-pernia-verano-cultural-2023\/\" class=\"more-link\">Continue reading<span class=\"screen-reader-text\"> &#8220;La Pern\u00eda. Verano Cultural 2023&#8221;<\/span><\/a><\/p>","protected":false},"author":1,"featured_media":16845,"comment_status":"open","ping_status":"open","sticky":false,"template":"","format":"standard","meta":{"footnotes":""},"categories":[14],"tags":[],"class_list":["post-16778","post","type-post","status-publish","format-standard","has-post-thumbnail","hentry","category-eventos-y-actividades"],"yoast_head":"<!-- This site is optimized with the Yoast SEO plugin v23.5 - https:\/\/yoast.com\/wordpress\/plugins\/seo\/ -->\n<title>La Pern\u00eda. Verano Cultural 2023 | Turismo La Pern\u00eda<\/title>\n<meta name=\"robots\" content=\"index, follow, max-snippet:-1, max-image-preview:large, max-video-preview:-1\" \/>\n<link rel=\"canonical\" href=\"https:\/\/www.turismolapernia.com\/en\/eventos-y-actividades\/la-pernia-verano-cultural-2023\/\" \/>\n<meta property=\"og:locale\" content=\"en_GB\" \/>\n<meta property=\"og:type\" content=\"article\" \/>\n<meta property=\"og:title\" content=\"La Pern\u00eda. Verano Cultural 2023 | Turismo La Pern\u00eda\" \/>\n<meta property=\"og:description\" content=\"Conciertos y actuaciones de m\u00fasica variada en los distintos pueblos del municipio, adem\u00e1s de una exposici\u00f3n de fotograf\u00eda en el Ayuntamiento. Una ocasi\u00f3n \u00fanica para conocer los pueblos de La Pern\u00eda disfrutando de la cultura y la mejor m\u00fasica. &nbsp; &#8211; Conciertos y actuaciones promovidas por el Programa Dinamiz-ARTj, del Instituto para la Transici\u00f3n Justa &hellip; Continue reading &quot;La Pern\u00eda. Verano Cultural 2023&quot;\" \/>\n<meta property=\"og:url\" content=\"https:\/\/www.turismolapernia.com\/en\/eventos-y-actividades\/la-pernia-verano-cultural-2023\/\" \/>\n<meta property=\"og:site_name\" content=\"Turismo La Pern\u00eda\" \/>\n<meta property=\"article:publisher\" content=\"https:\/\/www.facebook.com\/turismolapernia\/\" \/>\n<meta property=\"article:published_time\" content=\"2023-07-18T11:18:31+00:00\" \/>\n<meta property=\"article:modified_time\" content=\"2023-08-08T12:43:22+00:00\" \/>\n<meta property=\"og:image\" content=\"https:\/\/www.turismolapernia.com\/wp-content\/uploads\/2023\/07\/verano-cultural-la-pernia-2023-1.jpg\" \/>\n\t<meta property=\"og:image:width\" content=\"1414\" \/>\n\t<meta property=\"og:image:height\" content=\"2000\" \/>\n\t<meta property=\"og:image:type\" content=\"image\/jpeg\" \/>\n<meta name=\"author\" content=\"admin\" \/>\n<meta name=\"twitter:card\" content=\"summary_large_image\" \/>\n<meta name=\"twitter:label1\" content=\"Written by\" \/>\n\t<meta name=\"twitter:data1\" content=\"admin\" \/>\n\t<meta name=\"twitter:label2\" content=\"Estimated reading time\" \/>\n\t<meta name=\"twitter:data2\" content=\"1 minute\" \/>\n<script type=\"application\/ld+json\" class=\"yoast-schema-graph\">{\"@context\":\"https:\/\/schema.org\",\"@graph\":[{\"@type\":\"Article\",\"@id\":\"https:\/\/www.turismolapernia.com\/eventos-y-actividades\/la-pernia-verano-cultural-2023\/#article\",\"isPartOf\":{\"@id\":\"https:\/\/www.turismolapernia.com\/eventos-y-actividades\/la-pernia-verano-cultural-2023\/\"},\"author\":{\"name\":\"admin\",\"@id\":\"https:\/\/www.turismolapernia.com\/#\/schema\/person\/5d5ac032f7e9064c5ce073bbe3564340\"},\"headline\":\"La Pern\u00eda. Verano Cultural 2023\",\"datePublished\":\"2023-07-18T11:18:31+00:00\",\"dateModified\":\"2023-08-08T12:43:22+00:00\",\"mainEntityOfPage\":{\"@id\":\"https:\/\/www.turismolapernia.com\/eventos-y-actividades\/la-pernia-verano-cultural-2023\/\"},\"wordCount\":109,\"commentCount\":0,\"publisher\":{\"@id\":\"https:\/\/www.turismolapernia.com\/#organization\"},\"image\":{\"@id\":\"https:\/\/www.turismolapernia.com\/eventos-y-actividades\/la-pernia-verano-cultural-2023\/#primaryimage\"},\"thumbnailUrl\":\"https:\/\/www.turismolapernia.com\/wp-content\/uploads\/2023\/07\/verano-cultural-la-pernia-2023-1.jpg\",\"articleSection\":[\"Eventos y actividades\"],\"inLanguage\":\"en-GB\",\"potentialAction\":[{\"@type\":\"CommentAction\",\"name\":\"Comment\",\"target\":[\"https:\/\/www.turismolapernia.com\/eventos-y-actividades\/la-pernia-verano-cultural-2023\/#respond\"]}]},{\"@type\":\"WebPage\",\"@id\":\"https:\/\/www.turismolapernia.com\/eventos-y-actividades\/la-pernia-verano-cultural-2023\/\",\"url\":\"https:\/\/www.turismolapernia.com\/eventos-y-actividades\/la-pernia-verano-cultural-2023\/\",\"name\":\"La Pern\u00eda. Verano Cultural 2023 | Turismo La Pern\u00eda\",\"isPartOf\":{\"@id\":\"https:\/\/www.turismolapernia.com\/#website\"},\"primaryImageOfPage\":{\"@id\":\"https:\/\/www.turismolapernia.com\/eventos-y-actividades\/la-pernia-verano-cultural-2023\/#primaryimage\"},\"image\":{\"@id\":\"https:\/\/www.turismolapernia.com\/eventos-y-actividades\/la-pernia-verano-cultural-2023\/#primaryimage\"},\"thumbnailUrl\":\"https:\/\/www.turismolapernia.com\/wp-content\/uploads\/2023\/07\/verano-cultural-la-pernia-2023-1.jpg\",\"datePublished\":\"2023-07-18T11:18:31+00:00\",\"dateModified\":\"2023-08-08T12:43:22+00:00\",\"breadcrumb\":{\"@id\":\"https:\/\/www.turismolapernia.com\/eventos-y-actividades\/la-pernia-verano-cultural-2023\/#breadcrumb\"},\"inLanguage\":\"en-GB\",\"potentialAction\":[{\"@type\":\"ReadAction\",\"target\":[\"https:\/\/www.turismolapernia.com\/eventos-y-actividades\/la-pernia-verano-cultural-2023\/\"]}]},{\"@type\":\"ImageObject\",\"inLanguage\":\"en-GB\",\"@id\":\"https:\/\/www.turismolapernia.com\/eventos-y-actividades\/la-pernia-verano-cultural-2023\/#primaryimage\",\"url\":\"https:\/\/www.turismolapernia.com\/wp-content\/uploads\/2023\/07\/verano-cultural-la-pernia-2023-1.jpg\",\"contentUrl\":\"https:\/\/www.turismolapernia.com\/wp-content\/uploads\/2023\/07\/verano-cultural-la-pernia-2023-1.jpg\",\"width\":1414,\"height\":2000},{\"@type\":\"BreadcrumbList\",\"@id\":\"https:\/\/www.turismolapernia.com\/eventos-y-actividades\/la-pernia-verano-cultural-2023\/#breadcrumb\",\"itemListElement\":[{\"@type\":\"ListItem\",\"position\":1,\"name\":\"La Pern\u00eda\",\"item\":\"https:\/\/www.turismolapernia.com\/\"},{\"@type\":\"ListItem\",\"position\":2,\"name\":\"La Pern\u00eda. Verano Cultural 2023\"}]},{\"@type\":\"WebSite\",\"@id\":\"https:\/\/www.turismolapernia.com\/#website\",\"url\":\"https:\/\/www.turismolapernia.com\/\",\"name\":\"Turismo La Pern\u00eda\",\"description\":\"Monta\u00f1a Palentina\",\"publisher\":{\"@id\":\"https:\/\/www.turismolapernia.com\/#organization\"},\"potentialAction\":[{\"@type\":\"SearchAction\",\"target\":{\"@type\":\"EntryPoint\",\"urlTemplate\":\"https:\/\/www.turismolapernia.com\/?s={search_term_string}\"},\"query-input\":{\"@type\":\"PropertyValueSpecification\",\"valueRequired\":true,\"valueName\":\"search_term_string\"}}],\"inLanguage\":\"en-GB\"},{\"@type\":\"Organization\",\"@id\":\"https:\/\/www.turismolapernia.com\/#organization\",\"name\":\"Turismo La Pern\u00eda\",\"url\":\"https:\/\/www.turismolapernia.com\/\",\"logo\":{\"@type\":\"ImageObject\",\"inLanguage\":\"en-GB\",\"@id\":\"https:\/\/www.turismolapernia.com\/#\/schema\/logo\/image\/\",\"url\":\"https:\/\/www.turismolapernia.com\/wp-content\/uploads\/2021\/12\/cropped-logo-CRV-Pernia-perfil.jpg\",\"contentUrl\":\"https:\/\/www.turismolapernia.com\/wp-content\/uploads\/2021\/12\/cropped-logo-CRV-Pernia-perfil.jpg\",\"width\":512,\"height\":512,\"caption\":\"Turismo La Pern\u00eda\"},\"image\":{\"@id\":\"https:\/\/www.turismolapernia.com\/#\/schema\/logo\/image\/\"},\"sameAs\":[\"https:\/\/www.facebook.com\/turismolapernia\/\",\"https:\/\/www.instagram.com\/turismolapernia\/\"]},{\"@type\":\"Person\",\"@id\":\"https:\/\/www.turismolapernia.com\/#\/schema\/person\/5d5ac032f7e9064c5ce073bbe3564340\",\"name\":\"admin\",\"image\":{\"@type\":\"ImageObject\",\"inLanguage\":\"en-GB\",\"@id\":\"https:\/\/www.turismolapernia.com\/#\/schema\/person\/image\/\",\"url\":\"https:\/\/secure.gravatar.com\/avatar\/fe87fc43b218a52a79b72dddcb95d45fcdca0048b80712e6d20925a50f267165?s=96&d=mm&r=g\",\"contentUrl\":\"https:\/\/secure.gravatar.com\/avatar\/fe87fc43b218a52a79b72dddcb95d45fcdca0048b80712e6d20925a50f267165?s=96&d=mm&r=g\",\"caption\":\"admin\"}}]}<\/script>\n<!-- \/ Yoast SEO plugin. -->","yoast_head_json":{"title":"La Pern\u00eda. Verano Cultural 2023 | Turismo La Pern\u00eda","robots":{"index":"index","follow":"follow","max-snippet":"max-snippet:-1","max-image-preview":"max-image-preview:large","max-video-preview":"max-video-preview:-1"},"canonical":"https:\/\/www.turismolapernia.com\/en\/eventos-y-actividades\/la-pernia-verano-cultural-2023\/","og_locale":"en_GB","og_type":"article","og_title":"La Pern\u00eda. Verano Cultural 2023 | Turismo La Pern\u00eda","og_description":"Conciertos y actuaciones de m\u00fasica variada en los distintos pueblos del municipio, adem\u00e1s de una exposici\u00f3n de fotograf\u00eda en el Ayuntamiento. Una ocasi\u00f3n \u00fanica para conocer los pueblos de La Pern\u00eda disfrutando de la cultura y la mejor m\u00fasica. &nbsp; &#8211; Conciertos y actuaciones promovidas por el Programa Dinamiz-ARTj, del Instituto para la Transici\u00f3n Justa &hellip; Continue reading \"La Pern\u00eda. Verano Cultural 2023\"","og_url":"https:\/\/www.turismolapernia.com\/en\/eventos-y-actividades\/la-pernia-verano-cultural-2023\/","og_site_name":"Turismo La Pern\u00eda","article_publisher":"https:\/\/www.facebook.com\/turismolapernia\/","article_published_time":"2023-07-18T11:18:31+00:00","article_modified_time":"2023-08-08T12:43:22+00:00","og_image":[{"width":1414,"height":2000,"url":"https:\/\/www.turismolapernia.com\/wp-content\/uploads\/2023\/07\/verano-cultural-la-pernia-2023-1.jpg","type":"image\/jpeg"}],"author":"admin","twitter_card":"summary_large_image","twitter_misc":{"Written by":"admin","Estimated reading time":"1 minute"},"schema":{"@context":"https:\/\/schema.org","@graph":[{"@type":"Article","@id":"https:\/\/www.turismolapernia.com\/eventos-y-actividades\/la-pernia-verano-cultural-2023\/#article","isPartOf":{"@id":"https:\/\/www.turismolapernia.com\/eventos-y-actividades\/la-pernia-verano-cultural-2023\/"},"author":{"name":"admin","@id":"https:\/\/www.turismolapernia.com\/#\/schema\/person\/5d5ac032f7e9064c5ce073bbe3564340"},"headline":"La Pern\u00eda. Verano Cultural 2023","datePublished":"2023-07-18T11:18:31+00:00","dateModified":"2023-08-08T12:43:22+00:00","mainEntityOfPage":{"@id":"https:\/\/www.turismolapernia.com\/eventos-y-actividades\/la-pernia-verano-cultural-2023\/"},"wordCount":109,"commentCount":0,"publisher":{"@id":"https:\/\/www.turismolapernia.com\/#organization"},"image":{"@id":"https:\/\/www.turismolapernia.com\/eventos-y-actividades\/la-pernia-verano-cultural-2023\/#primaryimage"},"thumbnailUrl":"https:\/\/www.turismolapernia.com\/wp-content\/uploads\/2023\/07\/verano-cultural-la-pernia-2023-1.jpg","articleSection":["Eventos y actividades"],"inLanguage":"en-GB","potentialAction":[{"@type":"CommentAction","name":"Comment","target":["https:\/\/www.turismolapernia.com\/eventos-y-actividades\/la-pernia-verano-cultural-2023\/#respond"]}]},{"@type":"WebPage","@id":"https:\/\/www.turismolapernia.com\/eventos-y-actividades\/la-pernia-verano-cultural-2023\/","url":"https:\/\/www.turismolapernia.com\/eventos-y-actividades\/la-pernia-verano-cultural-2023\/","name":"La Pern\u00eda. Verano Cultural 2023 | Turismo La Pern\u00eda","isPartOf":{"@id":"https:\/\/www.turismolapernia.com\/#website"},"primaryImageOfPage":{"@id":"https:\/\/www.turismolapernia.com\/eventos-y-actividades\/la-pernia-verano-cultural-2023\/#primaryimage"},"image":{"@id":"https:\/\/www.turismolapernia.com\/eventos-y-actividades\/la-pernia-verano-cultural-2023\/#primaryimage"},"thumbnailUrl":"https:\/\/www.turismolapernia.com\/wp-content\/uploads\/2023\/07\/verano-cultural-la-pernia-2023-1.jpg","datePublished":"2023-07-18T11:18:31+00:00","dateModified":"2023-08-08T12:43:22+00:00","breadcrumb":{"@id":"https:\/\/www.turismolapernia.com\/eventos-y-actividades\/la-pernia-verano-cultural-2023\/#breadcrumb"},"inLanguage":"en-GB","potentialAction":[{"@type":"ReadAction","target":["https:\/\/www.turismolapernia.com\/eventos-y-actividades\/la-pernia-verano-cultural-2023\/"]}]},{"@type":"ImageObject","inLanguage":"en-GB","@id":"https:\/\/www.turismolapernia.com\/eventos-y-actividades\/la-pernia-verano-cultural-2023\/#primaryimage","url":"https:\/\/www.turismolapernia.com\/wp-content\/uploads\/2023\/07\/verano-cultural-la-pernia-2023-1.jpg","contentUrl":"https:\/\/www.turismolapernia.com\/wp-content\/uploads\/2023\/07\/verano-cultural-la-pernia-2023-1.jpg","width":1414,"height":2000},{"@type":"BreadcrumbList","@id":"https:\/\/www.turismolapernia.com\/eventos-y-actividades\/la-pernia-verano-cultural-2023\/#breadcrumb","itemListElement":[{"@type":"ListItem","position":1,"name":"La Pern\u00eda","item":"https:\/\/www.turismolapernia.com\/"},{"@type":"ListItem","position":2,"name":"La Pern\u00eda. Verano Cultural 2023"}]},{"@type":"WebSite","@id":"https:\/\/www.turismolapernia.com\/#website","url":"https:\/\/www.turismolapernia.com\/","name":"Turismo La Pern\u00eda","description":"Monta\u00f1a Palentina","publisher":{"@id":"https:\/\/www.turismolapernia.com\/#organization"},"potentialAction":[{"@type":"SearchAction","target":{"@type":"EntryPoint","urlTemplate":"https:\/\/www.turismolapernia.com\/?s={search_term_string}"},"query-input":{"@type":"PropertyValueSpecification","valueRequired":true,"valueName":"search_term_string"}}],"inLanguage":"en-GB"},{"@type":"Organization","@id":"https:\/\/www.turismolapernia.com\/#organization","name":"Turismo La Pern\u00eda","url":"https:\/\/www.turismolapernia.com\/","logo":{"@type":"ImageObject","inLanguage":"en-GB","@id":"https:\/\/www.turismolapernia.com\/#\/schema\/logo\/image\/","url":"https:\/\/www.turismolapernia.com\/wp-content\/uploads\/2021\/12\/cropped-logo-CRV-Pernia-perfil.jpg","contentUrl":"https:\/\/www.turismolapernia.com\/wp-content\/uploads\/2021\/12\/cropped-logo-CRV-Pernia-perfil.jpg","width":512,"height":512,"caption":"Turismo La Pern\u00eda"},"image":{"@id":"https:\/\/www.turismolapernia.com\/#\/schema\/logo\/image\/"},"sameAs":["https:\/\/www.facebook.com\/turismolapernia\/","https:\/\/www.instagram.com\/turismolapernia\/"]},{"@type":"Person","@id":"https:\/\/www.turismolapernia.com\/#\/schema\/person\/5d5ac032f7e9064c5ce073bbe3564340","name":"admin","image":{"@type":"ImageObject","inLanguage":"en-GB","@id":"https:\/\/www.turismolapernia.com\/#\/schema\/person\/image\/","url":"https:\/\/secure.gravatar.com\/avatar\/fe87fc43b218a52a79b72dddcb95d45fcdca0048b80712e6d20925a50f267165?s=96&d=mm&r=g","contentUrl":"https:\/\/secure.gravatar.com\/avatar\/fe87fc43b218a52a79b72dddcb95d45fcdca0048b80712e6d20925a50f267165?s=96&d=mm&r=g","caption":"admin"}}]}},"_links":{"self":[{"href":"https:\/\/www.turismolapernia.com\/en\/wp-json\/wp\/v2\/posts\/16778","targetHints":{"allow":["GET"]}}],"collection":[{"href":"https:\/\/www.turismolapernia.com\/en\/wp-json\/wp\/v2\/posts"}],"about":[{"href":"https:\/\/www.turismolapernia.com\/en\/wp-json\/wp\/v2\/types\/post"}],"author":[{"embeddable":true,"href":"https:\/\/www.turismolapernia.com\/en\/wp-json\/wp\/v2\/users\/1"}],"replies":[{"embeddable":true,"href":"https:\/\/www.turismolapernia.com\/en\/wp-json\/wp\/v2\/comments?post=16778"}],"version-history":[{"count":13,"href":"https:\/\/www.turismolapernia.com\/en\/wp-json\/wp\/v2\/posts\/16778\/revisions"}],"predecessor-version":[{"id":16851,"href":"https:\/\/www.turismolapernia.com\/en\/wp-json\/wp\/v2\/posts\/16778\/revisions\/16851"}],"wp:featuredmedia":[{"embeddable":true,"href":"https:\/\/www.turismolapernia.com\/en\/wp-json\/wp\/v2\/media\/16845"}],"wp:attachment":[{"href":"https:\/\/www.turismolapernia.com\/en\/wp-json\/wp\/v2\/media?parent=16778"}],"wp:term":[{"taxonomy":"category","embeddable":true,"href":"https:\/\/www.turismolapernia.com\/en\/wp-json\/wp\/v2\/categories?post=16778"},{"taxonomy":"post_tag","embeddable":true,"href":"https:\/\/www.turismolapernia.com\/en\/wp-json\/wp\/v2\/tags?post=16778"}],"curies":[{"name":"wp","href":"https:\/\/api.w.org\/{rel}","templated":true}]}}