{"id":16752,"date":"2023-07-05T13:22:30","date_gmt":"2023-07-05T11:22:30","guid":{"rendered":"https:\/\/www.turismolapernia.com\/?p=16752"},"modified":"2023-07-05T14:19:10","modified_gmt":"2023-07-05T12:19:10","slug":"obras-y-desvio-provisional-en-la-carretera-cl-627","status":"publish","type":"post","link":"https:\/\/www.turismolapernia.com\/en\/noticias-pernia\/obras-y-desvio-provisional-en-la-carretera-cl-627\/","title":{"rendered":"Obras y desv\u00edo provisional en la carretera CL-627"},"content":{"rendered":"<div data-elementor-type=\"wp-post\" data-elementor-id=\"16752\" class=\"elementor elementor-16752\" data-elementor-settings=\"[]\">\n\t\t\t\t\t\t\t<div class=\"elementor-section-wrap\">\n\t\t\t\t\t\t\t<section class=\"elementor-section elementor-top-section elementor-element elementor-element-c7bd05c elementor-section-boxed elementor-section-height-default elementor-section-height-default\" data-id=\"c7bd05c\" data-element_type=\"section\">\n\t\t\t\t\t\t<div class=\"elementor-container elementor-column-gap-default\">\n\t\t\t\t\t<div class=\"elementor-column elementor-col-50 elementor-top-column elementor-element elementor-element-c0182b4\" data-id=\"c0182b4\" data-element_type=\"column\">\n\t\t\t<div class=\"elementor-widget-wrap elementor-element-populated\">\n\t\t\t\t\t\t\t\t<div class=\"elementor-element elementor-element-1817a4c elementor-widget elementor-widget-image\" data-id=\"1817a4c\" data-element_type=\"widget\" data-widget_type=\"image.default\">\n\t\t\t\t<div class=\"elementor-widget-container\">\n\t\t\t\t\t\t\t\t\t\t\t\t<figure class=\"wp-caption\">\n\t\t\t\t\t\t\t\t\t\t<img loading=\"lazy\" decoding=\"async\" width=\"525\" height=\"394\" src=\"https:\/\/www.turismolapernia.com\/wp-content\/uploads\/2023\/07\/DSC01127-01-768x576.jpeg\" class=\"attachment-medium_large size-medium_large\" alt=\"\" srcset=\"https:\/\/www.turismolapernia.com\/wp-content\/uploads\/2023\/07\/DSC01127-01-768x576.jpeg 768w, https:\/\/www.turismolapernia.com\/wp-content\/uploads\/2023\/07\/DSC01127-01-300x225.jpeg 300w, https:\/\/www.turismolapernia.com\/wp-content\/uploads\/2023\/07\/DSC01127-01-1024x768.jpeg 1024w, https:\/\/www.turismolapernia.com\/wp-content\/uploads\/2023\/07\/DSC01127-01-1536x1152.jpeg 1536w, https:\/\/www.turismolapernia.com\/wp-content\/uploads\/2023\/07\/DSC01127-01-16x12.jpeg 16w, https:\/\/www.turismolapernia.com\/wp-content\/uploads\/2023\/07\/DSC01127-01.jpeg 1766w\" sizes=\"auto, 100vw\" \/>\t\t\t\t\t\t\t\t\t\t\t<figcaption class=\"widget-image-caption wp-caption-text\"><\/figcaption>\n\t\t\t\t\t\t\t\t\t\t<\/figure>\n\t\t\t\t\t\t\t\t\t<\/div>\n\t\t\t\t<\/div>\n\t\t\t\t\t<\/div>\n\t\t<\/div>\n\t\t\t\t<div class=\"elementor-column elementor-col-50 elementor-top-column elementor-element elementor-element-792378f\" data-id=\"792378f\" data-element_type=\"column\">\n\t\t\t<div class=\"elementor-widget-wrap elementor-element-populated\">\n\t\t\t\t\t\t\t\t<div class=\"elementor-element elementor-element-fe50f25 elementor-widget elementor-widget-text-editor\" data-id=\"fe50f25\" data-element_type=\"widget\" data-widget_type=\"text-editor.default\">\n\t\t\t\t<div class=\"elementor-widget-container\">\n\t\t\t\t\t\t\t<p>La Junta de Castilla y Le\u00f3n ha anunciado que en breve se proceder\u00e1 al desv\u00edo provisional del tr\u00e1fico en el puente de San Roque de Cervera de Pisuerga, dentro de los trabajos de mejora de la carretera CL-627.<\/p><p>La ejecuci\u00f3n de obras de ensanche en dicho puente para dotar a la estructura existente de dos carriles de circulaci\u00f3n y acera peatonal, hace necesario proceder al corte del tr\u00e1fico en el puente y desviarlo por un desv\u00edo provisional, que se est\u00e1 ejecutando aguas abajo.<\/p><p>\u00a0<\/p><p>Seg\u00fan lo anunciado, el <b>desv\u00edo provisional del tr\u00e1fico<\/b> en el puente de San Roque (Cervera de Pisuerga), tendr\u00e1 lugar a partir del d\u00eda 10 de julio de 2023, hasta el 31 de octubre de 2023. La fecha prevista para el inicio del corte de carretera puede verse modificada por causas imprevistas que afecten a la correcta ejecuci\u00f3n del desv\u00edo provisional. En caso de terminarse los trabajos en un plazo inferior, se restituir\u00e1 el tr\u00e1fico sin previo aviso.<\/p>\t\t\t\t\t\t<\/div>\n\t\t\t\t<\/div>\n\t\t\t\t\t<\/div>\n\t\t<\/div>\n\t\t\t\t\t\t\t<\/div>\n\t\t<\/section>\n\t\t\t\t<section class=\"elementor-section elementor-top-section elementor-element elementor-element-23eb688 elementor-section-boxed elementor-section-height-default elementor-section-height-default\" data-id=\"23eb688\" data-element_type=\"section\">\n\t\t\t\t\t\t<div class=\"elementor-container elementor-column-gap-default\">\n\t\t\t\t\t<div class=\"elementor-column elementor-col-100 elementor-top-column elementor-element elementor-element-2b1c643\" data-id=\"2b1c643\" data-element_type=\"column\">\n\t\t\t<div class=\"elementor-widget-wrap elementor-element-populated\">\n\t\t\t\t\t\t\t\t<div class=\"elementor-element elementor-element-3176cf1 elementor-widget elementor-widget-text-editor\" data-id=\"3176cf1\" data-element_type=\"widget\" data-widget_type=\"text-editor.default\">\n\t\t\t\t<div class=\"elementor-widget-container\">\n\t\t\t\t\t\t\tLos desv\u00edos quedar\u00e1n se\u00f1alizados de acuerdo con la normativa vigente, quedando expresamente prohibida la circulaci\u00f3n de peatones por el desv\u00edo provisional, destinado \u00fanicamente al tr\u00e1fico rodado.\t\t\t\t\t\t<\/div>\n\t\t\t\t<\/div>\n\t\t\t\t\t<\/div>\n\t\t<\/div>\n\t\t\t\t\t\t\t<\/div>\n\t\t<\/section>\n\t\t\t\t<section class=\"elementor-section elementor-top-section elementor-element elementor-element-540dbf0 elementor-section-boxed elementor-section-height-default elementor-section-height-default\" data-id=\"540dbf0\" data-element_type=\"section\">\n\t\t\t\t\t\t<div class=\"elementor-container elementor-column-gap-default\">\n\t\t\t\t\t<div class=\"elementor-column elementor-col-33 elementor-top-column elementor-element elementor-element-d4687d8\" data-id=\"d4687d8\" data-element_type=\"column\">\n\t\t\t<div class=\"elementor-widget-wrap elementor-element-populated\">\n\t\t\t\t\t\t\t\t<div class=\"elementor-element elementor-element-006141e elementor-widget elementor-widget-image\" data-id=\"006141e\" data-element_type=\"widget\" data-widget_type=\"image.default\">\n\t\t\t\t<div class=\"elementor-widget-container\">\n\t\t\t\t\t\t\t\t\t\t\t\t<figure class=\"wp-caption\">\n\t\t\t\t\t\t\t\t\t\t<img loading=\"lazy\" decoding=\"async\" width=\"300\" height=\"225\" src=\"https:\/\/www.turismolapernia.com\/wp-content\/uploads\/2023\/07\/DSC01125-300x225.jpg\" class=\"attachment-medium size-medium\" alt=\"\" srcset=\"https:\/\/www.turismolapernia.com\/wp-content\/uploads\/2023\/07\/DSC01125-300x225.jpg 300w, https:\/\/www.turismolapernia.com\/wp-content\/uploads\/2023\/07\/DSC01125-1024x768.jpg 1024w, https:\/\/www.turismolapernia.com\/wp-content\/uploads\/2023\/07\/DSC01125-768x576.jpg 768w, https:\/\/www.turismolapernia.com\/wp-content\/uploads\/2023\/07\/DSC01125-1536x1152.jpg 1536w, https:\/\/www.turismolapernia.com\/wp-content\/uploads\/2023\/07\/DSC01125-16x12.jpg 16w, https:\/\/www.turismolapernia.com\/wp-content\/uploads\/2023\/07\/DSC01125.jpg 1896w\" sizes=\"auto, 100vw\" \/>\t\t\t\t\t\t\t\t\t\t\t<figcaption class=\"widget-image-caption wp-caption-text\"><\/figcaption>\n\t\t\t\t\t\t\t\t\t\t<\/figure>\n\t\t\t\t\t\t\t\t\t<\/div>\n\t\t\t\t<\/div>\n\t\t\t\t\t<\/div>\n\t\t<\/div>\n\t\t\t\t<div class=\"elementor-column elementor-col-33 elementor-top-column elementor-element elementor-element-6e584ba\" data-id=\"6e584ba\" data-element_type=\"column\">\n\t\t\t<div class=\"elementor-widget-wrap elementor-element-populated\">\n\t\t\t\t\t\t\t\t<div class=\"elementor-element elementor-element-635b673 elementor-widget elementor-widget-image\" data-id=\"635b673\" data-element_type=\"widget\" data-widget_type=\"image.default\">\n\t\t\t\t<div class=\"elementor-widget-container\">\n\t\t\t\t\t\t\t\t\t\t\t\t\t\t\t<img loading=\"lazy\" decoding=\"async\" width=\"300\" height=\"225\" src=\"https:\/\/www.turismolapernia.com\/wp-content\/uploads\/2023\/07\/DSC01129-300x225.jpg\" class=\"attachment-medium size-medium\" alt=\"\" srcset=\"https:\/\/www.turismolapernia.com\/wp-content\/uploads\/2023\/07\/DSC01129-300x225.jpg 300w, https:\/\/www.turismolapernia.com\/wp-content\/uploads\/2023\/07\/DSC01129-1024x768.jpg 1024w, https:\/\/www.turismolapernia.com\/wp-content\/uploads\/2023\/07\/DSC01129-768x576.jpg 768w, https:\/\/www.turismolapernia.com\/wp-content\/uploads\/2023\/07\/DSC01129-1536x1152.jpg 1536w, https:\/\/www.turismolapernia.com\/wp-content\/uploads\/2023\/07\/DSC01129-16x12.jpg 16w, https:\/\/www.turismolapernia.com\/wp-content\/uploads\/2023\/07\/DSC01129.jpg 1696w\" sizes=\"auto, 100vw\" \/>\t\t\t\t\t\t\t\t\t\t\t\t\t\t\t<\/div>\n\t\t\t\t<\/div>\n\t\t\t\t\t<\/div>\n\t\t<\/div>\n\t\t\t\t<div class=\"elementor-column elementor-col-33 elementor-top-column elementor-element elementor-element-dce1eb9\" data-id=\"dce1eb9\" data-element_type=\"column\">\n\t\t\t<div class=\"elementor-widget-wrap elementor-element-populated\">\n\t\t\t\t\t\t\t\t<div class=\"elementor-element elementor-element-9a27efe elementor-widget elementor-widget-image\" data-id=\"9a27efe\" data-element_type=\"widget\" data-widget_type=\"image.default\">\n\t\t\t\t<div class=\"elementor-widget-container\">\n\t\t\t\t\t\t\t\t\t\t\t\t\t\t\t<img loading=\"lazy\" decoding=\"async\" width=\"300\" height=\"225\" src=\"https:\/\/www.turismolapernia.com\/wp-content\/uploads\/2023\/07\/DSC01130_1-300x225.jpg\" class=\"attachment-medium size-medium\" alt=\"\" srcset=\"https:\/\/www.turismolapernia.com\/wp-content\/uploads\/2023\/07\/DSC01130_1-300x225.jpg 300w, https:\/\/www.turismolapernia.com\/wp-content\/uploads\/2023\/07\/DSC01130_1-1024x768.jpg 1024w, https:\/\/www.turismolapernia.com\/wp-content\/uploads\/2023\/07\/DSC01130_1-768x576.jpg 768w, https:\/\/www.turismolapernia.com\/wp-content\/uploads\/2023\/07\/DSC01130_1-1536x1152.jpg 1536w, https:\/\/www.turismolapernia.com\/wp-content\/uploads\/2023\/07\/DSC01130_1-16x12.jpg 16w, https:\/\/www.turismolapernia.com\/wp-content\/uploads\/2023\/07\/DSC01130_1.jpg 1896w\" sizes=\"auto, 100vw\" \/>\t\t\t\t\t\t\t\t\t\t\t\t\t\t\t<\/div>\n\t\t\t\t<\/div>\n\t\t\t\t\t<\/div>\n\t\t<\/div>\n\t\t\t\t\t\t\t<\/div>\n\t\t<\/section>\n\t\t\t\t<section class=\"elementor-section elementor-top-section elementor-element elementor-element-e0c9cc2 elementor-section-boxed elementor-section-height-default elementor-section-height-default\" data-id=\"e0c9cc2\" data-element_type=\"section\">\n\t\t\t\t\t\t<div class=\"elementor-container elementor-column-gap-default\">\n\t\t\t\t\t<div class=\"elementor-column elementor-col-100 elementor-top-column elementor-element elementor-element-7a039d8\" data-id=\"7a039d8\" data-element_type=\"column\">\n\t\t\t<div class=\"elementor-widget-wrap elementor-element-populated\">\n\t\t\t\t\t\t\t\t<div class=\"elementor-element elementor-element-0da6d4e elementor-widget elementor-widget-text-editor\" data-id=\"0da6d4e\" data-element_type=\"widget\" data-widget_type=\"text-editor.default\">\n\t\t\t\t<div class=\"elementor-widget-container\">\n\t\t\t\t\t\t\t<p><i>Trabajos de ejecuci\u00f3n del puente provisional para el desv\u00edo del tr\u00e1fico, aguas abajo del Puente de San Roque, en Cervera de Pisuerga.<\/i><\/p>\t\t\t\t\t\t<\/div>\n\t\t\t\t<\/div>\n\t\t\t\t\t<\/div>\n\t\t<\/div>\n\t\t\t\t\t\t\t<\/div>\n\t\t<\/section>\n\t\t\t\t<section class=\"elementor-section elementor-top-section elementor-element elementor-element-1a2d23a elementor-section-boxed elementor-section-height-default elementor-section-height-default\" data-id=\"1a2d23a\" data-element_type=\"section\">\n\t\t\t\t\t\t<div class=\"elementor-container elementor-column-gap-default\">\n\t\t\t\t\t<div class=\"elementor-column elementor-col-100 elementor-top-column elementor-element elementor-element-68d8497\" data-id=\"68d8497\" data-element_type=\"column\">\n\t\t\t<div class=\"elementor-widget-wrap elementor-element-populated\">\n\t\t\t\t\t\t\t\t<div class=\"elementor-element elementor-element-41625f0 elementor-widget elementor-widget-text-editor\" data-id=\"41625f0\" data-element_type=\"widget\" data-widget_type=\"text-editor.default\">\n\t\t\t\t<div class=\"elementor-widget-container\">\n\t\t\t\t\t\t\t<p>Por otra parte, contin\u00faan avanzando las obras en la carretera CL-627, consistentes en la renovaci\u00f3n superficial del pavimento y seguridad vial,\u00a0 que afectan actualmente a casi la totalidad de la carretera CL-627, desde Cervera de Pisuerga hasta el l\u00edmite con la comunidad aut\u00f3noma de Cantabria en Piedrasluengas.<\/p><p>\u00a0<\/p><p>\u00a0<\/p>\t\t\t\t\t\t<\/div>\n\t\t\t\t<\/div>\n\t\t\t\t\t<\/div>\n\t\t<\/div>\n\t\t\t\t\t\t\t<\/div>\n\t\t<\/section>\n\t\t\t\t\t\t<\/div>\n\t\t\t\t\t<\/div>","protected":false},"excerpt":{"rendered":"<p>La Junta de Castilla y Le\u00f3n ha anunciado que en breve se proceder\u00e1 al desv\u00edo provisional del tr\u00e1fico en el puente de San Roque de Cervera de Pisuerga, dentro de los trabajos de mejora de la carretera CL-627. La ejecuci\u00f3n de obras de ensanche en dicho puente para dotar a la estructura existente de dos &hellip; <\/p>\n<p class=\"link-more\"><a href=\"https:\/\/www.turismolapernia.com\/en\/noticias-pernia\/obras-y-desvio-provisional-en-la-carretera-cl-627\/\" class=\"more-link\">Continue reading<span class=\"screen-reader-text\"> &#8220;Obras y desv\u00edo provisional en la carretera CL-627&#8221;<\/span><\/a><\/p>","protected":false},"author":1,"featured_media":16754,"comment_status":"open","ping_status":"open","sticky":false,"template":"","format":"standard","meta":{"footnotes":""},"categories":[13],"tags":[],"class_list":["post-16752","post","type-post","status-publish","format-standard","has-post-thumbnail","hentry","category-noticias-pernia"],"yoast_head":"<!-- This site is optimized with the Yoast SEO plugin v23.5 - https:\/\/yoast.com\/wordpress\/plugins\/seo\/ -->\n<title>Obras y desv\u00edo provisional en la carretera CL-627 | Turismo La Pern\u00eda<\/title>\n<meta name=\"robots\" content=\"index, follow, max-snippet:-1, max-image-preview:large, max-video-preview:-1\" \/>\n<link rel=\"canonical\" href=\"https:\/\/www.turismolapernia.com\/en\/noticias-pernia\/obras-y-desvio-provisional-en-la-carretera-cl-627\/\" \/>\n<meta property=\"og:locale\" content=\"en_GB\" \/>\n<meta property=\"og:type\" content=\"article\" \/>\n<meta property=\"og:title\" content=\"Obras y desv\u00edo provisional en la carretera CL-627 | Turismo La Pern\u00eda\" \/>\n<meta property=\"og:description\" content=\"La Junta de Castilla y Le\u00f3n ha anunciado que en breve se proceder\u00e1 al desv\u00edo provisional del tr\u00e1fico en el puente de San Roque de Cervera de Pisuerga, dentro de los trabajos de mejora de la carretera CL-627. La ejecuci\u00f3n de obras de ensanche en dicho puente para dotar a la estructura existente de dos &hellip; Continue reading &quot;Obras y desv\u00edo provisional en la carretera CL-627&quot;\" \/>\n<meta property=\"og:url\" content=\"https:\/\/www.turismolapernia.com\/en\/noticias-pernia\/obras-y-desvio-provisional-en-la-carretera-cl-627\/\" \/>\n<meta property=\"og:site_name\" content=\"Turismo La Pern\u00eda\" \/>\n<meta property=\"article:publisher\" content=\"https:\/\/www.facebook.com\/turismolapernia\/\" \/>\n<meta property=\"article:published_time\" content=\"2023-07-05T11:22:30+00:00\" \/>\n<meta property=\"article:modified_time\" content=\"2023-07-05T12:19:10+00:00\" \/>\n<meta property=\"og:image\" content=\"https:\/\/www.turismolapernia.com\/wp-content\/uploads\/2023\/07\/DSC01127-01.jpeg\" \/>\n\t<meta property=\"og:image:width\" content=\"1766\" \/>\n\t<meta property=\"og:image:height\" content=\"1325\" \/>\n\t<meta property=\"og:image:type\" content=\"image\/jpeg\" \/>\n<meta name=\"author\" content=\"admin\" \/>\n<meta name=\"twitter:card\" content=\"summary_large_image\" \/>\n<meta name=\"twitter:label1\" content=\"Written by\" \/>\n\t<meta name=\"twitter:data1\" content=\"admin\" \/>\n\t<meta name=\"twitter:label2\" content=\"Estimated reading time\" \/>\n\t<meta name=\"twitter:data2\" content=\"1 minute\" \/>\n<script type=\"application\/ld+json\" class=\"yoast-schema-graph\">{\"@context\":\"https:\/\/schema.org\",\"@graph\":[{\"@type\":\"Article\",\"@id\":\"https:\/\/www.turismolapernia.com\/noticias-pernia\/obras-y-desvio-provisional-en-la-carretera-cl-627\/#article\",\"isPartOf\":{\"@id\":\"https:\/\/www.turismolapernia.com\/noticias-pernia\/obras-y-desvio-provisional-en-la-carretera-cl-627\/\"},\"author\":{\"name\":\"admin\",\"@id\":\"https:\/\/www.turismolapernia.com\/#\/schema\/person\/5d5ac032f7e9064c5ce073bbe3564340\"},\"headline\":\"Obras y desv\u00edo provisional en la carretera CL-627\",\"datePublished\":\"2023-07-05T11:22:30+00:00\",\"dateModified\":\"2023-07-05T12:19:10+00:00\",\"mainEntityOfPage\":{\"@id\":\"https:\/\/www.turismolapernia.com\/noticias-pernia\/obras-y-desvio-provisional-en-la-carretera-cl-627\/\"},\"wordCount\":287,\"commentCount\":0,\"publisher\":{\"@id\":\"https:\/\/www.turismolapernia.com\/#organization\"},\"image\":{\"@id\":\"https:\/\/www.turismolapernia.com\/noticias-pernia\/obras-y-desvio-provisional-en-la-carretera-cl-627\/#primaryimage\"},\"thumbnailUrl\":\"https:\/\/www.turismolapernia.com\/wp-content\/uploads\/2023\/07\/DSC01127-01.jpeg\",\"articleSection\":[\"Noticias\"],\"inLanguage\":\"en-GB\",\"potentialAction\":[{\"@type\":\"CommentAction\",\"name\":\"Comment\",\"target\":[\"https:\/\/www.turismolapernia.com\/noticias-pernia\/obras-y-desvio-provisional-en-la-carretera-cl-627\/#respond\"]}]},{\"@type\":\"WebPage\",\"@id\":\"https:\/\/www.turismolapernia.com\/noticias-pernia\/obras-y-desvio-provisional-en-la-carretera-cl-627\/\",\"url\":\"https:\/\/www.turismolapernia.com\/noticias-pernia\/obras-y-desvio-provisional-en-la-carretera-cl-627\/\",\"name\":\"Obras y desv\u00edo provisional en la carretera CL-627 | Turismo La Pern\u00eda\",\"isPartOf\":{\"@id\":\"https:\/\/www.turismolapernia.com\/#website\"},\"primaryImageOfPage\":{\"@id\":\"https:\/\/www.turismolapernia.com\/noticias-pernia\/obras-y-desvio-provisional-en-la-carretera-cl-627\/#primaryimage\"},\"image\":{\"@id\":\"https:\/\/www.turismolapernia.com\/noticias-pernia\/obras-y-desvio-provisional-en-la-carretera-cl-627\/#primaryimage\"},\"thumbnailUrl\":\"https:\/\/www.turismolapernia.com\/wp-content\/uploads\/2023\/07\/DSC01127-01.jpeg\",\"datePublished\":\"2023-07-05T11:22:30+00:00\",\"dateModified\":\"2023-07-05T12:19:10+00:00\",\"breadcrumb\":{\"@id\":\"https:\/\/www.turismolapernia.com\/noticias-pernia\/obras-y-desvio-provisional-en-la-carretera-cl-627\/#breadcrumb\"},\"inLanguage\":\"en-GB\",\"potentialAction\":[{\"@type\":\"ReadAction\",\"target\":[\"https:\/\/www.turismolapernia.com\/noticias-pernia\/obras-y-desvio-provisional-en-la-carretera-cl-627\/\"]}]},{\"@type\":\"ImageObject\",\"inLanguage\":\"en-GB\",\"@id\":\"https:\/\/www.turismolapernia.com\/noticias-pernia\/obras-y-desvio-provisional-en-la-carretera-cl-627\/#primaryimage\",\"url\":\"https:\/\/www.turismolapernia.com\/wp-content\/uploads\/2023\/07\/DSC01127-01.jpeg\",\"contentUrl\":\"https:\/\/www.turismolapernia.com\/wp-content\/uploads\/2023\/07\/DSC01127-01.jpeg\",\"width\":1766,\"height\":1325},{\"@type\":\"BreadcrumbList\",\"@id\":\"https:\/\/www.turismolapernia.com\/noticias-pernia\/obras-y-desvio-provisional-en-la-carretera-cl-627\/#breadcrumb\",\"itemListElement\":[{\"@type\":\"ListItem\",\"position\":1,\"name\":\"La Pern\u00eda\",\"item\":\"https:\/\/www.turismolapernia.com\/\"},{\"@type\":\"ListItem\",\"position\":2,\"name\":\"Obras y desv\u00edo provisional en la carretera CL-627\"}]},{\"@type\":\"WebSite\",\"@id\":\"https:\/\/www.turismolapernia.com\/#website\",\"url\":\"https:\/\/www.turismolapernia.com\/\",\"name\":\"Turismo La Pern\u00eda\",\"description\":\"Monta\u00f1a Palentina\",\"publisher\":{\"@id\":\"https:\/\/www.turismolapernia.com\/#organization\"},\"potentialAction\":[{\"@type\":\"SearchAction\",\"target\":{\"@type\":\"EntryPoint\",\"urlTemplate\":\"https:\/\/www.turismolapernia.com\/?s={search_term_string}\"},\"query-input\":{\"@type\":\"PropertyValueSpecification\",\"valueRequired\":true,\"valueName\":\"search_term_string\"}}],\"inLanguage\":\"en-GB\"},{\"@type\":\"Organization\",\"@id\":\"https:\/\/www.turismolapernia.com\/#organization\",\"name\":\"Turismo La Pern\u00eda\",\"url\":\"https:\/\/www.turismolapernia.com\/\",\"logo\":{\"@type\":\"ImageObject\",\"inLanguage\":\"en-GB\",\"@id\":\"https:\/\/www.turismolapernia.com\/#\/schema\/logo\/image\/\",\"url\":\"https:\/\/www.turismolapernia.com\/wp-content\/uploads\/2021\/12\/cropped-logo-CRV-Pernia-perfil.jpg\",\"contentUrl\":\"https:\/\/www.turismolapernia.com\/wp-content\/uploads\/2021\/12\/cropped-logo-CRV-Pernia-perfil.jpg\",\"width\":512,\"height\":512,\"caption\":\"Turismo La Pern\u00eda\"},\"image\":{\"@id\":\"https:\/\/www.turismolapernia.com\/#\/schema\/logo\/image\/\"},\"sameAs\":[\"https:\/\/www.facebook.com\/turismolapernia\/\",\"https:\/\/www.instagram.com\/turismolapernia\/\"]},{\"@type\":\"Person\",\"@id\":\"https:\/\/www.turismolapernia.com\/#\/schema\/person\/5d5ac032f7e9064c5ce073bbe3564340\",\"name\":\"admin\",\"image\":{\"@type\":\"ImageObject\",\"inLanguage\":\"en-GB\",\"@id\":\"https:\/\/www.turismolapernia.com\/#\/schema\/person\/image\/\",\"url\":\"https:\/\/secure.gravatar.com\/avatar\/fe87fc43b218a52a79b72dddcb95d45fcdca0048b80712e6d20925a50f267165?s=96&d=mm&r=g\",\"contentUrl\":\"https:\/\/secure.gravatar.com\/avatar\/fe87fc43b218a52a79b72dddcb95d45fcdca0048b80712e6d20925a50f267165?s=96&d=mm&r=g\",\"caption\":\"admin\"}}]}<\/script>\n<!-- \/ Yoast SEO plugin. -->","yoast_head_json":{"title":"Obras y desv\u00edo provisional en la carretera CL-627 | Turismo La Pern\u00eda","robots":{"index":"index","follow":"follow","max-snippet":"max-snippet:-1","max-image-preview":"max-image-preview:large","max-video-preview":"max-video-preview:-1"},"canonical":"https:\/\/www.turismolapernia.com\/en\/noticias-pernia\/obras-y-desvio-provisional-en-la-carretera-cl-627\/","og_locale":"en_GB","og_type":"article","og_title":"Obras y desv\u00edo provisional en la carretera CL-627 | Turismo La Pern\u00eda","og_description":"La Junta de Castilla y Le\u00f3n ha anunciado que en breve se proceder\u00e1 al desv\u00edo provisional del tr\u00e1fico en el puente de San Roque de Cervera de Pisuerga, dentro de los trabajos de mejora de la carretera CL-627. La ejecuci\u00f3n de obras de ensanche en dicho puente para dotar a la estructura existente de dos &hellip; Continue reading \"Obras y desv\u00edo provisional en la carretera CL-627\"","og_url":"https:\/\/www.turismolapernia.com\/en\/noticias-pernia\/obras-y-desvio-provisional-en-la-carretera-cl-627\/","og_site_name":"Turismo La Pern\u00eda","article_publisher":"https:\/\/www.facebook.com\/turismolapernia\/","article_published_time":"2023-07-05T11:22:30+00:00","article_modified_time":"2023-07-05T12:19:10+00:00","og_image":[{"width":1766,"height":1325,"url":"https:\/\/www.turismolapernia.com\/wp-content\/uploads\/2023\/07\/DSC01127-01.jpeg","type":"image\/jpeg"}],"author":"admin","twitter_card":"summary_large_image","twitter_misc":{"Written by":"admin","Estimated reading time":"1 minute"},"schema":{"@context":"https:\/\/schema.org","@graph":[{"@type":"Article","@id":"https:\/\/www.turismolapernia.com\/noticias-pernia\/obras-y-desvio-provisional-en-la-carretera-cl-627\/#article","isPartOf":{"@id":"https:\/\/www.turismolapernia.com\/noticias-pernia\/obras-y-desvio-provisional-en-la-carretera-cl-627\/"},"author":{"name":"admin","@id":"https:\/\/www.turismolapernia.com\/#\/schema\/person\/5d5ac032f7e9064c5ce073bbe3564340"},"headline":"Obras y desv\u00edo provisional en la carretera CL-627","datePublished":"2023-07-05T11:22:30+00:00","dateModified":"2023-07-05T12:19:10+00:00","mainEntityOfPage":{"@id":"https:\/\/www.turismolapernia.com\/noticias-pernia\/obras-y-desvio-provisional-en-la-carretera-cl-627\/"},"wordCount":287,"commentCount":0,"publisher":{"@id":"https:\/\/www.turismolapernia.com\/#organization"},"image":{"@id":"https:\/\/www.turismolapernia.com\/noticias-pernia\/obras-y-desvio-provisional-en-la-carretera-cl-627\/#primaryimage"},"thumbnailUrl":"https:\/\/www.turismolapernia.com\/wp-content\/uploads\/2023\/07\/DSC01127-01.jpeg","articleSection":["Noticias"],"inLanguage":"en-GB","potentialAction":[{"@type":"CommentAction","name":"Comment","target":["https:\/\/www.turismolapernia.com\/noticias-pernia\/obras-y-desvio-provisional-en-la-carretera-cl-627\/#respond"]}]},{"@type":"WebPage","@id":"https:\/\/www.turismolapernia.com\/noticias-pernia\/obras-y-desvio-provisional-en-la-carretera-cl-627\/","url":"https:\/\/www.turismolapernia.com\/noticias-pernia\/obras-y-desvio-provisional-en-la-carretera-cl-627\/","name":"Obras y desv\u00edo provisional en la carretera CL-627 | Turismo La Pern\u00eda","isPartOf":{"@id":"https:\/\/www.turismolapernia.com\/#website"},"primaryImageOfPage":{"@id":"https:\/\/www.turismolapernia.com\/noticias-pernia\/obras-y-desvio-provisional-en-la-carretera-cl-627\/#primaryimage"},"image":{"@id":"https:\/\/www.turismolapernia.com\/noticias-pernia\/obras-y-desvio-provisional-en-la-carretera-cl-627\/#primaryimage"},"thumbnailUrl":"https:\/\/www.turismolapernia.com\/wp-content\/uploads\/2023\/07\/DSC01127-01.jpeg","datePublished":"2023-07-05T11:22:30+00:00","dateModified":"2023-07-05T12:19:10+00:00","breadcrumb":{"@id":"https:\/\/www.turismolapernia.com\/noticias-pernia\/obras-y-desvio-provisional-en-la-carretera-cl-627\/#breadcrumb"},"inLanguage":"en-GB","potentialAction":[{"@type":"ReadAction","target":["https:\/\/www.turismolapernia.com\/noticias-pernia\/obras-y-desvio-provisional-en-la-carretera-cl-627\/"]}]},{"@type":"ImageObject","inLanguage":"en-GB","@id":"https:\/\/www.turismolapernia.com\/noticias-pernia\/obras-y-desvio-provisional-en-la-carretera-cl-627\/#primaryimage","url":"https:\/\/www.turismolapernia.com\/wp-content\/uploads\/2023\/07\/DSC01127-01.jpeg","contentUrl":"https:\/\/www.turismolapernia.com\/wp-content\/uploads\/2023\/07\/DSC01127-01.jpeg","width":1766,"height":1325},{"@type":"BreadcrumbList","@id":"https:\/\/www.turismolapernia.com\/noticias-pernia\/obras-y-desvio-provisional-en-la-carretera-cl-627\/#breadcrumb","itemListElement":[{"@type":"ListItem","position":1,"name":"La Pern\u00eda","item":"https:\/\/www.turismolapernia.com\/"},{"@type":"ListItem","position":2,"name":"Obras y desv\u00edo provisional en la carretera CL-627"}]},{"@type":"WebSite","@id":"https:\/\/www.turismolapernia.com\/#website","url":"https:\/\/www.turismolapernia.com\/","name":"Turismo La Pern\u00eda","description":"Monta\u00f1a Palentina","publisher":{"@id":"https:\/\/www.turismolapernia.com\/#organization"},"potentialAction":[{"@type":"SearchAction","target":{"@type":"EntryPoint","urlTemplate":"https:\/\/www.turismolapernia.com\/?s={search_term_string}"},"query-input":{"@type":"PropertyValueSpecification","valueRequired":true,"valueName":"search_term_string"}}],"inLanguage":"en-GB"},{"@type":"Organization","@id":"https:\/\/www.turismolapernia.com\/#organization","name":"Turismo La Pern\u00eda","url":"https:\/\/www.turismolapernia.com\/","logo":{"@type":"ImageObject","inLanguage":"en-GB","@id":"https:\/\/www.turismolapernia.com\/#\/schema\/logo\/image\/","url":"https:\/\/www.turismolapernia.com\/wp-content\/uploads\/2021\/12\/cropped-logo-CRV-Pernia-perfil.jpg","contentUrl":"https:\/\/www.turismolapernia.com\/wp-content\/uploads\/2021\/12\/cropped-logo-CRV-Pernia-perfil.jpg","width":512,"height":512,"caption":"Turismo La Pern\u00eda"},"image":{"@id":"https:\/\/www.turismolapernia.com\/#\/schema\/logo\/image\/"},"sameAs":["https:\/\/www.facebook.com\/turismolapernia\/","https:\/\/www.instagram.com\/turismolapernia\/"]},{"@type":"Person","@id":"https:\/\/www.turismolapernia.com\/#\/schema\/person\/5d5ac032f7e9064c5ce073bbe3564340","name":"admin","image":{"@type":"ImageObject","inLanguage":"en-GB","@id":"https:\/\/www.turismolapernia.com\/#\/schema\/person\/image\/","url":"https:\/\/secure.gravatar.com\/avatar\/fe87fc43b218a52a79b72dddcb95d45fcdca0048b80712e6d20925a50f267165?s=96&d=mm&r=g","contentUrl":"https:\/\/secure.gravatar.com\/avatar\/fe87fc43b218a52a79b72dddcb95d45fcdca0048b80712e6d20925a50f267165?s=96&d=mm&r=g","caption":"admin"}}]}},"_links":{"self":[{"href":"https:\/\/www.turismolapernia.com\/en\/wp-json\/wp\/v2\/posts\/16752","targetHints":{"allow":["GET"]}}],"collection":[{"href":"https:\/\/www.turismolapernia.com\/en\/wp-json\/wp\/v2\/posts"}],"about":[{"href":"https:\/\/www.turismolapernia.com\/en\/wp-json\/wp\/v2\/types\/post"}],"author":[{"embeddable":true,"href":"https:\/\/www.turismolapernia.com\/en\/wp-json\/wp\/v2\/users\/1"}],"replies":[{"embeddable":true,"href":"https:\/\/www.turismolapernia.com\/en\/wp-json\/wp\/v2\/comments?post=16752"}],"version-history":[{"count":14,"href":"https:\/\/www.turismolapernia.com\/en\/wp-json\/wp\/v2\/posts\/16752\/revisions"}],"predecessor-version":[{"id":16772,"href":"https:\/\/www.turismolapernia.com\/en\/wp-json\/wp\/v2\/posts\/16752\/revisions\/16772"}],"wp:featuredmedia":[{"embeddable":true,"href":"https:\/\/www.turismolapernia.com\/en\/wp-json\/wp\/v2\/media\/16754"}],"wp:attachment":[{"href":"https:\/\/www.turismolapernia.com\/en\/wp-json\/wp\/v2\/media?parent=16752"}],"wp:term":[{"taxonomy":"category","embeddable":true,"href":"https:\/\/www.turismolapernia.com\/en\/wp-json\/wp\/v2\/categories?post=16752"},{"taxonomy":"post_tag","embeddable":true,"href":"https:\/\/www.turismolapernia.com\/en\/wp-json\/wp\/v2\/tags?post=16752"}],"curies":[{"name":"wp","href":"https:\/\/api.w.org\/{rel}","templated":true}]}}