{"id":15232,"date":"2022-12-16T15:40:31","date_gmt":"2022-12-16T14:40:31","guid":{"rendered":"https:\/\/www.turismolapernia.com\/?p=15232"},"modified":"2022-12-16T16:13:43","modified_gmt":"2022-12-16T15:13:43","slug":"la-iglesia-de-san-salvador-de-cantamuda-luce-nuevas-cubiertas","status":"publish","type":"post","link":"https:\/\/www.turismolapernia.com\/en\/noticias-pernia\/la-iglesia-de-san-salvador-de-cantamuda-luce-nuevas-cubiertas\/","title":{"rendered":"La iglesia de San Salvador de Cantamuda luce nuevas cubiertas"},"content":{"rendered":"<div data-elementor-type=\"wp-post\" data-elementor-id=\"15232\" class=\"elementor elementor-15232\" data-elementor-settings=\"[]\">\n\t\t\t\t\t\t\t<div class=\"elementor-section-wrap\">\n\t\t\t\t\t\t\t<section class=\"elementor-section elementor-top-section elementor-element elementor-element-2cad145 elementor-section-boxed elementor-section-height-default elementor-section-height-default\" data-id=\"2cad145\" data-element_type=\"section\">\n\t\t\t\t\t\t<div class=\"elementor-container elementor-column-gap-default\">\n\t\t\t\t\t<div class=\"elementor-column elementor-col-50 elementor-top-column elementor-element elementor-element-e770c87\" data-id=\"e770c87\" data-element_type=\"column\">\n\t\t\t<div class=\"elementor-widget-wrap elementor-element-populated\">\n\t\t\t\t\t\t\t\t<div class=\"elementor-element elementor-element-c2d96e3 elementor-widget elementor-widget-image\" data-id=\"c2d96e3\" data-element_type=\"widget\" data-widget_type=\"image.default\">\n\t\t\t\t<div class=\"elementor-widget-container\">\n\t\t\t\t\t\t\t\t\t\t\t\t<figure class=\"wp-caption\">\n\t\t\t\t\t\t\t\t\t\t<img loading=\"lazy\" decoding=\"async\" width=\"525\" height=\"386\" src=\"https:\/\/www.turismolapernia.com\/wp-content\/uploads\/2022\/12\/DSC06854-01-768x564.jpeg\" class=\"attachment-medium_large size-medium_large\" alt=\"\" srcset=\"https:\/\/www.turismolapernia.com\/wp-content\/uploads\/2022\/12\/DSC06854-01-768x564.jpeg 768w, https:\/\/www.turismolapernia.com\/wp-content\/uploads\/2022\/12\/DSC06854-01-300x220.jpeg 300w, https:\/\/www.turismolapernia.com\/wp-content\/uploads\/2022\/12\/DSC06854-01-1024x751.jpeg 1024w, https:\/\/www.turismolapernia.com\/wp-content\/uploads\/2022\/12\/DSC06854-01-16x12.jpeg 16w, https:\/\/www.turismolapernia.com\/wp-content\/uploads\/2022\/12\/DSC06854-01.jpeg 1247w\" sizes=\"auto, 100vw\" \/>\t\t\t\t\t\t\t\t\t\t\t<figcaption class=\"widget-image-caption wp-caption-text\">La iglesia de San Salvador tras las \u00faltimas obras de restauraci\u00f3n<\/figcaption>\n\t\t\t\t\t\t\t\t\t\t<\/figure>\n\t\t\t\t\t\t\t\t\t<\/div>\n\t\t\t\t<\/div>\n\t\t\t\t\t<\/div>\n\t\t<\/div>\n\t\t\t\t<div class=\"elementor-column elementor-col-50 elementor-top-column elementor-element elementor-element-16f1947\" data-id=\"16f1947\" data-element_type=\"column\">\n\t\t\t<div class=\"elementor-widget-wrap elementor-element-populated\">\n\t\t\t\t\t\t\t\t<div class=\"elementor-element elementor-element-f5f4715 elementor-widget elementor-widget-text-editor\" data-id=\"f5f4715\" data-element_type=\"widget\" data-widget_type=\"text-editor.default\">\n\t\t\t\t<div class=\"elementor-widget-container\">\n\t\t\t\t\t\t\t<p>Finalizadas las \u00faltimas obras de restauraci\u00f3n de la colegiata de San Salvador de Cantamuda, el templo luce nuevas cubiertas de cara a los pr\u00f3ximos d\u00edas festivos de Navidad.<\/p><p>\u00a0<\/p><p>Las obras, que fueron adjudicadas por la Junta de Castilla y Le\u00f3n, a trav\u00e9s del servicio territorial de Cultura y Turismo de Palencia, con un importe de 46.347,84 euros, han consistido principalmente en la renovaci\u00f3n de las cubiertas, las cuales presentaban un importante grado de deterioro. Para ello, se ha utilizado teja cer\u00e1mica curva (teja \u00e1rabe) sobre l\u00e1mina impermeable y transpirable.<\/p>\t\t\t\t\t\t<\/div>\n\t\t\t\t<\/div>\n\t\t\t\t<div class=\"elementor-element elementor-element-609c9bc elementor-widget elementor-widget-text-editor\" data-id=\"609c9bc\" data-element_type=\"widget\" data-widget_type=\"text-editor.default\">\n\t\t\t\t<div class=\"elementor-widget-container\">\n\t\t\t\t\t\t\tAsimismo, se ha procedido al picado de mortero de cemento en zonas deterioradas, como la torre cil\u00edndrica, y aplicaci\u00f3n manual de mortero de cal.\t\t\t\t\t\t<\/div>\n\t\t\t\t<\/div>\n\t\t\t\t\t<\/div>\n\t\t<\/div>\n\t\t\t\t\t\t\t<\/div>\n\t\t<\/section>\n\t\t\t\t<section class=\"elementor-section elementor-top-section elementor-element elementor-element-78fc403 elementor-section-boxed elementor-section-height-default elementor-section-height-default\" data-id=\"78fc403\" data-element_type=\"section\">\n\t\t\t\t\t\t<div class=\"elementor-container elementor-column-gap-default\">\n\t\t\t\t\t<div class=\"elementor-column elementor-col-100 elementor-top-column elementor-element elementor-element-ab46245\" data-id=\"ab46245\" data-element_type=\"column\">\n\t\t\t<div class=\"elementor-widget-wrap elementor-element-populated\">\n\t\t\t\t\t\t\t\t<div class=\"elementor-element elementor-element-9905c3a elementor-widget elementor-widget-text-editor\" data-id=\"9905c3a\" data-element_type=\"widget\" data-widget_type=\"text-editor.default\">\n\t\t\t\t<div class=\"elementor-widget-container\">\n\t\t\t\t\t\t\t<p>A partir de ahora, esta joya del rom\u00e1nico del norte de la provincia de Palencia, podr\u00e1 admirarse sin los andamios que la han acompa\u00f1ado durante casi dos meses y con la imagen renovada y m\u00e1s cuidada que aportan los nuevos tejados.<\/p><p>\u00a0<\/p><p>Las visitas al interior de la iglesia podr\u00e1n seguir realiz\u00e1ndose en su horario habitual (de 11 a 14 y de 17 a 19 h), tambi\u00e9n durante las pr\u00f3ximas fechas navide\u00f1as.<\/p>\t\t\t\t\t\t<\/div>\n\t\t\t\t<\/div>\n\t\t\t\t\t<\/div>\n\t\t<\/div>\n\t\t\t\t\t\t\t<\/div>\n\t\t<\/section>\n\t\t\t\t<section class=\"elementor-section elementor-top-section elementor-element elementor-element-e4177b7 elementor-section-boxed elementor-section-height-default elementor-section-height-default\" data-id=\"e4177b7\" data-element_type=\"section\">\n\t\t\t\t\t\t<div class=\"elementor-container elementor-column-gap-default\">\n\t\t\t\t\t<div class=\"elementor-column elementor-col-50 elementor-top-column elementor-element elementor-element-a91a04f\" data-id=\"a91a04f\" data-element_type=\"column\">\n\t\t\t<div class=\"elementor-widget-wrap elementor-element-populated\">\n\t\t\t\t\t\t\t\t<div class=\"elementor-element elementor-element-a7d6fff elementor-widget elementor-widget-image\" data-id=\"a7d6fff\" data-element_type=\"widget\" data-widget_type=\"image.default\">\n\t\t\t\t<div class=\"elementor-widget-container\">\n\t\t\t\t\t\t\t\t\t\t\t\t\t\t\t<img loading=\"lazy\" decoding=\"async\" width=\"525\" height=\"392\" src=\"https:\/\/www.turismolapernia.com\/wp-content\/uploads\/2022\/12\/DSC06848-01-768x574.jpeg\" class=\"attachment-medium_large size-medium_large\" alt=\"\" srcset=\"https:\/\/www.turismolapernia.com\/wp-content\/uploads\/2022\/12\/DSC06848-01-768x574.jpeg 768w, https:\/\/www.turismolapernia.com\/wp-content\/uploads\/2022\/12\/DSC06848-01-300x224.jpeg 300w, https:\/\/www.turismolapernia.com\/wp-content\/uploads\/2022\/12\/DSC06848-01-1024x765.jpeg 1024w, https:\/\/www.turismolapernia.com\/wp-content\/uploads\/2022\/12\/DSC06848-01-16x12.jpeg 16w, https:\/\/www.turismolapernia.com\/wp-content\/uploads\/2022\/12\/DSC06848-01.jpeg 1320w\" sizes=\"auto, 100vw\" \/>\t\t\t\t\t\t\t\t\t\t\t\t\t\t\t<\/div>\n\t\t\t\t<\/div>\n\t\t\t\t\t<\/div>\n\t\t<\/div>\n\t\t\t\t<div class=\"elementor-column elementor-col-50 elementor-top-column elementor-element elementor-element-71f9cb7\" data-id=\"71f9cb7\" data-element_type=\"column\">\n\t\t\t<div class=\"elementor-widget-wrap elementor-element-populated\">\n\t\t\t\t\t\t\t\t<div class=\"elementor-element elementor-element-d307b51 elementor-widget elementor-widget-image\" data-id=\"d307b51\" data-element_type=\"widget\" data-widget_type=\"image.default\">\n\t\t\t\t<div class=\"elementor-widget-container\">\n\t\t\t\t\t\t\t\t\t\t\t\t\t\t\t<img loading=\"lazy\" decoding=\"async\" width=\"525\" height=\"393\" src=\"https:\/\/www.turismolapernia.com\/wp-content\/uploads\/2022\/12\/DSC06844_1-768x575.jpg\" class=\"attachment-medium_large size-medium_large\" alt=\"\" srcset=\"https:\/\/www.turismolapernia.com\/wp-content\/uploads\/2022\/12\/DSC06844_1-768x575.jpg 768w, https:\/\/www.turismolapernia.com\/wp-content\/uploads\/2022\/12\/DSC06844_1-300x225.jpg 300w, https:\/\/www.turismolapernia.com\/wp-content\/uploads\/2022\/12\/DSC06844_1-1024x767.jpg 1024w, https:\/\/www.turismolapernia.com\/wp-content\/uploads\/2022\/12\/DSC06844_1-16x12.jpg 16w, https:\/\/www.turismolapernia.com\/wp-content\/uploads\/2022\/12\/DSC06844_1.jpg 1243w\" sizes=\"auto, 100vw\" \/>\t\t\t\t\t\t\t\t\t\t\t\t\t\t\t<\/div>\n\t\t\t\t<\/div>\n\t\t\t\t\t<\/div>\n\t\t<\/div>\n\t\t\t\t\t\t\t<\/div>\n\t\t<\/section>\n\t\t\t\t\t\t<\/div>\n\t\t\t\t\t<\/div>","protected":false},"excerpt":{"rendered":"<p>La iglesia de San Salvador tras las \u00faltimas obras de restauraci\u00f3n Finalizadas las \u00faltimas obras de restauraci\u00f3n de la colegiata de San Salvador de Cantamuda, el templo luce nuevas cubiertas de cara a los pr\u00f3ximos d\u00edas festivos de Navidad. \u00a0 Las obras, que fueron adjudicadas por la Junta de Castilla y Le\u00f3n, a trav\u00e9s del &hellip; <\/p>\n<p class=\"link-more\"><a href=\"https:\/\/www.turismolapernia.com\/en\/noticias-pernia\/la-iglesia-de-san-salvador-de-cantamuda-luce-nuevas-cubiertas\/\" class=\"more-link\">Continue reading<span class=\"screen-reader-text\"> &#8220;La iglesia de San Salvador de Cantamuda luce nuevas cubiertas&#8221;<\/span><\/a><\/p>","protected":false},"author":1,"featured_media":15235,"comment_status":"open","ping_status":"open","sticky":false,"template":"","format":"standard","meta":{"footnotes":""},"categories":[13],"tags":[],"class_list":["post-15232","post","type-post","status-publish","format-standard","has-post-thumbnail","hentry","category-noticias-pernia"],"yoast_head":"<!-- This site is optimized with the Yoast SEO plugin v23.5 - https:\/\/yoast.com\/wordpress\/plugins\/seo\/ -->\n<title>La iglesia de San Salvador de Cantamuda luce nuevas cubiertas | Turismo La Pern\u00eda<\/title>\n<meta name=\"robots\" content=\"index, follow, max-snippet:-1, max-image-preview:large, max-video-preview:-1\" \/>\n<link rel=\"canonical\" href=\"https:\/\/www.turismolapernia.com\/en\/noticias-pernia\/la-iglesia-de-san-salvador-de-cantamuda-luce-nuevas-cubiertas\/\" \/>\n<meta property=\"og:locale\" content=\"en_GB\" \/>\n<meta property=\"og:type\" content=\"article\" \/>\n<meta property=\"og:title\" content=\"La iglesia de San Salvador de Cantamuda luce nuevas cubiertas | Turismo La Pern\u00eda\" \/>\n<meta property=\"og:description\" content=\"La iglesia de San Salvador tras las \u00faltimas obras de restauraci\u00f3n Finalizadas las \u00faltimas obras de restauraci\u00f3n de la colegiata de San Salvador de Cantamuda, el templo luce nuevas cubiertas de cara a los pr\u00f3ximos d\u00edas festivos de Navidad. \u00a0 Las obras, que fueron adjudicadas por la Junta de Castilla y Le\u00f3n, a trav\u00e9s del &hellip; Continue reading &quot;La iglesia de San Salvador de Cantamuda luce nuevas cubiertas&quot;\" \/>\n<meta property=\"og:url\" content=\"https:\/\/www.turismolapernia.com\/en\/noticias-pernia\/la-iglesia-de-san-salvador-de-cantamuda-luce-nuevas-cubiertas\/\" \/>\n<meta property=\"og:site_name\" content=\"Turismo La Pern\u00eda\" \/>\n<meta property=\"article:publisher\" content=\"https:\/\/www.facebook.com\/turismolapernia\/\" \/>\n<meta property=\"article:published_time\" content=\"2022-12-16T14:40:31+00:00\" \/>\n<meta property=\"article:modified_time\" content=\"2022-12-16T15:13:43+00:00\" \/>\n<meta property=\"og:image\" content=\"https:\/\/www.turismolapernia.com\/wp-content\/uploads\/2022\/12\/DSC06854-01.jpeg\" \/>\n\t<meta property=\"og:image:width\" content=\"1247\" \/>\n\t<meta property=\"og:image:height\" content=\"915\" \/>\n\t<meta property=\"og:image:type\" content=\"image\/jpeg\" \/>\n<meta name=\"author\" content=\"admin\" \/>\n<meta name=\"twitter:card\" content=\"summary_large_image\" \/>\n<meta name=\"twitter:label1\" content=\"Written by\" \/>\n\t<meta name=\"twitter:data1\" content=\"admin\" \/>\n\t<meta name=\"twitter:label2\" content=\"Estimated reading time\" \/>\n\t<meta name=\"twitter:data2\" content=\"1 minute\" \/>\n<script type=\"application\/ld+json\" class=\"yoast-schema-graph\">{\"@context\":\"https:\/\/schema.org\",\"@graph\":[{\"@type\":\"Article\",\"@id\":\"https:\/\/www.turismolapernia.com\/noticias-pernia\/la-iglesia-de-san-salvador-de-cantamuda-luce-nuevas-cubiertas\/#article\",\"isPartOf\":{\"@id\":\"https:\/\/www.turismolapernia.com\/noticias-pernia\/la-iglesia-de-san-salvador-de-cantamuda-luce-nuevas-cubiertas\/\"},\"author\":{\"name\":\"admin\",\"@id\":\"https:\/\/www.turismolapernia.com\/#\/schema\/person\/5d5ac032f7e9064c5ce073bbe3564340\"},\"headline\":\"La iglesia de San Salvador de Cantamuda luce nuevas cubiertas\",\"datePublished\":\"2022-12-16T14:40:31+00:00\",\"dateModified\":\"2022-12-16T15:13:43+00:00\",\"mainEntityOfPage\":{\"@id\":\"https:\/\/www.turismolapernia.com\/noticias-pernia\/la-iglesia-de-san-salvador-de-cantamuda-luce-nuevas-cubiertas\/\"},\"wordCount\":219,\"commentCount\":0,\"publisher\":{\"@id\":\"https:\/\/www.turismolapernia.com\/#organization\"},\"image\":{\"@id\":\"https:\/\/www.turismolapernia.com\/noticias-pernia\/la-iglesia-de-san-salvador-de-cantamuda-luce-nuevas-cubiertas\/#primaryimage\"},\"thumbnailUrl\":\"https:\/\/www.turismolapernia.com\/wp-content\/uploads\/2022\/12\/DSC06854-01.jpeg\",\"articleSection\":[\"Noticias\"],\"inLanguage\":\"en-GB\",\"potentialAction\":[{\"@type\":\"CommentAction\",\"name\":\"Comment\",\"target\":[\"https:\/\/www.turismolapernia.com\/noticias-pernia\/la-iglesia-de-san-salvador-de-cantamuda-luce-nuevas-cubiertas\/#respond\"]}]},{\"@type\":\"WebPage\",\"@id\":\"https:\/\/www.turismolapernia.com\/noticias-pernia\/la-iglesia-de-san-salvador-de-cantamuda-luce-nuevas-cubiertas\/\",\"url\":\"https:\/\/www.turismolapernia.com\/noticias-pernia\/la-iglesia-de-san-salvador-de-cantamuda-luce-nuevas-cubiertas\/\",\"name\":\"La iglesia de San Salvador de Cantamuda luce nuevas cubiertas | Turismo La Pern\u00eda\",\"isPartOf\":{\"@id\":\"https:\/\/www.turismolapernia.com\/#website\"},\"primaryImageOfPage\":{\"@id\":\"https:\/\/www.turismolapernia.com\/noticias-pernia\/la-iglesia-de-san-salvador-de-cantamuda-luce-nuevas-cubiertas\/#primaryimage\"},\"image\":{\"@id\":\"https:\/\/www.turismolapernia.com\/noticias-pernia\/la-iglesia-de-san-salvador-de-cantamuda-luce-nuevas-cubiertas\/#primaryimage\"},\"thumbnailUrl\":\"https:\/\/www.turismolapernia.com\/wp-content\/uploads\/2022\/12\/DSC06854-01.jpeg\",\"datePublished\":\"2022-12-16T14:40:31+00:00\",\"dateModified\":\"2022-12-16T15:13:43+00:00\",\"breadcrumb\":{\"@id\":\"https:\/\/www.turismolapernia.com\/noticias-pernia\/la-iglesia-de-san-salvador-de-cantamuda-luce-nuevas-cubiertas\/#breadcrumb\"},\"inLanguage\":\"en-GB\",\"potentialAction\":[{\"@type\":\"ReadAction\",\"target\":[\"https:\/\/www.turismolapernia.com\/noticias-pernia\/la-iglesia-de-san-salvador-de-cantamuda-luce-nuevas-cubiertas\/\"]}]},{\"@type\":\"ImageObject\",\"inLanguage\":\"en-GB\",\"@id\":\"https:\/\/www.turismolapernia.com\/noticias-pernia\/la-iglesia-de-san-salvador-de-cantamuda-luce-nuevas-cubiertas\/#primaryimage\",\"url\":\"https:\/\/www.turismolapernia.com\/wp-content\/uploads\/2022\/12\/DSC06854-01.jpeg\",\"contentUrl\":\"https:\/\/www.turismolapernia.com\/wp-content\/uploads\/2022\/12\/DSC06854-01.jpeg\",\"width\":1247,\"height\":915},{\"@type\":\"BreadcrumbList\",\"@id\":\"https:\/\/www.turismolapernia.com\/noticias-pernia\/la-iglesia-de-san-salvador-de-cantamuda-luce-nuevas-cubiertas\/#breadcrumb\",\"itemListElement\":[{\"@type\":\"ListItem\",\"position\":1,\"name\":\"La Pern\u00eda\",\"item\":\"https:\/\/www.turismolapernia.com\/\"},{\"@type\":\"ListItem\",\"position\":2,\"name\":\"La iglesia de San Salvador de Cantamuda luce nuevas cubiertas\"}]},{\"@type\":\"WebSite\",\"@id\":\"https:\/\/www.turismolapernia.com\/#website\",\"url\":\"https:\/\/www.turismolapernia.com\/\",\"name\":\"Turismo La Pern\u00eda\",\"description\":\"Monta\u00f1a Palentina\",\"publisher\":{\"@id\":\"https:\/\/www.turismolapernia.com\/#organization\"},\"potentialAction\":[{\"@type\":\"SearchAction\",\"target\":{\"@type\":\"EntryPoint\",\"urlTemplate\":\"https:\/\/www.turismolapernia.com\/?s={search_term_string}\"},\"query-input\":{\"@type\":\"PropertyValueSpecification\",\"valueRequired\":true,\"valueName\":\"search_term_string\"}}],\"inLanguage\":\"en-GB\"},{\"@type\":\"Organization\",\"@id\":\"https:\/\/www.turismolapernia.com\/#organization\",\"name\":\"Turismo La Pern\u00eda\",\"url\":\"https:\/\/www.turismolapernia.com\/\",\"logo\":{\"@type\":\"ImageObject\",\"inLanguage\":\"en-GB\",\"@id\":\"https:\/\/www.turismolapernia.com\/#\/schema\/logo\/image\/\",\"url\":\"https:\/\/www.turismolapernia.com\/wp-content\/uploads\/2021\/12\/cropped-logo-CRV-Pernia-perfil.jpg\",\"contentUrl\":\"https:\/\/www.turismolapernia.com\/wp-content\/uploads\/2021\/12\/cropped-logo-CRV-Pernia-perfil.jpg\",\"width\":512,\"height\":512,\"caption\":\"Turismo La Pern\u00eda\"},\"image\":{\"@id\":\"https:\/\/www.turismolapernia.com\/#\/schema\/logo\/image\/\"},\"sameAs\":[\"https:\/\/www.facebook.com\/turismolapernia\/\",\"https:\/\/www.instagram.com\/turismolapernia\/\"]},{\"@type\":\"Person\",\"@id\":\"https:\/\/www.turismolapernia.com\/#\/schema\/person\/5d5ac032f7e9064c5ce073bbe3564340\",\"name\":\"admin\",\"image\":{\"@type\":\"ImageObject\",\"inLanguage\":\"en-GB\",\"@id\":\"https:\/\/www.turismolapernia.com\/#\/schema\/person\/image\/\",\"url\":\"https:\/\/secure.gravatar.com\/avatar\/fe87fc43b218a52a79b72dddcb95d45fcdca0048b80712e6d20925a50f267165?s=96&d=mm&r=g\",\"contentUrl\":\"https:\/\/secure.gravatar.com\/avatar\/fe87fc43b218a52a79b72dddcb95d45fcdca0048b80712e6d20925a50f267165?s=96&d=mm&r=g\",\"caption\":\"admin\"}}]}<\/script>\n<!-- \/ Yoast SEO plugin. -->","yoast_head_json":{"title":"La iglesia de San Salvador de Cantamuda luce nuevas cubiertas | Turismo La Pern\u00eda","robots":{"index":"index","follow":"follow","max-snippet":"max-snippet:-1","max-image-preview":"max-image-preview:large","max-video-preview":"max-video-preview:-1"},"canonical":"https:\/\/www.turismolapernia.com\/en\/noticias-pernia\/la-iglesia-de-san-salvador-de-cantamuda-luce-nuevas-cubiertas\/","og_locale":"en_GB","og_type":"article","og_title":"La iglesia de San Salvador de Cantamuda luce nuevas cubiertas | Turismo La Pern\u00eda","og_description":"La iglesia de San Salvador tras las \u00faltimas obras de restauraci\u00f3n Finalizadas las \u00faltimas obras de restauraci\u00f3n de la colegiata de San Salvador de Cantamuda, el templo luce nuevas cubiertas de cara a los pr\u00f3ximos d\u00edas festivos de Navidad. \u00a0 Las obras, que fueron adjudicadas por la Junta de Castilla y Le\u00f3n, a trav\u00e9s del &hellip; Continue reading \"La iglesia de San Salvador de Cantamuda luce nuevas cubiertas\"","og_url":"https:\/\/www.turismolapernia.com\/en\/noticias-pernia\/la-iglesia-de-san-salvador-de-cantamuda-luce-nuevas-cubiertas\/","og_site_name":"Turismo La Pern\u00eda","article_publisher":"https:\/\/www.facebook.com\/turismolapernia\/","article_published_time":"2022-12-16T14:40:31+00:00","article_modified_time":"2022-12-16T15:13:43+00:00","og_image":[{"width":1247,"height":915,"url":"https:\/\/www.turismolapernia.com\/wp-content\/uploads\/2022\/12\/DSC06854-01.jpeg","type":"image\/jpeg"}],"author":"admin","twitter_card":"summary_large_image","twitter_misc":{"Written by":"admin","Estimated reading time":"1 minute"},"schema":{"@context":"https:\/\/schema.org","@graph":[{"@type":"Article","@id":"https:\/\/www.turismolapernia.com\/noticias-pernia\/la-iglesia-de-san-salvador-de-cantamuda-luce-nuevas-cubiertas\/#article","isPartOf":{"@id":"https:\/\/www.turismolapernia.com\/noticias-pernia\/la-iglesia-de-san-salvador-de-cantamuda-luce-nuevas-cubiertas\/"},"author":{"name":"admin","@id":"https:\/\/www.turismolapernia.com\/#\/schema\/person\/5d5ac032f7e9064c5ce073bbe3564340"},"headline":"La iglesia de San Salvador de Cantamuda luce nuevas cubiertas","datePublished":"2022-12-16T14:40:31+00:00","dateModified":"2022-12-16T15:13:43+00:00","mainEntityOfPage":{"@id":"https:\/\/www.turismolapernia.com\/noticias-pernia\/la-iglesia-de-san-salvador-de-cantamuda-luce-nuevas-cubiertas\/"},"wordCount":219,"commentCount":0,"publisher":{"@id":"https:\/\/www.turismolapernia.com\/#organization"},"image":{"@id":"https:\/\/www.turismolapernia.com\/noticias-pernia\/la-iglesia-de-san-salvador-de-cantamuda-luce-nuevas-cubiertas\/#primaryimage"},"thumbnailUrl":"https:\/\/www.turismolapernia.com\/wp-content\/uploads\/2022\/12\/DSC06854-01.jpeg","articleSection":["Noticias"],"inLanguage":"en-GB","potentialAction":[{"@type":"CommentAction","name":"Comment","target":["https:\/\/www.turismolapernia.com\/noticias-pernia\/la-iglesia-de-san-salvador-de-cantamuda-luce-nuevas-cubiertas\/#respond"]}]},{"@type":"WebPage","@id":"https:\/\/www.turismolapernia.com\/noticias-pernia\/la-iglesia-de-san-salvador-de-cantamuda-luce-nuevas-cubiertas\/","url":"https:\/\/www.turismolapernia.com\/noticias-pernia\/la-iglesia-de-san-salvador-de-cantamuda-luce-nuevas-cubiertas\/","name":"La iglesia de San Salvador de Cantamuda luce nuevas cubiertas | Turismo La Pern\u00eda","isPartOf":{"@id":"https:\/\/www.turismolapernia.com\/#website"},"primaryImageOfPage":{"@id":"https:\/\/www.turismolapernia.com\/noticias-pernia\/la-iglesia-de-san-salvador-de-cantamuda-luce-nuevas-cubiertas\/#primaryimage"},"image":{"@id":"https:\/\/www.turismolapernia.com\/noticias-pernia\/la-iglesia-de-san-salvador-de-cantamuda-luce-nuevas-cubiertas\/#primaryimage"},"thumbnailUrl":"https:\/\/www.turismolapernia.com\/wp-content\/uploads\/2022\/12\/DSC06854-01.jpeg","datePublished":"2022-12-16T14:40:31+00:00","dateModified":"2022-12-16T15:13:43+00:00","breadcrumb":{"@id":"https:\/\/www.turismolapernia.com\/noticias-pernia\/la-iglesia-de-san-salvador-de-cantamuda-luce-nuevas-cubiertas\/#breadcrumb"},"inLanguage":"en-GB","potentialAction":[{"@type":"ReadAction","target":["https:\/\/www.turismolapernia.com\/noticias-pernia\/la-iglesia-de-san-salvador-de-cantamuda-luce-nuevas-cubiertas\/"]}]},{"@type":"ImageObject","inLanguage":"en-GB","@id":"https:\/\/www.turismolapernia.com\/noticias-pernia\/la-iglesia-de-san-salvador-de-cantamuda-luce-nuevas-cubiertas\/#primaryimage","url":"https:\/\/www.turismolapernia.com\/wp-content\/uploads\/2022\/12\/DSC06854-01.jpeg","contentUrl":"https:\/\/www.turismolapernia.com\/wp-content\/uploads\/2022\/12\/DSC06854-01.jpeg","width":1247,"height":915},{"@type":"BreadcrumbList","@id":"https:\/\/www.turismolapernia.com\/noticias-pernia\/la-iglesia-de-san-salvador-de-cantamuda-luce-nuevas-cubiertas\/#breadcrumb","itemListElement":[{"@type":"ListItem","position":1,"name":"La Pern\u00eda","item":"https:\/\/www.turismolapernia.com\/"},{"@type":"ListItem","position":2,"name":"La iglesia de San Salvador de Cantamuda luce nuevas cubiertas"}]},{"@type":"WebSite","@id":"https:\/\/www.turismolapernia.com\/#website","url":"https:\/\/www.turismolapernia.com\/","name":"Turismo La Pern\u00eda","description":"Monta\u00f1a Palentina","publisher":{"@id":"https:\/\/www.turismolapernia.com\/#organization"},"potentialAction":[{"@type":"SearchAction","target":{"@type":"EntryPoint","urlTemplate":"https:\/\/www.turismolapernia.com\/?s={search_term_string}"},"query-input":{"@type":"PropertyValueSpecification","valueRequired":true,"valueName":"search_term_string"}}],"inLanguage":"en-GB"},{"@type":"Organization","@id":"https:\/\/www.turismolapernia.com\/#organization","name":"Turismo La Pern\u00eda","url":"https:\/\/www.turismolapernia.com\/","logo":{"@type":"ImageObject","inLanguage":"en-GB","@id":"https:\/\/www.turismolapernia.com\/#\/schema\/logo\/image\/","url":"https:\/\/www.turismolapernia.com\/wp-content\/uploads\/2021\/12\/cropped-logo-CRV-Pernia-perfil.jpg","contentUrl":"https:\/\/www.turismolapernia.com\/wp-content\/uploads\/2021\/12\/cropped-logo-CRV-Pernia-perfil.jpg","width":512,"height":512,"caption":"Turismo La Pern\u00eda"},"image":{"@id":"https:\/\/www.turismolapernia.com\/#\/schema\/logo\/image\/"},"sameAs":["https:\/\/www.facebook.com\/turismolapernia\/","https:\/\/www.instagram.com\/turismolapernia\/"]},{"@type":"Person","@id":"https:\/\/www.turismolapernia.com\/#\/schema\/person\/5d5ac032f7e9064c5ce073bbe3564340","name":"admin","image":{"@type":"ImageObject","inLanguage":"en-GB","@id":"https:\/\/www.turismolapernia.com\/#\/schema\/person\/image\/","url":"https:\/\/secure.gravatar.com\/avatar\/fe87fc43b218a52a79b72dddcb95d45fcdca0048b80712e6d20925a50f267165?s=96&d=mm&r=g","contentUrl":"https:\/\/secure.gravatar.com\/avatar\/fe87fc43b218a52a79b72dddcb95d45fcdca0048b80712e6d20925a50f267165?s=96&d=mm&r=g","caption":"admin"}}]}},"_links":{"self":[{"href":"https:\/\/www.turismolapernia.com\/en\/wp-json\/wp\/v2\/posts\/15232","targetHints":{"allow":["GET"]}}],"collection":[{"href":"https:\/\/www.turismolapernia.com\/en\/wp-json\/wp\/v2\/posts"}],"about":[{"href":"https:\/\/www.turismolapernia.com\/en\/wp-json\/wp\/v2\/types\/post"}],"author":[{"embeddable":true,"href":"https:\/\/www.turismolapernia.com\/en\/wp-json\/wp\/v2\/users\/1"}],"replies":[{"embeddable":true,"href":"https:\/\/www.turismolapernia.com\/en\/wp-json\/wp\/v2\/comments?post=15232"}],"version-history":[{"count":11,"href":"https:\/\/www.turismolapernia.com\/en\/wp-json\/wp\/v2\/posts\/15232\/revisions"}],"predecessor-version":[{"id":15250,"href":"https:\/\/www.turismolapernia.com\/en\/wp-json\/wp\/v2\/posts\/15232\/revisions\/15250"}],"wp:featuredmedia":[{"embeddable":true,"href":"https:\/\/www.turismolapernia.com\/en\/wp-json\/wp\/v2\/media\/15235"}],"wp:attachment":[{"href":"https:\/\/www.turismolapernia.com\/en\/wp-json\/wp\/v2\/media?parent=15232"}],"wp:term":[{"taxonomy":"category","embeddable":true,"href":"https:\/\/www.turismolapernia.com\/en\/wp-json\/wp\/v2\/categories?post=15232"},{"taxonomy":"post_tag","embeddable":true,"href":"https:\/\/www.turismolapernia.com\/en\/wp-json\/wp\/v2\/tags?post=15232"}],"curies":[{"name":"wp","href":"https:\/\/api.w.org\/{rel}","templated":true}]}}