{"id":15180,"date":"2022-12-15T12:20:11","date_gmt":"2022-12-15T11:20:11","guid":{"rendered":"https:\/\/www.turismolapernia.com\/?p=15180"},"modified":"2022-12-15T20:32:35","modified_gmt":"2022-12-15T19:32:35","slug":"calendario-la-pernia-2023","status":"publish","type":"post","link":"https:\/\/www.turismolapernia.com\/en\/noticias-pernia\/calendario-la-pernia-2023\/","title":{"rendered":"Calendario La Pern\u00eda 2023"},"content":{"rendered":"<div data-elementor-type=\"wp-post\" data-elementor-id=\"15180\" class=\"elementor elementor-15180\" data-elementor-settings=\"[]\">\n\t\t\t\t\t\t\t<div class=\"elementor-section-wrap\">\n\t\t\t\t\t\t\t<section class=\"elementor-section elementor-top-section elementor-element elementor-element-198d315 elementor-section-boxed elementor-section-height-default elementor-section-height-default\" data-id=\"198d315\" data-element_type=\"section\">\n\t\t\t\t\t\t<div class=\"elementor-container elementor-column-gap-default\">\n\t\t\t\t\t<div class=\"elementor-column elementor-col-100 elementor-top-column elementor-element elementor-element-ce3004f\" data-id=\"ce3004f\" data-element_type=\"column\">\n\t\t\t<div class=\"elementor-widget-wrap elementor-element-populated\">\n\t\t\t\t\t\t\t\t<div class=\"elementor-element elementor-element-2d152c0 elementor-widget elementor-widget-heading\" data-id=\"2d152c0\" data-element_type=\"widget\" data-widget_type=\"heading.default\">\n\t\t\t\t<div class=\"elementor-widget-container\">\n\t\t\t<h3 class=\"elementor-heading-title elementor-size-default\"><b>12 miradas a La Pern\u00eda<\/b><\/h3>\t\t<\/div>\n\t\t\t\t<\/div>\n\t\t\t\t<div class=\"elementor-element elementor-element-dc5ce89 elementor-widget elementor-widget-text-editor\" data-id=\"dc5ce89\" data-element_type=\"widget\" data-widget_type=\"text-editor.default\">\n\t\t\t\t<div class=\"elementor-widget-container\">\n\t\t\t\t\t\t\t<p>Ya est\u00e1 disponible el <b>Calendario &#8220;12 miradas a La Pern\u00eda&#8221; 2023<\/b>.<br>Al igual que en la edici\u00f3n anterior, el calendario &#8220;12 miradas a La Pern\u00eda&#8221; cuenta con una imagen por mes, de cada una de las 12 localidades de La Pern\u00eda. Adem\u00e1s incluye el santoral del a\u00f1o, las fases lunares, el inicio de las estaciones, los cambios de hora, y los d\u00edas festivos nacionales y auton\u00f3micos. Tambi\u00e9n aparecen las fiestas de caracter municipal y local de cada uno de los pueblos pernianos.<\/p>\n<p><br><\/p>\n<p><\/p>\n<p>Los calendarios se pueden conseguir, hasta fin de existencias, en el Ayuntamiento de La Pern\u00eda, en San Salvador de Cantamuda (Palencia), en<span dir=\"auto\"> horario de lunes a viernes, de 9 a 14 h (el ayuntamiento permanecer\u00e1 cerrado los d\u00edas 26 de diciembre, 2 y 6 de enero). M\u00e1s informaci\u00f3n en el 979879028.<\/span><\/p>\n<p><span dir=\"auto\">&nbsp;<\/span><\/p>\n<p>Desde aqu\u00ed aprovechamos para desearos a todos \u00a1\u00a1felices fiestas y un pr\u00f3spero a\u00f1o 2023!!.<\/p>\n<p><br><\/p>\n<p><\/p>\n<p>Puedes descargar y visualizar el calendario aqu\u00ed:<\/p>\t\t\t\t\t\t<\/div>\n\t\t\t\t<\/div>\n\t\t\t\t\t<\/div>\n\t\t<\/div>\n\t\t\t\t\t\t\t<\/div>\n\t\t<\/section>\n\t\t\t\t<section class=\"elementor-section elementor-top-section elementor-element elementor-element-7e0846b elementor-section-boxed elementor-section-height-default elementor-section-height-default\" data-id=\"7e0846b\" data-element_type=\"section\">\n\t\t\t\t\t\t<div class=\"elementor-container elementor-column-gap-default\">\n\t\t\t\t\t<div class=\"elementor-column elementor-col-100 elementor-top-column elementor-element elementor-element-87a4a53\" data-id=\"87a4a53\" data-element_type=\"column\">\n\t\t\t<div class=\"elementor-widget-wrap elementor-element-populated\">\n\t\t\t\t\t\t\t\t<div class=\"elementor-element elementor-element-c56da38 elementor-widget elementor-widget-image\" data-id=\"c56da38\" data-element_type=\"widget\" data-widget_type=\"image.default\">\n\t\t\t\t<div class=\"elementor-widget-container\">\n\t\t\t\t\t\t\t\t\t\t\t\t\t\t\t\t<a href=\"https:\/\/www.turismolapernia.com\/wp-content\/uploads\/2022\/12\/Calendario-La-Pernia-2023.pdf\">\n\t\t\t\t\t\t\t<img loading=\"lazy\" decoding=\"async\" width=\"525\" height=\"742\" src=\"https:\/\/www.turismolapernia.com\/wp-content\/uploads\/2022\/12\/Calendario-La-Pernia-2023_page-0001-768x1086.jpg\" class=\"attachment-medium_large size-medium_large\" alt=\"\" srcset=\"https:\/\/www.turismolapernia.com\/wp-content\/uploads\/2022\/12\/Calendario-La-Pernia-2023_page-0001-768x1086.jpg 768w, https:\/\/www.turismolapernia.com\/wp-content\/uploads\/2022\/12\/Calendario-La-Pernia-2023_page-0001-212x300.jpg 212w, https:\/\/www.turismolapernia.com\/wp-content\/uploads\/2022\/12\/Calendario-La-Pernia-2023_page-0001-724x1024.jpg 724w, https:\/\/www.turismolapernia.com\/wp-content\/uploads\/2022\/12\/Calendario-La-Pernia-2023_page-0001-1086x1536.jpg 1086w, https:\/\/www.turismolapernia.com\/wp-content\/uploads\/2022\/12\/Calendario-La-Pernia-2023_page-0001-1448x2048.jpg 1448w, https:\/\/www.turismolapernia.com\/wp-content\/uploads\/2022\/12\/Calendario-La-Pernia-2023_page-0001-8x12.jpg 8w, https:\/\/www.turismolapernia.com\/wp-content\/uploads\/2022\/12\/Calendario-La-Pernia-2023_page-0001.jpg 1755w\" sizes=\"auto, 100vw\" \/>\t\t\t\t\t\t\t\t<\/a>\n\t\t\t\t\t\t\t\t\t\t\t\t\t\t\t<\/div>\n\t\t\t\t<\/div>\n\t\t\t\t\t<\/div>\n\t\t<\/div>\n\t\t\t\t\t\t\t<\/div>\n\t\t<\/section>\n\t\t\t\t\t\t<\/div>\n\t\t\t\t\t<\/div>","protected":false},"excerpt":{"rendered":"<p>12 miradas a La Pern\u00eda Ya est\u00e1 disponible el Calendario &#8220;12 miradas a La Pern\u00eda&#8221; 2023.Al igual que en la edici\u00f3n anterior, el calendario &#8220;12 miradas a La Pern\u00eda&#8221; cuenta con una imagen por mes, de cada una de las 12 localidades de La Pern\u00eda. Adem\u00e1s incluye el santoral del a\u00f1o, las fases lunares, el &hellip; <\/p>\n<p class=\"link-more\"><a href=\"https:\/\/www.turismolapernia.com\/en\/noticias-pernia\/calendario-la-pernia-2023\/\" class=\"more-link\">Continue reading<span class=\"screen-reader-text\"> &#8220;Calendario La Pern\u00eda 2023&#8221;<\/span><\/a><\/p>","protected":false},"author":1,"featured_media":15203,"comment_status":"open","ping_status":"open","sticky":false,"template":"","format":"standard","meta":{"footnotes":""},"categories":[13],"tags":[],"class_list":["post-15180","post","type-post","status-publish","format-standard","has-post-thumbnail","hentry","category-noticias-pernia"],"yoast_head":"<!-- This site is optimized with the Yoast SEO plugin v23.5 - https:\/\/yoast.com\/wordpress\/plugins\/seo\/ -->\n<title>Calendario La Pern\u00eda 2023 | Turismo La Pern\u00eda<\/title>\n<meta name=\"robots\" content=\"index, follow, max-snippet:-1, max-image-preview:large, max-video-preview:-1\" \/>\n<link rel=\"canonical\" href=\"https:\/\/www.turismolapernia.com\/en\/noticias-pernia\/calendario-la-pernia-2023\/\" \/>\n<meta property=\"og:locale\" content=\"en_GB\" \/>\n<meta property=\"og:type\" content=\"article\" \/>\n<meta property=\"og:title\" content=\"Calendario La Pern\u00eda 2023 | Turismo La Pern\u00eda\" \/>\n<meta property=\"og:description\" content=\"12 miradas a La Pern\u00eda Ya est\u00e1 disponible el Calendario &#8220;12 miradas a La Pern\u00eda&#8221; 2023.Al igual que en la edici\u00f3n anterior, el calendario &#8220;12 miradas a La Pern\u00eda&#8221; cuenta con una imagen por mes, de cada una de las 12 localidades de La Pern\u00eda. Adem\u00e1s incluye el santoral del a\u00f1o, las fases lunares, el &hellip; Continue reading &quot;Calendario La Pern\u00eda 2023&quot;\" \/>\n<meta property=\"og:url\" content=\"https:\/\/www.turismolapernia.com\/en\/noticias-pernia\/calendario-la-pernia-2023\/\" \/>\n<meta property=\"og:site_name\" content=\"Turismo La Pern\u00eda\" \/>\n<meta property=\"article:publisher\" content=\"https:\/\/www.facebook.com\/turismolapernia\/\" \/>\n<meta property=\"article:published_time\" content=\"2022-12-15T11:20:11+00:00\" \/>\n<meta property=\"article:modified_time\" content=\"2022-12-15T19:32:35+00:00\" \/>\n<meta property=\"og:image\" content=\"https:\/\/www.turismolapernia.com\/wp-content\/uploads\/2022\/12\/Calendario-La-Pernia-2023_portada.jpg\" \/>\n\t<meta property=\"og:image:width\" content=\"1755\" \/>\n\t<meta property=\"og:image:height\" content=\"1316\" \/>\n\t<meta property=\"og:image:type\" content=\"image\/jpeg\" \/>\n<meta name=\"author\" content=\"admin\" \/>\n<meta name=\"twitter:card\" content=\"summary_large_image\" \/>\n<meta name=\"twitter:label1\" content=\"Written by\" \/>\n\t<meta name=\"twitter:data1\" content=\"admin\" \/>\n\t<meta name=\"twitter:label2\" content=\"Estimated reading time\" \/>\n\t<meta name=\"twitter:data2\" content=\"1 minute\" \/>\n<script type=\"application\/ld+json\" class=\"yoast-schema-graph\">{\"@context\":\"https:\/\/schema.org\",\"@graph\":[{\"@type\":\"Article\",\"@id\":\"https:\/\/www.turismolapernia.com\/noticias-pernia\/calendario-la-pernia-2023\/#article\",\"isPartOf\":{\"@id\":\"https:\/\/www.turismolapernia.com\/noticias-pernia\/calendario-la-pernia-2023\/\"},\"author\":{\"name\":\"admin\",\"@id\":\"https:\/\/www.turismolapernia.com\/#\/schema\/person\/5d5ac032f7e9064c5ce073bbe3564340\"},\"headline\":\"Calendario La Pern\u00eda 2023\",\"datePublished\":\"2022-12-15T11:20:11+00:00\",\"dateModified\":\"2022-12-15T19:32:35+00:00\",\"mainEntityOfPage\":{\"@id\":\"https:\/\/www.turismolapernia.com\/noticias-pernia\/calendario-la-pernia-2023\/\"},\"wordCount\":168,\"commentCount\":0,\"publisher\":{\"@id\":\"https:\/\/www.turismolapernia.com\/#organization\"},\"image\":{\"@id\":\"https:\/\/www.turismolapernia.com\/noticias-pernia\/calendario-la-pernia-2023\/#primaryimage\"},\"thumbnailUrl\":\"https:\/\/www.turismolapernia.com\/wp-content\/uploads\/2022\/12\/Calendario-La-Pernia-2023_portada.jpg\",\"articleSection\":[\"Noticias\"],\"inLanguage\":\"en-GB\",\"potentialAction\":[{\"@type\":\"CommentAction\",\"name\":\"Comment\",\"target\":[\"https:\/\/www.turismolapernia.com\/noticias-pernia\/calendario-la-pernia-2023\/#respond\"]}]},{\"@type\":\"WebPage\",\"@id\":\"https:\/\/www.turismolapernia.com\/noticias-pernia\/calendario-la-pernia-2023\/\",\"url\":\"https:\/\/www.turismolapernia.com\/noticias-pernia\/calendario-la-pernia-2023\/\",\"name\":\"Calendario La Pern\u00eda 2023 | Turismo La Pern\u00eda\",\"isPartOf\":{\"@id\":\"https:\/\/www.turismolapernia.com\/#website\"},\"primaryImageOfPage\":{\"@id\":\"https:\/\/www.turismolapernia.com\/noticias-pernia\/calendario-la-pernia-2023\/#primaryimage\"},\"image\":{\"@id\":\"https:\/\/www.turismolapernia.com\/noticias-pernia\/calendario-la-pernia-2023\/#primaryimage\"},\"thumbnailUrl\":\"https:\/\/www.turismolapernia.com\/wp-content\/uploads\/2022\/12\/Calendario-La-Pernia-2023_portada.jpg\",\"datePublished\":\"2022-12-15T11:20:11+00:00\",\"dateModified\":\"2022-12-15T19:32:35+00:00\",\"breadcrumb\":{\"@id\":\"https:\/\/www.turismolapernia.com\/noticias-pernia\/calendario-la-pernia-2023\/#breadcrumb\"},\"inLanguage\":\"en-GB\",\"potentialAction\":[{\"@type\":\"ReadAction\",\"target\":[\"https:\/\/www.turismolapernia.com\/noticias-pernia\/calendario-la-pernia-2023\/\"]}]},{\"@type\":\"ImageObject\",\"inLanguage\":\"en-GB\",\"@id\":\"https:\/\/www.turismolapernia.com\/noticias-pernia\/calendario-la-pernia-2023\/#primaryimage\",\"url\":\"https:\/\/www.turismolapernia.com\/wp-content\/uploads\/2022\/12\/Calendario-La-Pernia-2023_portada.jpg\",\"contentUrl\":\"https:\/\/www.turismolapernia.com\/wp-content\/uploads\/2022\/12\/Calendario-La-Pernia-2023_portada.jpg\",\"width\":1755,\"height\":1316},{\"@type\":\"BreadcrumbList\",\"@id\":\"https:\/\/www.turismolapernia.com\/noticias-pernia\/calendario-la-pernia-2023\/#breadcrumb\",\"itemListElement\":[{\"@type\":\"ListItem\",\"position\":1,\"name\":\"La Pern\u00eda\",\"item\":\"https:\/\/www.turismolapernia.com\/\"},{\"@type\":\"ListItem\",\"position\":2,\"name\":\"Calendario La Pern\u00eda 2023\"}]},{\"@type\":\"WebSite\",\"@id\":\"https:\/\/www.turismolapernia.com\/#website\",\"url\":\"https:\/\/www.turismolapernia.com\/\",\"name\":\"Turismo La Pern\u00eda\",\"description\":\"Monta\u00f1a Palentina\",\"publisher\":{\"@id\":\"https:\/\/www.turismolapernia.com\/#organization\"},\"potentialAction\":[{\"@type\":\"SearchAction\",\"target\":{\"@type\":\"EntryPoint\",\"urlTemplate\":\"https:\/\/www.turismolapernia.com\/?s={search_term_string}\"},\"query-input\":{\"@type\":\"PropertyValueSpecification\",\"valueRequired\":true,\"valueName\":\"search_term_string\"}}],\"inLanguage\":\"en-GB\"},{\"@type\":\"Organization\",\"@id\":\"https:\/\/www.turismolapernia.com\/#organization\",\"name\":\"Turismo La Pern\u00eda\",\"url\":\"https:\/\/www.turismolapernia.com\/\",\"logo\":{\"@type\":\"ImageObject\",\"inLanguage\":\"en-GB\",\"@id\":\"https:\/\/www.turismolapernia.com\/#\/schema\/logo\/image\/\",\"url\":\"https:\/\/www.turismolapernia.com\/wp-content\/uploads\/2021\/12\/cropped-logo-CRV-Pernia-perfil.jpg\",\"contentUrl\":\"https:\/\/www.turismolapernia.com\/wp-content\/uploads\/2021\/12\/cropped-logo-CRV-Pernia-perfil.jpg\",\"width\":512,\"height\":512,\"caption\":\"Turismo La Pern\u00eda\"},\"image\":{\"@id\":\"https:\/\/www.turismolapernia.com\/#\/schema\/logo\/image\/\"},\"sameAs\":[\"https:\/\/www.facebook.com\/turismolapernia\/\",\"https:\/\/www.instagram.com\/turismolapernia\/\"]},{\"@type\":\"Person\",\"@id\":\"https:\/\/www.turismolapernia.com\/#\/schema\/person\/5d5ac032f7e9064c5ce073bbe3564340\",\"name\":\"admin\",\"image\":{\"@type\":\"ImageObject\",\"inLanguage\":\"en-GB\",\"@id\":\"https:\/\/www.turismolapernia.com\/#\/schema\/person\/image\/\",\"url\":\"https:\/\/secure.gravatar.com\/avatar\/fe87fc43b218a52a79b72dddcb95d45fcdca0048b80712e6d20925a50f267165?s=96&d=mm&r=g\",\"contentUrl\":\"https:\/\/secure.gravatar.com\/avatar\/fe87fc43b218a52a79b72dddcb95d45fcdca0048b80712e6d20925a50f267165?s=96&d=mm&r=g\",\"caption\":\"admin\"}}]}<\/script>\n<!-- \/ Yoast SEO plugin. -->","yoast_head_json":{"title":"Calendario La Pern\u00eda 2023 | Turismo La Pern\u00eda","robots":{"index":"index","follow":"follow","max-snippet":"max-snippet:-1","max-image-preview":"max-image-preview:large","max-video-preview":"max-video-preview:-1"},"canonical":"https:\/\/www.turismolapernia.com\/en\/noticias-pernia\/calendario-la-pernia-2023\/","og_locale":"en_GB","og_type":"article","og_title":"Calendario La Pern\u00eda 2023 | Turismo La Pern\u00eda","og_description":"12 miradas a La Pern\u00eda Ya est\u00e1 disponible el Calendario &#8220;12 miradas a La Pern\u00eda&#8221; 2023.Al igual que en la edici\u00f3n anterior, el calendario &#8220;12 miradas a La Pern\u00eda&#8221; cuenta con una imagen por mes, de cada una de las 12 localidades de La Pern\u00eda. Adem\u00e1s incluye el santoral del a\u00f1o, las fases lunares, el &hellip; Continue reading \"Calendario La Pern\u00eda 2023\"","og_url":"https:\/\/www.turismolapernia.com\/en\/noticias-pernia\/calendario-la-pernia-2023\/","og_site_name":"Turismo La Pern\u00eda","article_publisher":"https:\/\/www.facebook.com\/turismolapernia\/","article_published_time":"2022-12-15T11:20:11+00:00","article_modified_time":"2022-12-15T19:32:35+00:00","og_image":[{"width":1755,"height":1316,"url":"https:\/\/www.turismolapernia.com\/wp-content\/uploads\/2022\/12\/Calendario-La-Pernia-2023_portada.jpg","type":"image\/jpeg"}],"author":"admin","twitter_card":"summary_large_image","twitter_misc":{"Written by":"admin","Estimated reading time":"1 minute"},"schema":{"@context":"https:\/\/schema.org","@graph":[{"@type":"Article","@id":"https:\/\/www.turismolapernia.com\/noticias-pernia\/calendario-la-pernia-2023\/#article","isPartOf":{"@id":"https:\/\/www.turismolapernia.com\/noticias-pernia\/calendario-la-pernia-2023\/"},"author":{"name":"admin","@id":"https:\/\/www.turismolapernia.com\/#\/schema\/person\/5d5ac032f7e9064c5ce073bbe3564340"},"headline":"Calendario La Pern\u00eda 2023","datePublished":"2022-12-15T11:20:11+00:00","dateModified":"2022-12-15T19:32:35+00:00","mainEntityOfPage":{"@id":"https:\/\/www.turismolapernia.com\/noticias-pernia\/calendario-la-pernia-2023\/"},"wordCount":168,"commentCount":0,"publisher":{"@id":"https:\/\/www.turismolapernia.com\/#organization"},"image":{"@id":"https:\/\/www.turismolapernia.com\/noticias-pernia\/calendario-la-pernia-2023\/#primaryimage"},"thumbnailUrl":"https:\/\/www.turismolapernia.com\/wp-content\/uploads\/2022\/12\/Calendario-La-Pernia-2023_portada.jpg","articleSection":["Noticias"],"inLanguage":"en-GB","potentialAction":[{"@type":"CommentAction","name":"Comment","target":["https:\/\/www.turismolapernia.com\/noticias-pernia\/calendario-la-pernia-2023\/#respond"]}]},{"@type":"WebPage","@id":"https:\/\/www.turismolapernia.com\/noticias-pernia\/calendario-la-pernia-2023\/","url":"https:\/\/www.turismolapernia.com\/noticias-pernia\/calendario-la-pernia-2023\/","name":"Calendario La Pern\u00eda 2023 | Turismo La Pern\u00eda","isPartOf":{"@id":"https:\/\/www.turismolapernia.com\/#website"},"primaryImageOfPage":{"@id":"https:\/\/www.turismolapernia.com\/noticias-pernia\/calendario-la-pernia-2023\/#primaryimage"},"image":{"@id":"https:\/\/www.turismolapernia.com\/noticias-pernia\/calendario-la-pernia-2023\/#primaryimage"},"thumbnailUrl":"https:\/\/www.turismolapernia.com\/wp-content\/uploads\/2022\/12\/Calendario-La-Pernia-2023_portada.jpg","datePublished":"2022-12-15T11:20:11+00:00","dateModified":"2022-12-15T19:32:35+00:00","breadcrumb":{"@id":"https:\/\/www.turismolapernia.com\/noticias-pernia\/calendario-la-pernia-2023\/#breadcrumb"},"inLanguage":"en-GB","potentialAction":[{"@type":"ReadAction","target":["https:\/\/www.turismolapernia.com\/noticias-pernia\/calendario-la-pernia-2023\/"]}]},{"@type":"ImageObject","inLanguage":"en-GB","@id":"https:\/\/www.turismolapernia.com\/noticias-pernia\/calendario-la-pernia-2023\/#primaryimage","url":"https:\/\/www.turismolapernia.com\/wp-content\/uploads\/2022\/12\/Calendario-La-Pernia-2023_portada.jpg","contentUrl":"https:\/\/www.turismolapernia.com\/wp-content\/uploads\/2022\/12\/Calendario-La-Pernia-2023_portada.jpg","width":1755,"height":1316},{"@type":"BreadcrumbList","@id":"https:\/\/www.turismolapernia.com\/noticias-pernia\/calendario-la-pernia-2023\/#breadcrumb","itemListElement":[{"@type":"ListItem","position":1,"name":"La Pern\u00eda","item":"https:\/\/www.turismolapernia.com\/"},{"@type":"ListItem","position":2,"name":"Calendario La Pern\u00eda 2023"}]},{"@type":"WebSite","@id":"https:\/\/www.turismolapernia.com\/#website","url":"https:\/\/www.turismolapernia.com\/","name":"Turismo La Pern\u00eda","description":"Monta\u00f1a Palentina","publisher":{"@id":"https:\/\/www.turismolapernia.com\/#organization"},"potentialAction":[{"@type":"SearchAction","target":{"@type":"EntryPoint","urlTemplate":"https:\/\/www.turismolapernia.com\/?s={search_term_string}"},"query-input":{"@type":"PropertyValueSpecification","valueRequired":true,"valueName":"search_term_string"}}],"inLanguage":"en-GB"},{"@type":"Organization","@id":"https:\/\/www.turismolapernia.com\/#organization","name":"Turismo La Pern\u00eda","url":"https:\/\/www.turismolapernia.com\/","logo":{"@type":"ImageObject","inLanguage":"en-GB","@id":"https:\/\/www.turismolapernia.com\/#\/schema\/logo\/image\/","url":"https:\/\/www.turismolapernia.com\/wp-content\/uploads\/2021\/12\/cropped-logo-CRV-Pernia-perfil.jpg","contentUrl":"https:\/\/www.turismolapernia.com\/wp-content\/uploads\/2021\/12\/cropped-logo-CRV-Pernia-perfil.jpg","width":512,"height":512,"caption":"Turismo La Pern\u00eda"},"image":{"@id":"https:\/\/www.turismolapernia.com\/#\/schema\/logo\/image\/"},"sameAs":["https:\/\/www.facebook.com\/turismolapernia\/","https:\/\/www.instagram.com\/turismolapernia\/"]},{"@type":"Person","@id":"https:\/\/www.turismolapernia.com\/#\/schema\/person\/5d5ac032f7e9064c5ce073bbe3564340","name":"admin","image":{"@type":"ImageObject","inLanguage":"en-GB","@id":"https:\/\/www.turismolapernia.com\/#\/schema\/person\/image\/","url":"https:\/\/secure.gravatar.com\/avatar\/fe87fc43b218a52a79b72dddcb95d45fcdca0048b80712e6d20925a50f267165?s=96&d=mm&r=g","contentUrl":"https:\/\/secure.gravatar.com\/avatar\/fe87fc43b218a52a79b72dddcb95d45fcdca0048b80712e6d20925a50f267165?s=96&d=mm&r=g","caption":"admin"}}]}},"_links":{"self":[{"href":"https:\/\/www.turismolapernia.com\/en\/wp-json\/wp\/v2\/posts\/15180","targetHints":{"allow":["GET"]}}],"collection":[{"href":"https:\/\/www.turismolapernia.com\/en\/wp-json\/wp\/v2\/posts"}],"about":[{"href":"https:\/\/www.turismolapernia.com\/en\/wp-json\/wp\/v2\/types\/post"}],"author":[{"embeddable":true,"href":"https:\/\/www.turismolapernia.com\/en\/wp-json\/wp\/v2\/users\/1"}],"replies":[{"embeddable":true,"href":"https:\/\/www.turismolapernia.com\/en\/wp-json\/wp\/v2\/comments?post=15180"}],"version-history":[{"count":36,"href":"https:\/\/www.turismolapernia.com\/en\/wp-json\/wp\/v2\/posts\/15180\/revisions"}],"predecessor-version":[{"id":15230,"href":"https:\/\/www.turismolapernia.com\/en\/wp-json\/wp\/v2\/posts\/15180\/revisions\/15230"}],"wp:featuredmedia":[{"embeddable":true,"href":"https:\/\/www.turismolapernia.com\/en\/wp-json\/wp\/v2\/media\/15203"}],"wp:attachment":[{"href":"https:\/\/www.turismolapernia.com\/en\/wp-json\/wp\/v2\/media?parent=15180"}],"wp:term":[{"taxonomy":"category","embeddable":true,"href":"https:\/\/www.turismolapernia.com\/en\/wp-json\/wp\/v2\/categories?post=15180"},{"taxonomy":"post_tag","embeddable":true,"href":"https:\/\/www.turismolapernia.com\/en\/wp-json\/wp\/v2\/tags?post=15180"}],"curies":[{"name":"wp","href":"https:\/\/api.w.org\/{rel}","templated":true}]}}