{"id":13920,"date":"2022-10-24T19:16:33","date_gmt":"2022-10-24T17:16:33","guid":{"rendered":"https:\/\/www.turismolapernia.com\/?p=13920"},"modified":"2022-10-24T21:31:53","modified_gmt":"2022-10-24T19:31:53","slug":"se-inician-las-obras-de-restauracion-de-la-iglesia-de-san-salvador-de-cantamuda","status":"publish","type":"post","link":"https:\/\/www.turismolapernia.com\/en\/noticias-pernia\/se-inician-las-obras-de-restauracion-de-la-iglesia-de-san-salvador-de-cantamuda\/","title":{"rendered":"Se inician las obras de restauraci\u00f3n de la iglesia de San Salvador de Cantamuda"},"content":{"rendered":"<div data-elementor-type=\"wp-post\" data-elementor-id=\"13920\" class=\"elementor elementor-13920\" data-elementor-settings=\"[]\">\n\t\t\t\t\t\t\t<div class=\"elementor-section-wrap\">\n\t\t\t\t\t\t\t<section class=\"elementor-section elementor-top-section elementor-element elementor-element-7b72ffe elementor-section-boxed elementor-section-height-default elementor-section-height-default\" data-id=\"7b72ffe\" data-element_type=\"section\">\n\t\t\t\t\t\t<div class=\"elementor-container elementor-column-gap-default\">\n\t\t\t\t\t<div class=\"elementor-column elementor-col-50 elementor-top-column elementor-element elementor-element-235c641\" data-id=\"235c641\" data-element_type=\"column\">\n\t\t\t<div class=\"elementor-widget-wrap elementor-element-populated\">\n\t\t\t\t\t\t\t\t<div class=\"elementor-element elementor-element-9ad9721 elementor-widget elementor-widget-image\" data-id=\"9ad9721\" data-element_type=\"widget\" data-widget_type=\"image.default\">\n\t\t\t\t<div class=\"elementor-widget-container\">\n\t\t\t\t\t\t\t\t\t\t\t\t<figure class=\"wp-caption\">\n\t\t\t\t\t\t\t\t\t\t<img loading=\"lazy\" decoding=\"async\" width=\"525\" height=\"388\" src=\"https:\/\/www.turismolapernia.com\/wp-content\/uploads\/2022\/10\/DSC05290-01-768x567.jpeg\" class=\"attachment-medium_large size-medium_large\" alt=\"\" srcset=\"https:\/\/www.turismolapernia.com\/wp-content\/uploads\/2022\/10\/DSC05290-01-768x567.jpeg 768w, https:\/\/www.turismolapernia.com\/wp-content\/uploads\/2022\/10\/DSC05290-01-300x221.jpeg 300w, https:\/\/www.turismolapernia.com\/wp-content\/uploads\/2022\/10\/DSC05290-01-1024x756.jpeg 1024w, https:\/\/www.turismolapernia.com\/wp-content\/uploads\/2022\/10\/DSC05290-01-1536x1134.jpeg 1536w, https:\/\/www.turismolapernia.com\/wp-content\/uploads\/2022\/10\/DSC05290-01-16x12.jpeg 16w, https:\/\/www.turismolapernia.com\/wp-content\/uploads\/2022\/10\/DSC05290-01.jpeg 1726w\" sizes=\"auto, 100vw\" \/>\t\t\t\t\t\t\t\t\t\t\t<figcaption class=\"widget-image-caption wp-caption-text\">Inicio de las obras de restauraci\u00f3n en la iglesia de San Salvador de Cantamuda<\/figcaption>\n\t\t\t\t\t\t\t\t\t\t<\/figure>\n\t\t\t\t\t\t\t\t\t<\/div>\n\t\t\t\t<\/div>\n\t\t\t\t\t<\/div>\n\t\t<\/div>\n\t\t\t\t<div class=\"elementor-column elementor-col-50 elementor-top-column elementor-element elementor-element-a8a04d1\" data-id=\"a8a04d1\" data-element_type=\"column\">\n\t\t\t<div class=\"elementor-widget-wrap elementor-element-populated\">\n\t\t\t\t\t\t\t\t<div class=\"elementor-element elementor-element-3146f9b elementor-widget elementor-widget-text-editor\" data-id=\"3146f9b\" data-element_type=\"widget\" data-widget_type=\"text-editor.default\">\n\t\t\t\t<div class=\"elementor-widget-container\">\n\t\t\t\t\t\t\t<p>Esta misma ma\u00f1ana (24 de octubre de 2022), han comenzado las obras de restauraci\u00f3n de la iglesia rom\u00e1nica de San Salvador de Cantamuda, en el municipio de La Pern\u00eda.<\/p><p>\u00a0<\/p><p>Las obras, que han sido adjudicadas por la Junta de Castilla y Le\u00f3n, a trav\u00e9s del servicio territorial de Cultura y Turismo de Palencia, con un importe de 46.347,84 euros, consistir\u00e1n principalmente en la renovaci\u00f3n de las cubiertas, que actualmente presentan un importante grado de deterioro, como as\u00ed lo demuestra la presencia de numerosas deficiencias en tejas y morteros que provocan la obturaci\u00f3n de los canales, o las humedades interiores que afectan a la capilla lateral del \u00e1bside norte.<\/p>\t\t\t\t\t\t<\/div>\n\t\t\t\t<\/div>\n\t\t\t\t\t<\/div>\n\t\t<\/div>\n\t\t\t\t\t\t\t<\/div>\n\t\t<\/section>\n\t\t\t\t<section class=\"elementor-section elementor-top-section elementor-element elementor-element-c1c4bb3 elementor-section-boxed elementor-section-height-default elementor-section-height-default\" data-id=\"c1c4bb3\" data-element_type=\"section\">\n\t\t\t\t\t\t<div class=\"elementor-container elementor-column-gap-default\">\n\t\t\t\t\t<div class=\"elementor-column elementor-col-100 elementor-top-column elementor-element elementor-element-f5d7c76\" data-id=\"f5d7c76\" data-element_type=\"column\">\n\t\t\t<div class=\"elementor-widget-wrap elementor-element-populated\">\n\t\t\t\t\t\t\t\t<div class=\"elementor-element elementor-element-ca810ca elementor-widget elementor-widget-text-editor\" data-id=\"ca810ca\" data-element_type=\"widget\" data-widget_type=\"text-editor.default\">\n\t\t\t\t<div class=\"elementor-widget-container\">\n\t\t\t\t\t\t\t<p>Las principales actuaciones de restauraci\u00f3n proyectadas, contemplan el desmontaje y retirada de las tejas y la capa de impermeabilizaci\u00f3n en mal estado, y la posterior utilizaci\u00f3n de teja cer\u00e1mica curva (teja \u00e1rabe) sobre l\u00e1mina impermeable y transpirable. La teja se fijar\u00e1 sobre el enrastrelado horizontal de madera tratada.<br \/>Asimismo se proceder\u00e1 al picado de mortero de cemento en zonas deterioradas, como la torre cil\u00edndrica, y aplicaci\u00f3n manual de mortero de cal.<\/p><p>\u00a0<\/p><p>El plazo de ejecuci\u00f3n de las obras es de aproximadamente 2 meses, aunque l\u00f3gicamente estar\u00e1 muy influenciado por las condiciones meteorol\u00f3gicas de la zona.<\/p>\t\t\t\t\t\t<\/div>\n\t\t\t\t<\/div>\n\t\t\t\t\t<\/div>\n\t\t<\/div>\n\t\t\t\t\t\t\t<\/div>\n\t\t<\/section>\n\t\t\t\t<section class=\"elementor-section elementor-top-section elementor-element elementor-element-1198d2d elementor-section-boxed elementor-section-height-default elementor-section-height-default\" data-id=\"1198d2d\" data-element_type=\"section\">\n\t\t\t\t\t\t<div class=\"elementor-container elementor-column-gap-default\">\n\t\t\t\t\t<div class=\"elementor-column elementor-col-33 elementor-top-column elementor-element elementor-element-aa5f9e4\" data-id=\"aa5f9e4\" data-element_type=\"column\">\n\t\t\t<div class=\"elementor-widget-wrap elementor-element-populated\">\n\t\t\t\t\t\t\t\t<div class=\"elementor-element elementor-element-49a1679 elementor-widget elementor-widget-image\" data-id=\"49a1679\" data-element_type=\"widget\" data-widget_type=\"image.default\">\n\t\t\t\t<div class=\"elementor-widget-container\">\n\t\t\t\t\t\t\t\t\t\t\t\t\t\t\t<img loading=\"lazy\" decoding=\"async\" width=\"300\" height=\"225\" src=\"https:\/\/www.turismolapernia.com\/wp-content\/uploads\/2022\/10\/DSC05288-01-300x225.jpeg\" class=\"attachment-medium size-medium\" alt=\"\" srcset=\"https:\/\/www.turismolapernia.com\/wp-content\/uploads\/2022\/10\/DSC05288-01-300x225.jpeg 300w, https:\/\/www.turismolapernia.com\/wp-content\/uploads\/2022\/10\/DSC05288-01-1024x768.jpeg 1024w, https:\/\/www.turismolapernia.com\/wp-content\/uploads\/2022\/10\/DSC05288-01-768x576.jpeg 768w, https:\/\/www.turismolapernia.com\/wp-content\/uploads\/2022\/10\/DSC05288-01-1536x1152.jpeg 1536w, https:\/\/www.turismolapernia.com\/wp-content\/uploads\/2022\/10\/DSC05288-01-16x12.jpeg 16w, https:\/\/www.turismolapernia.com\/wp-content\/uploads\/2022\/10\/DSC05288-01.jpeg 1796w\" sizes=\"auto, 100vw\" \/>\t\t\t\t\t\t\t\t\t\t\t\t\t\t\t<\/div>\n\t\t\t\t<\/div>\n\t\t\t\t\t<\/div>\n\t\t<\/div>\n\t\t\t\t<div class=\"elementor-column elementor-col-33 elementor-top-column elementor-element elementor-element-f8fa758\" data-id=\"f8fa758\" data-element_type=\"column\">\n\t\t\t<div class=\"elementor-widget-wrap elementor-element-populated\">\n\t\t\t\t\t\t\t\t<div class=\"elementor-element elementor-element-8042d37 elementor-widget elementor-widget-image\" data-id=\"8042d37\" data-element_type=\"widget\" data-widget_type=\"image.default\">\n\t\t\t\t<div class=\"elementor-widget-container\">\n\t\t\t\t\t\t\t\t\t\t\t\t\t\t\t<img loading=\"lazy\" decoding=\"async\" width=\"300\" height=\"225\" src=\"https:\/\/www.turismolapernia.com\/wp-content\/uploads\/2022\/10\/DSC05291-01-01-300x225.jpeg\" class=\"attachment-medium size-medium\" alt=\"\" srcset=\"https:\/\/www.turismolapernia.com\/wp-content\/uploads\/2022\/10\/DSC05291-01-01-300x225.jpeg 300w, https:\/\/www.turismolapernia.com\/wp-content\/uploads\/2022\/10\/DSC05291-01-01-1024x768.jpeg 1024w, https:\/\/www.turismolapernia.com\/wp-content\/uploads\/2022\/10\/DSC05291-01-01-768x576.jpeg 768w, https:\/\/www.turismolapernia.com\/wp-content\/uploads\/2022\/10\/DSC05291-01-01-1536x1152.jpeg 1536w, https:\/\/www.turismolapernia.com\/wp-content\/uploads\/2022\/10\/DSC05291-01-01-16x12.jpeg 16w, https:\/\/www.turismolapernia.com\/wp-content\/uploads\/2022\/10\/DSC05291-01-01.jpeg 1707w\" sizes=\"auto, 100vw\" \/>\t\t\t\t\t\t\t\t\t\t\t\t\t\t\t<\/div>\n\t\t\t\t<\/div>\n\t\t\t\t\t<\/div>\n\t\t<\/div>\n\t\t\t\t<div class=\"elementor-column elementor-col-33 elementor-top-column elementor-element elementor-element-c8b3786\" data-id=\"c8b3786\" data-element_type=\"column\">\n\t\t\t<div class=\"elementor-widget-wrap elementor-element-populated\">\n\t\t\t\t\t\t\t\t<div class=\"elementor-element elementor-element-874daa3 elementor-widget elementor-widget-image\" data-id=\"874daa3\" data-element_type=\"widget\" data-widget_type=\"image.default\">\n\t\t\t\t<div class=\"elementor-widget-container\">\n\t\t\t\t\t\t\t\t\t\t\t\t\t\t\t<img loading=\"lazy\" decoding=\"async\" width=\"300\" height=\"225\" src=\"https:\/\/www.turismolapernia.com\/wp-content\/uploads\/2022\/10\/DSC05293-02-1-300x225.jpeg\" class=\"attachment-medium size-medium\" alt=\"\" srcset=\"https:\/\/www.turismolapernia.com\/wp-content\/uploads\/2022\/10\/DSC05293-02-1-300x225.jpeg 300w, https:\/\/www.turismolapernia.com\/wp-content\/uploads\/2022\/10\/DSC05293-02-1-1024x768.jpeg 1024w, https:\/\/www.turismolapernia.com\/wp-content\/uploads\/2022\/10\/DSC05293-02-1-768x576.jpeg 768w, https:\/\/www.turismolapernia.com\/wp-content\/uploads\/2022\/10\/DSC05293-02-1-1536x1152.jpeg 1536w, https:\/\/www.turismolapernia.com\/wp-content\/uploads\/2022\/10\/DSC05293-02-1-16x12.jpeg 16w, https:\/\/www.turismolapernia.com\/wp-content\/uploads\/2022\/10\/DSC05293-02-1.jpeg 1668w\" sizes=\"auto, 100vw\" \/>\t\t\t\t\t\t\t\t\t\t\t\t\t\t\t<\/div>\n\t\t\t\t<\/div>\n\t\t\t\t\t<\/div>\n\t\t<\/div>\n\t\t\t\t\t\t\t<\/div>\n\t\t<\/section>\n\t\t\t\t<section class=\"elementor-section elementor-top-section elementor-element elementor-element-00c3d83 elementor-section-boxed elementor-section-height-default elementor-section-height-default\" data-id=\"00c3d83\" data-element_type=\"section\">\n\t\t\t\t\t\t<div class=\"elementor-container elementor-column-gap-default\">\n\t\t\t\t\t<div class=\"elementor-column elementor-col-100 elementor-top-column elementor-element elementor-element-95e01a4\" data-id=\"95e01a4\" data-element_type=\"column\">\n\t\t\t<div class=\"elementor-widget-wrap elementor-element-populated\">\n\t\t\t\t\t\t\t\t<div class=\"elementor-element elementor-element-cf167a8 elementor-widget elementor-widget-heading\" data-id=\"cf167a8\" data-element_type=\"widget\" data-widget_type=\"heading.default\">\n\t\t\t\t<div class=\"elementor-widget-container\">\n\t\t\t<h4 class=\"elementor-heading-title elementor-size-default\">Colegiata rom\u00e1nica de San Salvador de Cantamuda<\/h4>\t\t<\/div>\n\t\t\t\t<\/div>\n\t\t\t\t<div class=\"elementor-element elementor-element-d1e8090 elementor-widget elementor-widget-text-editor\" data-id=\"d1e8090\" data-element_type=\"widget\" data-widget_type=\"text-editor.default\">\n\t\t\t\t<div class=\"elementor-widget-container\">\n\t\t\t\t\t\t\t<p>Declarada Bien de Inter\u00e9s Cultural el 4 de febrero de 1993 como Monumento Hist\u00f3rico, la antigua colegiata de San Salvador de Cantamuda es uno de los edificios referentes en el rom\u00e1nico del norte de Palencia.<\/p><p>El templo destaca por su esbelta espada\u00f1a, su altar mayor, y la armonia arquit\u00e9ctonica de todo el edificio, que conserva sin demasiadas alteraciones la f\u00e1brica rom\u00e1nica original de finales del siglo XII o principios del XIII.<\/p><p>\u00a0<\/p>\t\t\t\t\t\t<\/div>\n\t\t\t\t<\/div>\n\t\t\t\t<div class=\"elementor-element elementor-element-6769821 elementor-widget elementor-widget-heading\" data-id=\"6769821\" data-element_type=\"widget\" data-widget_type=\"heading.default\">\n\t\t\t\t<div class=\"elementor-widget-container\">\n\t\t\t<h4 class=\"elementor-heading-title elementor-size-default\">Visitas<\/h4>\t\t<\/div>\n\t\t\t\t<\/div>\n\t\t\t\t<div class=\"elementor-element elementor-element-f2a2045 elementor-widget elementor-widget-text-editor\" data-id=\"f2a2045\" data-element_type=\"widget\" data-widget_type=\"text-editor.default\">\n\t\t\t\t<div class=\"elementor-widget-container\">\n\t\t\t\t\t\t\t<p>Aunque los andamios restar\u00e1n belleza a la imagen exterior del edificio, est\u00e1 previsto que, mientras duren las obras, el interior de la iglesia pueda seguir visit\u00e1ndose en su horario habitual (de 11 a 14 y de 17 a 19 h).<\/p><p><br><\/p>\n<p><\/p>\n<p>Para disponer de informaci\u00f3n actualizada se puede contactar con el Ayuntamiento de La Pern\u00eda en el 979879028, o enviando un correo electr\u00f3nico a turismolapernia@gmail.com.<\/p>\n<div>&nbsp;<\/div>\t\t\t\t\t\t<\/div>\n\t\t\t\t<\/div>\n\t\t\t\t\t<\/div>\n\t\t<\/div>\n\t\t\t\t\t\t\t<\/div>\n\t\t<\/section>\n\t\t\t\t\t\t<\/div>\n\t\t\t\t\t<\/div>","protected":false},"excerpt":{"rendered":"<p>Inicio de las obras de restauraci\u00f3n en la iglesia de San Salvador de Cantamuda Esta misma ma\u00f1ana (24 de octubre de 2022), han comenzado las obras de restauraci\u00f3n de la iglesia rom\u00e1nica de San Salvador de Cantamuda, en el municipio de La Pern\u00eda. \u00a0 Las obras, que han sido adjudicadas por la Junta de Castilla &hellip; <\/p>\n<p class=\"link-more\"><a href=\"https:\/\/www.turismolapernia.com\/en\/noticias-pernia\/se-inician-las-obras-de-restauracion-de-la-iglesia-de-san-salvador-de-cantamuda\/\" class=\"more-link\">Continue reading<span class=\"screen-reader-text\"> &#8220;Se inician las obras de restauraci\u00f3n de la iglesia de San Salvador de Cantamuda&#8221;<\/span><\/a><\/p>","protected":false},"author":1,"featured_media":13922,"comment_status":"open","ping_status":"open","sticky":false,"template":"","format":"standard","meta":{"footnotes":""},"categories":[13],"tags":[],"class_list":["post-13920","post","type-post","status-publish","format-standard","has-post-thumbnail","hentry","category-noticias-pernia"],"yoast_head":"<!-- This site is optimized with the Yoast SEO plugin v23.5 - https:\/\/yoast.com\/wordpress\/plugins\/seo\/ -->\n<title>Se inician las obras de restauraci\u00f3n de la iglesia de San Salvador de Cantamuda | Turismo La Pern\u00eda<\/title>\n<meta name=\"robots\" content=\"index, follow, max-snippet:-1, max-image-preview:large, max-video-preview:-1\" \/>\n<link rel=\"canonical\" href=\"https:\/\/www.turismolapernia.com\/en\/noticias-pernia\/se-inician-las-obras-de-restauracion-de-la-iglesia-de-san-salvador-de-cantamuda\/\" \/>\n<meta property=\"og:locale\" content=\"en_GB\" \/>\n<meta property=\"og:type\" content=\"article\" \/>\n<meta property=\"og:title\" content=\"Se inician las obras de restauraci\u00f3n de la iglesia de San Salvador de Cantamuda | Turismo La Pern\u00eda\" \/>\n<meta property=\"og:description\" content=\"Inicio de las obras de restauraci\u00f3n en la iglesia de San Salvador de Cantamuda Esta misma ma\u00f1ana (24 de octubre de 2022), han comenzado las obras de restauraci\u00f3n de la iglesia rom\u00e1nica de San Salvador de Cantamuda, en el municipio de La Pern\u00eda. \u00a0 Las obras, que han sido adjudicadas por la Junta de Castilla &hellip; Continue reading &quot;Se inician las obras de restauraci\u00f3n de la iglesia de San Salvador de Cantamuda&quot;\" \/>\n<meta property=\"og:url\" content=\"https:\/\/www.turismolapernia.com\/en\/noticias-pernia\/se-inician-las-obras-de-restauracion-de-la-iglesia-de-san-salvador-de-cantamuda\/\" \/>\n<meta property=\"og:site_name\" content=\"Turismo La Pern\u00eda\" \/>\n<meta property=\"article:publisher\" content=\"https:\/\/www.facebook.com\/turismolapernia\/\" \/>\n<meta property=\"article:published_time\" content=\"2022-10-24T17:16:33+00:00\" \/>\n<meta property=\"article:modified_time\" content=\"2022-10-24T19:31:53+00:00\" \/>\n<meta property=\"og:image\" content=\"https:\/\/www.turismolapernia.com\/wp-content\/uploads\/2022\/10\/DSC05290-01.jpeg\" \/>\n\t<meta property=\"og:image:width\" content=\"1726\" \/>\n\t<meta property=\"og:image:height\" content=\"1274\" \/>\n\t<meta property=\"og:image:type\" content=\"image\/jpeg\" \/>\n<meta name=\"author\" content=\"admin\" \/>\n<meta name=\"twitter:card\" content=\"summary_large_image\" \/>\n<meta name=\"twitter:label1\" content=\"Written by\" \/>\n\t<meta name=\"twitter:data1\" content=\"admin\" \/>\n\t<meta name=\"twitter:label2\" content=\"Estimated reading time\" \/>\n\t<meta name=\"twitter:data2\" content=\"2 minutes\" \/>\n<script type=\"application\/ld+json\" class=\"yoast-schema-graph\">{\"@context\":\"https:\/\/schema.org\",\"@graph\":[{\"@type\":\"Article\",\"@id\":\"https:\/\/www.turismolapernia.com\/noticias-pernia\/se-inician-las-obras-de-restauracion-de-la-iglesia-de-san-salvador-de-cantamuda\/#article\",\"isPartOf\":{\"@id\":\"https:\/\/www.turismolapernia.com\/noticias-pernia\/se-inician-las-obras-de-restauracion-de-la-iglesia-de-san-salvador-de-cantamuda\/\"},\"author\":{\"name\":\"admin\",\"@id\":\"https:\/\/www.turismolapernia.com\/#\/schema\/person\/5d5ac032f7e9064c5ce073bbe3564340\"},\"headline\":\"Se inician las obras de restauraci\u00f3n de la iglesia de San Salvador de Cantamuda\",\"datePublished\":\"2022-10-24T17:16:33+00:00\",\"dateModified\":\"2022-10-24T19:31:53+00:00\",\"mainEntityOfPage\":{\"@id\":\"https:\/\/www.turismolapernia.com\/noticias-pernia\/se-inician-las-obras-de-restauracion-de-la-iglesia-de-san-salvador-de-cantamuda\/\"},\"wordCount\":400,\"commentCount\":0,\"publisher\":{\"@id\":\"https:\/\/www.turismolapernia.com\/#organization\"},\"image\":{\"@id\":\"https:\/\/www.turismolapernia.com\/noticias-pernia\/se-inician-las-obras-de-restauracion-de-la-iglesia-de-san-salvador-de-cantamuda\/#primaryimage\"},\"thumbnailUrl\":\"https:\/\/www.turismolapernia.com\/wp-content\/uploads\/2022\/10\/DSC05290-01.jpeg\",\"articleSection\":[\"Noticias\"],\"inLanguage\":\"en-GB\",\"potentialAction\":[{\"@type\":\"CommentAction\",\"name\":\"Comment\",\"target\":[\"https:\/\/www.turismolapernia.com\/noticias-pernia\/se-inician-las-obras-de-restauracion-de-la-iglesia-de-san-salvador-de-cantamuda\/#respond\"]}]},{\"@type\":\"WebPage\",\"@id\":\"https:\/\/www.turismolapernia.com\/noticias-pernia\/se-inician-las-obras-de-restauracion-de-la-iglesia-de-san-salvador-de-cantamuda\/\",\"url\":\"https:\/\/www.turismolapernia.com\/noticias-pernia\/se-inician-las-obras-de-restauracion-de-la-iglesia-de-san-salvador-de-cantamuda\/\",\"name\":\"Se inician las obras de restauraci\u00f3n de la iglesia de San Salvador de Cantamuda | Turismo La Pern\u00eda\",\"isPartOf\":{\"@id\":\"https:\/\/www.turismolapernia.com\/#website\"},\"primaryImageOfPage\":{\"@id\":\"https:\/\/www.turismolapernia.com\/noticias-pernia\/se-inician-las-obras-de-restauracion-de-la-iglesia-de-san-salvador-de-cantamuda\/#primaryimage\"},\"image\":{\"@id\":\"https:\/\/www.turismolapernia.com\/noticias-pernia\/se-inician-las-obras-de-restauracion-de-la-iglesia-de-san-salvador-de-cantamuda\/#primaryimage\"},\"thumbnailUrl\":\"https:\/\/www.turismolapernia.com\/wp-content\/uploads\/2022\/10\/DSC05290-01.jpeg\",\"datePublished\":\"2022-10-24T17:16:33+00:00\",\"dateModified\":\"2022-10-24T19:31:53+00:00\",\"breadcrumb\":{\"@id\":\"https:\/\/www.turismolapernia.com\/noticias-pernia\/se-inician-las-obras-de-restauracion-de-la-iglesia-de-san-salvador-de-cantamuda\/#breadcrumb\"},\"inLanguage\":\"en-GB\",\"potentialAction\":[{\"@type\":\"ReadAction\",\"target\":[\"https:\/\/www.turismolapernia.com\/noticias-pernia\/se-inician-las-obras-de-restauracion-de-la-iglesia-de-san-salvador-de-cantamuda\/\"]}]},{\"@type\":\"ImageObject\",\"inLanguage\":\"en-GB\",\"@id\":\"https:\/\/www.turismolapernia.com\/noticias-pernia\/se-inician-las-obras-de-restauracion-de-la-iglesia-de-san-salvador-de-cantamuda\/#primaryimage\",\"url\":\"https:\/\/www.turismolapernia.com\/wp-content\/uploads\/2022\/10\/DSC05290-01.jpeg\",\"contentUrl\":\"https:\/\/www.turismolapernia.com\/wp-content\/uploads\/2022\/10\/DSC05290-01.jpeg\",\"width\":1726,\"height\":1274},{\"@type\":\"BreadcrumbList\",\"@id\":\"https:\/\/www.turismolapernia.com\/noticias-pernia\/se-inician-las-obras-de-restauracion-de-la-iglesia-de-san-salvador-de-cantamuda\/#breadcrumb\",\"itemListElement\":[{\"@type\":\"ListItem\",\"position\":1,\"name\":\"La Pern\u00eda\",\"item\":\"https:\/\/www.turismolapernia.com\/\"},{\"@type\":\"ListItem\",\"position\":2,\"name\":\"Se inician las obras de restauraci\u00f3n de la iglesia de San Salvador de Cantamuda\"}]},{\"@type\":\"WebSite\",\"@id\":\"https:\/\/www.turismolapernia.com\/#website\",\"url\":\"https:\/\/www.turismolapernia.com\/\",\"name\":\"Turismo La Pern\u00eda\",\"description\":\"Monta\u00f1a Palentina\",\"publisher\":{\"@id\":\"https:\/\/www.turismolapernia.com\/#organization\"},\"potentialAction\":[{\"@type\":\"SearchAction\",\"target\":{\"@type\":\"EntryPoint\",\"urlTemplate\":\"https:\/\/www.turismolapernia.com\/?s={search_term_string}\"},\"query-input\":{\"@type\":\"PropertyValueSpecification\",\"valueRequired\":true,\"valueName\":\"search_term_string\"}}],\"inLanguage\":\"en-GB\"},{\"@type\":\"Organization\",\"@id\":\"https:\/\/www.turismolapernia.com\/#organization\",\"name\":\"Turismo La Pern\u00eda\",\"url\":\"https:\/\/www.turismolapernia.com\/\",\"logo\":{\"@type\":\"ImageObject\",\"inLanguage\":\"en-GB\",\"@id\":\"https:\/\/www.turismolapernia.com\/#\/schema\/logo\/image\/\",\"url\":\"https:\/\/www.turismolapernia.com\/wp-content\/uploads\/2021\/12\/cropped-logo-CRV-Pernia-perfil.jpg\",\"contentUrl\":\"https:\/\/www.turismolapernia.com\/wp-content\/uploads\/2021\/12\/cropped-logo-CRV-Pernia-perfil.jpg\",\"width\":512,\"height\":512,\"caption\":\"Turismo La Pern\u00eda\"},\"image\":{\"@id\":\"https:\/\/www.turismolapernia.com\/#\/schema\/logo\/image\/\"},\"sameAs\":[\"https:\/\/www.facebook.com\/turismolapernia\/\",\"https:\/\/www.instagram.com\/turismolapernia\/\"]},{\"@type\":\"Person\",\"@id\":\"https:\/\/www.turismolapernia.com\/#\/schema\/person\/5d5ac032f7e9064c5ce073bbe3564340\",\"name\":\"admin\",\"image\":{\"@type\":\"ImageObject\",\"inLanguage\":\"en-GB\",\"@id\":\"https:\/\/www.turismolapernia.com\/#\/schema\/person\/image\/\",\"url\":\"https:\/\/secure.gravatar.com\/avatar\/fe87fc43b218a52a79b72dddcb95d45fcdca0048b80712e6d20925a50f267165?s=96&d=mm&r=g\",\"contentUrl\":\"https:\/\/secure.gravatar.com\/avatar\/fe87fc43b218a52a79b72dddcb95d45fcdca0048b80712e6d20925a50f267165?s=96&d=mm&r=g\",\"caption\":\"admin\"}}]}<\/script>\n<!-- \/ Yoast SEO plugin. -->","yoast_head_json":{"title":"Se inician las obras de restauraci\u00f3n de la iglesia de San Salvador de Cantamuda | Turismo La Pern\u00eda","robots":{"index":"index","follow":"follow","max-snippet":"max-snippet:-1","max-image-preview":"max-image-preview:large","max-video-preview":"max-video-preview:-1"},"canonical":"https:\/\/www.turismolapernia.com\/en\/noticias-pernia\/se-inician-las-obras-de-restauracion-de-la-iglesia-de-san-salvador-de-cantamuda\/","og_locale":"en_GB","og_type":"article","og_title":"Se inician las obras de restauraci\u00f3n de la iglesia de San Salvador de Cantamuda | Turismo La Pern\u00eda","og_description":"Inicio de las obras de restauraci\u00f3n en la iglesia de San Salvador de Cantamuda Esta misma ma\u00f1ana (24 de octubre de 2022), han comenzado las obras de restauraci\u00f3n de la iglesia rom\u00e1nica de San Salvador de Cantamuda, en el municipio de La Pern\u00eda. \u00a0 Las obras, que han sido adjudicadas por la Junta de Castilla &hellip; Continue reading \"Se inician las obras de restauraci\u00f3n de la iglesia de San Salvador de Cantamuda\"","og_url":"https:\/\/www.turismolapernia.com\/en\/noticias-pernia\/se-inician-las-obras-de-restauracion-de-la-iglesia-de-san-salvador-de-cantamuda\/","og_site_name":"Turismo La Pern\u00eda","article_publisher":"https:\/\/www.facebook.com\/turismolapernia\/","article_published_time":"2022-10-24T17:16:33+00:00","article_modified_time":"2022-10-24T19:31:53+00:00","og_image":[{"width":1726,"height":1274,"url":"https:\/\/www.turismolapernia.com\/wp-content\/uploads\/2022\/10\/DSC05290-01.jpeg","type":"image\/jpeg"}],"author":"admin","twitter_card":"summary_large_image","twitter_misc":{"Written by":"admin","Estimated reading time":"2 minutes"},"schema":{"@context":"https:\/\/schema.org","@graph":[{"@type":"Article","@id":"https:\/\/www.turismolapernia.com\/noticias-pernia\/se-inician-las-obras-de-restauracion-de-la-iglesia-de-san-salvador-de-cantamuda\/#article","isPartOf":{"@id":"https:\/\/www.turismolapernia.com\/noticias-pernia\/se-inician-las-obras-de-restauracion-de-la-iglesia-de-san-salvador-de-cantamuda\/"},"author":{"name":"admin","@id":"https:\/\/www.turismolapernia.com\/#\/schema\/person\/5d5ac032f7e9064c5ce073bbe3564340"},"headline":"Se inician las obras de restauraci\u00f3n de la iglesia de San Salvador de Cantamuda","datePublished":"2022-10-24T17:16:33+00:00","dateModified":"2022-10-24T19:31:53+00:00","mainEntityOfPage":{"@id":"https:\/\/www.turismolapernia.com\/noticias-pernia\/se-inician-las-obras-de-restauracion-de-la-iglesia-de-san-salvador-de-cantamuda\/"},"wordCount":400,"commentCount":0,"publisher":{"@id":"https:\/\/www.turismolapernia.com\/#organization"},"image":{"@id":"https:\/\/www.turismolapernia.com\/noticias-pernia\/se-inician-las-obras-de-restauracion-de-la-iglesia-de-san-salvador-de-cantamuda\/#primaryimage"},"thumbnailUrl":"https:\/\/www.turismolapernia.com\/wp-content\/uploads\/2022\/10\/DSC05290-01.jpeg","articleSection":["Noticias"],"inLanguage":"en-GB","potentialAction":[{"@type":"CommentAction","name":"Comment","target":["https:\/\/www.turismolapernia.com\/noticias-pernia\/se-inician-las-obras-de-restauracion-de-la-iglesia-de-san-salvador-de-cantamuda\/#respond"]}]},{"@type":"WebPage","@id":"https:\/\/www.turismolapernia.com\/noticias-pernia\/se-inician-las-obras-de-restauracion-de-la-iglesia-de-san-salvador-de-cantamuda\/","url":"https:\/\/www.turismolapernia.com\/noticias-pernia\/se-inician-las-obras-de-restauracion-de-la-iglesia-de-san-salvador-de-cantamuda\/","name":"Se inician las obras de restauraci\u00f3n de la iglesia de San Salvador de Cantamuda | Turismo La Pern\u00eda","isPartOf":{"@id":"https:\/\/www.turismolapernia.com\/#website"},"primaryImageOfPage":{"@id":"https:\/\/www.turismolapernia.com\/noticias-pernia\/se-inician-las-obras-de-restauracion-de-la-iglesia-de-san-salvador-de-cantamuda\/#primaryimage"},"image":{"@id":"https:\/\/www.turismolapernia.com\/noticias-pernia\/se-inician-las-obras-de-restauracion-de-la-iglesia-de-san-salvador-de-cantamuda\/#primaryimage"},"thumbnailUrl":"https:\/\/www.turismolapernia.com\/wp-content\/uploads\/2022\/10\/DSC05290-01.jpeg","datePublished":"2022-10-24T17:16:33+00:00","dateModified":"2022-10-24T19:31:53+00:00","breadcrumb":{"@id":"https:\/\/www.turismolapernia.com\/noticias-pernia\/se-inician-las-obras-de-restauracion-de-la-iglesia-de-san-salvador-de-cantamuda\/#breadcrumb"},"inLanguage":"en-GB","potentialAction":[{"@type":"ReadAction","target":["https:\/\/www.turismolapernia.com\/noticias-pernia\/se-inician-las-obras-de-restauracion-de-la-iglesia-de-san-salvador-de-cantamuda\/"]}]},{"@type":"ImageObject","inLanguage":"en-GB","@id":"https:\/\/www.turismolapernia.com\/noticias-pernia\/se-inician-las-obras-de-restauracion-de-la-iglesia-de-san-salvador-de-cantamuda\/#primaryimage","url":"https:\/\/www.turismolapernia.com\/wp-content\/uploads\/2022\/10\/DSC05290-01.jpeg","contentUrl":"https:\/\/www.turismolapernia.com\/wp-content\/uploads\/2022\/10\/DSC05290-01.jpeg","width":1726,"height":1274},{"@type":"BreadcrumbList","@id":"https:\/\/www.turismolapernia.com\/noticias-pernia\/se-inician-las-obras-de-restauracion-de-la-iglesia-de-san-salvador-de-cantamuda\/#breadcrumb","itemListElement":[{"@type":"ListItem","position":1,"name":"La Pern\u00eda","item":"https:\/\/www.turismolapernia.com\/"},{"@type":"ListItem","position":2,"name":"Se inician las obras de restauraci\u00f3n de la iglesia de San Salvador de Cantamuda"}]},{"@type":"WebSite","@id":"https:\/\/www.turismolapernia.com\/#website","url":"https:\/\/www.turismolapernia.com\/","name":"Turismo La Pern\u00eda","description":"Monta\u00f1a Palentina","publisher":{"@id":"https:\/\/www.turismolapernia.com\/#organization"},"potentialAction":[{"@type":"SearchAction","target":{"@type":"EntryPoint","urlTemplate":"https:\/\/www.turismolapernia.com\/?s={search_term_string}"},"query-input":{"@type":"PropertyValueSpecification","valueRequired":true,"valueName":"search_term_string"}}],"inLanguage":"en-GB"},{"@type":"Organization","@id":"https:\/\/www.turismolapernia.com\/#organization","name":"Turismo La Pern\u00eda","url":"https:\/\/www.turismolapernia.com\/","logo":{"@type":"ImageObject","inLanguage":"en-GB","@id":"https:\/\/www.turismolapernia.com\/#\/schema\/logo\/image\/","url":"https:\/\/www.turismolapernia.com\/wp-content\/uploads\/2021\/12\/cropped-logo-CRV-Pernia-perfil.jpg","contentUrl":"https:\/\/www.turismolapernia.com\/wp-content\/uploads\/2021\/12\/cropped-logo-CRV-Pernia-perfil.jpg","width":512,"height":512,"caption":"Turismo La Pern\u00eda"},"image":{"@id":"https:\/\/www.turismolapernia.com\/#\/schema\/logo\/image\/"},"sameAs":["https:\/\/www.facebook.com\/turismolapernia\/","https:\/\/www.instagram.com\/turismolapernia\/"]},{"@type":"Person","@id":"https:\/\/www.turismolapernia.com\/#\/schema\/person\/5d5ac032f7e9064c5ce073bbe3564340","name":"admin","image":{"@type":"ImageObject","inLanguage":"en-GB","@id":"https:\/\/www.turismolapernia.com\/#\/schema\/person\/image\/","url":"https:\/\/secure.gravatar.com\/avatar\/fe87fc43b218a52a79b72dddcb95d45fcdca0048b80712e6d20925a50f267165?s=96&d=mm&r=g","contentUrl":"https:\/\/secure.gravatar.com\/avatar\/fe87fc43b218a52a79b72dddcb95d45fcdca0048b80712e6d20925a50f267165?s=96&d=mm&r=g","caption":"admin"}}]}},"_links":{"self":[{"href":"https:\/\/www.turismolapernia.com\/en\/wp-json\/wp\/v2\/posts\/13920","targetHints":{"allow":["GET"]}}],"collection":[{"href":"https:\/\/www.turismolapernia.com\/en\/wp-json\/wp\/v2\/posts"}],"about":[{"href":"https:\/\/www.turismolapernia.com\/en\/wp-json\/wp\/v2\/types\/post"}],"author":[{"embeddable":true,"href":"https:\/\/www.turismolapernia.com\/en\/wp-json\/wp\/v2\/users\/1"}],"replies":[{"embeddable":true,"href":"https:\/\/www.turismolapernia.com\/en\/wp-json\/wp\/v2\/comments?post=13920"}],"version-history":[{"count":59,"href":"https:\/\/www.turismolapernia.com\/en\/wp-json\/wp\/v2\/posts\/13920\/revisions"}],"predecessor-version":[{"id":15242,"href":"https:\/\/www.turismolapernia.com\/en\/wp-json\/wp\/v2\/posts\/13920\/revisions\/15242"}],"wp:featuredmedia":[{"embeddable":true,"href":"https:\/\/www.turismolapernia.com\/en\/wp-json\/wp\/v2\/media\/13922"}],"wp:attachment":[{"href":"https:\/\/www.turismolapernia.com\/en\/wp-json\/wp\/v2\/media?parent=13920"}],"wp:term":[{"taxonomy":"category","embeddable":true,"href":"https:\/\/www.turismolapernia.com\/en\/wp-json\/wp\/v2\/categories?post=13920"},{"taxonomy":"post_tag","embeddable":true,"href":"https:\/\/www.turismolapernia.com\/en\/wp-json\/wp\/v2\/tags?post=13920"}],"curies":[{"name":"wp","href":"https:\/\/api.w.org\/{rel}","templated":true}]}}