{"id":13772,"date":"2022-10-13T13:58:14","date_gmt":"2022-10-13T11:58:14","guid":{"rendered":"https:\/\/www.turismolapernia.com\/?p=13772"},"modified":"2022-10-13T16:35:58","modified_gmt":"2022-10-13T14:35:58","slug":"la-junta-declara-bien-de-interes-cultural-de-caracter-inmaterial-a-la-mojonera-de-branosera-y-el-valle-de-los-redondos","status":"publish","type":"post","link":"https:\/\/www.turismolapernia.com\/en\/noticias-pernia\/la-junta-declara-bien-de-interes-cultural-de-caracter-inmaterial-a-la-mojonera-de-branosera-y-el-valle-de-los-redondos\/","title":{"rendered":"La Junta declara Bien de Inter\u00e9s Cultural de car\u00e1cter inmaterial a La Mojonera de Bra\u00f1osera y el Valle de los Redondos"},"content":{"rendered":"<div data-elementor-type=\"wp-post\" data-elementor-id=\"13772\" class=\"elementor elementor-13772\" data-elementor-settings=\"[]\">\n\t\t\t\t\t\t\t<div class=\"elementor-section-wrap\">\n\t\t\t\t\t\t\t<section class=\"elementor-section elementor-top-section elementor-element elementor-element-a1a800e elementor-section-boxed elementor-section-height-default elementor-section-height-default\" data-id=\"a1a800e\" data-element_type=\"section\">\n\t\t\t\t\t\t<div class=\"elementor-container elementor-column-gap-default\">\n\t\t\t\t\t<div class=\"elementor-column elementor-col-50 elementor-top-column elementor-element elementor-element-423b2d6\" data-id=\"423b2d6\" data-element_type=\"column\">\n\t\t\t<div class=\"elementor-widget-wrap elementor-element-populated\">\n\t\t\t\t\t\t\t\t<div class=\"elementor-element elementor-element-2b34c26 elementor-widget elementor-widget-image\" data-id=\"2b34c26\" data-element_type=\"widget\" data-widget_type=\"image.default\">\n\t\t\t\t<div class=\"elementor-widget-container\">\n\t\t\t\t\t\t\t\t\t\t\t\t<figure class=\"wp-caption\">\n\t\t\t\t\t\t\t\t\t\t<img loading=\"lazy\" decoding=\"async\" width=\"525\" height=\"345\" src=\"https:\/\/www.turismolapernia.com\/wp-content\/uploads\/2022\/10\/Foto-Wifredo-Roman-768x505.jpg\" class=\"attachment-medium_large size-medium_large\" alt=\"\" srcset=\"https:\/\/www.turismolapernia.com\/wp-content\/uploads\/2022\/10\/Foto-Wifredo-Roman-768x505.jpg 768w, https:\/\/www.turismolapernia.com\/wp-content\/uploads\/2022\/10\/Foto-Wifredo-Roman-300x197.jpg 300w, https:\/\/www.turismolapernia.com\/wp-content\/uploads\/2022\/10\/Foto-Wifredo-Roman-1024x673.jpg 1024w, https:\/\/www.turismolapernia.com\/wp-content\/uploads\/2022\/10\/Foto-Wifredo-Roman-1536x1010.jpg 1536w, https:\/\/www.turismolapernia.com\/wp-content\/uploads\/2022\/10\/Foto-Wifredo-Roman-2048x1347.jpg 2048w, https:\/\/www.turismolapernia.com\/wp-content\/uploads\/2022\/10\/Foto-Wifredo-Roman-18x12.jpg 18w\" sizes=\"auto, 100vw\" \/>\t\t\t\t\t\t\t\t\t\t\t<figcaption class=\"widget-image-caption wp-caption-text\">La Mojonera 2018. Imagen: Wifredo Rom\u00e1n<\/figcaption>\n\t\t\t\t\t\t\t\t\t\t<\/figure>\n\t\t\t\t\t\t\t\t\t<\/div>\n\t\t\t\t<\/div>\n\t\t\t\t\t<\/div>\n\t\t<\/div>\n\t\t\t\t<div class=\"elementor-column elementor-col-50 elementor-top-column elementor-element elementor-element-e66a96a\" data-id=\"e66a96a\" data-element_type=\"column\">\n\t\t\t<div class=\"elementor-widget-wrap elementor-element-populated\">\n\t\t\t\t\t\t\t\t<div class=\"elementor-element elementor-element-c089277 elementor-widget elementor-widget-text-editor\" data-id=\"c089277\" data-element_type=\"widget\" data-widget_type=\"text-editor.default\">\n\t\t\t\t<div class=\"elementor-widget-container\">\n\t\t\t\t\t\t\t<p>El<b> <\/b>Consejo de Gobierno ha aprobado la <b>declaraci\u00f3n de La Mojonera de Bra\u00f1osera y el Valle de los Redondos (San Juan de Redondo y Santa Mar\u00eda de Redondo),\u00a0 Bien de Inter\u00e9s Cultural de car\u00e1cter inmaterial. <\/b>Con esta declaraci\u00f3n se resuelve el expediente incoado en febrero de 2022.<\/p><p>\u00a0<\/p><p>Se trata de una fiesta que reconoce y celebra valores de identidad, civismo y cohesi\u00f3n social. Una declaraci\u00f3n de convivencia pac\u00edfica y de la voluntad de mantener un acuerdo de hace siglos.<\/p><p>\u00a0<\/p>\t\t\t\t\t\t<\/div>\n\t\t\t\t<\/div>\n\t\t\t\t\t<\/div>\n\t\t<\/div>\n\t\t\t\t\t\t\t<\/div>\n\t\t<\/section>\n\t\t\t\t<section class=\"elementor-section elementor-top-section elementor-element elementor-element-e46317b elementor-section-boxed elementor-section-height-default elementor-section-height-default\" data-id=\"e46317b\" data-element_type=\"section\">\n\t\t\t\t\t\t<div class=\"elementor-container elementor-column-gap-default\">\n\t\t\t\t\t<div class=\"elementor-column elementor-col-100 elementor-top-column elementor-element elementor-element-c3d83b3\" data-id=\"c3d83b3\" data-element_type=\"column\">\n\t\t\t<div class=\"elementor-widget-wrap elementor-element-populated\">\n\t\t\t\t\t\t\t\t<div class=\"elementor-element elementor-element-8650dce elementor-widget elementor-widget-text-editor\" data-id=\"8650dce\" data-element_type=\"widget\" data-widget_type=\"text-editor.default\">\n\t\t\t\t<div class=\"elementor-widget-container\">\n\t\t\t\t\t\t\t<p>Atendiendo a su <b>car\u00e1cter inmaterial o intangible, <\/b>se define como objeto de la declaraci\u00f3n el conjunto de atributos que constituyen la esencia de &#8220;Correr la Mojonera&#8221;, que garantizan su pervivencia y el papel activo de la sociedad y constituyen un referente identitario de las poblaciones que lo han impulsado.<\/p>\n<p><br><\/p>\n<p><b>La Mojonera<\/b> es una celebraci\u00f3n festiva com\u00fan que conmemora la resoluci\u00f3n pac\u00edfica de un pleito de 1575, que en su d\u00eda enfrent\u00f3 a los dos concejos, en un recorrido hist\u00f3rico que se realiza cada nueve a\u00f1os en los primeros d\u00edas del mes de septiembre, en el que los vecinos de ambos lugares implicados en el antiguo conflicto se re\u00fanen para verificar, mediante acta notarial, la posici\u00f3n de los 28 mojones que delimitan los pastos, lo que se conoce como \u2018escritura de recorrido de la Mojonera\u2019, poniendo de manifiesto la voluntad de las dos comunidades de seguir resolviendo sus discrepancias de manera pac\u00edfica y consensuada.<\/p>\t\t\t\t\t\t<\/div>\n\t\t\t\t<\/div>\n\t\t\t\t\t<\/div>\n\t\t<\/div>\n\t\t\t\t\t\t\t<\/div>\n\t\t<\/section>\n\t\t\t\t<section class=\"elementor-section elementor-top-section elementor-element elementor-element-e8a2b47 elementor-section-boxed elementor-section-height-default elementor-section-height-default\" data-id=\"e8a2b47\" data-element_type=\"section\">\n\t\t\t\t\t\t<div class=\"elementor-container elementor-column-gap-default\">\n\t\t\t\t\t<div class=\"elementor-column elementor-col-100 elementor-top-column elementor-element elementor-element-d100ae4\" data-id=\"d100ae4\" data-element_type=\"column\">\n\t\t\t<div class=\"elementor-widget-wrap elementor-element-populated\">\n\t\t\t\t\t\t\t\t<div class=\"elementor-element elementor-element-28cfe84 elementor-widget elementor-widget-text-editor\" data-id=\"28cfe84\" data-element_type=\"widget\" data-widget_type=\"text-editor.default\">\n\t\t\t\t<div class=\"elementor-widget-container\">\n\t\t\t\t\t\t\t<p>La primera fase de la manifestaci\u00f3n tiene lugar con la convocatoria de la marcha hacia los pastos de Sel de la Fuente y el recorrido de los mojones, para posteriormente, en una segunda fase, llevar a cabo la ceremonia de reconocimiento y firma del acta de conformidad ante notario y finalmente la comida conmemorativa y el brindis.<\/p><p>\u00a0<\/p><p>En la actualidad, la Mojonera sigue su ciclo de celebraciones en el mismo escenario y con los mismos elementos que la defin\u00edan desde sus or\u00edgenes. La fiesta que reconoce y celebra valores de identidad, civismo y cohesi\u00f3n social, es una declaraci\u00f3n de convivencia pac\u00edfica y de la voluntad de mantener un acuerdo por el que hace siglos se pact\u00f3 una explotaci\u00f3n sensata de un recurso natural, fuente de riqueza que implica el uso del agua y de los pastos.<\/p><p>\u00a0<\/p><p>Los depositarios de esta manifestaci\u00f3n cultural son todos los participantes en la fiesta: familias, ni\u00f1os, j\u00f3venes y adultos. Profundamente arraigado en la comunidad, el significado de este recorrido infunde un sentimiento de pertenencia e identidad cultural, que se ofrece como un medio de estrechar relaciones con los vecinos de forma pac\u00edfica. Las pr\u00e1cticas y conocimientos vinculados a esta manifestaci\u00f3n cultural se transmiten en el seno de las familias y entre los miembros de las comunidades mediante la comunicaci\u00f3n oral, la observaci\u00f3n, la participaci\u00f3n en los festejos y todas las representaciones que tienen lugar.<\/p><div>\u00a0<\/div><p>La fiesta es una valiosa celebraci\u00f3n de la convivencia, un acto de refrendo de un acuerdo que permiti\u00f3 la concordia y resolvi\u00f3 un conflicto sobre un recurso sensible, de supervivencia, del que depend\u00eda el bienestar de ambos pueblos. Destaca la capacidad de resoluci\u00f3n de los vecinos para convertir un conflicto sobre un recurso de supervivencia del que depend\u00eda el bienestar de ambos pueblos y que dur\u00f3 varios siglos, en un pacto para la convivencia rememorado en una celebraci\u00f3n festiva cada nueve a\u00f1os.<\/p><p>\u00a0<\/p><p>\u00a0<\/p><p>M\u00e1s informaci\u00f3n:<\/p><p><b><a href=\"https:\/\/comunicacion.jcyl.es\/web\/jcyl\/Comunicacion\/es\/Plantilla100Detalle\/1281372051501\/ConsejoGobierno\/1285211249313\/Comunicacion\"><span style=\"color: #003366;\">Comunicaci\u00f3n de la Junta de Castilla y Le\u00f3n<\/span><\/a><\/b><\/p><p>\u00a0<\/p>\t\t\t\t\t\t<\/div>\n\t\t\t\t<\/div>\n\t\t\t\t\t<\/div>\n\t\t<\/div>\n\t\t\t\t\t\t\t<\/div>\n\t\t<\/section>\n\t\t\t\t\t\t<\/div>\n\t\t\t\t\t<\/div>","protected":false},"excerpt":{"rendered":"<p>La Mojonera 2018. Imagen: Wifredo Rom\u00e1n El Consejo de Gobierno ha aprobado la declaraci\u00f3n de La Mojonera de Bra\u00f1osera y el Valle de los Redondos (San Juan de Redondo y Santa Mar\u00eda de Redondo),\u00a0 Bien de Inter\u00e9s Cultural de car\u00e1cter inmaterial. Con esta declaraci\u00f3n se resuelve el expediente incoado en febrero de 2022. \u00a0 Se &hellip; <\/p>\n<p class=\"link-more\"><a href=\"https:\/\/www.turismolapernia.com\/en\/noticias-pernia\/la-junta-declara-bien-de-interes-cultural-de-caracter-inmaterial-a-la-mojonera-de-branosera-y-el-valle-de-los-redondos\/\" class=\"more-link\">Continue reading<span class=\"screen-reader-text\"> &#8220;La Junta declara Bien de Inter\u00e9s Cultural de car\u00e1cter inmaterial a La Mojonera de Bra\u00f1osera y el Valle de los Redondos&#8221;<\/span><\/a><\/p>","protected":false},"author":1,"featured_media":13774,"comment_status":"open","ping_status":"open","sticky":false,"template":"","format":"standard","meta":{"footnotes":""},"categories":[13],"tags":[],"class_list":["post-13772","post","type-post","status-publish","format-standard","has-post-thumbnail","hentry","category-noticias-pernia"],"yoast_head":"<!-- This site is optimized with the Yoast SEO plugin v23.5 - https:\/\/yoast.com\/wordpress\/plugins\/seo\/ -->\n<title>La Junta declara Bien de Inter\u00e9s Cultural de car\u00e1cter inmaterial a La Mojonera de Bra\u00f1osera y el Valle de los Redondos | Turismo La Pern\u00eda<\/title>\n<meta name=\"robots\" content=\"index, follow, max-snippet:-1, max-image-preview:large, max-video-preview:-1\" \/>\n<link rel=\"canonical\" href=\"https:\/\/www.turismolapernia.com\/en\/noticias-pernia\/la-junta-declara-bien-de-interes-cultural-de-caracter-inmaterial-a-la-mojonera-de-branosera-y-el-valle-de-los-redondos\/\" \/>\n<meta property=\"og:locale\" content=\"en_GB\" \/>\n<meta property=\"og:type\" content=\"article\" \/>\n<meta property=\"og:title\" content=\"La Junta declara Bien de Inter\u00e9s Cultural de car\u00e1cter inmaterial a La Mojonera de Bra\u00f1osera y el Valle de los Redondos | Turismo La Pern\u00eda\" \/>\n<meta property=\"og:description\" content=\"La Mojonera 2018. Imagen: Wifredo Rom\u00e1n El Consejo de Gobierno ha aprobado la declaraci\u00f3n de La Mojonera de Bra\u00f1osera y el Valle de los Redondos (San Juan de Redondo y Santa Mar\u00eda de Redondo),\u00a0 Bien de Inter\u00e9s Cultural de car\u00e1cter inmaterial. Con esta declaraci\u00f3n se resuelve el expediente incoado en febrero de 2022. \u00a0 Se &hellip; Continue reading &quot;La Junta declara Bien de Inter\u00e9s Cultural de car\u00e1cter inmaterial a La Mojonera de Bra\u00f1osera y el Valle de los Redondos&quot;\" \/>\n<meta property=\"og:url\" content=\"https:\/\/www.turismolapernia.com\/en\/noticias-pernia\/la-junta-declara-bien-de-interes-cultural-de-caracter-inmaterial-a-la-mojonera-de-branosera-y-el-valle-de-los-redondos\/\" \/>\n<meta property=\"og:site_name\" content=\"Turismo La Pern\u00eda\" \/>\n<meta property=\"article:publisher\" content=\"https:\/\/www.facebook.com\/turismolapernia\/\" \/>\n<meta property=\"article:published_time\" content=\"2022-10-13T11:58:14+00:00\" \/>\n<meta property=\"article:modified_time\" content=\"2022-10-13T14:35:58+00:00\" \/>\n<meta property=\"og:image\" content=\"https:\/\/www.turismolapernia.com\/wp-content\/uploads\/2022\/10\/Foto-Wifredo-Roman-scaled.jpg\" \/>\n\t<meta property=\"og:image:width\" content=\"2560\" \/>\n\t<meta property=\"og:image:height\" content=\"1683\" \/>\n\t<meta property=\"og:image:type\" content=\"image\/jpeg\" \/>\n<meta name=\"author\" content=\"admin\" \/>\n<meta name=\"twitter:card\" content=\"summary_large_image\" \/>\n<meta name=\"twitter:label1\" content=\"Written by\" \/>\n\t<meta name=\"twitter:data1\" content=\"admin\" \/>\n\t<meta name=\"twitter:label2\" content=\"Estimated reading time\" \/>\n\t<meta name=\"twitter:data2\" content=\"3 minutes\" \/>\n<script type=\"application\/ld+json\" class=\"yoast-schema-graph\">{\"@context\":\"https:\/\/schema.org\",\"@graph\":[{\"@type\":\"Article\",\"@id\":\"https:\/\/www.turismolapernia.com\/noticias-pernia\/la-junta-declara-bien-de-interes-cultural-de-caracter-inmaterial-a-la-mojonera-de-branosera-y-el-valle-de-los-redondos\/#article\",\"isPartOf\":{\"@id\":\"https:\/\/www.turismolapernia.com\/noticias-pernia\/la-junta-declara-bien-de-interes-cultural-de-caracter-inmaterial-a-la-mojonera-de-branosera-y-el-valle-de-los-redondos\/\"},\"author\":{\"name\":\"admin\",\"@id\":\"https:\/\/www.turismolapernia.com\/#\/schema\/person\/5d5ac032f7e9064c5ce073bbe3564340\"},\"headline\":\"La Junta declara Bien de Inter\u00e9s Cultural de car\u00e1cter inmaterial a La Mojonera de Bra\u00f1osera y el Valle de los Redondos\",\"datePublished\":\"2022-10-13T11:58:14+00:00\",\"dateModified\":\"2022-10-13T14:35:58+00:00\",\"mainEntityOfPage\":{\"@id\":\"https:\/\/www.turismolapernia.com\/noticias-pernia\/la-junta-declara-bien-de-interes-cultural-de-caracter-inmaterial-a-la-mojonera-de-branosera-y-el-valle-de-los-redondos\/\"},\"wordCount\":628,\"commentCount\":0,\"publisher\":{\"@id\":\"https:\/\/www.turismolapernia.com\/#organization\"},\"image\":{\"@id\":\"https:\/\/www.turismolapernia.com\/noticias-pernia\/la-junta-declara-bien-de-interes-cultural-de-caracter-inmaterial-a-la-mojonera-de-branosera-y-el-valle-de-los-redondos\/#primaryimage\"},\"thumbnailUrl\":\"https:\/\/www.turismolapernia.com\/wp-content\/uploads\/2022\/10\/Foto-Wifredo-Roman-scaled.jpg\",\"articleSection\":[\"Noticias\"],\"inLanguage\":\"en-GB\",\"potentialAction\":[{\"@type\":\"CommentAction\",\"name\":\"Comment\",\"target\":[\"https:\/\/www.turismolapernia.com\/noticias-pernia\/la-junta-declara-bien-de-interes-cultural-de-caracter-inmaterial-a-la-mojonera-de-branosera-y-el-valle-de-los-redondos\/#respond\"]}]},{\"@type\":\"WebPage\",\"@id\":\"https:\/\/www.turismolapernia.com\/noticias-pernia\/la-junta-declara-bien-de-interes-cultural-de-caracter-inmaterial-a-la-mojonera-de-branosera-y-el-valle-de-los-redondos\/\",\"url\":\"https:\/\/www.turismolapernia.com\/noticias-pernia\/la-junta-declara-bien-de-interes-cultural-de-caracter-inmaterial-a-la-mojonera-de-branosera-y-el-valle-de-los-redondos\/\",\"name\":\"La Junta declara Bien de Inter\u00e9s Cultural de car\u00e1cter inmaterial a La Mojonera de Bra\u00f1osera y el Valle de los Redondos | Turismo La Pern\u00eda\",\"isPartOf\":{\"@id\":\"https:\/\/www.turismolapernia.com\/#website\"},\"primaryImageOfPage\":{\"@id\":\"https:\/\/www.turismolapernia.com\/noticias-pernia\/la-junta-declara-bien-de-interes-cultural-de-caracter-inmaterial-a-la-mojonera-de-branosera-y-el-valle-de-los-redondos\/#primaryimage\"},\"image\":{\"@id\":\"https:\/\/www.turismolapernia.com\/noticias-pernia\/la-junta-declara-bien-de-interes-cultural-de-caracter-inmaterial-a-la-mojonera-de-branosera-y-el-valle-de-los-redondos\/#primaryimage\"},\"thumbnailUrl\":\"https:\/\/www.turismolapernia.com\/wp-content\/uploads\/2022\/10\/Foto-Wifredo-Roman-scaled.jpg\",\"datePublished\":\"2022-10-13T11:58:14+00:00\",\"dateModified\":\"2022-10-13T14:35:58+00:00\",\"breadcrumb\":{\"@id\":\"https:\/\/www.turismolapernia.com\/noticias-pernia\/la-junta-declara-bien-de-interes-cultural-de-caracter-inmaterial-a-la-mojonera-de-branosera-y-el-valle-de-los-redondos\/#breadcrumb\"},\"inLanguage\":\"en-GB\",\"potentialAction\":[{\"@type\":\"ReadAction\",\"target\":[\"https:\/\/www.turismolapernia.com\/noticias-pernia\/la-junta-declara-bien-de-interes-cultural-de-caracter-inmaterial-a-la-mojonera-de-branosera-y-el-valle-de-los-redondos\/\"]}]},{\"@type\":\"ImageObject\",\"inLanguage\":\"en-GB\",\"@id\":\"https:\/\/www.turismolapernia.com\/noticias-pernia\/la-junta-declara-bien-de-interes-cultural-de-caracter-inmaterial-a-la-mojonera-de-branosera-y-el-valle-de-los-redondos\/#primaryimage\",\"url\":\"https:\/\/www.turismolapernia.com\/wp-content\/uploads\/2022\/10\/Foto-Wifredo-Roman-scaled.jpg\",\"contentUrl\":\"https:\/\/www.turismolapernia.com\/wp-content\/uploads\/2022\/10\/Foto-Wifredo-Roman-scaled.jpg\",\"width\":2560,\"height\":1683},{\"@type\":\"BreadcrumbList\",\"@id\":\"https:\/\/www.turismolapernia.com\/noticias-pernia\/la-junta-declara-bien-de-interes-cultural-de-caracter-inmaterial-a-la-mojonera-de-branosera-y-el-valle-de-los-redondos\/#breadcrumb\",\"itemListElement\":[{\"@type\":\"ListItem\",\"position\":1,\"name\":\"La Pern\u00eda\",\"item\":\"https:\/\/www.turismolapernia.com\/\"},{\"@type\":\"ListItem\",\"position\":2,\"name\":\"La Junta declara Bien de Inter\u00e9s Cultural de car\u00e1cter inmaterial a La Mojonera de Bra\u00f1osera y el Valle de los Redondos\"}]},{\"@type\":\"WebSite\",\"@id\":\"https:\/\/www.turismolapernia.com\/#website\",\"url\":\"https:\/\/www.turismolapernia.com\/\",\"name\":\"Turismo La Pern\u00eda\",\"description\":\"Monta\u00f1a Palentina\",\"publisher\":{\"@id\":\"https:\/\/www.turismolapernia.com\/#organization\"},\"potentialAction\":[{\"@type\":\"SearchAction\",\"target\":{\"@type\":\"EntryPoint\",\"urlTemplate\":\"https:\/\/www.turismolapernia.com\/?s={search_term_string}\"},\"query-input\":{\"@type\":\"PropertyValueSpecification\",\"valueRequired\":true,\"valueName\":\"search_term_string\"}}],\"inLanguage\":\"en-GB\"},{\"@type\":\"Organization\",\"@id\":\"https:\/\/www.turismolapernia.com\/#organization\",\"name\":\"Turismo La Pern\u00eda\",\"url\":\"https:\/\/www.turismolapernia.com\/\",\"logo\":{\"@type\":\"ImageObject\",\"inLanguage\":\"en-GB\",\"@id\":\"https:\/\/www.turismolapernia.com\/#\/schema\/logo\/image\/\",\"url\":\"https:\/\/www.turismolapernia.com\/wp-content\/uploads\/2021\/12\/cropped-logo-CRV-Pernia-perfil.jpg\",\"contentUrl\":\"https:\/\/www.turismolapernia.com\/wp-content\/uploads\/2021\/12\/cropped-logo-CRV-Pernia-perfil.jpg\",\"width\":512,\"height\":512,\"caption\":\"Turismo La Pern\u00eda\"},\"image\":{\"@id\":\"https:\/\/www.turismolapernia.com\/#\/schema\/logo\/image\/\"},\"sameAs\":[\"https:\/\/www.facebook.com\/turismolapernia\/\",\"https:\/\/www.instagram.com\/turismolapernia\/\"]},{\"@type\":\"Person\",\"@id\":\"https:\/\/www.turismolapernia.com\/#\/schema\/person\/5d5ac032f7e9064c5ce073bbe3564340\",\"name\":\"admin\",\"image\":{\"@type\":\"ImageObject\",\"inLanguage\":\"en-GB\",\"@id\":\"https:\/\/www.turismolapernia.com\/#\/schema\/person\/image\/\",\"url\":\"https:\/\/secure.gravatar.com\/avatar\/fe87fc43b218a52a79b72dddcb95d45fcdca0048b80712e6d20925a50f267165?s=96&d=mm&r=g\",\"contentUrl\":\"https:\/\/secure.gravatar.com\/avatar\/fe87fc43b218a52a79b72dddcb95d45fcdca0048b80712e6d20925a50f267165?s=96&d=mm&r=g\",\"caption\":\"admin\"}}]}<\/script>\n<!-- \/ Yoast SEO plugin. -->","yoast_head_json":{"title":"La Junta declara Bien de Inter\u00e9s Cultural de car\u00e1cter inmaterial a La Mojonera de Bra\u00f1osera y el Valle de los Redondos | Turismo La Pern\u00eda","robots":{"index":"index","follow":"follow","max-snippet":"max-snippet:-1","max-image-preview":"max-image-preview:large","max-video-preview":"max-video-preview:-1"},"canonical":"https:\/\/www.turismolapernia.com\/en\/noticias-pernia\/la-junta-declara-bien-de-interes-cultural-de-caracter-inmaterial-a-la-mojonera-de-branosera-y-el-valle-de-los-redondos\/","og_locale":"en_GB","og_type":"article","og_title":"La Junta declara Bien de Inter\u00e9s Cultural de car\u00e1cter inmaterial a La Mojonera de Bra\u00f1osera y el Valle de los Redondos | Turismo La Pern\u00eda","og_description":"La Mojonera 2018. Imagen: Wifredo Rom\u00e1n El Consejo de Gobierno ha aprobado la declaraci\u00f3n de La Mojonera de Bra\u00f1osera y el Valle de los Redondos (San Juan de Redondo y Santa Mar\u00eda de Redondo),\u00a0 Bien de Inter\u00e9s Cultural de car\u00e1cter inmaterial. Con esta declaraci\u00f3n se resuelve el expediente incoado en febrero de 2022. \u00a0 Se &hellip; Continue reading \"La Junta declara Bien de Inter\u00e9s Cultural de car\u00e1cter inmaterial a La Mojonera de Bra\u00f1osera y el Valle de los Redondos\"","og_url":"https:\/\/www.turismolapernia.com\/en\/noticias-pernia\/la-junta-declara-bien-de-interes-cultural-de-caracter-inmaterial-a-la-mojonera-de-branosera-y-el-valle-de-los-redondos\/","og_site_name":"Turismo La Pern\u00eda","article_publisher":"https:\/\/www.facebook.com\/turismolapernia\/","article_published_time":"2022-10-13T11:58:14+00:00","article_modified_time":"2022-10-13T14:35:58+00:00","og_image":[{"width":2560,"height":1683,"url":"https:\/\/www.turismolapernia.com\/wp-content\/uploads\/2022\/10\/Foto-Wifredo-Roman-scaled.jpg","type":"image\/jpeg"}],"author":"admin","twitter_card":"summary_large_image","twitter_misc":{"Written by":"admin","Estimated reading time":"3 minutes"},"schema":{"@context":"https:\/\/schema.org","@graph":[{"@type":"Article","@id":"https:\/\/www.turismolapernia.com\/noticias-pernia\/la-junta-declara-bien-de-interes-cultural-de-caracter-inmaterial-a-la-mojonera-de-branosera-y-el-valle-de-los-redondos\/#article","isPartOf":{"@id":"https:\/\/www.turismolapernia.com\/noticias-pernia\/la-junta-declara-bien-de-interes-cultural-de-caracter-inmaterial-a-la-mojonera-de-branosera-y-el-valle-de-los-redondos\/"},"author":{"name":"admin","@id":"https:\/\/www.turismolapernia.com\/#\/schema\/person\/5d5ac032f7e9064c5ce073bbe3564340"},"headline":"La Junta declara Bien de Inter\u00e9s Cultural de car\u00e1cter inmaterial a La Mojonera de Bra\u00f1osera y el Valle de los Redondos","datePublished":"2022-10-13T11:58:14+00:00","dateModified":"2022-10-13T14:35:58+00:00","mainEntityOfPage":{"@id":"https:\/\/www.turismolapernia.com\/noticias-pernia\/la-junta-declara-bien-de-interes-cultural-de-caracter-inmaterial-a-la-mojonera-de-branosera-y-el-valle-de-los-redondos\/"},"wordCount":628,"commentCount":0,"publisher":{"@id":"https:\/\/www.turismolapernia.com\/#organization"},"image":{"@id":"https:\/\/www.turismolapernia.com\/noticias-pernia\/la-junta-declara-bien-de-interes-cultural-de-caracter-inmaterial-a-la-mojonera-de-branosera-y-el-valle-de-los-redondos\/#primaryimage"},"thumbnailUrl":"https:\/\/www.turismolapernia.com\/wp-content\/uploads\/2022\/10\/Foto-Wifredo-Roman-scaled.jpg","articleSection":["Noticias"],"inLanguage":"en-GB","potentialAction":[{"@type":"CommentAction","name":"Comment","target":["https:\/\/www.turismolapernia.com\/noticias-pernia\/la-junta-declara-bien-de-interes-cultural-de-caracter-inmaterial-a-la-mojonera-de-branosera-y-el-valle-de-los-redondos\/#respond"]}]},{"@type":"WebPage","@id":"https:\/\/www.turismolapernia.com\/noticias-pernia\/la-junta-declara-bien-de-interes-cultural-de-caracter-inmaterial-a-la-mojonera-de-branosera-y-el-valle-de-los-redondos\/","url":"https:\/\/www.turismolapernia.com\/noticias-pernia\/la-junta-declara-bien-de-interes-cultural-de-caracter-inmaterial-a-la-mojonera-de-branosera-y-el-valle-de-los-redondos\/","name":"La Junta declara Bien de Inter\u00e9s Cultural de car\u00e1cter inmaterial a La Mojonera de Bra\u00f1osera y el Valle de los Redondos | Turismo La Pern\u00eda","isPartOf":{"@id":"https:\/\/www.turismolapernia.com\/#website"},"primaryImageOfPage":{"@id":"https:\/\/www.turismolapernia.com\/noticias-pernia\/la-junta-declara-bien-de-interes-cultural-de-caracter-inmaterial-a-la-mojonera-de-branosera-y-el-valle-de-los-redondos\/#primaryimage"},"image":{"@id":"https:\/\/www.turismolapernia.com\/noticias-pernia\/la-junta-declara-bien-de-interes-cultural-de-caracter-inmaterial-a-la-mojonera-de-branosera-y-el-valle-de-los-redondos\/#primaryimage"},"thumbnailUrl":"https:\/\/www.turismolapernia.com\/wp-content\/uploads\/2022\/10\/Foto-Wifredo-Roman-scaled.jpg","datePublished":"2022-10-13T11:58:14+00:00","dateModified":"2022-10-13T14:35:58+00:00","breadcrumb":{"@id":"https:\/\/www.turismolapernia.com\/noticias-pernia\/la-junta-declara-bien-de-interes-cultural-de-caracter-inmaterial-a-la-mojonera-de-branosera-y-el-valle-de-los-redondos\/#breadcrumb"},"inLanguage":"en-GB","potentialAction":[{"@type":"ReadAction","target":["https:\/\/www.turismolapernia.com\/noticias-pernia\/la-junta-declara-bien-de-interes-cultural-de-caracter-inmaterial-a-la-mojonera-de-branosera-y-el-valle-de-los-redondos\/"]}]},{"@type":"ImageObject","inLanguage":"en-GB","@id":"https:\/\/www.turismolapernia.com\/noticias-pernia\/la-junta-declara-bien-de-interes-cultural-de-caracter-inmaterial-a-la-mojonera-de-branosera-y-el-valle-de-los-redondos\/#primaryimage","url":"https:\/\/www.turismolapernia.com\/wp-content\/uploads\/2022\/10\/Foto-Wifredo-Roman-scaled.jpg","contentUrl":"https:\/\/www.turismolapernia.com\/wp-content\/uploads\/2022\/10\/Foto-Wifredo-Roman-scaled.jpg","width":2560,"height":1683},{"@type":"BreadcrumbList","@id":"https:\/\/www.turismolapernia.com\/noticias-pernia\/la-junta-declara-bien-de-interes-cultural-de-caracter-inmaterial-a-la-mojonera-de-branosera-y-el-valle-de-los-redondos\/#breadcrumb","itemListElement":[{"@type":"ListItem","position":1,"name":"La Pern\u00eda","item":"https:\/\/www.turismolapernia.com\/"},{"@type":"ListItem","position":2,"name":"La Junta declara Bien de Inter\u00e9s Cultural de car\u00e1cter inmaterial a La Mojonera de Bra\u00f1osera y el Valle de los Redondos"}]},{"@type":"WebSite","@id":"https:\/\/www.turismolapernia.com\/#website","url":"https:\/\/www.turismolapernia.com\/","name":"Turismo La Pern\u00eda","description":"Monta\u00f1a Palentina","publisher":{"@id":"https:\/\/www.turismolapernia.com\/#organization"},"potentialAction":[{"@type":"SearchAction","target":{"@type":"EntryPoint","urlTemplate":"https:\/\/www.turismolapernia.com\/?s={search_term_string}"},"query-input":{"@type":"PropertyValueSpecification","valueRequired":true,"valueName":"search_term_string"}}],"inLanguage":"en-GB"},{"@type":"Organization","@id":"https:\/\/www.turismolapernia.com\/#organization","name":"Turismo La Pern\u00eda","url":"https:\/\/www.turismolapernia.com\/","logo":{"@type":"ImageObject","inLanguage":"en-GB","@id":"https:\/\/www.turismolapernia.com\/#\/schema\/logo\/image\/","url":"https:\/\/www.turismolapernia.com\/wp-content\/uploads\/2021\/12\/cropped-logo-CRV-Pernia-perfil.jpg","contentUrl":"https:\/\/www.turismolapernia.com\/wp-content\/uploads\/2021\/12\/cropped-logo-CRV-Pernia-perfil.jpg","width":512,"height":512,"caption":"Turismo La Pern\u00eda"},"image":{"@id":"https:\/\/www.turismolapernia.com\/#\/schema\/logo\/image\/"},"sameAs":["https:\/\/www.facebook.com\/turismolapernia\/","https:\/\/www.instagram.com\/turismolapernia\/"]},{"@type":"Person","@id":"https:\/\/www.turismolapernia.com\/#\/schema\/person\/5d5ac032f7e9064c5ce073bbe3564340","name":"admin","image":{"@type":"ImageObject","inLanguage":"en-GB","@id":"https:\/\/www.turismolapernia.com\/#\/schema\/person\/image\/","url":"https:\/\/secure.gravatar.com\/avatar\/fe87fc43b218a52a79b72dddcb95d45fcdca0048b80712e6d20925a50f267165?s=96&d=mm&r=g","contentUrl":"https:\/\/secure.gravatar.com\/avatar\/fe87fc43b218a52a79b72dddcb95d45fcdca0048b80712e6d20925a50f267165?s=96&d=mm&r=g","caption":"admin"}}]}},"_links":{"self":[{"href":"https:\/\/www.turismolapernia.com\/en\/wp-json\/wp\/v2\/posts\/13772","targetHints":{"allow":["GET"]}}],"collection":[{"href":"https:\/\/www.turismolapernia.com\/en\/wp-json\/wp\/v2\/posts"}],"about":[{"href":"https:\/\/www.turismolapernia.com\/en\/wp-json\/wp\/v2\/types\/post"}],"author":[{"embeddable":true,"href":"https:\/\/www.turismolapernia.com\/en\/wp-json\/wp\/v2\/users\/1"}],"replies":[{"embeddable":true,"href":"https:\/\/www.turismolapernia.com\/en\/wp-json\/wp\/v2\/comments?post=13772"}],"version-history":[{"count":43,"href":"https:\/\/www.turismolapernia.com\/en\/wp-json\/wp\/v2\/posts\/13772\/revisions"}],"predecessor-version":[{"id":13819,"href":"https:\/\/www.turismolapernia.com\/en\/wp-json\/wp\/v2\/posts\/13772\/revisions\/13819"}],"wp:featuredmedia":[{"embeddable":true,"href":"https:\/\/www.turismolapernia.com\/en\/wp-json\/wp\/v2\/media\/13774"}],"wp:attachment":[{"href":"https:\/\/www.turismolapernia.com\/en\/wp-json\/wp\/v2\/media?parent=13772"}],"wp:term":[{"taxonomy":"category","embeddable":true,"href":"https:\/\/www.turismolapernia.com\/en\/wp-json\/wp\/v2\/categories?post=13772"},{"taxonomy":"post_tag","embeddable":true,"href":"https:\/\/www.turismolapernia.com\/en\/wp-json\/wp\/v2\/tags?post=13772"}],"curies":[{"name":"wp","href":"https:\/\/api.w.org\/{rel}","templated":true}]}}