{"id":13720,"date":"2022-10-11T10:07:47","date_gmt":"2022-10-11T08:07:47","guid":{"rendered":"https:\/\/www.turismolapernia.com\/?p=13720"},"modified":"2022-10-12T12:05:34","modified_gmt":"2022-10-12T10:05:34","slug":"los-llazos-mejora-su-imagen-gracias-al-voluntariado-de-sus-vecinos","status":"publish","type":"post","link":"https:\/\/www.turismolapernia.com\/en\/noticias-pernia\/los-llazos-mejora-su-imagen-gracias-al-voluntariado-de-sus-vecinos\/","title":{"rendered":"Los Llazos mejora su imagen gracias al voluntariado de sus vecinos"},"content":{"rendered":"<div data-elementor-type=\"wp-post\" data-elementor-id=\"13720\" class=\"elementor elementor-13720\" data-elementor-settings=\"[]\">\n\t\t\t\t\t\t\t<div class=\"elementor-section-wrap\">\n\t\t\t\t\t\t\t<section class=\"elementor-section elementor-top-section elementor-element elementor-element-974059d elementor-section-boxed elementor-section-height-default elementor-section-height-default\" data-id=\"974059d\" data-element_type=\"section\">\n\t\t\t\t\t\t<div class=\"elementor-container elementor-column-gap-default\">\n\t\t\t\t\t<div class=\"elementor-column elementor-col-50 elementor-top-column elementor-element elementor-element-48933ac\" data-id=\"48933ac\" data-element_type=\"column\">\n\t\t\t<div class=\"elementor-widget-wrap elementor-element-populated\">\n\t\t\t\t\t\t\t\t<div class=\"elementor-element elementor-element-a19ce06 elementor-widget elementor-widget-image\" data-id=\"a19ce06\" data-element_type=\"widget\" data-widget_type=\"image.default\">\n\t\t\t\t<div class=\"elementor-widget-container\">\n\t\t\t\t\t\t\t\t\t\t\t\t<figure class=\"wp-caption\">\n\t\t\t\t\t\t\t\t\t\t<img loading=\"lazy\" decoding=\"async\" width=\"525\" height=\"376\" src=\"https:\/\/www.turismolapernia.com\/wp-content\/uploads\/2022\/10\/DSC04334-01-768x550.jpeg\" class=\"attachment-medium_large size-medium_large\" alt=\"\" srcset=\"https:\/\/www.turismolapernia.com\/wp-content\/uploads\/2022\/10\/DSC04334-01-768x550.jpeg 768w, https:\/\/www.turismolapernia.com\/wp-content\/uploads\/2022\/10\/DSC04334-01-300x215.jpeg 300w, https:\/\/www.turismolapernia.com\/wp-content\/uploads\/2022\/10\/DSC04334-01-1024x733.jpeg 1024w, https:\/\/www.turismolapernia.com\/wp-content\/uploads\/2022\/10\/DSC04334-01-18x12.jpeg 18w, https:\/\/www.turismolapernia.com\/wp-content\/uploads\/2022\/10\/DSC04334-01.jpeg 1206w\" sizes=\"auto, 100vw\" \/>\t\t\t\t\t\t\t\t\t\t\t<figcaption class=\"widget-image-caption wp-caption-text\">Lavadero comunitario de Los Llazos<\/figcaption>\n\t\t\t\t\t\t\t\t\t\t<\/figure>\n\t\t\t\t\t\t\t\t\t<\/div>\n\t\t\t\t<\/div>\n\t\t\t\t\t<\/div>\n\t\t<\/div>\n\t\t\t\t<div class=\"elementor-column elementor-col-50 elementor-top-column elementor-element elementor-element-382de96\" data-id=\"382de96\" data-element_type=\"column\">\n\t\t\t<div class=\"elementor-widget-wrap elementor-element-populated\">\n\t\t\t\t\t\t\t\t<div class=\"elementor-element elementor-element-5020292 elementor-widget elementor-widget-text-editor\" data-id=\"5020292\" data-element_type=\"widget\" data-widget_type=\"text-editor.default\">\n\t\t\t\t<div class=\"elementor-widget-container\">\n\t\t\t\t\t\t\t<p>Poco a poco la localidad de Los Llazos (La Pern\u00eda) va dejando atr\u00e1s la imagen de abandono y desolaci\u00f3n que presentaba hace algunos a\u00f1os, con numerosos edificios en ruina y el agua corriendo por sus calles.<\/p><div>\u00a0<\/div><div>Gracias al empe\u00f1o y esfuerzo de sus vecinos, y a trav\u00e9s de distintos programas de voluntariado como el Voluntariado Ambiental de la Fundaci\u00f3n &#8220;la Caixa&#8221; y Fundaci\u00f3n Caja de Burgos, o especialmente el programa\u00a0 &#8220;A Huebra&#8221; de la Diputaci\u00f3n de Palencia, que fomenta el desarrollo de los pueblos a trav\u00e9s de la implicaci\u00f3n voluntaria de los vecinos, se ha conseguido recuperar y mejorar varios espacios e infraestructuras de uso p\u00fablico en Los Llazos.<\/div>\t\t\t\t\t\t<\/div>\n\t\t\t\t<\/div>\n\t\t\t\t\t<\/div>\n\t\t<\/div>\n\t\t\t\t\t\t\t<\/div>\n\t\t<\/section>\n\t\t\t\t<section class=\"elementor-section elementor-top-section elementor-element elementor-element-e89045c elementor-section-boxed elementor-section-height-default elementor-section-height-default\" data-id=\"e89045c\" data-element_type=\"section\">\n\t\t\t\t\t\t<div class=\"elementor-container elementor-column-gap-default\">\n\t\t\t\t\t<div class=\"elementor-column elementor-col-100 elementor-top-column elementor-element elementor-element-fbf018f\" data-id=\"fbf018f\" data-element_type=\"column\">\n\t\t\t<div class=\"elementor-widget-wrap elementor-element-populated\">\n\t\t\t\t\t\t\t\t<div class=\"elementor-element elementor-element-3934821 elementor-widget elementor-widget-text-editor\" data-id=\"3934821\" data-element_type=\"widget\" data-widget_type=\"text-editor.default\">\n\t\t\t\t<div class=\"elementor-widget-container\">\n\t\t\t\t\t\t\t<p>De esta forma, se ha reconstruido el muro del cementerio, y recientemente se ha mejorado la plaza del pueblo con los pilones y el antiguo lavadero comunitario, actuaciones en las que tambi\u00e9n ha colaborado el Parque Natural Monta\u00f1a Palentina y el Ayuntamiento de La Pern\u00eda.<\/p>\t\t\t\t\t\t<\/div>\n\t\t\t\t<\/div>\n\t\t\t\t\t<\/div>\n\t\t<\/div>\n\t\t\t\t\t\t\t<\/div>\n\t\t<\/section>\n\t\t\t\t<section class=\"elementor-section elementor-top-section elementor-element elementor-element-b55bb5a elementor-section-boxed elementor-section-height-default elementor-section-height-default\" data-id=\"b55bb5a\" data-element_type=\"section\">\n\t\t\t\t\t\t<div class=\"elementor-container elementor-column-gap-default\">\n\t\t\t\t\t<div class=\"elementor-column elementor-col-33 elementor-top-column elementor-element elementor-element-757d5ec\" data-id=\"757d5ec\" data-element_type=\"column\">\n\t\t\t<div class=\"elementor-widget-wrap elementor-element-populated\">\n\t\t\t\t\t\t\t\t<div class=\"elementor-element elementor-element-333c596 elementor-widget elementor-widget-image\" data-id=\"333c596\" data-element_type=\"widget\" data-widget_type=\"image.default\">\n\t\t\t\t<div class=\"elementor-widget-container\">\n\t\t\t\t\t\t\t\t\t\t\t\t\t\t\t<img loading=\"lazy\" decoding=\"async\" width=\"300\" height=\"225\" src=\"https:\/\/www.turismolapernia.com\/wp-content\/uploads\/2022\/10\/DSC04329-300x225.jpg\" class=\"attachment-medium size-medium\" alt=\"\" srcset=\"https:\/\/www.turismolapernia.com\/wp-content\/uploads\/2022\/10\/DSC04329-300x225.jpg 300w, https:\/\/www.turismolapernia.com\/wp-content\/uploads\/2022\/10\/DSC04329-1024x768.jpg 1024w, https:\/\/www.turismolapernia.com\/wp-content\/uploads\/2022\/10\/DSC04329-768x576.jpg 768w, https:\/\/www.turismolapernia.com\/wp-content\/uploads\/2022\/10\/DSC04329-16x12.jpg 16w, https:\/\/www.turismolapernia.com\/wp-content\/uploads\/2022\/10\/DSC04329.jpg 1296w\" sizes=\"auto, 100vw\" \/>\t\t\t\t\t\t\t\t\t\t\t\t\t\t\t<\/div>\n\t\t\t\t<\/div>\n\t\t\t\t\t<\/div>\n\t\t<\/div>\n\t\t\t\t<div class=\"elementor-column elementor-col-33 elementor-top-column elementor-element elementor-element-b6daac9\" data-id=\"b6daac9\" data-element_type=\"column\">\n\t\t\t<div class=\"elementor-widget-wrap elementor-element-populated\">\n\t\t\t\t\t\t\t\t<div class=\"elementor-element elementor-element-d586165 elementor-widget elementor-widget-image\" data-id=\"d586165\" data-element_type=\"widget\" data-widget_type=\"image.default\">\n\t\t\t\t<div class=\"elementor-widget-container\">\n\t\t\t\t\t\t\t\t\t\t\t\t\t\t\t<img loading=\"lazy\" decoding=\"async\" width=\"300\" height=\"225\" src=\"https:\/\/www.turismolapernia.com\/wp-content\/uploads\/2022\/10\/DSC04267-300x225.jpg\" class=\"attachment-medium size-medium\" alt=\"\" srcset=\"https:\/\/www.turismolapernia.com\/wp-content\/uploads\/2022\/10\/DSC04267-300x225.jpg 300w, https:\/\/www.turismolapernia.com\/wp-content\/uploads\/2022\/10\/DSC04267-1024x768.jpg 1024w, https:\/\/www.turismolapernia.com\/wp-content\/uploads\/2022\/10\/DSC04267-768x576.jpg 768w, https:\/\/www.turismolapernia.com\/wp-content\/uploads\/2022\/10\/DSC04267-16x12.jpg 16w, https:\/\/www.turismolapernia.com\/wp-content\/uploads\/2022\/10\/DSC04267.jpg 1296w\" sizes=\"auto, 100vw\" \/>\t\t\t\t\t\t\t\t\t\t\t\t\t\t\t<\/div>\n\t\t\t\t<\/div>\n\t\t\t\t\t<\/div>\n\t\t<\/div>\n\t\t\t\t<div class=\"elementor-column elementor-col-33 elementor-top-column elementor-element elementor-element-ad108de\" data-id=\"ad108de\" data-element_type=\"column\">\n\t\t\t<div class=\"elementor-widget-wrap elementor-element-populated\">\n\t\t\t\t\t\t\t\t<div class=\"elementor-element elementor-element-e73dde6 elementor-widget elementor-widget-image\" data-id=\"e73dde6\" data-element_type=\"widget\" data-widget_type=\"image.default\">\n\t\t\t\t<div class=\"elementor-widget-container\">\n\t\t\t\t\t\t\t\t\t\t\t\t\t\t\t<img loading=\"lazy\" decoding=\"async\" width=\"300\" height=\"225\" src=\"https:\/\/www.turismolapernia.com\/wp-content\/uploads\/2022\/10\/DSC04270-01-300x225.jpeg\" class=\"attachment-medium size-medium\" alt=\"\" srcset=\"https:\/\/www.turismolapernia.com\/wp-content\/uploads\/2022\/10\/DSC04270-01-300x225.jpeg 300w, https:\/\/www.turismolapernia.com\/wp-content\/uploads\/2022\/10\/DSC04270-01-1024x768.jpeg 1024w, https:\/\/www.turismolapernia.com\/wp-content\/uploads\/2022\/10\/DSC04270-01-768x576.jpeg 768w, https:\/\/www.turismolapernia.com\/wp-content\/uploads\/2022\/10\/DSC04270-01-16x12.jpeg 16w, https:\/\/www.turismolapernia.com\/wp-content\/uploads\/2022\/10\/DSC04270-01.jpeg 1285w\" sizes=\"auto, 100vw\" \/>\t\t\t\t\t\t\t\t\t\t\t\t\t\t\t<\/div>\n\t\t\t\t<\/div>\n\t\t\t\t\t<\/div>\n\t\t<\/div>\n\t\t\t\t\t\t\t<\/div>\n\t\t<\/section>\n\t\t\t\t<section class=\"elementor-section elementor-top-section elementor-element elementor-element-0b023e8 elementor-section-boxed elementor-section-height-default elementor-section-height-default\" data-id=\"0b023e8\" data-element_type=\"section\">\n\t\t\t\t\t\t<div class=\"elementor-container elementor-column-gap-default\">\n\t\t\t\t\t<div class=\"elementor-column elementor-col-100 elementor-top-column elementor-element elementor-element-39a4273\" data-id=\"39a4273\" data-element_type=\"column\">\n\t\t\t<div class=\"elementor-widget-wrap elementor-element-populated\">\n\t\t\t\t\t\t\t\t<div class=\"elementor-element elementor-element-ec16ff5 elementor-widget elementor-widget-text-editor\" data-id=\"ec16ff5\" data-element_type=\"widget\" data-widget_type=\"text-editor.default\">\n\t\t\t\t<div class=\"elementor-widget-container\">\n\t\t\t\t\t\t\t<p>Los \u00faltimos trabajos han consistido, entre otros, en la reparaci\u00f3n e impermeabilizaci\u00f3n del interior de las fuentes y pilones de la plaza y de la pila del lavadero, el repicado y remozado de los muros del lavadero, la instalaci\u00f3n de barandillas, adem\u00e1s de la colocaci\u00f3n de bancos y jardineras que contribuyen al embellecimiento del pueblo.<\/p><p><br><\/p><p>\nCon estas actuaciones se pretende conservar el patrimonio arquit\u00e9ctonico de la zona, as\u00ed como favorecer el encuentro de vecinos y mejorar el tejido social y la colaboraci\u00f3n.<\/p><p><br><\/p>\n<p>La Junta Vecinal de Los Llazos, los vecinos y allegados del pueblo est\u00e1n muy satisfechos con estas intervenciones y contin\u00faan comprometidos con el mantenimiento y mejora de la localidad de cara al futuro.<\/p>\t\t\t\t\t\t<\/div>\n\t\t\t\t<\/div>\n\t\t\t\t\t<\/div>\n\t\t<\/div>\n\t\t\t\t\t\t\t<\/div>\n\t\t<\/section>\n\t\t\t\t<section class=\"elementor-section elementor-top-section elementor-element elementor-element-6c6a8e5 elementor-section-boxed elementor-section-height-default elementor-section-height-default\" data-id=\"6c6a8e5\" data-element_type=\"section\">\n\t\t\t\t\t\t<div class=\"elementor-container elementor-column-gap-default\">\n\t\t\t\t\t<div class=\"elementor-column elementor-col-33 elementor-top-column elementor-element elementor-element-19df984\" data-id=\"19df984\" data-element_type=\"column\">\n\t\t\t<div class=\"elementor-widget-wrap elementor-element-populated\">\n\t\t\t\t\t\t\t\t<div class=\"elementor-element elementor-element-fde7940 elementor-widget elementor-widget-image\" data-id=\"fde7940\" data-element_type=\"widget\" data-widget_type=\"image.default\">\n\t\t\t\t<div class=\"elementor-widget-container\">\n\t\t\t\t\t\t\t\t\t\t\t\t\t\t\t<img loading=\"lazy\" decoding=\"async\" width=\"300\" height=\"225\" src=\"https:\/\/www.turismolapernia.com\/wp-content\/uploads\/2022\/10\/DSC04331-01-300x225.jpeg\" class=\"attachment-medium size-medium\" alt=\"\" srcset=\"https:\/\/www.turismolapernia.com\/wp-content\/uploads\/2022\/10\/DSC04331-01-300x225.jpeg 300w, https:\/\/www.turismolapernia.com\/wp-content\/uploads\/2022\/10\/DSC04331-01-1024x768.jpeg 1024w, https:\/\/www.turismolapernia.com\/wp-content\/uploads\/2022\/10\/DSC04331-01-768x576.jpeg 768w, https:\/\/www.turismolapernia.com\/wp-content\/uploads\/2022\/10\/DSC04331-01-16x12.jpeg 16w, https:\/\/www.turismolapernia.com\/wp-content\/uploads\/2022\/10\/DSC04331-01.jpeg 1296w\" sizes=\"auto, 100vw\" \/>\t\t\t\t\t\t\t\t\t\t\t\t\t\t\t<\/div>\n\t\t\t\t<\/div>\n\t\t\t\t\t<\/div>\n\t\t<\/div>\n\t\t\t\t<div class=\"elementor-column elementor-col-33 elementor-top-column elementor-element elementor-element-cb0fb24\" data-id=\"cb0fb24\" data-element_type=\"column\">\n\t\t\t<div class=\"elementor-widget-wrap elementor-element-populated\">\n\t\t\t\t\t\t\t\t<div class=\"elementor-element elementor-element-e0b42f2 elementor-widget elementor-widget-image\" data-id=\"e0b42f2\" data-element_type=\"widget\" data-widget_type=\"image.default\">\n\t\t\t\t<div class=\"elementor-widget-container\">\n\t\t\t\t\t\t\t\t\t\t\t\t\t\t\t<img loading=\"lazy\" decoding=\"async\" width=\"300\" height=\"225\" src=\"https:\/\/www.turismolapernia.com\/wp-content\/uploads\/2022\/10\/DSC04262-300x225.jpg\" class=\"attachment-medium size-medium\" alt=\"\" srcset=\"https:\/\/www.turismolapernia.com\/wp-content\/uploads\/2022\/10\/DSC04262-300x225.jpg 300w, https:\/\/www.turismolapernia.com\/wp-content\/uploads\/2022\/10\/DSC04262-1024x768.jpg 1024w, https:\/\/www.turismolapernia.com\/wp-content\/uploads\/2022\/10\/DSC04262-768x576.jpg 768w, https:\/\/www.turismolapernia.com\/wp-content\/uploads\/2022\/10\/DSC04262-16x12.jpg 16w, https:\/\/www.turismolapernia.com\/wp-content\/uploads\/2022\/10\/DSC04262.jpg 1296w\" sizes=\"auto, 100vw\" \/>\t\t\t\t\t\t\t\t\t\t\t\t\t\t\t<\/div>\n\t\t\t\t<\/div>\n\t\t\t\t\t<\/div>\n\t\t<\/div>\n\t\t\t\t<div class=\"elementor-column elementor-col-33 elementor-top-column elementor-element elementor-element-697373b\" data-id=\"697373b\" data-element_type=\"column\">\n\t\t\t<div class=\"elementor-widget-wrap elementor-element-populated\">\n\t\t\t\t\t\t\t\t<div class=\"elementor-element elementor-element-c93ede8 elementor-widget elementor-widget-image\" data-id=\"c93ede8\" data-element_type=\"widget\" data-widget_type=\"image.default\">\n\t\t\t\t<div class=\"elementor-widget-container\">\n\t\t\t\t\t\t\t\t\t\t\t\t\t\t\t<img loading=\"lazy\" decoding=\"async\" width=\"300\" height=\"225\" src=\"https:\/\/www.turismolapernia.com\/wp-content\/uploads\/2022\/10\/DSC04322-01-01-300x225.jpeg\" class=\"attachment-medium size-medium\" alt=\"\" srcset=\"https:\/\/www.turismolapernia.com\/wp-content\/uploads\/2022\/10\/DSC04322-01-01-300x225.jpeg 300w, https:\/\/www.turismolapernia.com\/wp-content\/uploads\/2022\/10\/DSC04322-01-01-1024x768.jpeg 1024w, https:\/\/www.turismolapernia.com\/wp-content\/uploads\/2022\/10\/DSC04322-01-01-768x576.jpeg 768w, https:\/\/www.turismolapernia.com\/wp-content\/uploads\/2022\/10\/DSC04322-01-01-16x12.jpeg 16w, https:\/\/www.turismolapernia.com\/wp-content\/uploads\/2022\/10\/DSC04322-01-01.jpeg 1215w\" sizes=\"auto, 100vw\" \/>\t\t\t\t\t\t\t\t\t\t\t\t\t\t\t<\/div>\n\t\t\t\t<\/div>\n\t\t\t\t\t<\/div>\n\t\t<\/div>\n\t\t\t\t\t\t\t<\/div>\n\t\t<\/section>\n\t\t\t\t\t\t<\/div>\n\t\t\t\t\t<\/div>","protected":false},"excerpt":{"rendered":"<p>Lavadero comunitario de Los Llazos Poco a poco la localidad de Los Llazos (La Pern\u00eda) va dejando atr\u00e1s la imagen de abandono y desolaci\u00f3n que presentaba hace algunos a\u00f1os, con numerosos edificios en ruina y el agua corriendo por sus calles. \u00a0Gracias al empe\u00f1o y esfuerzo de sus vecinos, y a trav\u00e9s de distintos programas &hellip; <\/p>\n<p class=\"link-more\"><a href=\"https:\/\/www.turismolapernia.com\/en\/noticias-pernia\/los-llazos-mejora-su-imagen-gracias-al-voluntariado-de-sus-vecinos\/\" class=\"more-link\">Continue reading<span class=\"screen-reader-text\"> &#8220;Los Llazos mejora su imagen gracias al voluntariado de sus vecinos&#8221;<\/span><\/a><\/p>","protected":false},"author":1,"featured_media":13722,"comment_status":"open","ping_status":"open","sticky":false,"template":"","format":"standard","meta":{"footnotes":""},"categories":[13],"tags":[],"class_list":["post-13720","post","type-post","status-publish","format-standard","has-post-thumbnail","hentry","category-noticias-pernia"],"yoast_head":"<!-- This site is optimized with the Yoast SEO plugin v23.5 - https:\/\/yoast.com\/wordpress\/plugins\/seo\/ -->\n<title>Los Llazos mejora su imagen gracias al voluntariado de sus vecinos | Turismo La Pern\u00eda<\/title>\n<meta name=\"robots\" content=\"index, follow, max-snippet:-1, max-image-preview:large, max-video-preview:-1\" \/>\n<link rel=\"canonical\" href=\"https:\/\/www.turismolapernia.com\/en\/noticias-pernia\/los-llazos-mejora-su-imagen-gracias-al-voluntariado-de-sus-vecinos\/\" \/>\n<meta property=\"og:locale\" content=\"en_GB\" \/>\n<meta property=\"og:type\" content=\"article\" \/>\n<meta property=\"og:title\" content=\"Los Llazos mejora su imagen gracias al voluntariado de sus vecinos | Turismo La Pern\u00eda\" \/>\n<meta property=\"og:description\" content=\"Lavadero comunitario de Los Llazos Poco a poco la localidad de Los Llazos (La Pern\u00eda) va dejando atr\u00e1s la imagen de abandono y desolaci\u00f3n que presentaba hace algunos a\u00f1os, con numerosos edificios en ruina y el agua corriendo por sus calles. \u00a0Gracias al empe\u00f1o y esfuerzo de sus vecinos, y a trav\u00e9s de distintos programas &hellip; Continue reading &quot;Los Llazos mejora su imagen gracias al voluntariado de sus vecinos&quot;\" \/>\n<meta property=\"og:url\" content=\"https:\/\/www.turismolapernia.com\/en\/noticias-pernia\/los-llazos-mejora-su-imagen-gracias-al-voluntariado-de-sus-vecinos\/\" \/>\n<meta property=\"og:site_name\" content=\"Turismo La Pern\u00eda\" \/>\n<meta property=\"article:publisher\" content=\"https:\/\/www.facebook.com\/turismolapernia\/\" \/>\n<meta property=\"article:published_time\" content=\"2022-10-11T08:07:47+00:00\" \/>\n<meta property=\"article:modified_time\" content=\"2022-10-12T10:05:34+00:00\" \/>\n<meta property=\"og:image\" content=\"https:\/\/www.turismolapernia.com\/wp-content\/uploads\/2022\/10\/DSC04334-01.jpeg\" \/>\n\t<meta property=\"og:image:width\" content=\"1206\" \/>\n\t<meta property=\"og:image:height\" content=\"863\" \/>\n\t<meta property=\"og:image:type\" content=\"image\/jpeg\" \/>\n<meta name=\"author\" content=\"admin\" \/>\n<meta name=\"twitter:card\" content=\"summary_large_image\" \/>\n<meta name=\"twitter:label1\" content=\"Written by\" \/>\n\t<meta name=\"twitter:data1\" content=\"admin\" \/>\n\t<meta name=\"twitter:label2\" content=\"Estimated reading time\" \/>\n\t<meta name=\"twitter:data2\" content=\"1 minute\" \/>\n<script type=\"application\/ld+json\" class=\"yoast-schema-graph\">{\"@context\":\"https:\/\/schema.org\",\"@graph\":[{\"@type\":\"Article\",\"@id\":\"https:\/\/www.turismolapernia.com\/noticias-pernia\/los-llazos-mejora-su-imagen-gracias-al-voluntariado-de-sus-vecinos\/#article\",\"isPartOf\":{\"@id\":\"https:\/\/www.turismolapernia.com\/noticias-pernia\/los-llazos-mejora-su-imagen-gracias-al-voluntariado-de-sus-vecinos\/\"},\"author\":{\"name\":\"admin\",\"@id\":\"https:\/\/www.turismolapernia.com\/#\/schema\/person\/5d5ac032f7e9064c5ce073bbe3564340\"},\"headline\":\"Los Llazos mejora su imagen gracias al voluntariado de sus vecinos\",\"datePublished\":\"2022-10-11T08:07:47+00:00\",\"dateModified\":\"2022-10-12T10:05:34+00:00\",\"mainEntityOfPage\":{\"@id\":\"https:\/\/www.turismolapernia.com\/noticias-pernia\/los-llazos-mejora-su-imagen-gracias-al-voluntariado-de-sus-vecinos\/\"},\"wordCount\":309,\"commentCount\":0,\"publisher\":{\"@id\":\"https:\/\/www.turismolapernia.com\/#organization\"},\"image\":{\"@id\":\"https:\/\/www.turismolapernia.com\/noticias-pernia\/los-llazos-mejora-su-imagen-gracias-al-voluntariado-de-sus-vecinos\/#primaryimage\"},\"thumbnailUrl\":\"https:\/\/www.turismolapernia.com\/wp-content\/uploads\/2022\/10\/DSC04334-01.jpeg\",\"articleSection\":[\"Noticias\"],\"inLanguage\":\"en-GB\",\"potentialAction\":[{\"@type\":\"CommentAction\",\"name\":\"Comment\",\"target\":[\"https:\/\/www.turismolapernia.com\/noticias-pernia\/los-llazos-mejora-su-imagen-gracias-al-voluntariado-de-sus-vecinos\/#respond\"]}]},{\"@type\":\"WebPage\",\"@id\":\"https:\/\/www.turismolapernia.com\/noticias-pernia\/los-llazos-mejora-su-imagen-gracias-al-voluntariado-de-sus-vecinos\/\",\"url\":\"https:\/\/www.turismolapernia.com\/noticias-pernia\/los-llazos-mejora-su-imagen-gracias-al-voluntariado-de-sus-vecinos\/\",\"name\":\"Los Llazos mejora su imagen gracias al voluntariado de sus vecinos | Turismo La Pern\u00eda\",\"isPartOf\":{\"@id\":\"https:\/\/www.turismolapernia.com\/#website\"},\"primaryImageOfPage\":{\"@id\":\"https:\/\/www.turismolapernia.com\/noticias-pernia\/los-llazos-mejora-su-imagen-gracias-al-voluntariado-de-sus-vecinos\/#primaryimage\"},\"image\":{\"@id\":\"https:\/\/www.turismolapernia.com\/noticias-pernia\/los-llazos-mejora-su-imagen-gracias-al-voluntariado-de-sus-vecinos\/#primaryimage\"},\"thumbnailUrl\":\"https:\/\/www.turismolapernia.com\/wp-content\/uploads\/2022\/10\/DSC04334-01.jpeg\",\"datePublished\":\"2022-10-11T08:07:47+00:00\",\"dateModified\":\"2022-10-12T10:05:34+00:00\",\"breadcrumb\":{\"@id\":\"https:\/\/www.turismolapernia.com\/noticias-pernia\/los-llazos-mejora-su-imagen-gracias-al-voluntariado-de-sus-vecinos\/#breadcrumb\"},\"inLanguage\":\"en-GB\",\"potentialAction\":[{\"@type\":\"ReadAction\",\"target\":[\"https:\/\/www.turismolapernia.com\/noticias-pernia\/los-llazos-mejora-su-imagen-gracias-al-voluntariado-de-sus-vecinos\/\"]}]},{\"@type\":\"ImageObject\",\"inLanguage\":\"en-GB\",\"@id\":\"https:\/\/www.turismolapernia.com\/noticias-pernia\/los-llazos-mejora-su-imagen-gracias-al-voluntariado-de-sus-vecinos\/#primaryimage\",\"url\":\"https:\/\/www.turismolapernia.com\/wp-content\/uploads\/2022\/10\/DSC04334-01.jpeg\",\"contentUrl\":\"https:\/\/www.turismolapernia.com\/wp-content\/uploads\/2022\/10\/DSC04334-01.jpeg\",\"width\":1206,\"height\":863},{\"@type\":\"BreadcrumbList\",\"@id\":\"https:\/\/www.turismolapernia.com\/noticias-pernia\/los-llazos-mejora-su-imagen-gracias-al-voluntariado-de-sus-vecinos\/#breadcrumb\",\"itemListElement\":[{\"@type\":\"ListItem\",\"position\":1,\"name\":\"La Pern\u00eda\",\"item\":\"https:\/\/www.turismolapernia.com\/\"},{\"@type\":\"ListItem\",\"position\":2,\"name\":\"Los Llazos mejora su imagen gracias al voluntariado de sus vecinos\"}]},{\"@type\":\"WebSite\",\"@id\":\"https:\/\/www.turismolapernia.com\/#website\",\"url\":\"https:\/\/www.turismolapernia.com\/\",\"name\":\"Turismo La Pern\u00eda\",\"description\":\"Monta\u00f1a Palentina\",\"publisher\":{\"@id\":\"https:\/\/www.turismolapernia.com\/#organization\"},\"potentialAction\":[{\"@type\":\"SearchAction\",\"target\":{\"@type\":\"EntryPoint\",\"urlTemplate\":\"https:\/\/www.turismolapernia.com\/?s={search_term_string}\"},\"query-input\":{\"@type\":\"PropertyValueSpecification\",\"valueRequired\":true,\"valueName\":\"search_term_string\"}}],\"inLanguage\":\"en-GB\"},{\"@type\":\"Organization\",\"@id\":\"https:\/\/www.turismolapernia.com\/#organization\",\"name\":\"Turismo La Pern\u00eda\",\"url\":\"https:\/\/www.turismolapernia.com\/\",\"logo\":{\"@type\":\"ImageObject\",\"inLanguage\":\"en-GB\",\"@id\":\"https:\/\/www.turismolapernia.com\/#\/schema\/logo\/image\/\",\"url\":\"https:\/\/www.turismolapernia.com\/wp-content\/uploads\/2021\/12\/cropped-logo-CRV-Pernia-perfil.jpg\",\"contentUrl\":\"https:\/\/www.turismolapernia.com\/wp-content\/uploads\/2021\/12\/cropped-logo-CRV-Pernia-perfil.jpg\",\"width\":512,\"height\":512,\"caption\":\"Turismo La Pern\u00eda\"},\"image\":{\"@id\":\"https:\/\/www.turismolapernia.com\/#\/schema\/logo\/image\/\"},\"sameAs\":[\"https:\/\/www.facebook.com\/turismolapernia\/\",\"https:\/\/www.instagram.com\/turismolapernia\/\"]},{\"@type\":\"Person\",\"@id\":\"https:\/\/www.turismolapernia.com\/#\/schema\/person\/5d5ac032f7e9064c5ce073bbe3564340\",\"name\":\"admin\",\"image\":{\"@type\":\"ImageObject\",\"inLanguage\":\"en-GB\",\"@id\":\"https:\/\/www.turismolapernia.com\/#\/schema\/person\/image\/\",\"url\":\"https:\/\/secure.gravatar.com\/avatar\/fe87fc43b218a52a79b72dddcb95d45fcdca0048b80712e6d20925a50f267165?s=96&d=mm&r=g\",\"contentUrl\":\"https:\/\/secure.gravatar.com\/avatar\/fe87fc43b218a52a79b72dddcb95d45fcdca0048b80712e6d20925a50f267165?s=96&d=mm&r=g\",\"caption\":\"admin\"}}]}<\/script>\n<!-- \/ Yoast SEO plugin. -->","yoast_head_json":{"title":"Los Llazos mejora su imagen gracias al voluntariado de sus vecinos | Turismo La Pern\u00eda","robots":{"index":"index","follow":"follow","max-snippet":"max-snippet:-1","max-image-preview":"max-image-preview:large","max-video-preview":"max-video-preview:-1"},"canonical":"https:\/\/www.turismolapernia.com\/en\/noticias-pernia\/los-llazos-mejora-su-imagen-gracias-al-voluntariado-de-sus-vecinos\/","og_locale":"en_GB","og_type":"article","og_title":"Los Llazos mejora su imagen gracias al voluntariado de sus vecinos | Turismo La Pern\u00eda","og_description":"Lavadero comunitario de Los Llazos Poco a poco la localidad de Los Llazos (La Pern\u00eda) va dejando atr\u00e1s la imagen de abandono y desolaci\u00f3n que presentaba hace algunos a\u00f1os, con numerosos edificios en ruina y el agua corriendo por sus calles. \u00a0Gracias al empe\u00f1o y esfuerzo de sus vecinos, y a trav\u00e9s de distintos programas &hellip; Continue reading \"Los Llazos mejora su imagen gracias al voluntariado de sus vecinos\"","og_url":"https:\/\/www.turismolapernia.com\/en\/noticias-pernia\/los-llazos-mejora-su-imagen-gracias-al-voluntariado-de-sus-vecinos\/","og_site_name":"Turismo La Pern\u00eda","article_publisher":"https:\/\/www.facebook.com\/turismolapernia\/","article_published_time":"2022-10-11T08:07:47+00:00","article_modified_time":"2022-10-12T10:05:34+00:00","og_image":[{"width":1206,"height":863,"url":"https:\/\/www.turismolapernia.com\/wp-content\/uploads\/2022\/10\/DSC04334-01.jpeg","type":"image\/jpeg"}],"author":"admin","twitter_card":"summary_large_image","twitter_misc":{"Written by":"admin","Estimated reading time":"1 minute"},"schema":{"@context":"https:\/\/schema.org","@graph":[{"@type":"Article","@id":"https:\/\/www.turismolapernia.com\/noticias-pernia\/los-llazos-mejora-su-imagen-gracias-al-voluntariado-de-sus-vecinos\/#article","isPartOf":{"@id":"https:\/\/www.turismolapernia.com\/noticias-pernia\/los-llazos-mejora-su-imagen-gracias-al-voluntariado-de-sus-vecinos\/"},"author":{"name":"admin","@id":"https:\/\/www.turismolapernia.com\/#\/schema\/person\/5d5ac032f7e9064c5ce073bbe3564340"},"headline":"Los Llazos mejora su imagen gracias al voluntariado de sus vecinos","datePublished":"2022-10-11T08:07:47+00:00","dateModified":"2022-10-12T10:05:34+00:00","mainEntityOfPage":{"@id":"https:\/\/www.turismolapernia.com\/noticias-pernia\/los-llazos-mejora-su-imagen-gracias-al-voluntariado-de-sus-vecinos\/"},"wordCount":309,"commentCount":0,"publisher":{"@id":"https:\/\/www.turismolapernia.com\/#organization"},"image":{"@id":"https:\/\/www.turismolapernia.com\/noticias-pernia\/los-llazos-mejora-su-imagen-gracias-al-voluntariado-de-sus-vecinos\/#primaryimage"},"thumbnailUrl":"https:\/\/www.turismolapernia.com\/wp-content\/uploads\/2022\/10\/DSC04334-01.jpeg","articleSection":["Noticias"],"inLanguage":"en-GB","potentialAction":[{"@type":"CommentAction","name":"Comment","target":["https:\/\/www.turismolapernia.com\/noticias-pernia\/los-llazos-mejora-su-imagen-gracias-al-voluntariado-de-sus-vecinos\/#respond"]}]},{"@type":"WebPage","@id":"https:\/\/www.turismolapernia.com\/noticias-pernia\/los-llazos-mejora-su-imagen-gracias-al-voluntariado-de-sus-vecinos\/","url":"https:\/\/www.turismolapernia.com\/noticias-pernia\/los-llazos-mejora-su-imagen-gracias-al-voluntariado-de-sus-vecinos\/","name":"Los Llazos mejora su imagen gracias al voluntariado de sus vecinos | Turismo La Pern\u00eda","isPartOf":{"@id":"https:\/\/www.turismolapernia.com\/#website"},"primaryImageOfPage":{"@id":"https:\/\/www.turismolapernia.com\/noticias-pernia\/los-llazos-mejora-su-imagen-gracias-al-voluntariado-de-sus-vecinos\/#primaryimage"},"image":{"@id":"https:\/\/www.turismolapernia.com\/noticias-pernia\/los-llazos-mejora-su-imagen-gracias-al-voluntariado-de-sus-vecinos\/#primaryimage"},"thumbnailUrl":"https:\/\/www.turismolapernia.com\/wp-content\/uploads\/2022\/10\/DSC04334-01.jpeg","datePublished":"2022-10-11T08:07:47+00:00","dateModified":"2022-10-12T10:05:34+00:00","breadcrumb":{"@id":"https:\/\/www.turismolapernia.com\/noticias-pernia\/los-llazos-mejora-su-imagen-gracias-al-voluntariado-de-sus-vecinos\/#breadcrumb"},"inLanguage":"en-GB","potentialAction":[{"@type":"ReadAction","target":["https:\/\/www.turismolapernia.com\/noticias-pernia\/los-llazos-mejora-su-imagen-gracias-al-voluntariado-de-sus-vecinos\/"]}]},{"@type":"ImageObject","inLanguage":"en-GB","@id":"https:\/\/www.turismolapernia.com\/noticias-pernia\/los-llazos-mejora-su-imagen-gracias-al-voluntariado-de-sus-vecinos\/#primaryimage","url":"https:\/\/www.turismolapernia.com\/wp-content\/uploads\/2022\/10\/DSC04334-01.jpeg","contentUrl":"https:\/\/www.turismolapernia.com\/wp-content\/uploads\/2022\/10\/DSC04334-01.jpeg","width":1206,"height":863},{"@type":"BreadcrumbList","@id":"https:\/\/www.turismolapernia.com\/noticias-pernia\/los-llazos-mejora-su-imagen-gracias-al-voluntariado-de-sus-vecinos\/#breadcrumb","itemListElement":[{"@type":"ListItem","position":1,"name":"La Pern\u00eda","item":"https:\/\/www.turismolapernia.com\/"},{"@type":"ListItem","position":2,"name":"Los Llazos mejora su imagen gracias al voluntariado de sus vecinos"}]},{"@type":"WebSite","@id":"https:\/\/www.turismolapernia.com\/#website","url":"https:\/\/www.turismolapernia.com\/","name":"Turismo La Pern\u00eda","description":"Monta\u00f1a Palentina","publisher":{"@id":"https:\/\/www.turismolapernia.com\/#organization"},"potentialAction":[{"@type":"SearchAction","target":{"@type":"EntryPoint","urlTemplate":"https:\/\/www.turismolapernia.com\/?s={search_term_string}"},"query-input":{"@type":"PropertyValueSpecification","valueRequired":true,"valueName":"search_term_string"}}],"inLanguage":"en-GB"},{"@type":"Organization","@id":"https:\/\/www.turismolapernia.com\/#organization","name":"Turismo La Pern\u00eda","url":"https:\/\/www.turismolapernia.com\/","logo":{"@type":"ImageObject","inLanguage":"en-GB","@id":"https:\/\/www.turismolapernia.com\/#\/schema\/logo\/image\/","url":"https:\/\/www.turismolapernia.com\/wp-content\/uploads\/2021\/12\/cropped-logo-CRV-Pernia-perfil.jpg","contentUrl":"https:\/\/www.turismolapernia.com\/wp-content\/uploads\/2021\/12\/cropped-logo-CRV-Pernia-perfil.jpg","width":512,"height":512,"caption":"Turismo La Pern\u00eda"},"image":{"@id":"https:\/\/www.turismolapernia.com\/#\/schema\/logo\/image\/"},"sameAs":["https:\/\/www.facebook.com\/turismolapernia\/","https:\/\/www.instagram.com\/turismolapernia\/"]},{"@type":"Person","@id":"https:\/\/www.turismolapernia.com\/#\/schema\/person\/5d5ac032f7e9064c5ce073bbe3564340","name":"admin","image":{"@type":"ImageObject","inLanguage":"en-GB","@id":"https:\/\/www.turismolapernia.com\/#\/schema\/person\/image\/","url":"https:\/\/secure.gravatar.com\/avatar\/fe87fc43b218a52a79b72dddcb95d45fcdca0048b80712e6d20925a50f267165?s=96&d=mm&r=g","contentUrl":"https:\/\/secure.gravatar.com\/avatar\/fe87fc43b218a52a79b72dddcb95d45fcdca0048b80712e6d20925a50f267165?s=96&d=mm&r=g","caption":"admin"}}]}},"_links":{"self":[{"href":"https:\/\/www.turismolapernia.com\/en\/wp-json\/wp\/v2\/posts\/13720","targetHints":{"allow":["GET"]}}],"collection":[{"href":"https:\/\/www.turismolapernia.com\/en\/wp-json\/wp\/v2\/posts"}],"about":[{"href":"https:\/\/www.turismolapernia.com\/en\/wp-json\/wp\/v2\/types\/post"}],"author":[{"embeddable":true,"href":"https:\/\/www.turismolapernia.com\/en\/wp-json\/wp\/v2\/users\/1"}],"replies":[{"embeddable":true,"href":"https:\/\/www.turismolapernia.com\/en\/wp-json\/wp\/v2\/comments?post=13720"}],"version-history":[{"count":41,"href":"https:\/\/www.turismolapernia.com\/en\/wp-json\/wp\/v2\/posts\/13720\/revisions"}],"predecessor-version":[{"id":13771,"href":"https:\/\/www.turismolapernia.com\/en\/wp-json\/wp\/v2\/posts\/13720\/revisions\/13771"}],"wp:featuredmedia":[{"embeddable":true,"href":"https:\/\/www.turismolapernia.com\/en\/wp-json\/wp\/v2\/media\/13722"}],"wp:attachment":[{"href":"https:\/\/www.turismolapernia.com\/en\/wp-json\/wp\/v2\/media?parent=13720"}],"wp:term":[{"taxonomy":"category","embeddable":true,"href":"https:\/\/www.turismolapernia.com\/en\/wp-json\/wp\/v2\/categories?post=13720"},{"taxonomy":"post_tag","embeddable":true,"href":"https:\/\/www.turismolapernia.com\/en\/wp-json\/wp\/v2\/tags?post=13720"}],"curies":[{"name":"wp","href":"https:\/\/api.w.org\/{rel}","templated":true}]}}