{"id":13568,"date":"2022-09-29T13:49:41","date_gmt":"2022-09-29T11:49:41","guid":{"rendered":"https:\/\/www.turismolapernia.com\/?p=13568"},"modified":"2022-09-30T09:54:52","modified_gmt":"2022-09-30T07:54:52","slug":"nuevos-paneles-turisticos-en-la-pernia","status":"publish","type":"post","link":"https:\/\/www.turismolapernia.com\/en\/noticias-pernia\/nuevos-paneles-turisticos-en-la-pernia\/","title":{"rendered":"Nuevos paneles tur\u00edsticos en La Pern\u00eda"},"content":{"rendered":"<div data-elementor-type=\"wp-post\" data-elementor-id=\"13568\" class=\"elementor elementor-13568\" data-elementor-settings=\"[]\">\n\t\t\t\t\t\t\t<div class=\"elementor-section-wrap\">\n\t\t\t\t\t\t\t<section class=\"elementor-section elementor-top-section elementor-element elementor-element-1a3f6ad elementor-section-boxed elementor-section-height-default elementor-section-height-default\" data-id=\"1a3f6ad\" data-element_type=\"section\">\n\t\t\t\t\t\t<div class=\"elementor-container elementor-column-gap-default\">\n\t\t\t\t\t<div class=\"elementor-column elementor-col-100 elementor-top-column elementor-element elementor-element-2a40e7e\" data-id=\"2a40e7e\" data-element_type=\"column\">\n\t\t\t<div class=\"elementor-widget-wrap elementor-element-populated\">\n\t\t\t\t\t\t\t\t<div class=\"elementor-element elementor-element-600d9f9 elementor-widget elementor-widget-heading\" data-id=\"600d9f9\" data-element_type=\"widget\" data-widget_type=\"heading.default\">\n\t\t\t\t<div class=\"elementor-widget-container\">\n\t\t\t<h3 class=\"elementor-heading-title elementor-size-default\">El Ayuntamiento de La Pern\u00eda (Palencia) ha instalado nuevos paneles tur\u00edsticos en algunos de los puntos del municipio con mayor afluencia de visitantes. <\/h3>\t\t<\/div>\n\t\t\t\t<\/div>\n\t\t\t\t\t<\/div>\n\t\t<\/div>\n\t\t\t\t\t\t\t<\/div>\n\t\t<\/section>\n\t\t\t\t<section class=\"elementor-section elementor-top-section elementor-element elementor-element-c6082cf elementor-section-boxed elementor-section-height-default elementor-section-height-default\" data-id=\"c6082cf\" data-element_type=\"section\">\n\t\t\t\t\t\t<div class=\"elementor-container elementor-column-gap-default\">\n\t\t\t\t\t<div class=\"elementor-column elementor-col-50 elementor-top-column elementor-element elementor-element-621cb2a\" data-id=\"621cb2a\" data-element_type=\"column\">\n\t\t\t<div class=\"elementor-widget-wrap elementor-element-populated\">\n\t\t\t\t\t\t\t\t<div class=\"elementor-element elementor-element-191af6a elementor-widget elementor-widget-image\" data-id=\"191af6a\" data-element_type=\"widget\" data-widget_type=\"image.default\">\n\t\t\t\t<div class=\"elementor-widget-container\">\n\t\t\t\t\t\t\t\t\t\t\t\t\t\t\t<img loading=\"lazy\" decoding=\"async\" width=\"525\" height=\"394\" src=\"https:\/\/www.turismolapernia.com\/wp-content\/uploads\/2022\/09\/Panel-mirador-piedrasluengas-768x576.jpeg\" class=\"attachment-medium_large size-medium_large\" alt=\"\" srcset=\"https:\/\/www.turismolapernia.com\/wp-content\/uploads\/2022\/09\/Panel-mirador-piedrasluengas-768x576.jpeg 768w, https:\/\/www.turismolapernia.com\/wp-content\/uploads\/2022\/09\/Panel-mirador-piedrasluengas-300x225.jpeg 300w, https:\/\/www.turismolapernia.com\/wp-content\/uploads\/2022\/09\/Panel-mirador-piedrasluengas-1024x768.jpeg 1024w, https:\/\/www.turismolapernia.com\/wp-content\/uploads\/2022\/09\/Panel-mirador-piedrasluengas-16x12.jpeg 16w, https:\/\/www.turismolapernia.com\/wp-content\/uploads\/2022\/09\/Panel-mirador-piedrasluengas.jpeg 1396w\" sizes=\"auto, 100vw\" \/>\t\t\t\t\t\t\t\t\t\t\t\t\t\t\t<\/div>\n\t\t\t\t<\/div>\n\t\t\t\t\t<\/div>\n\t\t<\/div>\n\t\t\t\t<div class=\"elementor-column elementor-col-50 elementor-top-column elementor-element elementor-element-9a34613\" data-id=\"9a34613\" data-element_type=\"column\">\n\t\t\t<div class=\"elementor-widget-wrap elementor-element-populated\">\n\t\t\t\t\t\t\t\t<div class=\"elementor-element elementor-element-6df8a9f elementor-widget elementor-widget-text-editor\" data-id=\"6df8a9f\" data-element_type=\"widget\" data-widget_type=\"text-editor.default\">\n\t\t\t\t<div class=\"elementor-widget-container\">\n\t\t\t\t\t\t\t<p>A lo largo de este \u00faltimo mes se han renovado los paneles tur\u00edsticos de La Pern\u00eda que estaban en San Salvador de Cantamuda, y se han instalado otros dos nuevos, uno en el Puerto de Piedrasluengas y otro en el aparcamiento de la Senda de Fuente Cobre (Santa Mar\u00eda de Redondo), lugares que registran una importante afluencia de turismo en la zona.<\/p>\n<p><br><\/p>\n<p>Los nuevos paneles incluyen un mapa, fotograf\u00edas e informaci\u00f3n sobre los diferentes recursos tur\u00edsticos de La Pern\u00eda y entorno pr\u00f3ximo (puntos de inter\u00e9s patrimonial y natural, miradores, rutas, alojamientos y restaurantes, etc.).<\/p>\t\t\t\t\t\t<\/div>\n\t\t\t\t<\/div>\n\t\t\t\t\t<\/div>\n\t\t<\/div>\n\t\t\t\t\t\t\t<\/div>\n\t\t<\/section>\n\t\t\t\t<section class=\"elementor-section elementor-top-section elementor-element elementor-element-1332dbb elementor-section-boxed elementor-section-height-default elementor-section-height-default\" data-id=\"1332dbb\" data-element_type=\"section\">\n\t\t\t\t\t\t<div class=\"elementor-container elementor-column-gap-default\">\n\t\t\t\t\t<div class=\"elementor-column elementor-col-100 elementor-top-column elementor-element elementor-element-8aee5dd\" data-id=\"8aee5dd\" data-element_type=\"column\">\n\t\t\t<div class=\"elementor-widget-wrap elementor-element-populated\">\n\t\t\t\t\t\t\t\t<div class=\"elementor-element elementor-element-dd5c09d elementor-widget elementor-widget-text-editor\" data-id=\"dd5c09d\" data-element_type=\"widget\" data-widget_type=\"text-editor.default\">\n\t\t\t\t<div class=\"elementor-widget-container\">\n\t\t\t\t\t\t\t<div>Con la instalaci\u00f3n de estos paneles se pretende mejorar la informaci\u00f3n ofrecida a los turistas que visitan la zona, para que sean conscientes del territorio en que se hallan, y de los valores culturales y naturales que este atesora dentro de la Monta\u00f1a Palentina. En este sentido, se ha podido comprobar que hay visitantes que llegan a La Pern\u00eda sin tener muy claro lo que es La Pern\u00eda, el territorio que abarca, o incluso su ubicaci\u00f3n geogr\u00e1fica en la provincia de Palencia. <br><\/div>\n<div>Cabe recordar que La Pern\u00eda es una comarca hist\u00f3rica y actualmente un municipio de la Monta\u00f1a Palentina, formado por 12 localidades, con capital y sede del ayuntamiento en San Salvador de Cantamuda.<\/div>\n<div><br><\/div>\n<p><\/p>\n<p>Los paneles tur\u00edsticos se han realizado con la ayuda econ\u00f3mica de una subvenci\u00f3n de se\u00f1alizaci\u00f3n tur\u00edstica de la Diputaci\u00f3n de Palencia. Adem\u00e1s, en el caso de los paneles instalados en infraestructuras de uso p\u00fablico del Parque Natural Monta\u00f1a Palentina, como son el Mirador de Piedrasluengas y el aparcamiento de la Senda de Fuente Cobre, se ha contado con el apoyo del personal del Parque Natural para su colocaci\u00f3n. En el dise\u00f1o de estos \u00faltimos, tambi\u00e9n se ha tenido en cuenta la normativa de se\u00f1alizaci\u00f3n del propio Parque Natural.<\/p>\n<p><br><\/p>\n<p><\/p>\n<p>Esta actuaci\u00f3n contin\u00faa en la l\u00ednea de otras ya realizadas o planteadas desde el consistorio, siempre relacionadas con la mejora tur\u00edstica del municipio, como son la se\u00f1alizaci\u00f3n de restaurantes y alojamientos, la edici\u00f3n de folletos tur\u00edsticos y v\u00eddeos promocionales, el <a href=\"https:\/\/storage.net-fs.com\/hosting\/6531769\/12\/\">tour virtual<\/a> de la iglesia de San Salvador, o la pr\u00f3xima creaci\u00f3n de nuevas rutas de senderismo como la &#8220;Senda de <i>La venganza del Conde&#8221;<\/i>.<\/p>\n<p><\/p>\t\t\t\t\t\t<\/div>\n\t\t\t\t<\/div>\n\t\t\t\t\t<\/div>\n\t\t<\/div>\n\t\t\t\t\t\t\t<\/div>\n\t\t<\/section>\n\t\t\t\t<section class=\"elementor-section elementor-top-section elementor-element elementor-element-d5055de elementor-section-boxed elementor-section-height-default elementor-section-height-default\" data-id=\"d5055de\" data-element_type=\"section\">\n\t\t\t\t\t\t<div class=\"elementor-container elementor-column-gap-default\">\n\t\t\t\t\t<div class=\"elementor-column elementor-col-33 elementor-top-column elementor-element elementor-element-1c332a3\" data-id=\"1c332a3\" data-element_type=\"column\">\n\t\t\t<div class=\"elementor-widget-wrap elementor-element-populated\">\n\t\t\t\t\t\t\t\t<div class=\"elementor-element elementor-element-56bf82d elementor-widget elementor-widget-image\" data-id=\"56bf82d\" data-element_type=\"widget\" data-widget_type=\"image.default\">\n\t\t\t\t<div class=\"elementor-widget-container\">\n\t\t\t\t\t\t\t\t\t\t\t\t\t\t\t<img loading=\"lazy\" decoding=\"async\" width=\"300\" height=\"225\" src=\"https:\/\/www.turismolapernia.com\/wp-content\/uploads\/2022\/09\/Panel-redondo-300x225.jpeg\" class=\"attachment-medium size-medium\" alt=\"\" srcset=\"https:\/\/www.turismolapernia.com\/wp-content\/uploads\/2022\/09\/Panel-redondo-300x225.jpeg 300w, https:\/\/www.turismolapernia.com\/wp-content\/uploads\/2022\/09\/Panel-redondo-1024x768.jpeg 1024w, https:\/\/www.turismolapernia.com\/wp-content\/uploads\/2022\/09\/Panel-redondo-768x576.jpeg 768w, https:\/\/www.turismolapernia.com\/wp-content\/uploads\/2022\/09\/Panel-redondo-16x12.jpeg 16w, https:\/\/www.turismolapernia.com\/wp-content\/uploads\/2022\/09\/Panel-redondo.jpeg 1268w\" sizes=\"auto, 100vw\" \/>\t\t\t\t\t\t\t\t\t\t\t\t\t\t\t<\/div>\n\t\t\t\t<\/div>\n\t\t\t\t\t<\/div>\n\t\t<\/div>\n\t\t\t\t<div class=\"elementor-column elementor-col-33 elementor-top-column elementor-element elementor-element-8e918a2\" data-id=\"8e918a2\" data-element_type=\"column\">\n\t\t\t<div class=\"elementor-widget-wrap elementor-element-populated\">\n\t\t\t\t\t\t\t\t<div class=\"elementor-element elementor-element-ed00bd0 elementor-widget elementor-widget-image\" data-id=\"ed00bd0\" data-element_type=\"widget\" data-widget_type=\"image.default\">\n\t\t\t\t<div class=\"elementor-widget-container\">\n\t\t\t\t\t\t\t\t\t\t\t\t\t\t\t<img loading=\"lazy\" decoding=\"async\" width=\"300\" height=\"225\" src=\"https:\/\/www.turismolapernia.com\/wp-content\/uploads\/2022\/09\/Panel-piedrasluengas-300x225.jpeg\" class=\"attachment-medium size-medium\" alt=\"\" srcset=\"https:\/\/www.turismolapernia.com\/wp-content\/uploads\/2022\/09\/Panel-piedrasluengas-300x225.jpeg 300w, https:\/\/www.turismolapernia.com\/wp-content\/uploads\/2022\/09\/Panel-piedrasluengas-1024x767.jpeg 1024w, https:\/\/www.turismolapernia.com\/wp-content\/uploads\/2022\/09\/Panel-piedrasluengas-768x575.jpeg 768w, https:\/\/www.turismolapernia.com\/wp-content\/uploads\/2022\/09\/Panel-piedrasluengas-16x12.jpeg 16w, https:\/\/www.turismolapernia.com\/wp-content\/uploads\/2022\/09\/Panel-piedrasluengas.jpeg 1381w\" sizes=\"auto, 100vw\" \/>\t\t\t\t\t\t\t\t\t\t\t\t\t\t\t<\/div>\n\t\t\t\t<\/div>\n\t\t\t\t\t<\/div>\n\t\t<\/div>\n\t\t\t\t<div class=\"elementor-column elementor-col-33 elementor-top-column elementor-element elementor-element-8939dd5\" data-id=\"8939dd5\" data-element_type=\"column\">\n\t\t\t<div class=\"elementor-widget-wrap elementor-element-populated\">\n\t\t\t\t\t\t\t\t<div class=\"elementor-element elementor-element-fd72e15 elementor-widget elementor-widget-image\" data-id=\"fd72e15\" data-element_type=\"widget\" data-widget_type=\"image.default\">\n\t\t\t\t<div class=\"elementor-widget-container\">\n\t\t\t\t\t\t\t\t\t\t\t\t\t\t\t<img loading=\"lazy\" decoding=\"async\" width=\"300\" height=\"221\" src=\"https:\/\/www.turismolapernia.com\/wp-content\/uploads\/2022\/09\/DSC_0574-300x221.jpg\" class=\"attachment-medium size-medium\" alt=\"\" srcset=\"https:\/\/www.turismolapernia.com\/wp-content\/uploads\/2022\/09\/DSC_0574-300x221.jpg 300w, https:\/\/www.turismolapernia.com\/wp-content\/uploads\/2022\/09\/DSC_0574-1024x754.jpg 1024w, https:\/\/www.turismolapernia.com\/wp-content\/uploads\/2022\/09\/DSC_0574-768x565.jpg 768w, https:\/\/www.turismolapernia.com\/wp-content\/uploads\/2022\/09\/DSC_0574-16x12.jpg 16w, https:\/\/www.turismolapernia.com\/wp-content\/uploads\/2022\/09\/DSC_0574.jpg 1206w\" sizes=\"auto, 100vw\" \/>\t\t\t\t\t\t\t\t\t\t\t\t\t\t\t<\/div>\n\t\t\t\t<\/div>\n\t\t\t\t\t<\/div>\n\t\t<\/div>\n\t\t\t\t\t\t\t<\/div>\n\t\t<\/section>\n\t\t\t\t\t\t<\/div>\n\t\t\t\t\t<\/div>","protected":false},"excerpt":{"rendered":"<p>El Ayuntamiento de La Pern\u00eda (Palencia) ha instalado nuevos paneles tur\u00edsticos en algunos de los puntos del municipio con mayor afluencia de visitantes. A lo largo de este \u00faltimo mes se han renovado los paneles tur\u00edsticos de La Pern\u00eda que estaban en San Salvador de Cantamuda, y se han instalado otros dos nuevos, uno en &hellip; <\/p>\n<p class=\"link-more\"><a href=\"https:\/\/www.turismolapernia.com\/en\/noticias-pernia\/nuevos-paneles-turisticos-en-la-pernia\/\" class=\"more-link\">Continue reading<span class=\"screen-reader-text\"> &#8220;Nuevos paneles tur\u00edsticos en La Pern\u00eda&#8221;<\/span><\/a><\/p>","protected":false},"author":1,"featured_media":13570,"comment_status":"open","ping_status":"open","sticky":false,"template":"","format":"standard","meta":{"footnotes":""},"categories":[13],"tags":[],"class_list":["post-13568","post","type-post","status-publish","format-standard","has-post-thumbnail","hentry","category-noticias-pernia"],"yoast_head":"<!-- This site is optimized with the Yoast SEO plugin v23.5 - https:\/\/yoast.com\/wordpress\/plugins\/seo\/ -->\n<title>Nuevos paneles tur\u00edsticos en La Pern\u00eda | Turismo La Pern\u00eda<\/title>\n<meta name=\"robots\" content=\"index, follow, max-snippet:-1, max-image-preview:large, max-video-preview:-1\" \/>\n<link rel=\"canonical\" href=\"https:\/\/www.turismolapernia.com\/en\/noticias-pernia\/nuevos-paneles-turisticos-en-la-pernia\/\" \/>\n<meta property=\"og:locale\" content=\"en_GB\" \/>\n<meta property=\"og:type\" content=\"article\" \/>\n<meta property=\"og:title\" content=\"Nuevos paneles tur\u00edsticos en La Pern\u00eda | Turismo La Pern\u00eda\" \/>\n<meta property=\"og:description\" content=\"El Ayuntamiento de La Pern\u00eda (Palencia) ha instalado nuevos paneles tur\u00edsticos en algunos de los puntos del municipio con mayor afluencia de visitantes. A lo largo de este \u00faltimo mes se han renovado los paneles tur\u00edsticos de La Pern\u00eda que estaban en San Salvador de Cantamuda, y se han instalado otros dos nuevos, uno en &hellip; Continue reading &quot;Nuevos paneles tur\u00edsticos en La Pern\u00eda&quot;\" \/>\n<meta property=\"og:url\" content=\"https:\/\/www.turismolapernia.com\/en\/noticias-pernia\/nuevos-paneles-turisticos-en-la-pernia\/\" \/>\n<meta property=\"og:site_name\" content=\"Turismo La Pern\u00eda\" \/>\n<meta property=\"article:publisher\" content=\"https:\/\/www.facebook.com\/turismolapernia\/\" \/>\n<meta property=\"article:published_time\" content=\"2022-09-29T11:49:41+00:00\" \/>\n<meta property=\"article:modified_time\" content=\"2022-09-30T07:54:52+00:00\" \/>\n<meta property=\"og:image\" content=\"https:\/\/www.turismolapernia.com\/wp-content\/uploads\/2022\/09\/Panel-mirador-piedrasluengas.jpeg\" \/>\n\t<meta property=\"og:image:width\" content=\"1396\" \/>\n\t<meta property=\"og:image:height\" content=\"1047\" \/>\n\t<meta property=\"og:image:type\" content=\"image\/jpeg\" \/>\n<meta name=\"author\" content=\"admin\" \/>\n<meta name=\"twitter:card\" content=\"summary_large_image\" \/>\n<meta name=\"twitter:label1\" content=\"Written by\" \/>\n\t<meta name=\"twitter:data1\" content=\"admin\" \/>\n\t<meta name=\"twitter:label2\" content=\"Estimated reading time\" \/>\n\t<meta name=\"twitter:data2\" content=\"2 minutes\" \/>\n<script type=\"application\/ld+json\" class=\"yoast-schema-graph\">{\"@context\":\"https:\/\/schema.org\",\"@graph\":[{\"@type\":\"Article\",\"@id\":\"https:\/\/www.turismolapernia.com\/noticias-pernia\/nuevos-paneles-turisticos-en-la-pernia\/#article\",\"isPartOf\":{\"@id\":\"https:\/\/www.turismolapernia.com\/noticias-pernia\/nuevos-paneles-turisticos-en-la-pernia\/\"},\"author\":{\"name\":\"admin\",\"@id\":\"https:\/\/www.turismolapernia.com\/#\/schema\/person\/5d5ac032f7e9064c5ce073bbe3564340\"},\"headline\":\"Nuevos paneles tur\u00edsticos en La Pern\u00eda\",\"datePublished\":\"2022-09-29T11:49:41+00:00\",\"dateModified\":\"2022-09-30T07:54:52+00:00\",\"mainEntityOfPage\":{\"@id\":\"https:\/\/www.turismolapernia.com\/noticias-pernia\/nuevos-paneles-turisticos-en-la-pernia\/\"},\"wordCount\":438,\"commentCount\":0,\"publisher\":{\"@id\":\"https:\/\/www.turismolapernia.com\/#organization\"},\"image\":{\"@id\":\"https:\/\/www.turismolapernia.com\/noticias-pernia\/nuevos-paneles-turisticos-en-la-pernia\/#primaryimage\"},\"thumbnailUrl\":\"https:\/\/www.turismolapernia.com\/wp-content\/uploads\/2022\/09\/Panel-mirador-piedrasluengas.jpeg\",\"articleSection\":[\"Noticias\"],\"inLanguage\":\"en-GB\",\"potentialAction\":[{\"@type\":\"CommentAction\",\"name\":\"Comment\",\"target\":[\"https:\/\/www.turismolapernia.com\/noticias-pernia\/nuevos-paneles-turisticos-en-la-pernia\/#respond\"]}]},{\"@type\":\"WebPage\",\"@id\":\"https:\/\/www.turismolapernia.com\/noticias-pernia\/nuevos-paneles-turisticos-en-la-pernia\/\",\"url\":\"https:\/\/www.turismolapernia.com\/noticias-pernia\/nuevos-paneles-turisticos-en-la-pernia\/\",\"name\":\"Nuevos paneles tur\u00edsticos en La Pern\u00eda | Turismo La Pern\u00eda\",\"isPartOf\":{\"@id\":\"https:\/\/www.turismolapernia.com\/#website\"},\"primaryImageOfPage\":{\"@id\":\"https:\/\/www.turismolapernia.com\/noticias-pernia\/nuevos-paneles-turisticos-en-la-pernia\/#primaryimage\"},\"image\":{\"@id\":\"https:\/\/www.turismolapernia.com\/noticias-pernia\/nuevos-paneles-turisticos-en-la-pernia\/#primaryimage\"},\"thumbnailUrl\":\"https:\/\/www.turismolapernia.com\/wp-content\/uploads\/2022\/09\/Panel-mirador-piedrasluengas.jpeg\",\"datePublished\":\"2022-09-29T11:49:41+00:00\",\"dateModified\":\"2022-09-30T07:54:52+00:00\",\"breadcrumb\":{\"@id\":\"https:\/\/www.turismolapernia.com\/noticias-pernia\/nuevos-paneles-turisticos-en-la-pernia\/#breadcrumb\"},\"inLanguage\":\"en-GB\",\"potentialAction\":[{\"@type\":\"ReadAction\",\"target\":[\"https:\/\/www.turismolapernia.com\/noticias-pernia\/nuevos-paneles-turisticos-en-la-pernia\/\"]}]},{\"@type\":\"ImageObject\",\"inLanguage\":\"en-GB\",\"@id\":\"https:\/\/www.turismolapernia.com\/noticias-pernia\/nuevos-paneles-turisticos-en-la-pernia\/#primaryimage\",\"url\":\"https:\/\/www.turismolapernia.com\/wp-content\/uploads\/2022\/09\/Panel-mirador-piedrasluengas.jpeg\",\"contentUrl\":\"https:\/\/www.turismolapernia.com\/wp-content\/uploads\/2022\/09\/Panel-mirador-piedrasluengas.jpeg\",\"width\":1396,\"height\":1047},{\"@type\":\"BreadcrumbList\",\"@id\":\"https:\/\/www.turismolapernia.com\/noticias-pernia\/nuevos-paneles-turisticos-en-la-pernia\/#breadcrumb\",\"itemListElement\":[{\"@type\":\"ListItem\",\"position\":1,\"name\":\"La Pern\u00eda\",\"item\":\"https:\/\/www.turismolapernia.com\/\"},{\"@type\":\"ListItem\",\"position\":2,\"name\":\"Nuevos paneles tur\u00edsticos en La Pern\u00eda\"}]},{\"@type\":\"WebSite\",\"@id\":\"https:\/\/www.turismolapernia.com\/#website\",\"url\":\"https:\/\/www.turismolapernia.com\/\",\"name\":\"Turismo La Pern\u00eda\",\"description\":\"Monta\u00f1a Palentina\",\"publisher\":{\"@id\":\"https:\/\/www.turismolapernia.com\/#organization\"},\"potentialAction\":[{\"@type\":\"SearchAction\",\"target\":{\"@type\":\"EntryPoint\",\"urlTemplate\":\"https:\/\/www.turismolapernia.com\/?s={search_term_string}\"},\"query-input\":{\"@type\":\"PropertyValueSpecification\",\"valueRequired\":true,\"valueName\":\"search_term_string\"}}],\"inLanguage\":\"en-GB\"},{\"@type\":\"Organization\",\"@id\":\"https:\/\/www.turismolapernia.com\/#organization\",\"name\":\"Turismo La Pern\u00eda\",\"url\":\"https:\/\/www.turismolapernia.com\/\",\"logo\":{\"@type\":\"ImageObject\",\"inLanguage\":\"en-GB\",\"@id\":\"https:\/\/www.turismolapernia.com\/#\/schema\/logo\/image\/\",\"url\":\"https:\/\/www.turismolapernia.com\/wp-content\/uploads\/2021\/12\/cropped-logo-CRV-Pernia-perfil.jpg\",\"contentUrl\":\"https:\/\/www.turismolapernia.com\/wp-content\/uploads\/2021\/12\/cropped-logo-CRV-Pernia-perfil.jpg\",\"width\":512,\"height\":512,\"caption\":\"Turismo La Pern\u00eda\"},\"image\":{\"@id\":\"https:\/\/www.turismolapernia.com\/#\/schema\/logo\/image\/\"},\"sameAs\":[\"https:\/\/www.facebook.com\/turismolapernia\/\",\"https:\/\/www.instagram.com\/turismolapernia\/\"]},{\"@type\":\"Person\",\"@id\":\"https:\/\/www.turismolapernia.com\/#\/schema\/person\/5d5ac032f7e9064c5ce073bbe3564340\",\"name\":\"admin\",\"image\":{\"@type\":\"ImageObject\",\"inLanguage\":\"en-GB\",\"@id\":\"https:\/\/www.turismolapernia.com\/#\/schema\/person\/image\/\",\"url\":\"https:\/\/secure.gravatar.com\/avatar\/fe87fc43b218a52a79b72dddcb95d45fcdca0048b80712e6d20925a50f267165?s=96&d=mm&r=g\",\"contentUrl\":\"https:\/\/secure.gravatar.com\/avatar\/fe87fc43b218a52a79b72dddcb95d45fcdca0048b80712e6d20925a50f267165?s=96&d=mm&r=g\",\"caption\":\"admin\"}}]}<\/script>\n<!-- \/ Yoast SEO plugin. -->","yoast_head_json":{"title":"Nuevos paneles tur\u00edsticos en La Pern\u00eda | Turismo La Pern\u00eda","robots":{"index":"index","follow":"follow","max-snippet":"max-snippet:-1","max-image-preview":"max-image-preview:large","max-video-preview":"max-video-preview:-1"},"canonical":"https:\/\/www.turismolapernia.com\/en\/noticias-pernia\/nuevos-paneles-turisticos-en-la-pernia\/","og_locale":"en_GB","og_type":"article","og_title":"Nuevos paneles tur\u00edsticos en La Pern\u00eda | Turismo La Pern\u00eda","og_description":"El Ayuntamiento de La Pern\u00eda (Palencia) ha instalado nuevos paneles tur\u00edsticos en algunos de los puntos del municipio con mayor afluencia de visitantes. A lo largo de este \u00faltimo mes se han renovado los paneles tur\u00edsticos de La Pern\u00eda que estaban en San Salvador de Cantamuda, y se han instalado otros dos nuevos, uno en &hellip; Continue reading \"Nuevos paneles tur\u00edsticos en La Pern\u00eda\"","og_url":"https:\/\/www.turismolapernia.com\/en\/noticias-pernia\/nuevos-paneles-turisticos-en-la-pernia\/","og_site_name":"Turismo La Pern\u00eda","article_publisher":"https:\/\/www.facebook.com\/turismolapernia\/","article_published_time":"2022-09-29T11:49:41+00:00","article_modified_time":"2022-09-30T07:54:52+00:00","og_image":[{"width":1396,"height":1047,"url":"https:\/\/www.turismolapernia.com\/wp-content\/uploads\/2022\/09\/Panel-mirador-piedrasluengas.jpeg","type":"image\/jpeg"}],"author":"admin","twitter_card":"summary_large_image","twitter_misc":{"Written by":"admin","Estimated reading time":"2 minutes"},"schema":{"@context":"https:\/\/schema.org","@graph":[{"@type":"Article","@id":"https:\/\/www.turismolapernia.com\/noticias-pernia\/nuevos-paneles-turisticos-en-la-pernia\/#article","isPartOf":{"@id":"https:\/\/www.turismolapernia.com\/noticias-pernia\/nuevos-paneles-turisticos-en-la-pernia\/"},"author":{"name":"admin","@id":"https:\/\/www.turismolapernia.com\/#\/schema\/person\/5d5ac032f7e9064c5ce073bbe3564340"},"headline":"Nuevos paneles tur\u00edsticos en La Pern\u00eda","datePublished":"2022-09-29T11:49:41+00:00","dateModified":"2022-09-30T07:54:52+00:00","mainEntityOfPage":{"@id":"https:\/\/www.turismolapernia.com\/noticias-pernia\/nuevos-paneles-turisticos-en-la-pernia\/"},"wordCount":438,"commentCount":0,"publisher":{"@id":"https:\/\/www.turismolapernia.com\/#organization"},"image":{"@id":"https:\/\/www.turismolapernia.com\/noticias-pernia\/nuevos-paneles-turisticos-en-la-pernia\/#primaryimage"},"thumbnailUrl":"https:\/\/www.turismolapernia.com\/wp-content\/uploads\/2022\/09\/Panel-mirador-piedrasluengas.jpeg","articleSection":["Noticias"],"inLanguage":"en-GB","potentialAction":[{"@type":"CommentAction","name":"Comment","target":["https:\/\/www.turismolapernia.com\/noticias-pernia\/nuevos-paneles-turisticos-en-la-pernia\/#respond"]}]},{"@type":"WebPage","@id":"https:\/\/www.turismolapernia.com\/noticias-pernia\/nuevos-paneles-turisticos-en-la-pernia\/","url":"https:\/\/www.turismolapernia.com\/noticias-pernia\/nuevos-paneles-turisticos-en-la-pernia\/","name":"Nuevos paneles tur\u00edsticos en La Pern\u00eda | Turismo La Pern\u00eda","isPartOf":{"@id":"https:\/\/www.turismolapernia.com\/#website"},"primaryImageOfPage":{"@id":"https:\/\/www.turismolapernia.com\/noticias-pernia\/nuevos-paneles-turisticos-en-la-pernia\/#primaryimage"},"image":{"@id":"https:\/\/www.turismolapernia.com\/noticias-pernia\/nuevos-paneles-turisticos-en-la-pernia\/#primaryimage"},"thumbnailUrl":"https:\/\/www.turismolapernia.com\/wp-content\/uploads\/2022\/09\/Panel-mirador-piedrasluengas.jpeg","datePublished":"2022-09-29T11:49:41+00:00","dateModified":"2022-09-30T07:54:52+00:00","breadcrumb":{"@id":"https:\/\/www.turismolapernia.com\/noticias-pernia\/nuevos-paneles-turisticos-en-la-pernia\/#breadcrumb"},"inLanguage":"en-GB","potentialAction":[{"@type":"ReadAction","target":["https:\/\/www.turismolapernia.com\/noticias-pernia\/nuevos-paneles-turisticos-en-la-pernia\/"]}]},{"@type":"ImageObject","inLanguage":"en-GB","@id":"https:\/\/www.turismolapernia.com\/noticias-pernia\/nuevos-paneles-turisticos-en-la-pernia\/#primaryimage","url":"https:\/\/www.turismolapernia.com\/wp-content\/uploads\/2022\/09\/Panel-mirador-piedrasluengas.jpeg","contentUrl":"https:\/\/www.turismolapernia.com\/wp-content\/uploads\/2022\/09\/Panel-mirador-piedrasluengas.jpeg","width":1396,"height":1047},{"@type":"BreadcrumbList","@id":"https:\/\/www.turismolapernia.com\/noticias-pernia\/nuevos-paneles-turisticos-en-la-pernia\/#breadcrumb","itemListElement":[{"@type":"ListItem","position":1,"name":"La Pern\u00eda","item":"https:\/\/www.turismolapernia.com\/"},{"@type":"ListItem","position":2,"name":"Nuevos paneles tur\u00edsticos en La Pern\u00eda"}]},{"@type":"WebSite","@id":"https:\/\/www.turismolapernia.com\/#website","url":"https:\/\/www.turismolapernia.com\/","name":"Turismo La Pern\u00eda","description":"Monta\u00f1a Palentina","publisher":{"@id":"https:\/\/www.turismolapernia.com\/#organization"},"potentialAction":[{"@type":"SearchAction","target":{"@type":"EntryPoint","urlTemplate":"https:\/\/www.turismolapernia.com\/?s={search_term_string}"},"query-input":{"@type":"PropertyValueSpecification","valueRequired":true,"valueName":"search_term_string"}}],"inLanguage":"en-GB"},{"@type":"Organization","@id":"https:\/\/www.turismolapernia.com\/#organization","name":"Turismo La Pern\u00eda","url":"https:\/\/www.turismolapernia.com\/","logo":{"@type":"ImageObject","inLanguage":"en-GB","@id":"https:\/\/www.turismolapernia.com\/#\/schema\/logo\/image\/","url":"https:\/\/www.turismolapernia.com\/wp-content\/uploads\/2021\/12\/cropped-logo-CRV-Pernia-perfil.jpg","contentUrl":"https:\/\/www.turismolapernia.com\/wp-content\/uploads\/2021\/12\/cropped-logo-CRV-Pernia-perfil.jpg","width":512,"height":512,"caption":"Turismo La Pern\u00eda"},"image":{"@id":"https:\/\/www.turismolapernia.com\/#\/schema\/logo\/image\/"},"sameAs":["https:\/\/www.facebook.com\/turismolapernia\/","https:\/\/www.instagram.com\/turismolapernia\/"]},{"@type":"Person","@id":"https:\/\/www.turismolapernia.com\/#\/schema\/person\/5d5ac032f7e9064c5ce073bbe3564340","name":"admin","image":{"@type":"ImageObject","inLanguage":"en-GB","@id":"https:\/\/www.turismolapernia.com\/#\/schema\/person\/image\/","url":"https:\/\/secure.gravatar.com\/avatar\/fe87fc43b218a52a79b72dddcb95d45fcdca0048b80712e6d20925a50f267165?s=96&d=mm&r=g","contentUrl":"https:\/\/secure.gravatar.com\/avatar\/fe87fc43b218a52a79b72dddcb95d45fcdca0048b80712e6d20925a50f267165?s=96&d=mm&r=g","caption":"admin"}}]}},"_links":{"self":[{"href":"https:\/\/www.turismolapernia.com\/en\/wp-json\/wp\/v2\/posts\/13568","targetHints":{"allow":["GET"]}}],"collection":[{"href":"https:\/\/www.turismolapernia.com\/en\/wp-json\/wp\/v2\/posts"}],"about":[{"href":"https:\/\/www.turismolapernia.com\/en\/wp-json\/wp\/v2\/types\/post"}],"author":[{"embeddable":true,"href":"https:\/\/www.turismolapernia.com\/en\/wp-json\/wp\/v2\/users\/1"}],"replies":[{"embeddable":true,"href":"https:\/\/www.turismolapernia.com\/en\/wp-json\/wp\/v2\/comments?post=13568"}],"version-history":[{"count":87,"href":"https:\/\/www.turismolapernia.com\/en\/wp-json\/wp\/v2\/posts\/13568\/revisions"}],"predecessor-version":[{"id":13694,"href":"https:\/\/www.turismolapernia.com\/en\/wp-json\/wp\/v2\/posts\/13568\/revisions\/13694"}],"wp:featuredmedia":[{"embeddable":true,"href":"https:\/\/www.turismolapernia.com\/en\/wp-json\/wp\/v2\/media\/13570"}],"wp:attachment":[{"href":"https:\/\/www.turismolapernia.com\/en\/wp-json\/wp\/v2\/media?parent=13568"}],"wp:term":[{"taxonomy":"category","embeddable":true,"href":"https:\/\/www.turismolapernia.com\/en\/wp-json\/wp\/v2\/categories?post=13568"},{"taxonomy":"post_tag","embeddable":true,"href":"https:\/\/www.turismolapernia.com\/en\/wp-json\/wp\/v2\/tags?post=13568"}],"curies":[{"name":"wp","href":"https:\/\/api.w.org\/{rel}","templated":true}]}}