{"id":13310,"date":"2022-09-13T10:46:20","date_gmt":"2022-09-13T08:46:20","guid":{"rendered":"https:\/\/www.turismolapernia.com\/?p=13310"},"modified":"2022-09-14T09:25:35","modified_gmt":"2022-09-14T07:25:35","slug":"la-colegiata-de-san-salvador-recibe-mas-de-2600-visitas-e-incorpora-un-tour-virtual","status":"publish","type":"post","link":"https:\/\/www.turismolapernia.com\/en\/noticias-pernia\/la-colegiata-de-san-salvador-recibe-mas-de-2600-visitas-e-incorpora-un-tour-virtual\/","title":{"rendered":"La colegiata de San Salvador recibe m\u00e1s de 2600 visitas e incorpora un tour virtual"},"content":{"rendered":"<div data-elementor-type=\"wp-post\" data-elementor-id=\"13310\" class=\"elementor elementor-13310\" data-elementor-settings=\"[]\">\n\t\t\t\t\t\t\t<div class=\"elementor-section-wrap\">\n\t\t\t\t\t\t\t<section class=\"elementor-section elementor-top-section elementor-element elementor-element-37a6e8a elementor-section-boxed elementor-section-height-default elementor-section-height-default\" data-id=\"37a6e8a\" data-element_type=\"section\">\n\t\t\t\t\t\t<div class=\"elementor-container elementor-column-gap-default\">\n\t\t\t\t\t<div class=\"elementor-column elementor-col-50 elementor-top-column elementor-element elementor-element-591f964\" data-id=\"591f964\" data-element_type=\"column\">\n\t\t\t<div class=\"elementor-widget-wrap elementor-element-populated\">\n\t\t\t\t\t\t\t\t<div class=\"elementor-element elementor-element-0b0aa14 elementor-widget elementor-widget-image\" data-id=\"0b0aa14\" data-element_type=\"widget\" data-widget_type=\"image.default\">\n\t\t\t\t<div class=\"elementor-widget-container\">\n\t\t\t\t\t\t\t\t\t\t\t\t<figure class=\"wp-caption\">\n\t\t\t\t\t\t\t\t\t\t<img loading=\"lazy\" decoding=\"async\" width=\"525\" height=\"295\" src=\"https:\/\/www.turismolapernia.com\/wp-content\/uploads\/2022\/09\/DJI_0656-2-1024x576.jpg\" class=\"attachment-large size-large\" alt=\"\" srcset=\"https:\/\/www.turismolapernia.com\/wp-content\/uploads\/2022\/09\/DJI_0656-2-1024x576.jpg 1024w, https:\/\/www.turismolapernia.com\/wp-content\/uploads\/2022\/09\/DJI_0656-2-300x169.jpg 300w, https:\/\/www.turismolapernia.com\/wp-content\/uploads\/2022\/09\/DJI_0656-2-768x432.jpg 768w, https:\/\/www.turismolapernia.com\/wp-content\/uploads\/2022\/09\/DJI_0656-2-18x10.jpg 18w, https:\/\/www.turismolapernia.com\/wp-content\/uploads\/2022\/09\/DJI_0656-2.jpg 1350w\" sizes=\"auto, 100vw\" \/>\t\t\t\t\t\t\t\t\t\t\t<figcaption class=\"widget-image-caption wp-caption-text\">Colegiata rom\u00e1nica de San Salvador de Cantamuda (La Pern\u00eda, Palencia). Imagen: DG Visual Solutions<\/figcaption>\n\t\t\t\t\t\t\t\t\t\t<\/figure>\n\t\t\t\t\t\t\t\t\t<\/div>\n\t\t\t\t<\/div>\n\t\t\t\t\t<\/div>\n\t\t<\/div>\n\t\t\t\t<div class=\"elementor-column elementor-col-50 elementor-top-column elementor-element elementor-element-65711e6\" data-id=\"65711e6\" data-element_type=\"column\">\n\t\t\t<div class=\"elementor-widget-wrap elementor-element-populated\">\n\t\t\t\t\t\t\t\t<div class=\"elementor-element elementor-element-1fd5825 elementor-widget elementor-widget-text-editor\" data-id=\"1fd5825\" data-element_type=\"widget\" data-widget_type=\"text-editor.default\">\n\t\t\t\t<div class=\"elementor-widget-container\">\n\t\t\t\t\t\t\t<p>Finalizado el Programa de Apertura de Monumentos de la Junta de Castilla y Le\u00f3n el pasado 11 de septiembre, la iglesia rom\u00e1nica de San Salvador de Cantamuda (Palencia) ha recibido durante este verano m\u00e1s de 2600 visitas.<\/p>\n<p><\/p>\n<p>La cifra es algo inferior a la del a\u00f1o pasado, cuando se superaron los 3000 visitantes. Sin embargo, en lo que va de a\u00f1o, el balance total es muy positivo, ascendiendo a 4900 visitantes, unos 500 m\u00e1s que el a\u00f1o pasado por estas mismas fechas.<\/p>\n<p><br><\/p>\n<p>Los visitantes que se acercan a San Salvador proceden en su mayor parte de Madrid, Pa\u00eds Vasco o de la propia comunidad de Castilla y Le\u00f3n, aunque tambi\u00e9n hay un porcentaje destacable de andaluces, y se han contabilizado casi un centenar de extranjeros. <br><\/p>\t\t\t\t\t\t<\/div>\n\t\t\t\t<\/div>\n\t\t\t\t\t<\/div>\n\t\t<\/div>\n\t\t\t\t\t\t\t<\/div>\n\t\t<\/section>\n\t\t\t\t<section class=\"elementor-section elementor-top-section elementor-element elementor-element-3cd5ffe elementor-section-boxed elementor-section-height-default elementor-section-height-default\" data-id=\"3cd5ffe\" data-element_type=\"section\">\n\t\t\t\t\t\t<div class=\"elementor-container elementor-column-gap-default\">\n\t\t\t\t\t<div class=\"elementor-column elementor-col-50 elementor-top-column elementor-element elementor-element-bcd99dd\" data-id=\"bcd99dd\" data-element_type=\"column\">\n\t\t\t<div class=\"elementor-widget-wrap elementor-element-populated\">\n\t\t\t\t\t\t\t\t<div class=\"elementor-element elementor-element-95fc8ac elementor-widget elementor-widget-heading\" data-id=\"95fc8ac\" data-element_type=\"widget\" data-widget_type=\"heading.default\">\n\t\t\t\t<div class=\"elementor-widget-container\">\n\t\t\t<h4 class=\"elementor-heading-title elementor-size-default\">Tour virtual<\/h4>\t\t<\/div>\n\t\t\t\t<\/div>\n\t\t\t\t<div class=\"elementor-element elementor-element-2792f9c elementor-widget elementor-widget-text-editor\" data-id=\"2792f9c\" data-element_type=\"widget\" data-widget_type=\"text-editor.default\">\n\t\t\t\t<div class=\"elementor-widget-container\">\n\t\t\t\t\t\t\t<p>Por otra parte, como novedad, la colegiata de San Salvador de Cantamuda ha incorporado recientemente un recorrido o <a href=\"https:\/\/storage.net-fs.com\/hosting\/6531769\/12\/\"><b>visita virtual<\/b><\/a>, con el fin de mejorar la experiencia e informaci\u00f3n ofrecida a los visitantes y personas interesadas.<br \/>El tour virtual ha sido creado y desarrollado por la empresa &#8220;DG Visual Solutions&#8221; en colaboraci\u00f3n con el Ayuntamiento de La Pern\u00eda y la Diputaci\u00f3n de Palencia, y cuenta con varios panoramas en 360\u00ba que permiten apreciar el templo desde m\u00faltiples perspectivas, un alb\u00fam de fotograf\u00edas, as\u00ed como informaci\u00f3n sobre los principales elementos a destacar en la iglesia.<\/p><p>\u00a0<\/p><p>M\u00e1s informaci\u00f3n:<\/p><p><blockquote class=\"wp-embedded-content\" data-secret=\"mJiWOq8iCI\"><a href=\"https:\/\/www.turismolapernia.com\/en\/colegiata-san-salvador-de-cantamuda\/\">Collegiate church of San Salvador de Cantamuda<\/a><\/blockquote><iframe loading=\"lazy\" class=\"wp-embedded-content\" sandbox=\"allow-scripts\" security=\"restricted\" style=\"position: absolute; visibility: hidden;\" title=\"\u00abColegiata de San Salvador de Cantamuda\u00bb \u2014 Turismo La Pern\u00eda\" src=\"https:\/\/www.turismolapernia.com\/colegiata-san-salvador-de-cantamuda\/embed\/#?secret=BqZ19nH9I6#?secret=mJiWOq8iCI\" data-secret=\"mJiWOq8iCI\" width=\"525\" height=\"296\" frameborder=\"0\" marginwidth=\"0\" marginheight=\"0\" scrolling=\"no\"><\/iframe><\/p>\t\t\t\t\t\t<\/div>\n\t\t\t\t<\/div>\n\t\t\t\t\t<\/div>\n\t\t<\/div>\n\t\t\t\t<div class=\"elementor-column elementor-col-50 elementor-top-column elementor-element elementor-element-2fb58b8\" data-id=\"2fb58b8\" data-element_type=\"column\">\n\t\t\t<div class=\"elementor-widget-wrap elementor-element-populated\">\n\t\t\t\t\t\t\t\t<div class=\"elementor-element elementor-element-faeb64e elementor-widget elementor-widget-image\" data-id=\"faeb64e\" data-element_type=\"widget\" data-widget_type=\"image.default\">\n\t\t\t\t<div class=\"elementor-widget-container\">\n\t\t\t\t\t\t\t\t\t\t\t\t<figure class=\"wp-caption\">\n\t\t\t\t\t\t\t\t\t\t\t<a href=\"https:\/\/storage.net-fs.com\/hosting\/6531769\/12\/\">\n\t\t\t\t\t\t\t<img loading=\"lazy\" decoding=\"async\" width=\"382\" height=\"316\" src=\"https:\/\/www.turismolapernia.com\/wp-content\/uploads\/2022\/09\/visita-virtual-e1663065123918.jpg\" class=\"attachment-large size-large\" alt=\"\" srcset=\"https:\/\/www.turismolapernia.com\/wp-content\/uploads\/2022\/09\/visita-virtual-e1663065123918.jpg 382w, https:\/\/www.turismolapernia.com\/wp-content\/uploads\/2022\/09\/visita-virtual-e1663065123918-300x248.jpg 300w, https:\/\/www.turismolapernia.com\/wp-content\/uploads\/2022\/09\/visita-virtual-e1663065123918-15x12.jpg 15w\" sizes=\"auto, 100vw\" \/>\t\t\t\t\t\t\t\t<\/a>\n\t\t\t\t\t\t\t\t\t\t\t<figcaption class=\"widget-image-caption wp-caption-text\"><\/figcaption>\n\t\t\t\t\t\t\t\t\t\t<\/figure>\n\t\t\t\t\t\t\t\t\t<\/div>\n\t\t\t\t<\/div>\n\t\t\t\t\t<\/div>\n\t\t<\/div>\n\t\t\t\t\t\t\t<\/div>\n\t\t<\/section>\n\t\t\t\t<section class=\"elementor-section elementor-top-section elementor-element elementor-element-a2dcdbe elementor-section-boxed elementor-section-height-default elementor-section-height-default\" data-id=\"a2dcdbe\" data-element_type=\"section\">\n\t\t\t\t\t\t<div class=\"elementor-container elementor-column-gap-default\">\n\t\t\t\t\t<div class=\"elementor-column elementor-col-100 elementor-top-column elementor-element elementor-element-a3384e8\" data-id=\"a3384e8\" data-element_type=\"column\">\n\t\t\t<div class=\"elementor-widget-wrap elementor-element-populated\">\n\t\t\t\t\t\t\t\t<div class=\"elementor-element elementor-element-cd831fa elementor-widget elementor-widget-text-editor\" data-id=\"cd831fa\" data-element_type=\"widget\" data-widget_type=\"text-editor.default\">\n\t\t\t\t<div class=\"elementor-widget-container\">\n\t\t\t\t\t\t\t<p>La de San Salvador es una de las iglesias referentes y m\u00e1s visitadas en el rom\u00e1nico del norte de Palencia, y aunque ya ha terminado el programa de apertura de la Junta de Castilla y Le\u00f3n, esta iglesia se podr\u00e1 seguir visitando, con caracter general, de 11 a 14, y de 17 a 19 h. Para m\u00e1s informaci\u00f3n o consulta de horarios actualizados, se puede contactar con el Ayuntamiento de La Pern\u00eda en el tel\u00e9fono 979879028, o a trav\u00e9s del correo electr\u00f3nico turismolapernia@gmail.com.<\/p><p>\u00a0<\/p>\t\t\t\t\t\t<\/div>\n\t\t\t\t<\/div>\n\t\t\t\t\t<\/div>\n\t\t<\/div>\n\t\t\t\t\t\t\t<\/div>\n\t\t<\/section>\n\t\t\t\t\t\t<\/div>\n\t\t\t\t\t<\/div>","protected":false},"excerpt":{"rendered":"<p>Colegiata rom\u00e1nica de San Salvador de Cantamuda (La Pern\u00eda, Palencia). Imagen: DG Visual Solutions Finalizado el Programa de Apertura de Monumentos de la Junta de Castilla y Le\u00f3n el pasado 11 de septiembre, la iglesia rom\u00e1nica de San Salvador de Cantamuda (Palencia) ha recibido durante este verano m\u00e1s de 2600 visitas. La cifra es algo &hellip; <\/p>\n<p class=\"link-more\"><a href=\"https:\/\/www.turismolapernia.com\/en\/noticias-pernia\/la-colegiata-de-san-salvador-recibe-mas-de-2600-visitas-e-incorpora-un-tour-virtual\/\" class=\"more-link\">Continue reading<span class=\"screen-reader-text\"> &#8220;La colegiata de San Salvador recibe m\u00e1s de 2600 visitas e incorpora un tour virtual&#8221;<\/span><\/a><\/p>","protected":false},"author":1,"featured_media":13226,"comment_status":"open","ping_status":"open","sticky":false,"template":"","format":"standard","meta":{"footnotes":""},"categories":[13],"tags":[],"class_list":["post-13310","post","type-post","status-publish","format-standard","has-post-thumbnail","hentry","category-noticias-pernia"],"yoast_head":"<!-- This site is optimized with the Yoast SEO plugin v23.5 - https:\/\/yoast.com\/wordpress\/plugins\/seo\/ -->\n<title>La colegiata de San Salvador recibe m\u00e1s de 2600 visitas e incorpora un tour virtual | Turismo La Pern\u00eda<\/title>\n<meta name=\"robots\" content=\"index, follow, max-snippet:-1, max-image-preview:large, max-video-preview:-1\" \/>\n<link rel=\"canonical\" href=\"https:\/\/www.turismolapernia.com\/en\/noticias-pernia\/la-colegiata-de-san-salvador-recibe-mas-de-2600-visitas-e-incorpora-un-tour-virtual\/\" \/>\n<meta property=\"og:locale\" content=\"en_GB\" \/>\n<meta property=\"og:type\" content=\"article\" \/>\n<meta property=\"og:title\" content=\"La colegiata de San Salvador recibe m\u00e1s de 2600 visitas e incorpora un tour virtual | Turismo La Pern\u00eda\" \/>\n<meta property=\"og:description\" content=\"Colegiata rom\u00e1nica de San Salvador de Cantamuda (La Pern\u00eda, Palencia). Imagen: DG Visual Solutions Finalizado el Programa de Apertura de Monumentos de la Junta de Castilla y Le\u00f3n el pasado 11 de septiembre, la iglesia rom\u00e1nica de San Salvador de Cantamuda (Palencia) ha recibido durante este verano m\u00e1s de 2600 visitas. La cifra es algo &hellip; Continue reading &quot;La colegiata de San Salvador recibe m\u00e1s de 2600 visitas e incorpora un tour virtual&quot;\" \/>\n<meta property=\"og:url\" content=\"https:\/\/www.turismolapernia.com\/en\/noticias-pernia\/la-colegiata-de-san-salvador-recibe-mas-de-2600-visitas-e-incorpora-un-tour-virtual\/\" \/>\n<meta property=\"og:site_name\" content=\"Turismo La Pern\u00eda\" \/>\n<meta property=\"article:publisher\" content=\"https:\/\/www.facebook.com\/turismolapernia\/\" \/>\n<meta property=\"article:published_time\" content=\"2022-09-13T08:46:20+00:00\" \/>\n<meta property=\"article:modified_time\" content=\"2022-09-14T07:25:35+00:00\" \/>\n<meta property=\"og:image\" content=\"https:\/\/www.turismolapernia.com\/wp-content\/uploads\/2022\/09\/DJI_0656-2.jpg\" \/>\n\t<meta property=\"og:image:width\" content=\"1350\" \/>\n\t<meta property=\"og:image:height\" content=\"759\" \/>\n\t<meta property=\"og:image:type\" content=\"image\/jpeg\" \/>\n<meta name=\"author\" content=\"admin\" \/>\n<meta name=\"twitter:card\" content=\"summary_large_image\" \/>\n<meta name=\"twitter:label1\" content=\"Written by\" \/>\n\t<meta name=\"twitter:data1\" content=\"admin\" \/>\n\t<meta name=\"twitter:label2\" content=\"Estimated reading time\" \/>\n\t<meta name=\"twitter:data2\" content=\"2 minutes\" \/>\n<script type=\"application\/ld+json\" class=\"yoast-schema-graph\">{\"@context\":\"https:\/\/schema.org\",\"@graph\":[{\"@type\":\"Article\",\"@id\":\"https:\/\/www.turismolapernia.com\/noticias-pernia\/la-colegiata-de-san-salvador-recibe-mas-de-2600-visitas-e-incorpora-un-tour-virtual\/#article\",\"isPartOf\":{\"@id\":\"https:\/\/www.turismolapernia.com\/noticias-pernia\/la-colegiata-de-san-salvador-recibe-mas-de-2600-visitas-e-incorpora-un-tour-virtual\/\"},\"author\":{\"name\":\"admin\",\"@id\":\"https:\/\/www.turismolapernia.com\/#\/schema\/person\/5d5ac032f7e9064c5ce073bbe3564340\"},\"headline\":\"La colegiata de San Salvador recibe m\u00e1s de 2600 visitas e incorpora un tour virtual\",\"datePublished\":\"2022-09-13T08:46:20+00:00\",\"dateModified\":\"2022-09-14T07:25:35+00:00\",\"mainEntityOfPage\":{\"@id\":\"https:\/\/www.turismolapernia.com\/noticias-pernia\/la-colegiata-de-san-salvador-recibe-mas-de-2600-visitas-e-incorpora-un-tour-virtual\/\"},\"wordCount\":362,\"commentCount\":0,\"publisher\":{\"@id\":\"https:\/\/www.turismolapernia.com\/#organization\"},\"image\":{\"@id\":\"https:\/\/www.turismolapernia.com\/noticias-pernia\/la-colegiata-de-san-salvador-recibe-mas-de-2600-visitas-e-incorpora-un-tour-virtual\/#primaryimage\"},\"thumbnailUrl\":\"https:\/\/www.turismolapernia.com\/wp-content\/uploads\/2022\/09\/DJI_0656-2.jpg\",\"articleSection\":[\"Noticias\"],\"inLanguage\":\"en-GB\",\"potentialAction\":[{\"@type\":\"CommentAction\",\"name\":\"Comment\",\"target\":[\"https:\/\/www.turismolapernia.com\/noticias-pernia\/la-colegiata-de-san-salvador-recibe-mas-de-2600-visitas-e-incorpora-un-tour-virtual\/#respond\"]}]},{\"@type\":\"WebPage\",\"@id\":\"https:\/\/www.turismolapernia.com\/noticias-pernia\/la-colegiata-de-san-salvador-recibe-mas-de-2600-visitas-e-incorpora-un-tour-virtual\/\",\"url\":\"https:\/\/www.turismolapernia.com\/noticias-pernia\/la-colegiata-de-san-salvador-recibe-mas-de-2600-visitas-e-incorpora-un-tour-virtual\/\",\"name\":\"La colegiata de San Salvador recibe m\u00e1s de 2600 visitas e incorpora un tour virtual | Turismo La Pern\u00eda\",\"isPartOf\":{\"@id\":\"https:\/\/www.turismolapernia.com\/#website\"},\"primaryImageOfPage\":{\"@id\":\"https:\/\/www.turismolapernia.com\/noticias-pernia\/la-colegiata-de-san-salvador-recibe-mas-de-2600-visitas-e-incorpora-un-tour-virtual\/#primaryimage\"},\"image\":{\"@id\":\"https:\/\/www.turismolapernia.com\/noticias-pernia\/la-colegiata-de-san-salvador-recibe-mas-de-2600-visitas-e-incorpora-un-tour-virtual\/#primaryimage\"},\"thumbnailUrl\":\"https:\/\/www.turismolapernia.com\/wp-content\/uploads\/2022\/09\/DJI_0656-2.jpg\",\"datePublished\":\"2022-09-13T08:46:20+00:00\",\"dateModified\":\"2022-09-14T07:25:35+00:00\",\"breadcrumb\":{\"@id\":\"https:\/\/www.turismolapernia.com\/noticias-pernia\/la-colegiata-de-san-salvador-recibe-mas-de-2600-visitas-e-incorpora-un-tour-virtual\/#breadcrumb\"},\"inLanguage\":\"en-GB\",\"potentialAction\":[{\"@type\":\"ReadAction\",\"target\":[\"https:\/\/www.turismolapernia.com\/noticias-pernia\/la-colegiata-de-san-salvador-recibe-mas-de-2600-visitas-e-incorpora-un-tour-virtual\/\"]}]},{\"@type\":\"ImageObject\",\"inLanguage\":\"en-GB\",\"@id\":\"https:\/\/www.turismolapernia.com\/noticias-pernia\/la-colegiata-de-san-salvador-recibe-mas-de-2600-visitas-e-incorpora-un-tour-virtual\/#primaryimage\",\"url\":\"https:\/\/www.turismolapernia.com\/wp-content\/uploads\/2022\/09\/DJI_0656-2.jpg\",\"contentUrl\":\"https:\/\/www.turismolapernia.com\/wp-content\/uploads\/2022\/09\/DJI_0656-2.jpg\",\"width\":1350,\"height\":759},{\"@type\":\"BreadcrumbList\",\"@id\":\"https:\/\/www.turismolapernia.com\/noticias-pernia\/la-colegiata-de-san-salvador-recibe-mas-de-2600-visitas-e-incorpora-un-tour-virtual\/#breadcrumb\",\"itemListElement\":[{\"@type\":\"ListItem\",\"position\":1,\"name\":\"La Pern\u00eda\",\"item\":\"https:\/\/www.turismolapernia.com\/\"},{\"@type\":\"ListItem\",\"position\":2,\"name\":\"La colegiata de San Salvador recibe m\u00e1s de 2600 visitas e incorpora un tour virtual\"}]},{\"@type\":\"WebSite\",\"@id\":\"https:\/\/www.turismolapernia.com\/#website\",\"url\":\"https:\/\/www.turismolapernia.com\/\",\"name\":\"Turismo La Pern\u00eda\",\"description\":\"Monta\u00f1a Palentina\",\"publisher\":{\"@id\":\"https:\/\/www.turismolapernia.com\/#organization\"},\"potentialAction\":[{\"@type\":\"SearchAction\",\"target\":{\"@type\":\"EntryPoint\",\"urlTemplate\":\"https:\/\/www.turismolapernia.com\/?s={search_term_string}\"},\"query-input\":{\"@type\":\"PropertyValueSpecification\",\"valueRequired\":true,\"valueName\":\"search_term_string\"}}],\"inLanguage\":\"en-GB\"},{\"@type\":\"Organization\",\"@id\":\"https:\/\/www.turismolapernia.com\/#organization\",\"name\":\"Turismo La Pern\u00eda\",\"url\":\"https:\/\/www.turismolapernia.com\/\",\"logo\":{\"@type\":\"ImageObject\",\"inLanguage\":\"en-GB\",\"@id\":\"https:\/\/www.turismolapernia.com\/#\/schema\/logo\/image\/\",\"url\":\"https:\/\/www.turismolapernia.com\/wp-content\/uploads\/2021\/12\/cropped-logo-CRV-Pernia-perfil.jpg\",\"contentUrl\":\"https:\/\/www.turismolapernia.com\/wp-content\/uploads\/2021\/12\/cropped-logo-CRV-Pernia-perfil.jpg\",\"width\":512,\"height\":512,\"caption\":\"Turismo La Pern\u00eda\"},\"image\":{\"@id\":\"https:\/\/www.turismolapernia.com\/#\/schema\/logo\/image\/\"},\"sameAs\":[\"https:\/\/www.facebook.com\/turismolapernia\/\",\"https:\/\/www.instagram.com\/turismolapernia\/\"]},{\"@type\":\"Person\",\"@id\":\"https:\/\/www.turismolapernia.com\/#\/schema\/person\/5d5ac032f7e9064c5ce073bbe3564340\",\"name\":\"admin\",\"image\":{\"@type\":\"ImageObject\",\"inLanguage\":\"en-GB\",\"@id\":\"https:\/\/www.turismolapernia.com\/#\/schema\/person\/image\/\",\"url\":\"https:\/\/secure.gravatar.com\/avatar\/fe87fc43b218a52a79b72dddcb95d45fcdca0048b80712e6d20925a50f267165?s=96&d=mm&r=g\",\"contentUrl\":\"https:\/\/secure.gravatar.com\/avatar\/fe87fc43b218a52a79b72dddcb95d45fcdca0048b80712e6d20925a50f267165?s=96&d=mm&r=g\",\"caption\":\"admin\"}}]}<\/script>\n<!-- \/ Yoast SEO plugin. -->","yoast_head_json":{"title":"La colegiata de San Salvador recibe m\u00e1s de 2600 visitas e incorpora un tour virtual | Turismo La Pern\u00eda","robots":{"index":"index","follow":"follow","max-snippet":"max-snippet:-1","max-image-preview":"max-image-preview:large","max-video-preview":"max-video-preview:-1"},"canonical":"https:\/\/www.turismolapernia.com\/en\/noticias-pernia\/la-colegiata-de-san-salvador-recibe-mas-de-2600-visitas-e-incorpora-un-tour-virtual\/","og_locale":"en_GB","og_type":"article","og_title":"La colegiata de San Salvador recibe m\u00e1s de 2600 visitas e incorpora un tour virtual | Turismo La Pern\u00eda","og_description":"Colegiata rom\u00e1nica de San Salvador de Cantamuda (La Pern\u00eda, Palencia). Imagen: DG Visual Solutions Finalizado el Programa de Apertura de Monumentos de la Junta de Castilla y Le\u00f3n el pasado 11 de septiembre, la iglesia rom\u00e1nica de San Salvador de Cantamuda (Palencia) ha recibido durante este verano m\u00e1s de 2600 visitas. La cifra es algo &hellip; Continue reading \"La colegiata de San Salvador recibe m\u00e1s de 2600 visitas e incorpora un tour virtual\"","og_url":"https:\/\/www.turismolapernia.com\/en\/noticias-pernia\/la-colegiata-de-san-salvador-recibe-mas-de-2600-visitas-e-incorpora-un-tour-virtual\/","og_site_name":"Turismo La Pern\u00eda","article_publisher":"https:\/\/www.facebook.com\/turismolapernia\/","article_published_time":"2022-09-13T08:46:20+00:00","article_modified_time":"2022-09-14T07:25:35+00:00","og_image":[{"width":1350,"height":759,"url":"https:\/\/www.turismolapernia.com\/wp-content\/uploads\/2022\/09\/DJI_0656-2.jpg","type":"image\/jpeg"}],"author":"admin","twitter_card":"summary_large_image","twitter_misc":{"Written by":"admin","Estimated reading time":"2 minutes"},"schema":{"@context":"https:\/\/schema.org","@graph":[{"@type":"Article","@id":"https:\/\/www.turismolapernia.com\/noticias-pernia\/la-colegiata-de-san-salvador-recibe-mas-de-2600-visitas-e-incorpora-un-tour-virtual\/#article","isPartOf":{"@id":"https:\/\/www.turismolapernia.com\/noticias-pernia\/la-colegiata-de-san-salvador-recibe-mas-de-2600-visitas-e-incorpora-un-tour-virtual\/"},"author":{"name":"admin","@id":"https:\/\/www.turismolapernia.com\/#\/schema\/person\/5d5ac032f7e9064c5ce073bbe3564340"},"headline":"La colegiata de San Salvador recibe m\u00e1s de 2600 visitas e incorpora un tour virtual","datePublished":"2022-09-13T08:46:20+00:00","dateModified":"2022-09-14T07:25:35+00:00","mainEntityOfPage":{"@id":"https:\/\/www.turismolapernia.com\/noticias-pernia\/la-colegiata-de-san-salvador-recibe-mas-de-2600-visitas-e-incorpora-un-tour-virtual\/"},"wordCount":362,"commentCount":0,"publisher":{"@id":"https:\/\/www.turismolapernia.com\/#organization"},"image":{"@id":"https:\/\/www.turismolapernia.com\/noticias-pernia\/la-colegiata-de-san-salvador-recibe-mas-de-2600-visitas-e-incorpora-un-tour-virtual\/#primaryimage"},"thumbnailUrl":"https:\/\/www.turismolapernia.com\/wp-content\/uploads\/2022\/09\/DJI_0656-2.jpg","articleSection":["Noticias"],"inLanguage":"en-GB","potentialAction":[{"@type":"CommentAction","name":"Comment","target":["https:\/\/www.turismolapernia.com\/noticias-pernia\/la-colegiata-de-san-salvador-recibe-mas-de-2600-visitas-e-incorpora-un-tour-virtual\/#respond"]}]},{"@type":"WebPage","@id":"https:\/\/www.turismolapernia.com\/noticias-pernia\/la-colegiata-de-san-salvador-recibe-mas-de-2600-visitas-e-incorpora-un-tour-virtual\/","url":"https:\/\/www.turismolapernia.com\/noticias-pernia\/la-colegiata-de-san-salvador-recibe-mas-de-2600-visitas-e-incorpora-un-tour-virtual\/","name":"La colegiata de San Salvador recibe m\u00e1s de 2600 visitas e incorpora un tour virtual | Turismo La Pern\u00eda","isPartOf":{"@id":"https:\/\/www.turismolapernia.com\/#website"},"primaryImageOfPage":{"@id":"https:\/\/www.turismolapernia.com\/noticias-pernia\/la-colegiata-de-san-salvador-recibe-mas-de-2600-visitas-e-incorpora-un-tour-virtual\/#primaryimage"},"image":{"@id":"https:\/\/www.turismolapernia.com\/noticias-pernia\/la-colegiata-de-san-salvador-recibe-mas-de-2600-visitas-e-incorpora-un-tour-virtual\/#primaryimage"},"thumbnailUrl":"https:\/\/www.turismolapernia.com\/wp-content\/uploads\/2022\/09\/DJI_0656-2.jpg","datePublished":"2022-09-13T08:46:20+00:00","dateModified":"2022-09-14T07:25:35+00:00","breadcrumb":{"@id":"https:\/\/www.turismolapernia.com\/noticias-pernia\/la-colegiata-de-san-salvador-recibe-mas-de-2600-visitas-e-incorpora-un-tour-virtual\/#breadcrumb"},"inLanguage":"en-GB","potentialAction":[{"@type":"ReadAction","target":["https:\/\/www.turismolapernia.com\/noticias-pernia\/la-colegiata-de-san-salvador-recibe-mas-de-2600-visitas-e-incorpora-un-tour-virtual\/"]}]},{"@type":"ImageObject","inLanguage":"en-GB","@id":"https:\/\/www.turismolapernia.com\/noticias-pernia\/la-colegiata-de-san-salvador-recibe-mas-de-2600-visitas-e-incorpora-un-tour-virtual\/#primaryimage","url":"https:\/\/www.turismolapernia.com\/wp-content\/uploads\/2022\/09\/DJI_0656-2.jpg","contentUrl":"https:\/\/www.turismolapernia.com\/wp-content\/uploads\/2022\/09\/DJI_0656-2.jpg","width":1350,"height":759},{"@type":"BreadcrumbList","@id":"https:\/\/www.turismolapernia.com\/noticias-pernia\/la-colegiata-de-san-salvador-recibe-mas-de-2600-visitas-e-incorpora-un-tour-virtual\/#breadcrumb","itemListElement":[{"@type":"ListItem","position":1,"name":"La Pern\u00eda","item":"https:\/\/www.turismolapernia.com\/"},{"@type":"ListItem","position":2,"name":"La colegiata de San Salvador recibe m\u00e1s de 2600 visitas e incorpora un tour virtual"}]},{"@type":"WebSite","@id":"https:\/\/www.turismolapernia.com\/#website","url":"https:\/\/www.turismolapernia.com\/","name":"Turismo La Pern\u00eda","description":"Monta\u00f1a Palentina","publisher":{"@id":"https:\/\/www.turismolapernia.com\/#organization"},"potentialAction":[{"@type":"SearchAction","target":{"@type":"EntryPoint","urlTemplate":"https:\/\/www.turismolapernia.com\/?s={search_term_string}"},"query-input":{"@type":"PropertyValueSpecification","valueRequired":true,"valueName":"search_term_string"}}],"inLanguage":"en-GB"},{"@type":"Organization","@id":"https:\/\/www.turismolapernia.com\/#organization","name":"Turismo La Pern\u00eda","url":"https:\/\/www.turismolapernia.com\/","logo":{"@type":"ImageObject","inLanguage":"en-GB","@id":"https:\/\/www.turismolapernia.com\/#\/schema\/logo\/image\/","url":"https:\/\/www.turismolapernia.com\/wp-content\/uploads\/2021\/12\/cropped-logo-CRV-Pernia-perfil.jpg","contentUrl":"https:\/\/www.turismolapernia.com\/wp-content\/uploads\/2021\/12\/cropped-logo-CRV-Pernia-perfil.jpg","width":512,"height":512,"caption":"Turismo La Pern\u00eda"},"image":{"@id":"https:\/\/www.turismolapernia.com\/#\/schema\/logo\/image\/"},"sameAs":["https:\/\/www.facebook.com\/turismolapernia\/","https:\/\/www.instagram.com\/turismolapernia\/"]},{"@type":"Person","@id":"https:\/\/www.turismolapernia.com\/#\/schema\/person\/5d5ac032f7e9064c5ce073bbe3564340","name":"admin","image":{"@type":"ImageObject","inLanguage":"en-GB","@id":"https:\/\/www.turismolapernia.com\/#\/schema\/person\/image\/","url":"https:\/\/secure.gravatar.com\/avatar\/fe87fc43b218a52a79b72dddcb95d45fcdca0048b80712e6d20925a50f267165?s=96&d=mm&r=g","contentUrl":"https:\/\/secure.gravatar.com\/avatar\/fe87fc43b218a52a79b72dddcb95d45fcdca0048b80712e6d20925a50f267165?s=96&d=mm&r=g","caption":"admin"}}]}},"_links":{"self":[{"href":"https:\/\/www.turismolapernia.com\/en\/wp-json\/wp\/v2\/posts\/13310","targetHints":{"allow":["GET"]}}],"collection":[{"href":"https:\/\/www.turismolapernia.com\/en\/wp-json\/wp\/v2\/posts"}],"about":[{"href":"https:\/\/www.turismolapernia.com\/en\/wp-json\/wp\/v2\/types\/post"}],"author":[{"embeddable":true,"href":"https:\/\/www.turismolapernia.com\/en\/wp-json\/wp\/v2\/users\/1"}],"replies":[{"embeddable":true,"href":"https:\/\/www.turismolapernia.com\/en\/wp-json\/wp\/v2\/comments?post=13310"}],"version-history":[{"count":62,"href":"https:\/\/www.turismolapernia.com\/en\/wp-json\/wp\/v2\/posts\/13310\/revisions"}],"predecessor-version":[{"id":13383,"href":"https:\/\/www.turismolapernia.com\/en\/wp-json\/wp\/v2\/posts\/13310\/revisions\/13383"}],"wp:featuredmedia":[{"embeddable":true,"href":"https:\/\/www.turismolapernia.com\/en\/wp-json\/wp\/v2\/media\/13226"}],"wp:attachment":[{"href":"https:\/\/www.turismolapernia.com\/en\/wp-json\/wp\/v2\/media?parent=13310"}],"wp:term":[{"taxonomy":"category","embeddable":true,"href":"https:\/\/www.turismolapernia.com\/en\/wp-json\/wp\/v2\/categories?post=13310"},{"taxonomy":"post_tag","embeddable":true,"href":"https:\/\/www.turismolapernia.com\/en\/wp-json\/wp\/v2\/tags?post=13310"}],"curies":[{"name":"wp","href":"https:\/\/api.w.org\/{rel}","templated":true}]}}