{"id":12952,"date":"2022-09-06T10:39:08","date_gmt":"2022-09-06T08:39:08","guid":{"rendered":"https:\/\/www.turismolapernia.com\/?p=12952"},"modified":"2022-09-06T11:45:23","modified_gmt":"2022-09-06T09:45:23","slug":"la-exposicion-fotografica-tiempo-y-silencio-en-la-pernia-se-muestra-en-el-ayuntamiento-de-la-pernia","status":"publish","type":"post","link":"https:\/\/www.turismolapernia.com\/en\/noticias-pernia\/la-exposicion-fotografica-tiempo-y-silencio-en-la-pernia-se-muestra-en-el-ayuntamiento-de-la-pernia\/","title":{"rendered":"La exposici\u00f3n fotogr\u00e1fica &#8220;Tiempo y Silencio en La Pern\u00eda&#8221; se muestra en el Ayuntamiento de La Pern\u00eda"},"content":{"rendered":"<div data-elementor-type=\"wp-post\" data-elementor-id=\"12952\" class=\"elementor elementor-12952\" data-elementor-settings=\"[]\">\n\t\t\t\t\t\t\t<div class=\"elementor-section-wrap\">\n\t\t\t\t\t\t\t<section class=\"elementor-section elementor-top-section elementor-element elementor-element-23a5ce4 elementor-section-boxed elementor-section-height-default elementor-section-height-default\" data-id=\"23a5ce4\" data-element_type=\"section\">\n\t\t\t\t\t\t<div class=\"elementor-container elementor-column-gap-default\">\n\t\t\t\t\t<div class=\"elementor-column elementor-col-50 elementor-top-column elementor-element elementor-element-b904bf2\" data-id=\"b904bf2\" data-element_type=\"column\">\n\t\t\t<div class=\"elementor-widget-wrap elementor-element-populated\">\n\t\t\t\t\t\t\t\t<div class=\"elementor-element elementor-element-fd5922d elementor-widget elementor-widget-image\" data-id=\"fd5922d\" data-element_type=\"widget\" data-widget_type=\"image.default\">\n\t\t\t\t<div class=\"elementor-widget-container\">\n\t\t\t\t\t\t\t\t\t\t\t\t<figure class=\"wp-caption\">\n\t\t\t\t\t\t\t\t\t\t<img loading=\"lazy\" decoding=\"async\" width=\"525\" height=\"390\" src=\"https:\/\/www.turismolapernia.com\/wp-content\/uploads\/2022\/09\/DSC_0541-1024x760.jpg\" class=\"attachment-large size-large\" alt=\"\" srcset=\"https:\/\/www.turismolapernia.com\/wp-content\/uploads\/2022\/09\/DSC_0541-1024x760.jpg 1024w, https:\/\/www.turismolapernia.com\/wp-content\/uploads\/2022\/09\/DSC_0541-300x223.jpg 300w, https:\/\/www.turismolapernia.com\/wp-content\/uploads\/2022\/09\/DSC_0541-768x570.jpg 768w, https:\/\/www.turismolapernia.com\/wp-content\/uploads\/2022\/09\/DSC_0541-1536x1140.jpg 1536w, https:\/\/www.turismolapernia.com\/wp-content\/uploads\/2022\/09\/DSC_0541-16x12.jpg 16w, https:\/\/www.turismolapernia.com\/wp-content\/uploads\/2022\/09\/DSC_0541.jpg 1940w\" sizes=\"auto, 100vw\" \/>\t\t\t\t\t\t\t\t\t\t\t<figcaption class=\"widget-image-caption wp-caption-text\"><\/figcaption>\n\t\t\t\t\t\t\t\t\t\t<\/figure>\n\t\t\t\t\t\t\t\t\t<\/div>\n\t\t\t\t<\/div>\n\t\t\t\t\t<\/div>\n\t\t<\/div>\n\t\t\t\t<div class=\"elementor-column elementor-col-50 elementor-top-column elementor-element elementor-element-b8c1e02\" data-id=\"b8c1e02\" data-element_type=\"column\">\n\t\t\t<div class=\"elementor-widget-wrap elementor-element-populated\">\n\t\t\t\t\t\t\t\t<div class=\"elementor-element elementor-element-e6a5f03 elementor-widget elementor-widget-text-editor\" data-id=\"e6a5f03\" data-element_type=\"widget\" data-widget_type=\"text-editor.default\">\n\t\t\t\t<div class=\"elementor-widget-container\">\n\t\t\t\t\t\t\t<div>Tras su estreno y presentaci\u00f3n durante el mes de agosto en Aguilar de Campoo, la exposici\u00f3n fotogr\u00e1fica &#8220;<b>Tiempo y silencio en La Pern\u00eda<\/b>&#8221; de <b>Esteban Cano,<\/b> llega al Ayuntamiento de La Pern\u00eda (Palencia), donde permanecer\u00e1 expuesta hasta el 14 de octubre.<\/div><div>\u00a0<\/div><div>La exposici\u00f3n incluye una variada selecci\u00f3n fotogr\u00e1fica de los paisajes de La Pern\u00eda durante los \u00faltimos oto\u00f1os e inviernos, en los que est\u00e1 presente la amplia gama de tonos ocres, amarillos y rojos oto\u00f1ales, as\u00ed como la nieve del invierno, todo ello desde la particular mirada de su autor Esteban Cano, vecino de La Pern\u00eda.<\/div><div>\u00a0<\/div><div>El horario para visitar la exposici\u00f3n en la Sala de Usos M\u00faltiples de la segunda planta del Ayuntamiento de La Pern\u00eda, en San Salvador de Cantamuda, es de lunes a viernes laborables, de 9 a 14 h.\u00a0<\/div>\t\t\t\t\t\t<\/div>\n\t\t\t\t<\/div>\n\t\t\t\t\t<\/div>\n\t\t<\/div>\n\t\t\t\t\t\t\t<\/div>\n\t\t<\/section>\n\t\t\t\t<section class=\"elementor-section elementor-top-section elementor-element elementor-element-a5c1921 elementor-section-boxed elementor-section-height-default elementor-section-height-default\" data-id=\"a5c1921\" data-element_type=\"section\">\n\t\t\t\t\t\t<div class=\"elementor-container elementor-column-gap-default\">\n\t\t\t\t\t<div class=\"elementor-column elementor-col-33 elementor-top-column elementor-element elementor-element-954b5dd\" data-id=\"954b5dd\" data-element_type=\"column\">\n\t\t\t<div class=\"elementor-widget-wrap elementor-element-populated\">\n\t\t\t\t\t\t\t\t<div class=\"elementor-element elementor-element-ca513c4 elementor-widget elementor-widget-image\" data-id=\"ca513c4\" data-element_type=\"widget\" data-widget_type=\"image.default\">\n\t\t\t\t<div class=\"elementor-widget-container\">\n\t\t\t\t\t\t\t\t\t\t\t\t\t\t\t<img loading=\"lazy\" decoding=\"async\" width=\"525\" height=\"388\" src=\"https:\/\/www.turismolapernia.com\/wp-content\/uploads\/2022\/09\/DSC_0545-1024x757.jpg\" class=\"attachment-large size-large\" alt=\"\" srcset=\"https:\/\/www.turismolapernia.com\/wp-content\/uploads\/2022\/09\/DSC_0545-1024x757.jpg 1024w, https:\/\/www.turismolapernia.com\/wp-content\/uploads\/2022\/09\/DSC_0545-300x222.jpg 300w, https:\/\/www.turismolapernia.com\/wp-content\/uploads\/2022\/09\/DSC_0545-768x568.jpg 768w, https:\/\/www.turismolapernia.com\/wp-content\/uploads\/2022\/09\/DSC_0545-1536x1136.jpg 1536w, https:\/\/www.turismolapernia.com\/wp-content\/uploads\/2022\/09\/DSC_0545-16x12.jpg 16w, https:\/\/www.turismolapernia.com\/wp-content\/uploads\/2022\/09\/DSC_0545.jpg 1720w\" sizes=\"auto, 100vw\" \/>\t\t\t\t\t\t\t\t\t\t\t\t\t\t\t<\/div>\n\t\t\t\t<\/div>\n\t\t\t\t\t<\/div>\n\t\t<\/div>\n\t\t\t\t<div class=\"elementor-column elementor-col-33 elementor-top-column elementor-element elementor-element-419b003\" data-id=\"419b003\" data-element_type=\"column\">\n\t\t\t<div class=\"elementor-widget-wrap elementor-element-populated\">\n\t\t\t\t\t\t\t\t<div class=\"elementor-element elementor-element-b936443 elementor-widget elementor-widget-image\" data-id=\"b936443\" data-element_type=\"widget\" data-widget_type=\"image.default\">\n\t\t\t\t<div class=\"elementor-widget-container\">\n\t\t\t\t\t\t\t\t\t\t\t\t\t\t\t<img loading=\"lazy\" decoding=\"async\" width=\"525\" height=\"394\" src=\"https:\/\/www.turismolapernia.com\/wp-content\/uploads\/2022\/09\/DSC_0538-1024x768.jpg\" class=\"attachment-large size-large\" alt=\"\" srcset=\"https:\/\/www.turismolapernia.com\/wp-content\/uploads\/2022\/09\/DSC_0538-1024x768.jpg 1024w, https:\/\/www.turismolapernia.com\/wp-content\/uploads\/2022\/09\/DSC_0538-300x225.jpg 300w, https:\/\/www.turismolapernia.com\/wp-content\/uploads\/2022\/09\/DSC_0538-768x576.jpg 768w, https:\/\/www.turismolapernia.com\/wp-content\/uploads\/2022\/09\/DSC_0538-1536x1152.jpg 1536w, https:\/\/www.turismolapernia.com\/wp-content\/uploads\/2022\/09\/DSC_0538-16x12.jpg 16w, https:\/\/www.turismolapernia.com\/wp-content\/uploads\/2022\/09\/DSC_0538.jpg 1932w\" sizes=\"auto, 100vw\" \/>\t\t\t\t\t\t\t\t\t\t\t\t\t\t\t<\/div>\n\t\t\t\t<\/div>\n\t\t\t\t\t<\/div>\n\t\t<\/div>\n\t\t\t\t<div class=\"elementor-column elementor-col-33 elementor-top-column elementor-element elementor-element-b911387\" data-id=\"b911387\" data-element_type=\"column\">\n\t\t\t<div class=\"elementor-widget-wrap elementor-element-populated\">\n\t\t\t\t\t\t\t\t<div class=\"elementor-element elementor-element-dc734d2 elementor-widget elementor-widget-image\" data-id=\"dc734d2\" data-element_type=\"widget\" data-widget_type=\"image.default\">\n\t\t\t\t<div class=\"elementor-widget-container\">\n\t\t\t\t\t\t\t\t\t\t\t\t\t\t\t<img loading=\"lazy\" decoding=\"async\" width=\"525\" height=\"390\" src=\"https:\/\/www.turismolapernia.com\/wp-content\/uploads\/2022\/09\/DSC_0543-1024x760.jpg\" class=\"attachment-large size-large\" alt=\"\" srcset=\"https:\/\/www.turismolapernia.com\/wp-content\/uploads\/2022\/09\/DSC_0543-1024x760.jpg 1024w, https:\/\/www.turismolapernia.com\/wp-content\/uploads\/2022\/09\/DSC_0543-300x223.jpg 300w, https:\/\/www.turismolapernia.com\/wp-content\/uploads\/2022\/09\/DSC_0543-768x570.jpg 768w, https:\/\/www.turismolapernia.com\/wp-content\/uploads\/2022\/09\/DSC_0543-1536x1140.jpg 1536w, https:\/\/www.turismolapernia.com\/wp-content\/uploads\/2022\/09\/DSC_0543-16x12.jpg 16w, https:\/\/www.turismolapernia.com\/wp-content\/uploads\/2022\/09\/DSC_0543.jpg 1984w\" sizes=\"auto, 100vw\" \/>\t\t\t\t\t\t\t\t\t\t\t\t\t\t\t<\/div>\n\t\t\t\t<\/div>\n\t\t\t\t\t<\/div>\n\t\t<\/div>\n\t\t\t\t\t\t\t<\/div>\n\t\t<\/section>\n\t\t\t\t<section class=\"elementor-section elementor-top-section elementor-element elementor-element-7213c83 elementor-section-boxed elementor-section-height-default elementor-section-height-default\" data-id=\"7213c83\" data-element_type=\"section\">\n\t\t\t\t\t\t<div class=\"elementor-container elementor-column-gap-default\">\n\t\t\t\t\t<div class=\"elementor-column elementor-col-100 elementor-top-column elementor-element elementor-element-660c734\" data-id=\"660c734\" data-element_type=\"column\">\n\t\t\t<div class=\"elementor-widget-wrap elementor-element-populated\">\n\t\t\t\t\t\t\t\t<div class=\"elementor-element elementor-element-2b3d845 elementor-widget-divider--view-line elementor-widget elementor-widget-divider\" data-id=\"2b3d845\" data-element_type=\"widget\" data-widget_type=\"divider.default\">\n\t\t\t\t<div class=\"elementor-widget-container\">\n\t\t\t\t\t<div class=\"elementor-divider\">\n\t\t\t<span class=\"elementor-divider-separator\">\n\t\t\t\t\t\t<\/span>\n\t\t<\/div>\n\t\t\t\t<\/div>\n\t\t\t\t<\/div>\n\t\t\t\t<div class=\"elementor-element elementor-element-6c35374 elementor-widget elementor-widget-image\" data-id=\"6c35374\" data-element_type=\"widget\" data-widget_type=\"image.default\">\n\t\t\t\t<div class=\"elementor-widget-container\">\n\t\t\t\t\t\t\t\t\t\t\t\t\t\t\t<img loading=\"lazy\" decoding=\"async\" width=\"525\" height=\"742\" src=\"https:\/\/www.turismolapernia.com\/wp-content\/uploads\/2022\/09\/cartel-768x1086.jpg\" class=\"attachment-medium_large size-medium_large\" alt=\"\" srcset=\"https:\/\/www.turismolapernia.com\/wp-content\/uploads\/2022\/09\/cartel-768x1086.jpg 768w, https:\/\/www.turismolapernia.com\/wp-content\/uploads\/2022\/09\/cartel-212x300.jpg 212w, https:\/\/www.turismolapernia.com\/wp-content\/uploads\/2022\/09\/cartel-724x1024.jpg 724w, https:\/\/www.turismolapernia.com\/wp-content\/uploads\/2022\/09\/cartel-1086x1536.jpg 1086w, https:\/\/www.turismolapernia.com\/wp-content\/uploads\/2022\/09\/cartel-1448x2048.jpg 1448w, https:\/\/www.turismolapernia.com\/wp-content\/uploads\/2022\/09\/cartel-8x12.jpg 8w, https:\/\/www.turismolapernia.com\/wp-content\/uploads\/2022\/09\/cartel-scaled.jpg 1810w\" sizes=\"auto, 100vw\" \/>\t\t\t\t\t\t\t\t\t\t\t\t\t\t\t<\/div>\n\t\t\t\t<\/div>\n\t\t\t\t\t<\/div>\n\t\t<\/div>\n\t\t\t\t\t\t\t<\/div>\n\t\t<\/section>\n\t\t\t\t\t\t<\/div>\n\t\t\t\t\t<\/div>","protected":false},"excerpt":{"rendered":"<p>Tras su estreno y presentaci\u00f3n durante el mes de agosto en Aguilar de Campoo, la exposici\u00f3n fotogr\u00e1fica &#8220;Tiempo y silencio en La Pern\u00eda&#8221; de Esteban Cano, llega al Ayuntamiento de La Pern\u00eda (Palencia), donde permanecer\u00e1 expuesta hasta el 14 de octubre.&nbsp;La exposici\u00f3n incluye una variada selecci\u00f3n fotogr\u00e1fica de los paisajes de La Pern\u00eda durante los &hellip; <\/p>\n<p class=\"link-more\"><a href=\"https:\/\/www.turismolapernia.com\/en\/noticias-pernia\/la-exposicion-fotografica-tiempo-y-silencio-en-la-pernia-se-muestra-en-el-ayuntamiento-de-la-pernia\/\" class=\"more-link\">Continue reading<span class=\"screen-reader-text\"> &#8220;La exposici\u00f3n fotogr\u00e1fica &#8220;Tiempo y Silencio en La Pern\u00eda&#8221; se muestra en el Ayuntamiento de La Pern\u00eda&#8221;<\/span><\/a><\/p>","protected":false},"author":1,"featured_media":12973,"comment_status":"open","ping_status":"open","sticky":false,"template":"","format":"standard","meta":{"footnotes":""},"categories":[14,13],"tags":[],"class_list":["post-12952","post","type-post","status-publish","format-standard","has-post-thumbnail","hentry","category-eventos-y-actividades","category-noticias-pernia"],"yoast_head":"<!-- This site is optimized with the Yoast SEO plugin v23.5 - https:\/\/yoast.com\/wordpress\/plugins\/seo\/ -->\n<title>La exposici\u00f3n fotogr\u00e1fica &quot;Tiempo y Silencio en La Pern\u00eda&quot; se muestra en el Ayuntamiento de La Pern\u00eda | Turismo La Pern\u00eda<\/title>\n<meta name=\"robots\" content=\"index, follow, max-snippet:-1, max-image-preview:large, max-video-preview:-1\" \/>\n<link rel=\"canonical\" href=\"https:\/\/www.turismolapernia.com\/en\/noticias-pernia\/la-exposicion-fotografica-tiempo-y-silencio-en-la-pernia-se-muestra-en-el-ayuntamiento-de-la-pernia\/\" \/>\n<meta property=\"og:locale\" content=\"en_GB\" \/>\n<meta property=\"og:type\" content=\"article\" \/>\n<meta property=\"og:title\" content=\"La exposici\u00f3n fotogr\u00e1fica &quot;Tiempo y Silencio en La Pern\u00eda&quot; se muestra en el Ayuntamiento de La Pern\u00eda | Turismo La Pern\u00eda\" \/>\n<meta property=\"og:description\" content=\"Tras su estreno y presentaci\u00f3n durante el mes de agosto en Aguilar de Campoo, la exposici\u00f3n fotogr\u00e1fica &#8220;Tiempo y silencio en La Pern\u00eda&#8221; de Esteban Cano, llega al Ayuntamiento de La Pern\u00eda (Palencia), donde permanecer\u00e1 expuesta hasta el 14 de octubre.&nbsp;La exposici\u00f3n incluye una variada selecci\u00f3n fotogr\u00e1fica de los paisajes de La Pern\u00eda durante los &hellip; Continue reading &quot;La exposici\u00f3n fotogr\u00e1fica &#8220;Tiempo y Silencio en La Pern\u00eda&#8221; se muestra en el Ayuntamiento de La Pern\u00eda&quot;\" \/>\n<meta property=\"og:url\" content=\"https:\/\/www.turismolapernia.com\/en\/noticias-pernia\/la-exposicion-fotografica-tiempo-y-silencio-en-la-pernia-se-muestra-en-el-ayuntamiento-de-la-pernia\/\" \/>\n<meta property=\"og:site_name\" content=\"Turismo La Pern\u00eda\" \/>\n<meta property=\"article:publisher\" content=\"https:\/\/www.facebook.com\/turismolapernia\/\" \/>\n<meta property=\"article:published_time\" content=\"2022-09-06T08:39:08+00:00\" \/>\n<meta property=\"article:modified_time\" content=\"2022-09-06T09:45:23+00:00\" \/>\n<meta property=\"og:image\" content=\"https:\/\/www.turismolapernia.com\/wp-content\/uploads\/2022\/09\/DSC_0539.jpg\" \/>\n\t<meta property=\"og:image:width\" content=\"1932\" \/>\n\t<meta property=\"og:image:height\" content=\"1449\" \/>\n\t<meta property=\"og:image:type\" content=\"image\/jpeg\" \/>\n<meta name=\"author\" content=\"admin\" \/>\n<meta name=\"twitter:card\" content=\"summary_large_image\" \/>\n<meta name=\"twitter:label1\" content=\"Written by\" \/>\n\t<meta name=\"twitter:data1\" content=\"admin\" \/>\n\t<meta name=\"twitter:label2\" content=\"Estimated reading time\" \/>\n\t<meta name=\"twitter:data2\" content=\"1 minute\" \/>\n<script type=\"application\/ld+json\" class=\"yoast-schema-graph\">{\"@context\":\"https:\/\/schema.org\",\"@graph\":[{\"@type\":\"Article\",\"@id\":\"https:\/\/www.turismolapernia.com\/noticias-pernia\/la-exposicion-fotografica-tiempo-y-silencio-en-la-pernia-se-muestra-en-el-ayuntamiento-de-la-pernia\/#article\",\"isPartOf\":{\"@id\":\"https:\/\/www.turismolapernia.com\/noticias-pernia\/la-exposicion-fotografica-tiempo-y-silencio-en-la-pernia-se-muestra-en-el-ayuntamiento-de-la-pernia\/\"},\"author\":{\"name\":\"admin\",\"@id\":\"https:\/\/www.turismolapernia.com\/#\/schema\/person\/5d5ac032f7e9064c5ce073bbe3564340\"},\"headline\":\"La exposici\u00f3n fotogr\u00e1fica &#8220;Tiempo y Silencio en La Pern\u00eda&#8221; se muestra en el Ayuntamiento de La Pern\u00eda\",\"datePublished\":\"2022-09-06T08:39:08+00:00\",\"dateModified\":\"2022-09-06T09:45:23+00:00\",\"mainEntityOfPage\":{\"@id\":\"https:\/\/www.turismolapernia.com\/noticias-pernia\/la-exposicion-fotografica-tiempo-y-silencio-en-la-pernia-se-muestra-en-el-ayuntamiento-de-la-pernia\/\"},\"wordCount\":168,\"commentCount\":2,\"publisher\":{\"@id\":\"https:\/\/www.turismolapernia.com\/#organization\"},\"image\":{\"@id\":\"https:\/\/www.turismolapernia.com\/noticias-pernia\/la-exposicion-fotografica-tiempo-y-silencio-en-la-pernia-se-muestra-en-el-ayuntamiento-de-la-pernia\/#primaryimage\"},\"thumbnailUrl\":\"https:\/\/www.turismolapernia.com\/wp-content\/uploads\/2022\/09\/DSC_0539.jpg\",\"articleSection\":[\"Eventos y actividades\",\"Noticias\"],\"inLanguage\":\"en-GB\",\"potentialAction\":[{\"@type\":\"CommentAction\",\"name\":\"Comment\",\"target\":[\"https:\/\/www.turismolapernia.com\/noticias-pernia\/la-exposicion-fotografica-tiempo-y-silencio-en-la-pernia-se-muestra-en-el-ayuntamiento-de-la-pernia\/#respond\"]}]},{\"@type\":\"WebPage\",\"@id\":\"https:\/\/www.turismolapernia.com\/noticias-pernia\/la-exposicion-fotografica-tiempo-y-silencio-en-la-pernia-se-muestra-en-el-ayuntamiento-de-la-pernia\/\",\"url\":\"https:\/\/www.turismolapernia.com\/noticias-pernia\/la-exposicion-fotografica-tiempo-y-silencio-en-la-pernia-se-muestra-en-el-ayuntamiento-de-la-pernia\/\",\"name\":\"La exposici\u00f3n fotogr\u00e1fica \\\"Tiempo y Silencio en La Pern\u00eda\\\" se muestra en el Ayuntamiento de La Pern\u00eda | Turismo La Pern\u00eda\",\"isPartOf\":{\"@id\":\"https:\/\/www.turismolapernia.com\/#website\"},\"primaryImageOfPage\":{\"@id\":\"https:\/\/www.turismolapernia.com\/noticias-pernia\/la-exposicion-fotografica-tiempo-y-silencio-en-la-pernia-se-muestra-en-el-ayuntamiento-de-la-pernia\/#primaryimage\"},\"image\":{\"@id\":\"https:\/\/www.turismolapernia.com\/noticias-pernia\/la-exposicion-fotografica-tiempo-y-silencio-en-la-pernia-se-muestra-en-el-ayuntamiento-de-la-pernia\/#primaryimage\"},\"thumbnailUrl\":\"https:\/\/www.turismolapernia.com\/wp-content\/uploads\/2022\/09\/DSC_0539.jpg\",\"datePublished\":\"2022-09-06T08:39:08+00:00\",\"dateModified\":\"2022-09-06T09:45:23+00:00\",\"breadcrumb\":{\"@id\":\"https:\/\/www.turismolapernia.com\/noticias-pernia\/la-exposicion-fotografica-tiempo-y-silencio-en-la-pernia-se-muestra-en-el-ayuntamiento-de-la-pernia\/#breadcrumb\"},\"inLanguage\":\"en-GB\",\"potentialAction\":[{\"@type\":\"ReadAction\",\"target\":[\"https:\/\/www.turismolapernia.com\/noticias-pernia\/la-exposicion-fotografica-tiempo-y-silencio-en-la-pernia-se-muestra-en-el-ayuntamiento-de-la-pernia\/\"]}]},{\"@type\":\"ImageObject\",\"inLanguage\":\"en-GB\",\"@id\":\"https:\/\/www.turismolapernia.com\/noticias-pernia\/la-exposicion-fotografica-tiempo-y-silencio-en-la-pernia-se-muestra-en-el-ayuntamiento-de-la-pernia\/#primaryimage\",\"url\":\"https:\/\/www.turismolapernia.com\/wp-content\/uploads\/2022\/09\/DSC_0539.jpg\",\"contentUrl\":\"https:\/\/www.turismolapernia.com\/wp-content\/uploads\/2022\/09\/DSC_0539.jpg\",\"width\":1932,\"height\":1449},{\"@type\":\"BreadcrumbList\",\"@id\":\"https:\/\/www.turismolapernia.com\/noticias-pernia\/la-exposicion-fotografica-tiempo-y-silencio-en-la-pernia-se-muestra-en-el-ayuntamiento-de-la-pernia\/#breadcrumb\",\"itemListElement\":[{\"@type\":\"ListItem\",\"position\":1,\"name\":\"La Pern\u00eda\",\"item\":\"https:\/\/www.turismolapernia.com\/\"},{\"@type\":\"ListItem\",\"position\":2,\"name\":\"La exposici\u00f3n fotogr\u00e1fica &#8220;Tiempo y Silencio en La Pern\u00eda&#8221; se muestra en el Ayuntamiento de La Pern\u00eda\"}]},{\"@type\":\"WebSite\",\"@id\":\"https:\/\/www.turismolapernia.com\/#website\",\"url\":\"https:\/\/www.turismolapernia.com\/\",\"name\":\"Turismo La Pern\u00eda\",\"description\":\"Monta\u00f1a Palentina\",\"publisher\":{\"@id\":\"https:\/\/www.turismolapernia.com\/#organization\"},\"potentialAction\":[{\"@type\":\"SearchAction\",\"target\":{\"@type\":\"EntryPoint\",\"urlTemplate\":\"https:\/\/www.turismolapernia.com\/?s={search_term_string}\"},\"query-input\":{\"@type\":\"PropertyValueSpecification\",\"valueRequired\":true,\"valueName\":\"search_term_string\"}}],\"inLanguage\":\"en-GB\"},{\"@type\":\"Organization\",\"@id\":\"https:\/\/www.turismolapernia.com\/#organization\",\"name\":\"Turismo La Pern\u00eda\",\"url\":\"https:\/\/www.turismolapernia.com\/\",\"logo\":{\"@type\":\"ImageObject\",\"inLanguage\":\"en-GB\",\"@id\":\"https:\/\/www.turismolapernia.com\/#\/schema\/logo\/image\/\",\"url\":\"https:\/\/www.turismolapernia.com\/wp-content\/uploads\/2021\/12\/cropped-logo-CRV-Pernia-perfil.jpg\",\"contentUrl\":\"https:\/\/www.turismolapernia.com\/wp-content\/uploads\/2021\/12\/cropped-logo-CRV-Pernia-perfil.jpg\",\"width\":512,\"height\":512,\"caption\":\"Turismo La Pern\u00eda\"},\"image\":{\"@id\":\"https:\/\/www.turismolapernia.com\/#\/schema\/logo\/image\/\"},\"sameAs\":[\"https:\/\/www.facebook.com\/turismolapernia\/\",\"https:\/\/www.instagram.com\/turismolapernia\/\"]},{\"@type\":\"Person\",\"@id\":\"https:\/\/www.turismolapernia.com\/#\/schema\/person\/5d5ac032f7e9064c5ce073bbe3564340\",\"name\":\"admin\",\"image\":{\"@type\":\"ImageObject\",\"inLanguage\":\"en-GB\",\"@id\":\"https:\/\/www.turismolapernia.com\/#\/schema\/person\/image\/\",\"url\":\"https:\/\/secure.gravatar.com\/avatar\/fe87fc43b218a52a79b72dddcb95d45fcdca0048b80712e6d20925a50f267165?s=96&d=mm&r=g\",\"contentUrl\":\"https:\/\/secure.gravatar.com\/avatar\/fe87fc43b218a52a79b72dddcb95d45fcdca0048b80712e6d20925a50f267165?s=96&d=mm&r=g\",\"caption\":\"admin\"}}]}<\/script>\n<!-- \/ Yoast SEO plugin. -->","yoast_head_json":{"title":"La exposici\u00f3n fotogr\u00e1fica \"Tiempo y Silencio en La Pern\u00eda\" se muestra en el Ayuntamiento de La Pern\u00eda | Turismo La Pern\u00eda","robots":{"index":"index","follow":"follow","max-snippet":"max-snippet:-1","max-image-preview":"max-image-preview:large","max-video-preview":"max-video-preview:-1"},"canonical":"https:\/\/www.turismolapernia.com\/en\/noticias-pernia\/la-exposicion-fotografica-tiempo-y-silencio-en-la-pernia-se-muestra-en-el-ayuntamiento-de-la-pernia\/","og_locale":"en_GB","og_type":"article","og_title":"La exposici\u00f3n fotogr\u00e1fica \"Tiempo y Silencio en La Pern\u00eda\" se muestra en el Ayuntamiento de La Pern\u00eda | Turismo La Pern\u00eda","og_description":"Tras su estreno y presentaci\u00f3n durante el mes de agosto en Aguilar de Campoo, la exposici\u00f3n fotogr\u00e1fica &#8220;Tiempo y silencio en La Pern\u00eda&#8221; de Esteban Cano, llega al Ayuntamiento de La Pern\u00eda (Palencia), donde permanecer\u00e1 expuesta hasta el 14 de octubre.&nbsp;La exposici\u00f3n incluye una variada selecci\u00f3n fotogr\u00e1fica de los paisajes de La Pern\u00eda durante los &hellip; Continue reading \"La exposici\u00f3n fotogr\u00e1fica &#8220;Tiempo y Silencio en La Pern\u00eda&#8221; se muestra en el Ayuntamiento de La Pern\u00eda\"","og_url":"https:\/\/www.turismolapernia.com\/en\/noticias-pernia\/la-exposicion-fotografica-tiempo-y-silencio-en-la-pernia-se-muestra-en-el-ayuntamiento-de-la-pernia\/","og_site_name":"Turismo La Pern\u00eda","article_publisher":"https:\/\/www.facebook.com\/turismolapernia\/","article_published_time":"2022-09-06T08:39:08+00:00","article_modified_time":"2022-09-06T09:45:23+00:00","og_image":[{"width":1932,"height":1449,"url":"https:\/\/www.turismolapernia.com\/wp-content\/uploads\/2022\/09\/DSC_0539.jpg","type":"image\/jpeg"}],"author":"admin","twitter_card":"summary_large_image","twitter_misc":{"Written by":"admin","Estimated reading time":"1 minute"},"schema":{"@context":"https:\/\/schema.org","@graph":[{"@type":"Article","@id":"https:\/\/www.turismolapernia.com\/noticias-pernia\/la-exposicion-fotografica-tiempo-y-silencio-en-la-pernia-se-muestra-en-el-ayuntamiento-de-la-pernia\/#article","isPartOf":{"@id":"https:\/\/www.turismolapernia.com\/noticias-pernia\/la-exposicion-fotografica-tiempo-y-silencio-en-la-pernia-se-muestra-en-el-ayuntamiento-de-la-pernia\/"},"author":{"name":"admin","@id":"https:\/\/www.turismolapernia.com\/#\/schema\/person\/5d5ac032f7e9064c5ce073bbe3564340"},"headline":"La exposici\u00f3n fotogr\u00e1fica &#8220;Tiempo y Silencio en La Pern\u00eda&#8221; se muestra en el Ayuntamiento de La Pern\u00eda","datePublished":"2022-09-06T08:39:08+00:00","dateModified":"2022-09-06T09:45:23+00:00","mainEntityOfPage":{"@id":"https:\/\/www.turismolapernia.com\/noticias-pernia\/la-exposicion-fotografica-tiempo-y-silencio-en-la-pernia-se-muestra-en-el-ayuntamiento-de-la-pernia\/"},"wordCount":168,"commentCount":2,"publisher":{"@id":"https:\/\/www.turismolapernia.com\/#organization"},"image":{"@id":"https:\/\/www.turismolapernia.com\/noticias-pernia\/la-exposicion-fotografica-tiempo-y-silencio-en-la-pernia-se-muestra-en-el-ayuntamiento-de-la-pernia\/#primaryimage"},"thumbnailUrl":"https:\/\/www.turismolapernia.com\/wp-content\/uploads\/2022\/09\/DSC_0539.jpg","articleSection":["Eventos y actividades","Noticias"],"inLanguage":"en-GB","potentialAction":[{"@type":"CommentAction","name":"Comment","target":["https:\/\/www.turismolapernia.com\/noticias-pernia\/la-exposicion-fotografica-tiempo-y-silencio-en-la-pernia-se-muestra-en-el-ayuntamiento-de-la-pernia\/#respond"]}]},{"@type":"WebPage","@id":"https:\/\/www.turismolapernia.com\/noticias-pernia\/la-exposicion-fotografica-tiempo-y-silencio-en-la-pernia-se-muestra-en-el-ayuntamiento-de-la-pernia\/","url":"https:\/\/www.turismolapernia.com\/noticias-pernia\/la-exposicion-fotografica-tiempo-y-silencio-en-la-pernia-se-muestra-en-el-ayuntamiento-de-la-pernia\/","name":"La exposici\u00f3n fotogr\u00e1fica \"Tiempo y Silencio en La Pern\u00eda\" se muestra en el Ayuntamiento de La Pern\u00eda | Turismo La Pern\u00eda","isPartOf":{"@id":"https:\/\/www.turismolapernia.com\/#website"},"primaryImageOfPage":{"@id":"https:\/\/www.turismolapernia.com\/noticias-pernia\/la-exposicion-fotografica-tiempo-y-silencio-en-la-pernia-se-muestra-en-el-ayuntamiento-de-la-pernia\/#primaryimage"},"image":{"@id":"https:\/\/www.turismolapernia.com\/noticias-pernia\/la-exposicion-fotografica-tiempo-y-silencio-en-la-pernia-se-muestra-en-el-ayuntamiento-de-la-pernia\/#primaryimage"},"thumbnailUrl":"https:\/\/www.turismolapernia.com\/wp-content\/uploads\/2022\/09\/DSC_0539.jpg","datePublished":"2022-09-06T08:39:08+00:00","dateModified":"2022-09-06T09:45:23+00:00","breadcrumb":{"@id":"https:\/\/www.turismolapernia.com\/noticias-pernia\/la-exposicion-fotografica-tiempo-y-silencio-en-la-pernia-se-muestra-en-el-ayuntamiento-de-la-pernia\/#breadcrumb"},"inLanguage":"en-GB","potentialAction":[{"@type":"ReadAction","target":["https:\/\/www.turismolapernia.com\/noticias-pernia\/la-exposicion-fotografica-tiempo-y-silencio-en-la-pernia-se-muestra-en-el-ayuntamiento-de-la-pernia\/"]}]},{"@type":"ImageObject","inLanguage":"en-GB","@id":"https:\/\/www.turismolapernia.com\/noticias-pernia\/la-exposicion-fotografica-tiempo-y-silencio-en-la-pernia-se-muestra-en-el-ayuntamiento-de-la-pernia\/#primaryimage","url":"https:\/\/www.turismolapernia.com\/wp-content\/uploads\/2022\/09\/DSC_0539.jpg","contentUrl":"https:\/\/www.turismolapernia.com\/wp-content\/uploads\/2022\/09\/DSC_0539.jpg","width":1932,"height":1449},{"@type":"BreadcrumbList","@id":"https:\/\/www.turismolapernia.com\/noticias-pernia\/la-exposicion-fotografica-tiempo-y-silencio-en-la-pernia-se-muestra-en-el-ayuntamiento-de-la-pernia\/#breadcrumb","itemListElement":[{"@type":"ListItem","position":1,"name":"La Pern\u00eda","item":"https:\/\/www.turismolapernia.com\/"},{"@type":"ListItem","position":2,"name":"La exposici\u00f3n fotogr\u00e1fica &#8220;Tiempo y Silencio en La Pern\u00eda&#8221; se muestra en el Ayuntamiento de La Pern\u00eda"}]},{"@type":"WebSite","@id":"https:\/\/www.turismolapernia.com\/#website","url":"https:\/\/www.turismolapernia.com\/","name":"Turismo La Pern\u00eda","description":"Monta\u00f1a Palentina","publisher":{"@id":"https:\/\/www.turismolapernia.com\/#organization"},"potentialAction":[{"@type":"SearchAction","target":{"@type":"EntryPoint","urlTemplate":"https:\/\/www.turismolapernia.com\/?s={search_term_string}"},"query-input":{"@type":"PropertyValueSpecification","valueRequired":true,"valueName":"search_term_string"}}],"inLanguage":"en-GB"},{"@type":"Organization","@id":"https:\/\/www.turismolapernia.com\/#organization","name":"Turismo La Pern\u00eda","url":"https:\/\/www.turismolapernia.com\/","logo":{"@type":"ImageObject","inLanguage":"en-GB","@id":"https:\/\/www.turismolapernia.com\/#\/schema\/logo\/image\/","url":"https:\/\/www.turismolapernia.com\/wp-content\/uploads\/2021\/12\/cropped-logo-CRV-Pernia-perfil.jpg","contentUrl":"https:\/\/www.turismolapernia.com\/wp-content\/uploads\/2021\/12\/cropped-logo-CRV-Pernia-perfil.jpg","width":512,"height":512,"caption":"Turismo La Pern\u00eda"},"image":{"@id":"https:\/\/www.turismolapernia.com\/#\/schema\/logo\/image\/"},"sameAs":["https:\/\/www.facebook.com\/turismolapernia\/","https:\/\/www.instagram.com\/turismolapernia\/"]},{"@type":"Person","@id":"https:\/\/www.turismolapernia.com\/#\/schema\/person\/5d5ac032f7e9064c5ce073bbe3564340","name":"admin","image":{"@type":"ImageObject","inLanguage":"en-GB","@id":"https:\/\/www.turismolapernia.com\/#\/schema\/person\/image\/","url":"https:\/\/secure.gravatar.com\/avatar\/fe87fc43b218a52a79b72dddcb95d45fcdca0048b80712e6d20925a50f267165?s=96&d=mm&r=g","contentUrl":"https:\/\/secure.gravatar.com\/avatar\/fe87fc43b218a52a79b72dddcb95d45fcdca0048b80712e6d20925a50f267165?s=96&d=mm&r=g","caption":"admin"}}]}},"_links":{"self":[{"href":"https:\/\/www.turismolapernia.com\/en\/wp-json\/wp\/v2\/posts\/12952","targetHints":{"allow":["GET"]}}],"collection":[{"href":"https:\/\/www.turismolapernia.com\/en\/wp-json\/wp\/v2\/posts"}],"about":[{"href":"https:\/\/www.turismolapernia.com\/en\/wp-json\/wp\/v2\/types\/post"}],"author":[{"embeddable":true,"href":"https:\/\/www.turismolapernia.com\/en\/wp-json\/wp\/v2\/users\/1"}],"replies":[{"embeddable":true,"href":"https:\/\/www.turismolapernia.com\/en\/wp-json\/wp\/v2\/comments?post=12952"}],"version-history":[{"count":21,"href":"https:\/\/www.turismolapernia.com\/en\/wp-json\/wp\/v2\/posts\/12952\/revisions"}],"predecessor-version":[{"id":12981,"href":"https:\/\/www.turismolapernia.com\/en\/wp-json\/wp\/v2\/posts\/12952\/revisions\/12981"}],"wp:featuredmedia":[{"embeddable":true,"href":"https:\/\/www.turismolapernia.com\/en\/wp-json\/wp\/v2\/media\/12973"}],"wp:attachment":[{"href":"https:\/\/www.turismolapernia.com\/en\/wp-json\/wp\/v2\/media?parent=12952"}],"wp:term":[{"taxonomy":"category","embeddable":true,"href":"https:\/\/www.turismolapernia.com\/en\/wp-json\/wp\/v2\/categories?post=12952"},{"taxonomy":"post_tag","embeddable":true,"href":"https:\/\/www.turismolapernia.com\/en\/wp-json\/wp\/v2\/tags?post=12952"}],"curies":[{"name":"wp","href":"https:\/\/api.w.org\/{rel}","templated":true}]}}