{"id":12627,"date":"2022-08-23T18:10:12","date_gmt":"2022-08-23T16:10:12","guid":{"rendered":"https:\/\/www.turismolapernia.com\/?p=12627"},"modified":"2022-09-12T09:31:40","modified_gmt":"2022-09-12T07:31:40","slug":"gran-acogida-de-la-feria-de-san-bernardo-en-la-pernia","status":"publish","type":"post","link":"https:\/\/www.turismolapernia.com\/en\/noticias-pernia\/gran-acogida-de-la-feria-de-san-bernardo-en-la-pernia\/","title":{"rendered":"Gran acogida de la Feria de San Bernardo en La Pern\u00eda"},"content":{"rendered":"<div data-elementor-type=\"wp-post\" data-elementor-id=\"12627\" class=\"elementor elementor-12627\" data-elementor-settings=\"[]\">\n\t\t\t\t\t\t\t<div class=\"elementor-section-wrap\">\n\t\t\t\t\t\t\t<section class=\"elementor-section elementor-top-section elementor-element elementor-element-7796167 elementor-section-boxed elementor-section-height-default elementor-section-height-default\" data-id=\"7796167\" data-element_type=\"section\">\n\t\t\t\t\t\t<div class=\"elementor-container elementor-column-gap-default\">\n\t\t\t\t\t<div class=\"elementor-column elementor-col-50 elementor-top-column elementor-element elementor-element-a8abe96\" data-id=\"a8abe96\" data-element_type=\"column\">\n\t\t\t<div class=\"elementor-widget-wrap elementor-element-populated\">\n\t\t\t\t\t\t\t\t<div class=\"elementor-element elementor-element-725b98a elementor-widget elementor-widget-image\" data-id=\"725b98a\" data-element_type=\"widget\" data-widget_type=\"image.default\">\n\t\t\t\t<div class=\"elementor-widget-container\">\n\t\t\t\t\t\t\t\t\t\t\t\t\t\t\t<img loading=\"lazy\" decoding=\"async\" width=\"525\" height=\"394\" src=\"https:\/\/www.turismolapernia.com\/wp-content\/uploads\/2022\/08\/DSC03661-01-768x576.jpeg\" class=\"attachment-medium_large size-medium_large\" alt=\"\" srcset=\"https:\/\/www.turismolapernia.com\/wp-content\/uploads\/2022\/08\/DSC03661-01-768x576.jpeg 768w, https:\/\/www.turismolapernia.com\/wp-content\/uploads\/2022\/08\/DSC03661-01-300x225.jpeg 300w, https:\/\/www.turismolapernia.com\/wp-content\/uploads\/2022\/08\/DSC03661-01-1024x768.jpeg 1024w, https:\/\/www.turismolapernia.com\/wp-content\/uploads\/2022\/08\/DSC03661-01-1536x1152.jpeg 1536w, https:\/\/www.turismolapernia.com\/wp-content\/uploads\/2022\/08\/DSC03661-01-2048x1536.jpeg 2048w, https:\/\/www.turismolapernia.com\/wp-content\/uploads\/2022\/08\/DSC03661-01-16x12.jpeg 16w\" sizes=\"auto, 100vw\" \/>\t\t\t\t\t\t\t\t\t\t\t\t\t\t\t<\/div>\n\t\t\t\t<\/div>\n\t\t\t\t\t<\/div>\n\t\t<\/div>\n\t\t\t\t<div class=\"elementor-column elementor-col-50 elementor-top-column elementor-element elementor-element-fdfe593\" data-id=\"fdfe593\" data-element_type=\"column\">\n\t\t\t<div class=\"elementor-widget-wrap elementor-element-populated\">\n\t\t\t\t\t\t\t\t<div class=\"elementor-element elementor-element-3eeaad1 elementor-widget elementor-widget-text-editor\" data-id=\"3eeaad1\" data-element_type=\"widget\" data-widget_type=\"text-editor.default\">\n\t\t\t\t<div class=\"elementor-widget-container\">\n\t\t\t\t\t\t\t<p>Tras dos a\u00f1os sin poder celebrarse por la pandemia, la Feria ganadera de San Bernardo regres\u00f3 a La Pern\u00eda el pasado fin de semana con una gran acogida y afluencia de p\u00fablico.<\/p><p>\u00a0<\/p><p>M\u00e1s de 200 cabezas de ganado, entre vacas y terneros de las razas limusina, charolesa, parda, asturiana y pirenaica se fueron congregando en las campas de San Salvador de Cantamuda desde primera hora de la ma\u00f1ana del s\u00e1bado 20 de agosto, procedentes de distintas localidades de La Pern\u00eda como Piedrasluengas, Lebanza, Are\u00f1os, Casavegas, el Valle de Redondo o San Salvador.<\/p>\t\t\t\t\t\t<\/div>\n\t\t\t\t<\/div>\n\t\t\t\t\t<\/div>\n\t\t<\/div>\n\t\t\t\t\t\t\t<\/div>\n\t\t<\/section>\n\t\t\t\t<section class=\"elementor-section elementor-top-section elementor-element elementor-element-f1f404b elementor-section-boxed elementor-section-height-default elementor-section-height-default\" data-id=\"f1f404b\" data-element_type=\"section\">\n\t\t\t\t\t\t<div class=\"elementor-container elementor-column-gap-default\">\n\t\t\t\t\t<div class=\"elementor-column elementor-col-100 elementor-top-column elementor-element elementor-element-8a49c8b\" data-id=\"8a49c8b\" data-element_type=\"column\">\n\t\t\t<div class=\"elementor-widget-wrap elementor-element-populated\">\n\t\t\t\t\t\t\t\t<div class=\"elementor-element elementor-element-3118634 elementor-widget elementor-widget-text-editor\" data-id=\"3118634\" data-element_type=\"widget\" data-widget_type=\"text-editor.default\">\n\t\t\t\t<div class=\"elementor-widget-container\">\n\t\t\t\t\t\t\t<p>La exposici\u00f3n ganadera atrajo a numerosos curiosos, que no quisieron perder la oportunidad de disfrutar de una celebraci\u00f3n que se mantiene como uno de los escasos vestigios de las grandes ferias y mercados ganaderos que antiguamente eran habituales en toda la Monta\u00f1a Palentina.<\/p>\t\t\t\t\t\t<\/div>\n\t\t\t\t<\/div>\n\t\t\t\t<div class=\"elementor-element elementor-element-4502fa4 elementor-widget elementor-widget-text-editor\" data-id=\"4502fa4\" data-element_type=\"widget\" data-widget_type=\"text-editor.default\">\n\t\t\t\t<div class=\"elementor-widget-container\">\n\t\t\t\t\t\t\t<p>La tradicional exposici\u00f3n ganadera estuvo acompa\u00f1ada de un mercado de productos t\u00edpicos de alimentaci\u00f3n, artesan\u00eda y libros, as\u00ed como paseos a caballo por el entorno de la feria.<\/p>\t\t\t\t\t\t<\/div>\n\t\t\t\t<\/div>\n\t\t\t\t\t<\/div>\n\t\t<\/div>\n\t\t\t\t\t\t\t<\/div>\n\t\t<\/section>\n\t\t\t\t<section class=\"elementor-section elementor-top-section elementor-element elementor-element-26a00c2 elementor-section-boxed elementor-section-height-default elementor-section-height-default\" data-id=\"26a00c2\" data-element_type=\"section\">\n\t\t\t\t\t\t<div class=\"elementor-container elementor-column-gap-default\">\n\t\t\t\t\t<div class=\"elementor-column elementor-col-25 elementor-top-column elementor-element elementor-element-885838c\" data-id=\"885838c\" data-element_type=\"column\">\n\t\t\t<div class=\"elementor-widget-wrap elementor-element-populated\">\n\t\t\t\t\t\t\t\t<div class=\"elementor-element elementor-element-5c68672 elementor-widget elementor-widget-image\" data-id=\"5c68672\" data-element_type=\"widget\" data-widget_type=\"image.default\">\n\t\t\t\t<div class=\"elementor-widget-container\">\n\t\t\t\t\t\t\t\t\t\t\t\t\t\t\t<img loading=\"lazy\" decoding=\"async\" width=\"300\" height=\"219\" src=\"https:\/\/www.turismolapernia.com\/wp-content\/uploads\/2022\/08\/DSC03590-01-300x219.jpeg\" class=\"attachment-medium size-medium\" alt=\"\" srcset=\"https:\/\/www.turismolapernia.com\/wp-content\/uploads\/2022\/08\/DSC03590-01-300x219.jpeg 300w, https:\/\/www.turismolapernia.com\/wp-content\/uploads\/2022\/08\/DSC03590-01-1024x746.jpeg 1024w, https:\/\/www.turismolapernia.com\/wp-content\/uploads\/2022\/08\/DSC03590-01-768x560.jpeg 768w, https:\/\/www.turismolapernia.com\/wp-content\/uploads\/2022\/08\/DSC03590-01-1536x1119.jpeg 1536w, https:\/\/www.turismolapernia.com\/wp-content\/uploads\/2022\/08\/DSC03590-01-2048x1492.jpeg 2048w, https:\/\/www.turismolapernia.com\/wp-content\/uploads\/2022\/08\/DSC03590-01-16x12.jpeg 16w\" sizes=\"auto, 100vw\" \/>\t\t\t\t\t\t\t\t\t\t\t\t\t\t\t<\/div>\n\t\t\t\t<\/div>\n\t\t\t\t\t<\/div>\n\t\t<\/div>\n\t\t\t\t<div class=\"elementor-column elementor-col-25 elementor-top-column elementor-element elementor-element-39c36cf\" data-id=\"39c36cf\" data-element_type=\"column\">\n\t\t\t<div class=\"elementor-widget-wrap elementor-element-populated\">\n\t\t\t\t\t\t\t\t<div class=\"elementor-element elementor-element-abedf7e elementor-widget elementor-widget-image\" data-id=\"abedf7e\" data-element_type=\"widget\" data-widget_type=\"image.default\">\n\t\t\t\t<div class=\"elementor-widget-container\">\n\t\t\t\t\t\t\t\t\t\t\t\t\t\t\t<img loading=\"lazy\" decoding=\"async\" width=\"300\" height=\"225\" src=\"https:\/\/www.turismolapernia.com\/wp-content\/uploads\/2022\/08\/DSC03791-01-01-300x225.jpeg\" class=\"attachment-medium size-medium\" alt=\"\" srcset=\"https:\/\/www.turismolapernia.com\/wp-content\/uploads\/2022\/08\/DSC03791-01-01-300x225.jpeg 300w, https:\/\/www.turismolapernia.com\/wp-content\/uploads\/2022\/08\/DSC03791-01-01-1024x768.jpeg 1024w, https:\/\/www.turismolapernia.com\/wp-content\/uploads\/2022\/08\/DSC03791-01-01-768x576.jpeg 768w, https:\/\/www.turismolapernia.com\/wp-content\/uploads\/2022\/08\/DSC03791-01-01-1536x1152.jpeg 1536w, https:\/\/www.turismolapernia.com\/wp-content\/uploads\/2022\/08\/DSC03791-01-01-2048x1536.jpeg 2048w, https:\/\/www.turismolapernia.com\/wp-content\/uploads\/2022\/08\/DSC03791-01-01-16x12.jpeg 16w\" sizes=\"auto, 100vw\" \/>\t\t\t\t\t\t\t\t\t\t\t\t\t\t\t<\/div>\n\t\t\t\t<\/div>\n\t\t\t\t\t<\/div>\n\t\t<\/div>\n\t\t\t\t<div class=\"elementor-column elementor-col-25 elementor-top-column elementor-element elementor-element-52bfe64\" data-id=\"52bfe64\" data-element_type=\"column\">\n\t\t\t<div class=\"elementor-widget-wrap elementor-element-populated\">\n\t\t\t\t\t\t\t\t<div class=\"elementor-element elementor-element-652a281 elementor-widget elementor-widget-image\" data-id=\"652a281\" data-element_type=\"widget\" data-widget_type=\"image.default\">\n\t\t\t\t<div class=\"elementor-widget-container\">\n\t\t\t\t\t\t\t\t\t\t\t\t\t\t\t<img loading=\"lazy\" decoding=\"async\" width=\"300\" height=\"225\" src=\"https:\/\/www.turismolapernia.com\/wp-content\/uploads\/2022\/08\/DSC03750-01-300x225.jpeg\" class=\"attachment-medium size-medium\" alt=\"\" srcset=\"https:\/\/www.turismolapernia.com\/wp-content\/uploads\/2022\/08\/DSC03750-01-300x225.jpeg 300w, https:\/\/www.turismolapernia.com\/wp-content\/uploads\/2022\/08\/DSC03750-01-1024x768.jpeg 1024w, https:\/\/www.turismolapernia.com\/wp-content\/uploads\/2022\/08\/DSC03750-01-768x576.jpeg 768w, https:\/\/www.turismolapernia.com\/wp-content\/uploads\/2022\/08\/DSC03750-01-1536x1152.jpeg 1536w, https:\/\/www.turismolapernia.com\/wp-content\/uploads\/2022\/08\/DSC03750-01-2048x1536.jpeg 2048w, https:\/\/www.turismolapernia.com\/wp-content\/uploads\/2022\/08\/DSC03750-01-16x12.jpeg 16w\" sizes=\"auto, 100vw\" \/>\t\t\t\t\t\t\t\t\t\t\t\t\t\t\t<\/div>\n\t\t\t\t<\/div>\n\t\t\t\t\t<\/div>\n\t\t<\/div>\n\t\t\t\t<div class=\"elementor-column elementor-col-25 elementor-top-column elementor-element elementor-element-990cb1d\" data-id=\"990cb1d\" data-element_type=\"column\">\n\t\t\t<div class=\"elementor-widget-wrap elementor-element-populated\">\n\t\t\t\t\t\t\t\t<div class=\"elementor-element elementor-element-a8a8e5a elementor-widget elementor-widget-image\" data-id=\"a8a8e5a\" data-element_type=\"widget\" data-widget_type=\"image.default\">\n\t\t\t\t<div class=\"elementor-widget-container\">\n\t\t\t\t\t\t\t\t\t\t\t\t\t\t\t<img loading=\"lazy\" decoding=\"async\" width=\"300\" height=\"221\" src=\"https:\/\/www.turismolapernia.com\/wp-content\/uploads\/2022\/08\/DSC03720-01-300x221.jpeg\" class=\"attachment-medium size-medium\" alt=\"\" srcset=\"https:\/\/www.turismolapernia.com\/wp-content\/uploads\/2022\/08\/DSC03720-01-300x221.jpeg 300w, https:\/\/www.turismolapernia.com\/wp-content\/uploads\/2022\/08\/DSC03720-01-1024x754.jpeg 1024w, https:\/\/www.turismolapernia.com\/wp-content\/uploads\/2022\/08\/DSC03720-01-768x565.jpeg 768w, https:\/\/www.turismolapernia.com\/wp-content\/uploads\/2022\/08\/DSC03720-01-1536x1131.jpeg 1536w, https:\/\/www.turismolapernia.com\/wp-content\/uploads\/2022\/08\/DSC03720-01-2048x1508.jpeg 2048w, https:\/\/www.turismolapernia.com\/wp-content\/uploads\/2022\/08\/DSC03720-01-16x12.jpeg 16w\" sizes=\"auto, 100vw\" \/>\t\t\t\t\t\t\t\t\t\t\t\t\t\t\t<\/div>\n\t\t\t\t<\/div>\n\t\t\t\t\t<\/div>\n\t\t<\/div>\n\t\t\t\t\t\t\t<\/div>\n\t\t<\/section>\n\t\t\t\t<section class=\"elementor-section elementor-top-section elementor-element elementor-element-813ced7 elementor-section-boxed elementor-section-height-default elementor-section-height-default\" data-id=\"813ced7\" data-element_type=\"section\">\n\t\t\t\t\t\t<div class=\"elementor-container elementor-column-gap-default\">\n\t\t\t\t\t<div class=\"elementor-column elementor-col-100 elementor-top-column elementor-element elementor-element-c3ef490\" data-id=\"c3ef490\" data-element_type=\"column\">\n\t\t\t<div class=\"elementor-widget-wrap elementor-element-populated\">\n\t\t\t\t\t\t\t\t<div class=\"elementor-element elementor-element-03cc190 elementor-widget elementor-widget-text-editor\" data-id=\"03cc190\" data-element_type=\"widget\" data-widget_type=\"text-editor.default\">\n\t\t\t\t<div class=\"elementor-widget-container\">\n\t\t\t\t\t\t\t<p>Ya por la tarde, los m\u00e1s peque\u00f1os pudieron disfrutar de un parque infantil con hinchables y posteriormente tuvo lugar una de las actividades de mayor expectaci\u00f3n, la exhibici\u00f3n de cetrer\u00eda con &#8220;<i>Las \u00c1guilas de Valporquero<\/i>&#8221; junto a la iglesia de San Salvador.<br>Diferentes especies de rapaces como la lechuza com\u00fan, el \u00e1guila escudada, el cern\u00edcalo americano o el \u00e1guila de Harris mostraron sus vuelos frente a la imponente espada\u00f1a de la iglesia, haciendo las delicias del p\u00fablico asistente, que adem\u00e1s pudo interactuar con algunas de las aves.<\/p><p><br><\/p>\n<p><\/p>\n<p>Tras la exhibici\u00f3n de cetrer\u00eda tuvo lugar la esperada degustaci\u00f3n de carne de ternera, amenizada con las coplas y canciones de <i>Nati Ortega<\/i>, terminando la noche con una gran verbena a cargo del <i>Grupo FAMA.<\/i><\/p>\t\t\t\t\t\t<\/div>\n\t\t\t\t<\/div>\n\t\t\t\t\t<\/div>\n\t\t<\/div>\n\t\t\t\t\t\t\t<\/div>\n\t\t<\/section>\n\t\t\t\t<section class=\"elementor-section elementor-top-section elementor-element elementor-element-b881c21 elementor-section-boxed elementor-section-height-default elementor-section-height-default\" data-id=\"b881c21\" data-element_type=\"section\">\n\t\t\t\t\t\t<div class=\"elementor-container elementor-column-gap-default\">\n\t\t\t\t\t<div class=\"elementor-column elementor-col-25 elementor-top-column elementor-element elementor-element-bce6ef2\" data-id=\"bce6ef2\" data-element_type=\"column\">\n\t\t\t<div class=\"elementor-widget-wrap elementor-element-populated\">\n\t\t\t\t\t\t\t\t<div class=\"elementor-element elementor-element-8563a95 elementor-widget elementor-widget-image\" data-id=\"8563a95\" data-element_type=\"widget\" data-widget_type=\"image.default\">\n\t\t\t\t<div class=\"elementor-widget-container\">\n\t\t\t\t\t\t\t\t\t\t\t\t\t\t\t<img loading=\"lazy\" decoding=\"async\" width=\"300\" height=\"225\" src=\"https:\/\/www.turismolapernia.com\/wp-content\/uploads\/2022\/08\/DSC_0490-300x225.jpg\" class=\"attachment-medium size-medium\" alt=\"\" srcset=\"https:\/\/www.turismolapernia.com\/wp-content\/uploads\/2022\/08\/DSC_0490-300x225.jpg 300w, https:\/\/www.turismolapernia.com\/wp-content\/uploads\/2022\/08\/DSC_0490-1024x768.jpg 1024w, https:\/\/www.turismolapernia.com\/wp-content\/uploads\/2022\/08\/DSC_0490-768x576.jpg 768w, https:\/\/www.turismolapernia.com\/wp-content\/uploads\/2022\/08\/DSC_0490-1536x1152.jpg 1536w, https:\/\/www.turismolapernia.com\/wp-content\/uploads\/2022\/08\/DSC_0490-2048x1536.jpg 2048w, https:\/\/www.turismolapernia.com\/wp-content\/uploads\/2022\/08\/DSC_0490-16x12.jpg 16w\" sizes=\"auto, 100vw\" \/>\t\t\t\t\t\t\t\t\t\t\t\t\t\t\t<\/div>\n\t\t\t\t<\/div>\n\t\t\t\t\t<\/div>\n\t\t<\/div>\n\t\t\t\t<div class=\"elementor-column elementor-col-25 elementor-top-column elementor-element elementor-element-f1d29dd\" data-id=\"f1d29dd\" data-element_type=\"column\">\n\t\t\t<div class=\"elementor-widget-wrap elementor-element-populated\">\n\t\t\t\t\t\t\t\t<div class=\"elementor-element elementor-element-6ddf4c8 elementor-widget elementor-widget-image\" data-id=\"6ddf4c8\" data-element_type=\"widget\" data-widget_type=\"image.default\">\n\t\t\t\t<div class=\"elementor-widget-container\">\n\t\t\t\t\t\t\t\t\t\t\t\t\t\t\t<img loading=\"lazy\" decoding=\"async\" width=\"300\" height=\"223\" src=\"https:\/\/www.turismolapernia.com\/wp-content\/uploads\/2022\/08\/DSC03809-01-300x223.jpeg\" class=\"attachment-medium size-medium\" alt=\"\" srcset=\"https:\/\/www.turismolapernia.com\/wp-content\/uploads\/2022\/08\/DSC03809-01-300x223.jpeg 300w, https:\/\/www.turismolapernia.com\/wp-content\/uploads\/2022\/08\/DSC03809-01-1024x763.jpeg 1024w, https:\/\/www.turismolapernia.com\/wp-content\/uploads\/2022\/08\/DSC03809-01-768x572.jpeg 768w, https:\/\/www.turismolapernia.com\/wp-content\/uploads\/2022\/08\/DSC03809-01-1536x1144.jpeg 1536w, https:\/\/www.turismolapernia.com\/wp-content\/uploads\/2022\/08\/DSC03809-01-2048x1525.jpeg 2048w, https:\/\/www.turismolapernia.com\/wp-content\/uploads\/2022\/08\/DSC03809-01-16x12.jpeg 16w\" sizes=\"auto, 100vw\" \/>\t\t\t\t\t\t\t\t\t\t\t\t\t\t\t<\/div>\n\t\t\t\t<\/div>\n\t\t\t\t\t<\/div>\n\t\t<\/div>\n\t\t\t\t<div class=\"elementor-column elementor-col-25 elementor-top-column elementor-element elementor-element-c9f3468\" data-id=\"c9f3468\" data-element_type=\"column\">\n\t\t\t<div class=\"elementor-widget-wrap elementor-element-populated\">\n\t\t\t\t\t\t\t\t<div class=\"elementor-element elementor-element-1a052a7 elementor-widget elementor-widget-image\" data-id=\"1a052a7\" data-element_type=\"widget\" data-widget_type=\"image.default\">\n\t\t\t\t<div class=\"elementor-widget-container\">\n\t\t\t\t\t\t\t\t\t\t\t\t\t\t\t<img loading=\"lazy\" decoding=\"async\" width=\"300\" height=\"225\" src=\"https:\/\/www.turismolapernia.com\/wp-content\/uploads\/2022\/08\/DSC_0494-300x225.jpg\" class=\"attachment-medium size-medium\" alt=\"\" srcset=\"https:\/\/www.turismolapernia.com\/wp-content\/uploads\/2022\/08\/DSC_0494-300x225.jpg 300w, https:\/\/www.turismolapernia.com\/wp-content\/uploads\/2022\/08\/DSC_0494-1024x768.jpg 1024w, https:\/\/www.turismolapernia.com\/wp-content\/uploads\/2022\/08\/DSC_0494-768x576.jpg 768w, https:\/\/www.turismolapernia.com\/wp-content\/uploads\/2022\/08\/DSC_0494-1536x1152.jpg 1536w, https:\/\/www.turismolapernia.com\/wp-content\/uploads\/2022\/08\/DSC_0494-2048x1536.jpg 2048w, https:\/\/www.turismolapernia.com\/wp-content\/uploads\/2022\/08\/DSC_0494-16x12.jpg 16w\" sizes=\"auto, 100vw\" \/>\t\t\t\t\t\t\t\t\t\t\t\t\t\t\t<\/div>\n\t\t\t\t<\/div>\n\t\t\t\t\t<\/div>\n\t\t<\/div>\n\t\t\t\t<div class=\"elementor-column elementor-col-25 elementor-top-column elementor-element elementor-element-61f3229\" data-id=\"61f3229\" data-element_type=\"column\">\n\t\t\t<div class=\"elementor-widget-wrap elementor-element-populated\">\n\t\t\t\t\t\t\t\t<div class=\"elementor-element elementor-element-22e94bf elementor-widget elementor-widget-image\" data-id=\"22e94bf\" data-element_type=\"widget\" data-widget_type=\"image.default\">\n\t\t\t\t<div class=\"elementor-widget-container\">\n\t\t\t\t\t\t\t\t\t\t\t\t\t\t\t<img loading=\"lazy\" decoding=\"async\" width=\"300\" height=\"225\" src=\"https:\/\/www.turismolapernia.com\/wp-content\/uploads\/2022\/08\/DSC_0496-300x225.jpg\" class=\"attachment-medium size-medium\" alt=\"\" srcset=\"https:\/\/www.turismolapernia.com\/wp-content\/uploads\/2022\/08\/DSC_0496-300x225.jpg 300w, https:\/\/www.turismolapernia.com\/wp-content\/uploads\/2022\/08\/DSC_0496-1024x768.jpg 1024w, https:\/\/www.turismolapernia.com\/wp-content\/uploads\/2022\/08\/DSC_0496-768x576.jpg 768w, https:\/\/www.turismolapernia.com\/wp-content\/uploads\/2022\/08\/DSC_0496-1536x1152.jpg 1536w, https:\/\/www.turismolapernia.com\/wp-content\/uploads\/2022\/08\/DSC_0496-2048x1536.jpg 2048w, https:\/\/www.turismolapernia.com\/wp-content\/uploads\/2022\/08\/DSC_0496-16x12.jpg 16w\" sizes=\"auto, 100vw\" \/>\t\t\t\t\t\t\t\t\t\t\t\t\t\t\t<\/div>\n\t\t\t\t<\/div>\n\t\t\t\t\t<\/div>\n\t\t<\/div>\n\t\t\t\t\t\t\t<\/div>\n\t\t<\/section>\n\t\t\t\t<section class=\"elementor-section elementor-top-section elementor-element elementor-element-e805ed1 elementor-section-boxed elementor-section-height-default elementor-section-height-default\" data-id=\"e805ed1\" data-element_type=\"section\">\n\t\t\t\t\t\t<div class=\"elementor-container elementor-column-gap-default\">\n\t\t\t\t\t<div class=\"elementor-column elementor-col-100 elementor-top-column elementor-element elementor-element-27f672d\" data-id=\"27f672d\" data-element_type=\"column\">\n\t\t\t<div class=\"elementor-widget-wrap elementor-element-populated\">\n\t\t\t\t\t\t\t\t<div class=\"elementor-element elementor-element-c5c288a elementor-widget elementor-widget-text-editor\" data-id=\"c5c288a\" data-element_type=\"widget\" data-widget_type=\"text-editor.default\">\n\t\t\t\t<div class=\"elementor-widget-container\">\n\t\t\t\t\t\t\t<p>Las actividades finalizaron el domingo 21, con una concentraci\u00f3n ecuestre organizada por Tom Blanco, donde los participantes y asistentes pudieron disfrutar del deporte ecuestre &#8220;<i>Team penning<\/i>&#8221; con caballos y bueyes, adem\u00e1s de una gymkana y juegos a caballo.<\/p>\t\t\t\t\t\t<\/div>\n\t\t\t\t<\/div>\n\t\t\t\t\t<\/div>\n\t\t<\/div>\n\t\t\t\t\t\t\t<\/div>\n\t\t<\/section>\n\t\t\t\t<section class=\"elementor-section elementor-top-section elementor-element elementor-element-4652d0b elementor-section-boxed elementor-section-height-default elementor-section-height-default\" data-id=\"4652d0b\" data-element_type=\"section\">\n\t\t\t\t\t\t<div class=\"elementor-container elementor-column-gap-default\">\n\t\t\t\t\t<div class=\"elementor-column elementor-col-33 elementor-top-column elementor-element elementor-element-3b587f7\" data-id=\"3b587f7\" data-element_type=\"column\">\n\t\t\t<div class=\"elementor-widget-wrap elementor-element-populated\">\n\t\t\t\t\t\t\t\t<div class=\"elementor-element elementor-element-0d22018 elementor-widget elementor-widget-image\" data-id=\"0d22018\" data-element_type=\"widget\" data-widget_type=\"image.default\">\n\t\t\t\t<div class=\"elementor-widget-container\">\n\t\t\t\t\t\t\t\t\t\t\t\t\t\t\t<img loading=\"lazy\" decoding=\"async\" width=\"300\" height=\"201\" src=\"https:\/\/www.turismolapernia.com\/wp-content\/uploads\/2022\/08\/DSC03918-01-300x201.jpeg\" class=\"attachment-medium size-medium\" alt=\"\" srcset=\"https:\/\/www.turismolapernia.com\/wp-content\/uploads\/2022\/08\/DSC03918-01-300x201.jpeg 300w, https:\/\/www.turismolapernia.com\/wp-content\/uploads\/2022\/08\/DSC03918-01-1024x686.jpeg 1024w, https:\/\/www.turismolapernia.com\/wp-content\/uploads\/2022\/08\/DSC03918-01-768x515.jpeg 768w, https:\/\/www.turismolapernia.com\/wp-content\/uploads\/2022\/08\/DSC03918-01-1536x1030.jpeg 1536w, https:\/\/www.turismolapernia.com\/wp-content\/uploads\/2022\/08\/DSC03918-01-2048x1373.jpeg 2048w, https:\/\/www.turismolapernia.com\/wp-content\/uploads\/2022\/08\/DSC03918-01-18x12.jpeg 18w, https:\/\/www.turismolapernia.com\/wp-content\/uploads\/2022\/08\/DSC03918-01-272x182.jpeg 272w\" sizes=\"auto, 100vw\" \/>\t\t\t\t\t\t\t\t\t\t\t\t\t\t\t<\/div>\n\t\t\t\t<\/div>\n\t\t\t\t\t<\/div>\n\t\t<\/div>\n\t\t\t\t<div class=\"elementor-column elementor-col-33 elementor-top-column elementor-element elementor-element-874a2b8\" data-id=\"874a2b8\" data-element_type=\"column\">\n\t\t\t<div class=\"elementor-widget-wrap elementor-element-populated\">\n\t\t\t\t\t\t\t\t<div class=\"elementor-element elementor-element-469ca51 elementor-widget elementor-widget-image\" data-id=\"469ca51\" data-element_type=\"widget\" data-widget_type=\"image.default\">\n\t\t\t\t<div class=\"elementor-widget-container\">\n\t\t\t\t\t\t\t\t\t\t\t\t\t\t\t<img loading=\"lazy\" decoding=\"async\" width=\"300\" height=\"225\" src=\"https:\/\/www.turismolapernia.com\/wp-content\/uploads\/2022\/08\/DSC03971-300x225.jpg\" class=\"attachment-medium size-medium\" alt=\"\" srcset=\"https:\/\/www.turismolapernia.com\/wp-content\/uploads\/2022\/08\/DSC03971-300x225.jpg 300w, https:\/\/www.turismolapernia.com\/wp-content\/uploads\/2022\/08\/DSC03971-1024x768.jpg 1024w, https:\/\/www.turismolapernia.com\/wp-content\/uploads\/2022\/08\/DSC03971-768x576.jpg 768w, https:\/\/www.turismolapernia.com\/wp-content\/uploads\/2022\/08\/DSC03971-1536x1152.jpg 1536w, https:\/\/www.turismolapernia.com\/wp-content\/uploads\/2022\/08\/DSC03971-2048x1536.jpg 2048w, https:\/\/www.turismolapernia.com\/wp-content\/uploads\/2022\/08\/DSC03971-16x12.jpg 16w\" sizes=\"auto, 100vw\" \/>\t\t\t\t\t\t\t\t\t\t\t\t\t\t\t<\/div>\n\t\t\t\t<\/div>\n\t\t\t\t\t<\/div>\n\t\t<\/div>\n\t\t\t\t<div class=\"elementor-column elementor-col-33 elementor-top-column elementor-element elementor-element-c754515\" data-id=\"c754515\" data-element_type=\"column\">\n\t\t\t<div class=\"elementor-widget-wrap elementor-element-populated\">\n\t\t\t\t\t\t\t\t<div class=\"elementor-element elementor-element-2aff082 elementor-widget elementor-widget-image\" data-id=\"2aff082\" data-element_type=\"widget\" data-widget_type=\"image.default\">\n\t\t\t\t<div class=\"elementor-widget-container\">\n\t\t\t\t\t\t\t\t\t\t\t\t\t\t\t<img loading=\"lazy\" decoding=\"async\" width=\"300\" height=\"225\" src=\"https:\/\/www.turismolapernia.com\/wp-content\/uploads\/2022\/08\/DSC03999-300x225.jpg\" class=\"attachment-medium size-medium\" alt=\"\" srcset=\"https:\/\/www.turismolapernia.com\/wp-content\/uploads\/2022\/08\/DSC03999-300x225.jpg 300w, https:\/\/www.turismolapernia.com\/wp-content\/uploads\/2022\/08\/DSC03999-1024x768.jpg 1024w, https:\/\/www.turismolapernia.com\/wp-content\/uploads\/2022\/08\/DSC03999-768x576.jpg 768w, https:\/\/www.turismolapernia.com\/wp-content\/uploads\/2022\/08\/DSC03999-1536x1152.jpg 1536w, https:\/\/www.turismolapernia.com\/wp-content\/uploads\/2022\/08\/DSC03999-2048x1536.jpg 2048w, https:\/\/www.turismolapernia.com\/wp-content\/uploads\/2022\/08\/DSC03999-16x12.jpg 16w\" sizes=\"auto, 100vw\" \/>\t\t\t\t\t\t\t\t\t\t\t\t\t\t\t<\/div>\n\t\t\t\t<\/div>\n\t\t\t\t\t<\/div>\n\t\t<\/div>\n\t\t\t\t\t\t\t<\/div>\n\t\t<\/section>\n\t\t\t\t\t\t<\/div>\n\t\t\t\t\t<\/div>","protected":false},"excerpt":{"rendered":"<p>Tras dos a\u00f1os sin poder celebrarse por la pandemia, la Feria ganadera de San Bernardo regres\u00f3 a La Pern\u00eda el pasado fin de semana con una gran acogida y afluencia de p\u00fablico. \u00a0 M\u00e1s de 200 cabezas de ganado, entre vacas y terneros de las razas limusina, charolesa, parda, asturiana y pirenaica se fueron congregando &hellip; <\/p>\n<p class=\"link-more\"><a href=\"https:\/\/www.turismolapernia.com\/en\/noticias-pernia\/gran-acogida-de-la-feria-de-san-bernardo-en-la-pernia\/\" class=\"more-link\">Continue reading<span class=\"screen-reader-text\"> &#8220;Gran acogida de la Feria de San Bernardo en La Pern\u00eda&#8221;<\/span><\/a><\/p>","protected":false},"author":1,"featured_media":12631,"comment_status":"open","ping_status":"open","sticky":false,"template":"","format":"standard","meta":{"footnotes":""},"categories":[14,13],"tags":[],"class_list":["post-12627","post","type-post","status-publish","format-standard","has-post-thumbnail","hentry","category-eventos-y-actividades","category-noticias-pernia"],"yoast_head":"<!-- This site is optimized with the Yoast SEO plugin v23.5 - https:\/\/yoast.com\/wordpress\/plugins\/seo\/ -->\n<title>Gran acogida de la Feria de San Bernardo en La Pern\u00eda | Turismo La Pern\u00eda<\/title>\n<meta name=\"robots\" content=\"index, follow, max-snippet:-1, max-image-preview:large, max-video-preview:-1\" \/>\n<link rel=\"canonical\" href=\"https:\/\/www.turismolapernia.com\/en\/noticias-pernia\/gran-acogida-de-la-feria-de-san-bernardo-en-la-pernia\/\" \/>\n<meta property=\"og:locale\" content=\"en_GB\" \/>\n<meta property=\"og:type\" content=\"article\" \/>\n<meta property=\"og:title\" content=\"Gran acogida de la Feria de San Bernardo en La Pern\u00eda | Turismo La Pern\u00eda\" \/>\n<meta property=\"og:description\" content=\"Tras dos a\u00f1os sin poder celebrarse por la pandemia, la Feria ganadera de San Bernardo regres\u00f3 a La Pern\u00eda el pasado fin de semana con una gran acogida y afluencia de p\u00fablico. \u00a0 M\u00e1s de 200 cabezas de ganado, entre vacas y terneros de las razas limusina, charolesa, parda, asturiana y pirenaica se fueron congregando &hellip; Continue reading &quot;Gran acogida de la Feria de San Bernardo en La Pern\u00eda&quot;\" \/>\n<meta property=\"og:url\" content=\"https:\/\/www.turismolapernia.com\/en\/noticias-pernia\/gran-acogida-de-la-feria-de-san-bernardo-en-la-pernia\/\" \/>\n<meta property=\"og:site_name\" content=\"Turismo La Pern\u00eda\" \/>\n<meta property=\"article:publisher\" content=\"https:\/\/www.facebook.com\/turismolapernia\/\" \/>\n<meta property=\"article:published_time\" content=\"2022-08-23T16:10:12+00:00\" \/>\n<meta property=\"article:modified_time\" content=\"2022-09-12T07:31:40+00:00\" \/>\n<meta property=\"og:image\" content=\"https:\/\/www.turismolapernia.com\/wp-content\/uploads\/2022\/08\/DSC03661-01-1024x768.jpeg\" \/>\n\t<meta property=\"og:image:width\" content=\"1024\" \/>\n\t<meta property=\"og:image:height\" content=\"768\" \/>\n\t<meta property=\"og:image:type\" content=\"image\/jpeg\" \/>\n<meta name=\"author\" content=\"admin\" \/>\n<meta name=\"twitter:card\" content=\"summary_large_image\" \/>\n<meta name=\"twitter:label1\" content=\"Written by\" \/>\n\t<meta name=\"twitter:data1\" content=\"admin\" \/>\n\t<meta name=\"twitter:label2\" content=\"Estimated reading time\" \/>\n\t<meta name=\"twitter:data2\" content=\"2 minutes\" \/>\n<script type=\"application\/ld+json\" class=\"yoast-schema-graph\">{\"@context\":\"https:\/\/schema.org\",\"@graph\":[{\"@type\":\"Article\",\"@id\":\"https:\/\/www.turismolapernia.com\/noticias-pernia\/gran-acogida-de-la-feria-de-san-bernardo-en-la-pernia\/#article\",\"isPartOf\":{\"@id\":\"https:\/\/www.turismolapernia.com\/noticias-pernia\/gran-acogida-de-la-feria-de-san-bernardo-en-la-pernia\/\"},\"author\":{\"name\":\"admin\",\"@id\":\"https:\/\/www.turismolapernia.com\/#\/schema\/person\/5d5ac032f7e9064c5ce073bbe3564340\"},\"headline\":\"Gran acogida de la Feria de San Bernardo en La Pern\u00eda\",\"datePublished\":\"2022-08-23T16:10:12+00:00\",\"dateModified\":\"2022-09-12T07:31:40+00:00\",\"mainEntityOfPage\":{\"@id\":\"https:\/\/www.turismolapernia.com\/noticias-pernia\/gran-acogida-de-la-feria-de-san-bernardo-en-la-pernia\/\"},\"wordCount\":363,\"commentCount\":0,\"publisher\":{\"@id\":\"https:\/\/www.turismolapernia.com\/#organization\"},\"image\":{\"@id\":\"https:\/\/www.turismolapernia.com\/noticias-pernia\/gran-acogida-de-la-feria-de-san-bernardo-en-la-pernia\/#primaryimage\"},\"thumbnailUrl\":\"https:\/\/www.turismolapernia.com\/wp-content\/uploads\/2022\/08\/DSC03661-01.jpeg\",\"articleSection\":[\"Eventos y actividades\",\"Noticias\"],\"inLanguage\":\"en-GB\",\"potentialAction\":[{\"@type\":\"CommentAction\",\"name\":\"Comment\",\"target\":[\"https:\/\/www.turismolapernia.com\/noticias-pernia\/gran-acogida-de-la-feria-de-san-bernardo-en-la-pernia\/#respond\"]}]},{\"@type\":\"WebPage\",\"@id\":\"https:\/\/www.turismolapernia.com\/noticias-pernia\/gran-acogida-de-la-feria-de-san-bernardo-en-la-pernia\/\",\"url\":\"https:\/\/www.turismolapernia.com\/noticias-pernia\/gran-acogida-de-la-feria-de-san-bernardo-en-la-pernia\/\",\"name\":\"Gran acogida de la Feria de San Bernardo en La Pern\u00eda | Turismo La Pern\u00eda\",\"isPartOf\":{\"@id\":\"https:\/\/www.turismolapernia.com\/#website\"},\"primaryImageOfPage\":{\"@id\":\"https:\/\/www.turismolapernia.com\/noticias-pernia\/gran-acogida-de-la-feria-de-san-bernardo-en-la-pernia\/#primaryimage\"},\"image\":{\"@id\":\"https:\/\/www.turismolapernia.com\/noticias-pernia\/gran-acogida-de-la-feria-de-san-bernardo-en-la-pernia\/#primaryimage\"},\"thumbnailUrl\":\"https:\/\/www.turismolapernia.com\/wp-content\/uploads\/2022\/08\/DSC03661-01.jpeg\",\"datePublished\":\"2022-08-23T16:10:12+00:00\",\"dateModified\":\"2022-09-12T07:31:40+00:00\",\"breadcrumb\":{\"@id\":\"https:\/\/www.turismolapernia.com\/noticias-pernia\/gran-acogida-de-la-feria-de-san-bernardo-en-la-pernia\/#breadcrumb\"},\"inLanguage\":\"en-GB\",\"potentialAction\":[{\"@type\":\"ReadAction\",\"target\":[\"https:\/\/www.turismolapernia.com\/noticias-pernia\/gran-acogida-de-la-feria-de-san-bernardo-en-la-pernia\/\"]}]},{\"@type\":\"ImageObject\",\"inLanguage\":\"en-GB\",\"@id\":\"https:\/\/www.turismolapernia.com\/noticias-pernia\/gran-acogida-de-la-feria-de-san-bernardo-en-la-pernia\/#primaryimage\",\"url\":\"https:\/\/www.turismolapernia.com\/wp-content\/uploads\/2022\/08\/DSC03661-01.jpeg\",\"contentUrl\":\"https:\/\/www.turismolapernia.com\/wp-content\/uploads\/2022\/08\/DSC03661-01.jpeg\",\"width\":2296,\"height\":1722},{\"@type\":\"BreadcrumbList\",\"@id\":\"https:\/\/www.turismolapernia.com\/noticias-pernia\/gran-acogida-de-la-feria-de-san-bernardo-en-la-pernia\/#breadcrumb\",\"itemListElement\":[{\"@type\":\"ListItem\",\"position\":1,\"name\":\"La Pern\u00eda\",\"item\":\"https:\/\/www.turismolapernia.com\/\"},{\"@type\":\"ListItem\",\"position\":2,\"name\":\"Gran acogida de la Feria de San Bernardo en La Pern\u00eda\"}]},{\"@type\":\"WebSite\",\"@id\":\"https:\/\/www.turismolapernia.com\/#website\",\"url\":\"https:\/\/www.turismolapernia.com\/\",\"name\":\"Turismo La Pern\u00eda\",\"description\":\"Monta\u00f1a Palentina\",\"publisher\":{\"@id\":\"https:\/\/www.turismolapernia.com\/#organization\"},\"potentialAction\":[{\"@type\":\"SearchAction\",\"target\":{\"@type\":\"EntryPoint\",\"urlTemplate\":\"https:\/\/www.turismolapernia.com\/?s={search_term_string}\"},\"query-input\":{\"@type\":\"PropertyValueSpecification\",\"valueRequired\":true,\"valueName\":\"search_term_string\"}}],\"inLanguage\":\"en-GB\"},{\"@type\":\"Organization\",\"@id\":\"https:\/\/www.turismolapernia.com\/#organization\",\"name\":\"Turismo La Pern\u00eda\",\"url\":\"https:\/\/www.turismolapernia.com\/\",\"logo\":{\"@type\":\"ImageObject\",\"inLanguage\":\"en-GB\",\"@id\":\"https:\/\/www.turismolapernia.com\/#\/schema\/logo\/image\/\",\"url\":\"https:\/\/www.turismolapernia.com\/wp-content\/uploads\/2021\/12\/cropped-logo-CRV-Pernia-perfil.jpg\",\"contentUrl\":\"https:\/\/www.turismolapernia.com\/wp-content\/uploads\/2021\/12\/cropped-logo-CRV-Pernia-perfil.jpg\",\"width\":512,\"height\":512,\"caption\":\"Turismo La Pern\u00eda\"},\"image\":{\"@id\":\"https:\/\/www.turismolapernia.com\/#\/schema\/logo\/image\/\"},\"sameAs\":[\"https:\/\/www.facebook.com\/turismolapernia\/\",\"https:\/\/www.instagram.com\/turismolapernia\/\"]},{\"@type\":\"Person\",\"@id\":\"https:\/\/www.turismolapernia.com\/#\/schema\/person\/5d5ac032f7e9064c5ce073bbe3564340\",\"name\":\"admin\",\"image\":{\"@type\":\"ImageObject\",\"inLanguage\":\"en-GB\",\"@id\":\"https:\/\/www.turismolapernia.com\/#\/schema\/person\/image\/\",\"url\":\"https:\/\/secure.gravatar.com\/avatar\/fe87fc43b218a52a79b72dddcb95d45fcdca0048b80712e6d20925a50f267165?s=96&d=mm&r=g\",\"contentUrl\":\"https:\/\/secure.gravatar.com\/avatar\/fe87fc43b218a52a79b72dddcb95d45fcdca0048b80712e6d20925a50f267165?s=96&d=mm&r=g\",\"caption\":\"admin\"}}]}<\/script>\n<!-- \/ Yoast SEO plugin. -->","yoast_head_json":{"title":"Gran acogida de la Feria de San Bernardo en La Pern\u00eda | Turismo La Pern\u00eda","robots":{"index":"index","follow":"follow","max-snippet":"max-snippet:-1","max-image-preview":"max-image-preview:large","max-video-preview":"max-video-preview:-1"},"canonical":"https:\/\/www.turismolapernia.com\/en\/noticias-pernia\/gran-acogida-de-la-feria-de-san-bernardo-en-la-pernia\/","og_locale":"en_GB","og_type":"article","og_title":"Gran acogida de la Feria de San Bernardo en La Pern\u00eda | Turismo La Pern\u00eda","og_description":"Tras dos a\u00f1os sin poder celebrarse por la pandemia, la Feria ganadera de San Bernardo regres\u00f3 a La Pern\u00eda el pasado fin de semana con una gran acogida y afluencia de p\u00fablico. \u00a0 M\u00e1s de 200 cabezas de ganado, entre vacas y terneros de las razas limusina, charolesa, parda, asturiana y pirenaica se fueron congregando &hellip; Continue reading \"Gran acogida de la Feria de San Bernardo en La Pern\u00eda\"","og_url":"https:\/\/www.turismolapernia.com\/en\/noticias-pernia\/gran-acogida-de-la-feria-de-san-bernardo-en-la-pernia\/","og_site_name":"Turismo La Pern\u00eda","article_publisher":"https:\/\/www.facebook.com\/turismolapernia\/","article_published_time":"2022-08-23T16:10:12+00:00","article_modified_time":"2022-09-12T07:31:40+00:00","og_image":[{"width":1024,"height":768,"url":"https:\/\/www.turismolapernia.com\/wp-content\/uploads\/2022\/08\/DSC03661-01-1024x768.jpeg","type":"image\/jpeg"}],"author":"admin","twitter_card":"summary_large_image","twitter_misc":{"Written by":"admin","Estimated reading time":"2 minutes"},"schema":{"@context":"https:\/\/schema.org","@graph":[{"@type":"Article","@id":"https:\/\/www.turismolapernia.com\/noticias-pernia\/gran-acogida-de-la-feria-de-san-bernardo-en-la-pernia\/#article","isPartOf":{"@id":"https:\/\/www.turismolapernia.com\/noticias-pernia\/gran-acogida-de-la-feria-de-san-bernardo-en-la-pernia\/"},"author":{"name":"admin","@id":"https:\/\/www.turismolapernia.com\/#\/schema\/person\/5d5ac032f7e9064c5ce073bbe3564340"},"headline":"Gran acogida de la Feria de San Bernardo en La Pern\u00eda","datePublished":"2022-08-23T16:10:12+00:00","dateModified":"2022-09-12T07:31:40+00:00","mainEntityOfPage":{"@id":"https:\/\/www.turismolapernia.com\/noticias-pernia\/gran-acogida-de-la-feria-de-san-bernardo-en-la-pernia\/"},"wordCount":363,"commentCount":0,"publisher":{"@id":"https:\/\/www.turismolapernia.com\/#organization"},"image":{"@id":"https:\/\/www.turismolapernia.com\/noticias-pernia\/gran-acogida-de-la-feria-de-san-bernardo-en-la-pernia\/#primaryimage"},"thumbnailUrl":"https:\/\/www.turismolapernia.com\/wp-content\/uploads\/2022\/08\/DSC03661-01.jpeg","articleSection":["Eventos y actividades","Noticias"],"inLanguage":"en-GB","potentialAction":[{"@type":"CommentAction","name":"Comment","target":["https:\/\/www.turismolapernia.com\/noticias-pernia\/gran-acogida-de-la-feria-de-san-bernardo-en-la-pernia\/#respond"]}]},{"@type":"WebPage","@id":"https:\/\/www.turismolapernia.com\/noticias-pernia\/gran-acogida-de-la-feria-de-san-bernardo-en-la-pernia\/","url":"https:\/\/www.turismolapernia.com\/noticias-pernia\/gran-acogida-de-la-feria-de-san-bernardo-en-la-pernia\/","name":"Gran acogida de la Feria de San Bernardo en La Pern\u00eda | Turismo La Pern\u00eda","isPartOf":{"@id":"https:\/\/www.turismolapernia.com\/#website"},"primaryImageOfPage":{"@id":"https:\/\/www.turismolapernia.com\/noticias-pernia\/gran-acogida-de-la-feria-de-san-bernardo-en-la-pernia\/#primaryimage"},"image":{"@id":"https:\/\/www.turismolapernia.com\/noticias-pernia\/gran-acogida-de-la-feria-de-san-bernardo-en-la-pernia\/#primaryimage"},"thumbnailUrl":"https:\/\/www.turismolapernia.com\/wp-content\/uploads\/2022\/08\/DSC03661-01.jpeg","datePublished":"2022-08-23T16:10:12+00:00","dateModified":"2022-09-12T07:31:40+00:00","breadcrumb":{"@id":"https:\/\/www.turismolapernia.com\/noticias-pernia\/gran-acogida-de-la-feria-de-san-bernardo-en-la-pernia\/#breadcrumb"},"inLanguage":"en-GB","potentialAction":[{"@type":"ReadAction","target":["https:\/\/www.turismolapernia.com\/noticias-pernia\/gran-acogida-de-la-feria-de-san-bernardo-en-la-pernia\/"]}]},{"@type":"ImageObject","inLanguage":"en-GB","@id":"https:\/\/www.turismolapernia.com\/noticias-pernia\/gran-acogida-de-la-feria-de-san-bernardo-en-la-pernia\/#primaryimage","url":"https:\/\/www.turismolapernia.com\/wp-content\/uploads\/2022\/08\/DSC03661-01.jpeg","contentUrl":"https:\/\/www.turismolapernia.com\/wp-content\/uploads\/2022\/08\/DSC03661-01.jpeg","width":2296,"height":1722},{"@type":"BreadcrumbList","@id":"https:\/\/www.turismolapernia.com\/noticias-pernia\/gran-acogida-de-la-feria-de-san-bernardo-en-la-pernia\/#breadcrumb","itemListElement":[{"@type":"ListItem","position":1,"name":"La Pern\u00eda","item":"https:\/\/www.turismolapernia.com\/"},{"@type":"ListItem","position":2,"name":"Gran acogida de la Feria de San Bernardo en La Pern\u00eda"}]},{"@type":"WebSite","@id":"https:\/\/www.turismolapernia.com\/#website","url":"https:\/\/www.turismolapernia.com\/","name":"Turismo La Pern\u00eda","description":"Monta\u00f1a Palentina","publisher":{"@id":"https:\/\/www.turismolapernia.com\/#organization"},"potentialAction":[{"@type":"SearchAction","target":{"@type":"EntryPoint","urlTemplate":"https:\/\/www.turismolapernia.com\/?s={search_term_string}"},"query-input":{"@type":"PropertyValueSpecification","valueRequired":true,"valueName":"search_term_string"}}],"inLanguage":"en-GB"},{"@type":"Organization","@id":"https:\/\/www.turismolapernia.com\/#organization","name":"Turismo La Pern\u00eda","url":"https:\/\/www.turismolapernia.com\/","logo":{"@type":"ImageObject","inLanguage":"en-GB","@id":"https:\/\/www.turismolapernia.com\/#\/schema\/logo\/image\/","url":"https:\/\/www.turismolapernia.com\/wp-content\/uploads\/2021\/12\/cropped-logo-CRV-Pernia-perfil.jpg","contentUrl":"https:\/\/www.turismolapernia.com\/wp-content\/uploads\/2021\/12\/cropped-logo-CRV-Pernia-perfil.jpg","width":512,"height":512,"caption":"Turismo La Pern\u00eda"},"image":{"@id":"https:\/\/www.turismolapernia.com\/#\/schema\/logo\/image\/"},"sameAs":["https:\/\/www.facebook.com\/turismolapernia\/","https:\/\/www.instagram.com\/turismolapernia\/"]},{"@type":"Person","@id":"https:\/\/www.turismolapernia.com\/#\/schema\/person\/5d5ac032f7e9064c5ce073bbe3564340","name":"admin","image":{"@type":"ImageObject","inLanguage":"en-GB","@id":"https:\/\/www.turismolapernia.com\/#\/schema\/person\/image\/","url":"https:\/\/secure.gravatar.com\/avatar\/fe87fc43b218a52a79b72dddcb95d45fcdca0048b80712e6d20925a50f267165?s=96&d=mm&r=g","contentUrl":"https:\/\/secure.gravatar.com\/avatar\/fe87fc43b218a52a79b72dddcb95d45fcdca0048b80712e6d20925a50f267165?s=96&d=mm&r=g","caption":"admin"}}]}},"_links":{"self":[{"href":"https:\/\/www.turismolapernia.com\/en\/wp-json\/wp\/v2\/posts\/12627","targetHints":{"allow":["GET"]}}],"collection":[{"href":"https:\/\/www.turismolapernia.com\/en\/wp-json\/wp\/v2\/posts"}],"about":[{"href":"https:\/\/www.turismolapernia.com\/en\/wp-json\/wp\/v2\/types\/post"}],"author":[{"embeddable":true,"href":"https:\/\/www.turismolapernia.com\/en\/wp-json\/wp\/v2\/users\/1"}],"replies":[{"embeddable":true,"href":"https:\/\/www.turismolapernia.com\/en\/wp-json\/wp\/v2\/comments?post=12627"}],"version-history":[{"count":32,"href":"https:\/\/www.turismolapernia.com\/en\/wp-json\/wp\/v2\/posts\/12627\/revisions"}],"predecessor-version":[{"id":13276,"href":"https:\/\/www.turismolapernia.com\/en\/wp-json\/wp\/v2\/posts\/12627\/revisions\/13276"}],"wp:featuredmedia":[{"embeddable":true,"href":"https:\/\/www.turismolapernia.com\/en\/wp-json\/wp\/v2\/media\/12631"}],"wp:attachment":[{"href":"https:\/\/www.turismolapernia.com\/en\/wp-json\/wp\/v2\/media?parent=12627"}],"wp:term":[{"taxonomy":"category","embeddable":true,"href":"https:\/\/www.turismolapernia.com\/en\/wp-json\/wp\/v2\/categories?post=12627"},{"taxonomy":"post_tag","embeddable":true,"href":"https:\/\/www.turismolapernia.com\/en\/wp-json\/wp\/v2\/tags?post=12627"}],"curies":[{"name":"wp","href":"https:\/\/api.w.org\/{rel}","templated":true}]}}