{"id":12342,"date":"2022-08-05T12:09:59","date_gmt":"2022-08-05T10:09:59","guid":{"rendered":"https:\/\/www.turismolapernia.com\/?p=12342"},"modified":"2022-08-05T13:01:03","modified_gmt":"2022-08-05T11:01:03","slug":"la-exposicion-fotografica-tiempo-y-silencio-en-la-pernia-se-estrena-en-aguilar-de-campoo","status":"publish","type":"post","link":"https:\/\/www.turismolapernia.com\/en\/eventos-y-actividades\/la-exposicion-fotografica-tiempo-y-silencio-en-la-pernia-se-estrena-en-aguilar-de-campoo\/","title":{"rendered":"La exposici\u00f3n fotogr\u00e1fica &#8220;Tiempo y silencio en La Pern\u00eda&#8221; se estrena en Aguilar de Campoo"},"content":{"rendered":"<div data-elementor-type=\"wp-post\" data-elementor-id=\"12342\" class=\"elementor elementor-12342\" data-elementor-settings=\"[]\">\n\t\t\t\t\t\t\t<div class=\"elementor-section-wrap\">\n\t\t\t\t\t\t\t<section class=\"elementor-section elementor-top-section elementor-element elementor-element-a4b490d elementor-section-boxed elementor-section-height-default elementor-section-height-default\" data-id=\"a4b490d\" data-element_type=\"section\">\n\t\t\t\t\t\t<div class=\"elementor-container elementor-column-gap-default\">\n\t\t\t\t\t<div class=\"elementor-column elementor-col-50 elementor-top-column elementor-element elementor-element-d5b8fae\" data-id=\"d5b8fae\" data-element_type=\"column\">\n\t\t\t<div class=\"elementor-widget-wrap elementor-element-populated\">\n\t\t\t\t\t\t\t\t<div class=\"elementor-element elementor-element-860af98 elementor-widget elementor-widget-image\" data-id=\"860af98\" data-element_type=\"widget\" data-widget_type=\"image.default\">\n\t\t\t\t<div class=\"elementor-widget-container\">\n\t\t\t\t\t\t\t\t\t\t\t\t<figure class=\"wp-caption\">\n\t\t\t\t\t\t\t\t\t\t<img loading=\"lazy\" decoding=\"async\" width=\"525\" height=\"394\" src=\"https:\/\/www.turismolapernia.com\/wp-content\/uploads\/2022\/08\/DSC_0444-1024x768.jpg\" class=\"attachment-large size-large\" alt=\"\" srcset=\"https:\/\/www.turismolapernia.com\/wp-content\/uploads\/2022\/08\/DSC_0444-1024x768.jpg 1024w, https:\/\/www.turismolapernia.com\/wp-content\/uploads\/2022\/08\/DSC_0444-300x225.jpg 300w, https:\/\/www.turismolapernia.com\/wp-content\/uploads\/2022\/08\/DSC_0444-768x576.jpg 768w, https:\/\/www.turismolapernia.com\/wp-content\/uploads\/2022\/08\/DSC_0444-1536x1152.jpg 1536w, https:\/\/www.turismolapernia.com\/wp-content\/uploads\/2022\/08\/DSC_0444-16x12.jpg 16w, https:\/\/www.turismolapernia.com\/wp-content\/uploads\/2022\/08\/DSC_0444.jpg 1632w\" sizes=\"auto, 100vw\" \/>\t\t\t\t\t\t\t\t\t\t\t<figcaption class=\"widget-image-caption wp-caption-text\"><\/figcaption>\n\t\t\t\t\t\t\t\t\t\t<\/figure>\n\t\t\t\t\t\t\t\t\t<\/div>\n\t\t\t\t<\/div>\n\t\t\t\t\t<\/div>\n\t\t<\/div>\n\t\t\t\t<div class=\"elementor-column elementor-col-50 elementor-top-column elementor-element elementor-element-2c93514\" data-id=\"2c93514\" data-element_type=\"column\">\n\t\t\t<div class=\"elementor-widget-wrap elementor-element-populated\">\n\t\t\t\t\t\t\t\t<div class=\"elementor-element elementor-element-28b6162 elementor-widget elementor-widget-text-editor\" data-id=\"28b6162\" data-element_type=\"widget\" data-widget_type=\"text-editor.default\">\n\t\t\t\t<div class=\"elementor-widget-container\">\n\t\t\t\t\t\t\t<div>Durante todo este mes de agosto se podr\u00e1 disfrutar de la exposici\u00f3n fotogr\u00e1fica &#8220;<b>Tiempo y silencio en La Pern\u00eda<\/b>&#8221; instalada en la Biblioteca Municipal de Aguilar de Campoo (Palencia).<\/div>\n<div>&nbsp;<\/div>\n<div>La exposici\u00f3n incluye una variada selecci\u00f3n fotogr\u00e1fica de los bellos paisajes oto\u00f1ales e invernales de La Pern\u00eda, desde la particular mirada de su autor <b>Esteban Cano<\/b>, vecino de La Pern\u00eda.<\/div>\n<div>&nbsp;<\/div>\n<div>El horario para visitar la exposici\u00f3n en la Biblioteca de Aguilar de Campoo es del 1 al 31 de agosto, de 10 a 14 h (de lunes a viernes) y de 17 a 20:30 h (de lunes a jueves).<\/div>\n<div>&nbsp;<\/div>\n<div>En los pr\u00f3ximos meses la exposici\u00f3n &#8220;Tiempo y silencio en La Pern\u00eda&#8221; ir\u00e1 recorriendo otras localidades.<\/div>\t\t\t\t\t\t<\/div>\n\t\t\t\t<\/div>\n\t\t\t\t\t<\/div>\n\t\t<\/div>\n\t\t\t\t\t\t\t<\/div>\n\t\t<\/section>\n\t\t\t\t<section class=\"elementor-section elementor-top-section elementor-element elementor-element-e4f474f elementor-section-boxed elementor-section-height-default elementor-section-height-default\" data-id=\"e4f474f\" data-element_type=\"section\">\n\t\t\t\t\t\t<div class=\"elementor-container elementor-column-gap-default\">\n\t\t\t\t\t<div class=\"elementor-column elementor-col-33 elementor-top-column elementor-element elementor-element-a768148\" data-id=\"a768148\" data-element_type=\"column\">\n\t\t\t<div class=\"elementor-widget-wrap elementor-element-populated\">\n\t\t\t\t\t\t\t\t<div class=\"elementor-element elementor-element-73d9822 elementor-widget elementor-widget-image\" data-id=\"73d9822\" data-element_type=\"widget\" data-widget_type=\"image.default\">\n\t\t\t\t<div class=\"elementor-widget-container\">\n\t\t\t\t\t\t\t\t\t\t\t\t\t\t\t<img loading=\"lazy\" decoding=\"async\" width=\"525\" height=\"394\" src=\"https:\/\/www.turismolapernia.com\/wp-content\/uploads\/2022\/08\/DSC_0445-1024x768.jpg\" class=\"attachment-large size-large\" alt=\"\" srcset=\"https:\/\/www.turismolapernia.com\/wp-content\/uploads\/2022\/08\/DSC_0445-1024x768.jpg 1024w, https:\/\/www.turismolapernia.com\/wp-content\/uploads\/2022\/08\/DSC_0445-300x225.jpg 300w, https:\/\/www.turismolapernia.com\/wp-content\/uploads\/2022\/08\/DSC_0445-768x576.jpg 768w, https:\/\/www.turismolapernia.com\/wp-content\/uploads\/2022\/08\/DSC_0445-1536x1152.jpg 1536w, https:\/\/www.turismolapernia.com\/wp-content\/uploads\/2022\/08\/DSC_0445-16x12.jpg 16w, https:\/\/www.turismolapernia.com\/wp-content\/uploads\/2022\/08\/DSC_0445.jpg 1632w\" sizes=\"auto, 100vw\" \/>\t\t\t\t\t\t\t\t\t\t\t\t\t\t\t<\/div>\n\t\t\t\t<\/div>\n\t\t\t\t\t<\/div>\n\t\t<\/div>\n\t\t\t\t<div class=\"elementor-column elementor-col-33 elementor-top-column elementor-element elementor-element-2cc558e\" data-id=\"2cc558e\" data-element_type=\"column\">\n\t\t\t<div class=\"elementor-widget-wrap elementor-element-populated\">\n\t\t\t\t\t\t\t\t<div class=\"elementor-element elementor-element-e2b3e46 elementor-widget elementor-widget-image\" data-id=\"e2b3e46\" data-element_type=\"widget\" data-widget_type=\"image.default\">\n\t\t\t\t<div class=\"elementor-widget-container\">\n\t\t\t\t\t\t\t\t\t\t\t\t\t\t\t<img loading=\"lazy\" decoding=\"async\" width=\"525\" height=\"394\" src=\"https:\/\/www.turismolapernia.com\/wp-content\/uploads\/2022\/08\/DSC_0435-1024x768.jpg\" class=\"attachment-large size-large\" alt=\"\" srcset=\"https:\/\/www.turismolapernia.com\/wp-content\/uploads\/2022\/08\/DSC_0435-1024x768.jpg 1024w, https:\/\/www.turismolapernia.com\/wp-content\/uploads\/2022\/08\/DSC_0435-300x225.jpg 300w, https:\/\/www.turismolapernia.com\/wp-content\/uploads\/2022\/08\/DSC_0435-768x576.jpg 768w, https:\/\/www.turismolapernia.com\/wp-content\/uploads\/2022\/08\/DSC_0435-1536x1152.jpg 1536w, https:\/\/www.turismolapernia.com\/wp-content\/uploads\/2022\/08\/DSC_0435-16x12.jpg 16w, https:\/\/www.turismolapernia.com\/wp-content\/uploads\/2022\/08\/DSC_0435.jpg 1632w\" sizes=\"auto, 100vw\" \/>\t\t\t\t\t\t\t\t\t\t\t\t\t\t\t<\/div>\n\t\t\t\t<\/div>\n\t\t\t\t\t<\/div>\n\t\t<\/div>\n\t\t\t\t<div class=\"elementor-column elementor-col-33 elementor-top-column elementor-element elementor-element-f3b7a54\" data-id=\"f3b7a54\" data-element_type=\"column\">\n\t\t\t<div class=\"elementor-widget-wrap elementor-element-populated\">\n\t\t\t\t\t\t\t\t<div class=\"elementor-element elementor-element-6bd8059 elementor-widget elementor-widget-image\" data-id=\"6bd8059\" data-element_type=\"widget\" data-widget_type=\"image.default\">\n\t\t\t\t<div class=\"elementor-widget-container\">\n\t\t\t\t\t\t\t\t\t\t\t\t\t\t\t<img loading=\"lazy\" decoding=\"async\" width=\"525\" height=\"394\" src=\"https:\/\/www.turismolapernia.com\/wp-content\/uploads\/2022\/08\/DSC_0438-1024x768.jpg\" class=\"attachment-large size-large\" alt=\"\" srcset=\"https:\/\/www.turismolapernia.com\/wp-content\/uploads\/2022\/08\/DSC_0438-1024x768.jpg 1024w, https:\/\/www.turismolapernia.com\/wp-content\/uploads\/2022\/08\/DSC_0438-300x225.jpg 300w, https:\/\/www.turismolapernia.com\/wp-content\/uploads\/2022\/08\/DSC_0438-768x576.jpg 768w, https:\/\/www.turismolapernia.com\/wp-content\/uploads\/2022\/08\/DSC_0438-1536x1152.jpg 1536w, https:\/\/www.turismolapernia.com\/wp-content\/uploads\/2022\/08\/DSC_0438-16x12.jpg 16w, https:\/\/www.turismolapernia.com\/wp-content\/uploads\/2022\/08\/DSC_0438.jpg 1632w\" sizes=\"auto, 100vw\" \/>\t\t\t\t\t\t\t\t\t\t\t\t\t\t\t<\/div>\n\t\t\t\t<\/div>\n\t\t\t\t\t<\/div>\n\t\t<\/div>\n\t\t\t\t\t\t\t<\/div>\n\t\t<\/section>\n\t\t\t\t<section class=\"elementor-section elementor-top-section elementor-element elementor-element-ed4db8e elementor-section-boxed elementor-section-height-default elementor-section-height-default\" data-id=\"ed4db8e\" data-element_type=\"section\">\n\t\t\t\t\t\t<div class=\"elementor-container elementor-column-gap-default\">\n\t\t\t\t\t<div class=\"elementor-column elementor-col-100 elementor-top-column elementor-element elementor-element-a3998d9\" data-id=\"a3998d9\" data-element_type=\"column\">\n\t\t\t<div class=\"elementor-widget-wrap elementor-element-populated\">\n\t\t\t\t\t\t\t\t<div class=\"elementor-element elementor-element-dbd153a elementor-widget-divider--view-line elementor-widget elementor-widget-divider\" data-id=\"dbd153a\" data-element_type=\"widget\" data-widget_type=\"divider.default\">\n\t\t\t\t<div class=\"elementor-widget-container\">\n\t\t\t\t\t<div class=\"elementor-divider\">\n\t\t\t<span class=\"elementor-divider-separator\">\n\t\t\t\t\t\t<\/span>\n\t\t<\/div>\n\t\t\t\t<\/div>\n\t\t\t\t<\/div>\n\t\t\t\t<div class=\"elementor-element elementor-element-d1f672c elementor-widget elementor-widget-image\" data-id=\"d1f672c\" data-element_type=\"widget\" data-widget_type=\"image.default\">\n\t\t\t\t<div class=\"elementor-widget-container\">\n\t\t\t\t\t\t\t\t\t\t\t\t\t\t\t<img loading=\"lazy\" decoding=\"async\" width=\"525\" height=\"743\" src=\"https:\/\/www.turismolapernia.com\/wp-content\/uploads\/2022\/08\/Exposicion_3-724x1024.jpg\" class=\"attachment-large size-large\" alt=\"\" srcset=\"https:\/\/www.turismolapernia.com\/wp-content\/uploads\/2022\/08\/Exposicion_3-724x1024.jpg 724w, https:\/\/www.turismolapernia.com\/wp-content\/uploads\/2022\/08\/Exposicion_3-212x300.jpg 212w, https:\/\/www.turismolapernia.com\/wp-content\/uploads\/2022\/08\/Exposicion_3-768x1086.jpg 768w, https:\/\/www.turismolapernia.com\/wp-content\/uploads\/2022\/08\/Exposicion_3-1086x1536.jpg 1086w, https:\/\/www.turismolapernia.com\/wp-content\/uploads\/2022\/08\/Exposicion_3-8x12.jpg 8w, https:\/\/www.turismolapernia.com\/wp-content\/uploads\/2022\/08\/Exposicion_3.jpg 1131w\" sizes=\"auto, 100vw\" \/>\t\t\t\t\t\t\t\t\t\t\t\t\t\t\t<\/div>\n\t\t\t\t<\/div>\n\t\t\t\t\t<\/div>\n\t\t<\/div>\n\t\t\t\t\t\t\t<\/div>\n\t\t<\/section>\n\t\t\t\t<section class=\"elementor-section elementor-top-section elementor-element elementor-element-8c91e6f elementor-section-boxed elementor-section-height-default elementor-section-height-default\" data-id=\"8c91e6f\" data-element_type=\"section\">\n\t\t\t\t\t\t<div class=\"elementor-container elementor-column-gap-default\">\n\t\t\t\t\t<div class=\"elementor-column elementor-col-100 elementor-top-column elementor-element elementor-element-de15395\" data-id=\"de15395\" data-element_type=\"column\">\n\t\t\t<div class=\"elementor-widget-wrap\">\n\t\t\t\t\t\t\t\t\t<\/div>\n\t\t<\/div>\n\t\t\t\t\t\t\t<\/div>\n\t\t<\/section>\n\t\t\t\t\t\t<\/div>\n\t\t\t\t\t<\/div>","protected":false},"excerpt":{"rendered":"<p>Durante todo este mes de agosto se podr\u00e1 disfrutar de la exposici\u00f3n fotogr\u00e1fica &#8220;Tiempo y silencio en La Pern\u00eda&#8221; instalada en la Biblioteca Municipal de Aguilar de Campoo (Palencia). &nbsp; La exposici\u00f3n incluye una variada selecci\u00f3n fotogr\u00e1fica de los bellos paisajes oto\u00f1ales e invernales de La Pern\u00eda, desde la particular mirada de su autor Esteban &hellip; <\/p>\n<p class=\"link-more\"><a href=\"https:\/\/www.turismolapernia.com\/en\/eventos-y-actividades\/la-exposicion-fotografica-tiempo-y-silencio-en-la-pernia-se-estrena-en-aguilar-de-campoo\/\" class=\"more-link\">Continue reading<span class=\"screen-reader-text\"> &#8220;La exposici\u00f3n fotogr\u00e1fica &#8220;Tiempo y silencio en La Pern\u00eda&#8221; se estrena en Aguilar de Campoo&#8221;<\/span><\/a><\/p>","protected":false},"author":1,"featured_media":12350,"comment_status":"open","ping_status":"open","sticky":false,"template":"","format":"standard","meta":{"footnotes":""},"categories":[14,13],"tags":[],"class_list":["post-12342","post","type-post","status-publish","format-standard","has-post-thumbnail","hentry","category-eventos-y-actividades","category-noticias-pernia"],"yoast_head":"<!-- This site is optimized with the Yoast SEO plugin v23.5 - https:\/\/yoast.com\/wordpress\/plugins\/seo\/ -->\n<title>La exposici\u00f3n fotogr\u00e1fica &quot;Tiempo y silencio en La Pern\u00eda&quot; se estrena en Aguilar de Campoo | Turismo La Pern\u00eda<\/title>\n<meta name=\"robots\" content=\"index, follow, max-snippet:-1, max-image-preview:large, max-video-preview:-1\" \/>\n<link rel=\"canonical\" href=\"https:\/\/www.turismolapernia.com\/en\/eventos-y-actividades\/la-exposicion-fotografica-tiempo-y-silencio-en-la-pernia-se-estrena-en-aguilar-de-campoo\/\" \/>\n<meta property=\"og:locale\" content=\"en_GB\" \/>\n<meta property=\"og:type\" content=\"article\" \/>\n<meta property=\"og:title\" content=\"La exposici\u00f3n fotogr\u00e1fica &quot;Tiempo y silencio en La Pern\u00eda&quot; se estrena en Aguilar de Campoo | Turismo La Pern\u00eda\" \/>\n<meta property=\"og:description\" content=\"Durante todo este mes de agosto se podr\u00e1 disfrutar de la exposici\u00f3n fotogr\u00e1fica &#8220;Tiempo y silencio en La Pern\u00eda&#8221; instalada en la Biblioteca Municipal de Aguilar de Campoo (Palencia). &nbsp; La exposici\u00f3n incluye una variada selecci\u00f3n fotogr\u00e1fica de los bellos paisajes oto\u00f1ales e invernales de La Pern\u00eda, desde la particular mirada de su autor Esteban &hellip; Continue reading &quot;La exposici\u00f3n fotogr\u00e1fica &#8220;Tiempo y silencio en La Pern\u00eda&#8221; se estrena en Aguilar de Campoo&quot;\" \/>\n<meta property=\"og:url\" content=\"https:\/\/www.turismolapernia.com\/en\/eventos-y-actividades\/la-exposicion-fotografica-tiempo-y-silencio-en-la-pernia-se-estrena-en-aguilar-de-campoo\/\" \/>\n<meta property=\"og:site_name\" content=\"Turismo La Pern\u00eda\" \/>\n<meta property=\"article:publisher\" content=\"https:\/\/www.facebook.com\/turismolapernia\/\" \/>\n<meta property=\"article:published_time\" content=\"2022-08-05T10:09:59+00:00\" \/>\n<meta property=\"article:modified_time\" content=\"2022-08-05T11:01:03+00:00\" \/>\n<meta property=\"og:image\" content=\"https:\/\/www.turismolapernia.com\/wp-content\/uploads\/2022\/08\/DSC_0444.jpg\" \/>\n\t<meta property=\"og:image:width\" content=\"1632\" \/>\n\t<meta property=\"og:image:height\" content=\"1224\" \/>\n\t<meta property=\"og:image:type\" content=\"image\/jpeg\" \/>\n<meta name=\"author\" content=\"admin\" \/>\n<meta name=\"twitter:card\" content=\"summary_large_image\" \/>\n<meta name=\"twitter:label1\" content=\"Written by\" \/>\n\t<meta name=\"twitter:data1\" content=\"admin\" \/>\n\t<meta name=\"twitter:label2\" content=\"Estimated reading time\" \/>\n\t<meta name=\"twitter:data2\" content=\"2 minutes\" \/>\n<script type=\"application\/ld+json\" class=\"yoast-schema-graph\">{\"@context\":\"https:\/\/schema.org\",\"@graph\":[{\"@type\":\"Article\",\"@id\":\"https:\/\/www.turismolapernia.com\/noticias-pernia\/la-exposicion-fotografica-tiempo-y-silencio-en-la-pernia-se-estrena-en-aguilar-de-campoo\/#article\",\"isPartOf\":{\"@id\":\"https:\/\/www.turismolapernia.com\/noticias-pernia\/la-exposicion-fotografica-tiempo-y-silencio-en-la-pernia-se-estrena-en-aguilar-de-campoo\/\"},\"author\":{\"name\":\"admin\",\"@id\":\"https:\/\/www.turismolapernia.com\/#\/schema\/person\/5d5ac032f7e9064c5ce073bbe3564340\"},\"headline\":\"La exposici\u00f3n fotogr\u00e1fica &#8220;Tiempo y silencio en La Pern\u00eda&#8221; se estrena en Aguilar de Campoo\",\"datePublished\":\"2022-08-05T10:09:59+00:00\",\"dateModified\":\"2022-08-05T11:01:03+00:00\",\"mainEntityOfPage\":{\"@id\":\"https:\/\/www.turismolapernia.com\/noticias-pernia\/la-exposicion-fotografica-tiempo-y-silencio-en-la-pernia-se-estrena-en-aguilar-de-campoo\/\"},\"wordCount\":142,\"commentCount\":0,\"publisher\":{\"@id\":\"https:\/\/www.turismolapernia.com\/#organization\"},\"image\":{\"@id\":\"https:\/\/www.turismolapernia.com\/noticias-pernia\/la-exposicion-fotografica-tiempo-y-silencio-en-la-pernia-se-estrena-en-aguilar-de-campoo\/#primaryimage\"},\"thumbnailUrl\":\"https:\/\/www.turismolapernia.com\/wp-content\/uploads\/2022\/08\/DSC_0444.jpg\",\"articleSection\":[\"Eventos y actividades\",\"Noticias\"],\"inLanguage\":\"en-GB\",\"potentialAction\":[{\"@type\":\"CommentAction\",\"name\":\"Comment\",\"target\":[\"https:\/\/www.turismolapernia.com\/noticias-pernia\/la-exposicion-fotografica-tiempo-y-silencio-en-la-pernia-se-estrena-en-aguilar-de-campoo\/#respond\"]}]},{\"@type\":\"WebPage\",\"@id\":\"https:\/\/www.turismolapernia.com\/noticias-pernia\/la-exposicion-fotografica-tiempo-y-silencio-en-la-pernia-se-estrena-en-aguilar-de-campoo\/\",\"url\":\"https:\/\/www.turismolapernia.com\/noticias-pernia\/la-exposicion-fotografica-tiempo-y-silencio-en-la-pernia-se-estrena-en-aguilar-de-campoo\/\",\"name\":\"La exposici\u00f3n fotogr\u00e1fica \\\"Tiempo y silencio en La Pern\u00eda\\\" se estrena en Aguilar de Campoo | Turismo La Pern\u00eda\",\"isPartOf\":{\"@id\":\"https:\/\/www.turismolapernia.com\/#website\"},\"primaryImageOfPage\":{\"@id\":\"https:\/\/www.turismolapernia.com\/noticias-pernia\/la-exposicion-fotografica-tiempo-y-silencio-en-la-pernia-se-estrena-en-aguilar-de-campoo\/#primaryimage\"},\"image\":{\"@id\":\"https:\/\/www.turismolapernia.com\/noticias-pernia\/la-exposicion-fotografica-tiempo-y-silencio-en-la-pernia-se-estrena-en-aguilar-de-campoo\/#primaryimage\"},\"thumbnailUrl\":\"https:\/\/www.turismolapernia.com\/wp-content\/uploads\/2022\/08\/DSC_0444.jpg\",\"datePublished\":\"2022-08-05T10:09:59+00:00\",\"dateModified\":\"2022-08-05T11:01:03+00:00\",\"breadcrumb\":{\"@id\":\"https:\/\/www.turismolapernia.com\/noticias-pernia\/la-exposicion-fotografica-tiempo-y-silencio-en-la-pernia-se-estrena-en-aguilar-de-campoo\/#breadcrumb\"},\"inLanguage\":\"en-GB\",\"potentialAction\":[{\"@type\":\"ReadAction\",\"target\":[\"https:\/\/www.turismolapernia.com\/noticias-pernia\/la-exposicion-fotografica-tiempo-y-silencio-en-la-pernia-se-estrena-en-aguilar-de-campoo\/\"]}]},{\"@type\":\"ImageObject\",\"inLanguage\":\"en-GB\",\"@id\":\"https:\/\/www.turismolapernia.com\/noticias-pernia\/la-exposicion-fotografica-tiempo-y-silencio-en-la-pernia-se-estrena-en-aguilar-de-campoo\/#primaryimage\",\"url\":\"https:\/\/www.turismolapernia.com\/wp-content\/uploads\/2022\/08\/DSC_0444.jpg\",\"contentUrl\":\"https:\/\/www.turismolapernia.com\/wp-content\/uploads\/2022\/08\/DSC_0444.jpg\",\"width\":1632,\"height\":1224},{\"@type\":\"BreadcrumbList\",\"@id\":\"https:\/\/www.turismolapernia.com\/noticias-pernia\/la-exposicion-fotografica-tiempo-y-silencio-en-la-pernia-se-estrena-en-aguilar-de-campoo\/#breadcrumb\",\"itemListElement\":[{\"@type\":\"ListItem\",\"position\":1,\"name\":\"La Pern\u00eda\",\"item\":\"https:\/\/www.turismolapernia.com\/\"},{\"@type\":\"ListItem\",\"position\":2,\"name\":\"La exposici\u00f3n fotogr\u00e1fica &#8220;Tiempo y silencio en La Pern\u00eda&#8221; se estrena en Aguilar de Campoo\"}]},{\"@type\":\"WebSite\",\"@id\":\"https:\/\/www.turismolapernia.com\/#website\",\"url\":\"https:\/\/www.turismolapernia.com\/\",\"name\":\"Turismo La Pern\u00eda\",\"description\":\"Monta\u00f1a Palentina\",\"publisher\":{\"@id\":\"https:\/\/www.turismolapernia.com\/#organization\"},\"potentialAction\":[{\"@type\":\"SearchAction\",\"target\":{\"@type\":\"EntryPoint\",\"urlTemplate\":\"https:\/\/www.turismolapernia.com\/?s={search_term_string}\"},\"query-input\":{\"@type\":\"PropertyValueSpecification\",\"valueRequired\":true,\"valueName\":\"search_term_string\"}}],\"inLanguage\":\"en-GB\"},{\"@type\":\"Organization\",\"@id\":\"https:\/\/www.turismolapernia.com\/#organization\",\"name\":\"Turismo La Pern\u00eda\",\"url\":\"https:\/\/www.turismolapernia.com\/\",\"logo\":{\"@type\":\"ImageObject\",\"inLanguage\":\"en-GB\",\"@id\":\"https:\/\/www.turismolapernia.com\/#\/schema\/logo\/image\/\",\"url\":\"https:\/\/www.turismolapernia.com\/wp-content\/uploads\/2021\/12\/cropped-logo-CRV-Pernia-perfil.jpg\",\"contentUrl\":\"https:\/\/www.turismolapernia.com\/wp-content\/uploads\/2021\/12\/cropped-logo-CRV-Pernia-perfil.jpg\",\"width\":512,\"height\":512,\"caption\":\"Turismo La Pern\u00eda\"},\"image\":{\"@id\":\"https:\/\/www.turismolapernia.com\/#\/schema\/logo\/image\/\"},\"sameAs\":[\"https:\/\/www.facebook.com\/turismolapernia\/\",\"https:\/\/www.instagram.com\/turismolapernia\/\"]},{\"@type\":\"Person\",\"@id\":\"https:\/\/www.turismolapernia.com\/#\/schema\/person\/5d5ac032f7e9064c5ce073bbe3564340\",\"name\":\"admin\",\"image\":{\"@type\":\"ImageObject\",\"inLanguage\":\"en-GB\",\"@id\":\"https:\/\/www.turismolapernia.com\/#\/schema\/person\/image\/\",\"url\":\"https:\/\/secure.gravatar.com\/avatar\/fe87fc43b218a52a79b72dddcb95d45fcdca0048b80712e6d20925a50f267165?s=96&d=mm&r=g\",\"contentUrl\":\"https:\/\/secure.gravatar.com\/avatar\/fe87fc43b218a52a79b72dddcb95d45fcdca0048b80712e6d20925a50f267165?s=96&d=mm&r=g\",\"caption\":\"admin\"}}]}<\/script>\n<!-- \/ Yoast SEO plugin. -->","yoast_head_json":{"title":"La exposici\u00f3n fotogr\u00e1fica \"Tiempo y silencio en La Pern\u00eda\" se estrena en Aguilar de Campoo | Turismo La Pern\u00eda","robots":{"index":"index","follow":"follow","max-snippet":"max-snippet:-1","max-image-preview":"max-image-preview:large","max-video-preview":"max-video-preview:-1"},"canonical":"https:\/\/www.turismolapernia.com\/en\/eventos-y-actividades\/la-exposicion-fotografica-tiempo-y-silencio-en-la-pernia-se-estrena-en-aguilar-de-campoo\/","og_locale":"en_GB","og_type":"article","og_title":"La exposici\u00f3n fotogr\u00e1fica \"Tiempo y silencio en La Pern\u00eda\" se estrena en Aguilar de Campoo | Turismo La Pern\u00eda","og_description":"Durante todo este mes de agosto se podr\u00e1 disfrutar de la exposici\u00f3n fotogr\u00e1fica &#8220;Tiempo y silencio en La Pern\u00eda&#8221; instalada en la Biblioteca Municipal de Aguilar de Campoo (Palencia). &nbsp; La exposici\u00f3n incluye una variada selecci\u00f3n fotogr\u00e1fica de los bellos paisajes oto\u00f1ales e invernales de La Pern\u00eda, desde la particular mirada de su autor Esteban &hellip; Continue reading \"La exposici\u00f3n fotogr\u00e1fica &#8220;Tiempo y silencio en La Pern\u00eda&#8221; se estrena en Aguilar de Campoo\"","og_url":"https:\/\/www.turismolapernia.com\/en\/eventos-y-actividades\/la-exposicion-fotografica-tiempo-y-silencio-en-la-pernia-se-estrena-en-aguilar-de-campoo\/","og_site_name":"Turismo La Pern\u00eda","article_publisher":"https:\/\/www.facebook.com\/turismolapernia\/","article_published_time":"2022-08-05T10:09:59+00:00","article_modified_time":"2022-08-05T11:01:03+00:00","og_image":[{"width":1632,"height":1224,"url":"https:\/\/www.turismolapernia.com\/wp-content\/uploads\/2022\/08\/DSC_0444.jpg","type":"image\/jpeg"}],"author":"admin","twitter_card":"summary_large_image","twitter_misc":{"Written by":"admin","Estimated reading time":"2 minutes"},"schema":{"@context":"https:\/\/schema.org","@graph":[{"@type":"Article","@id":"https:\/\/www.turismolapernia.com\/noticias-pernia\/la-exposicion-fotografica-tiempo-y-silencio-en-la-pernia-se-estrena-en-aguilar-de-campoo\/#article","isPartOf":{"@id":"https:\/\/www.turismolapernia.com\/noticias-pernia\/la-exposicion-fotografica-tiempo-y-silencio-en-la-pernia-se-estrena-en-aguilar-de-campoo\/"},"author":{"name":"admin","@id":"https:\/\/www.turismolapernia.com\/#\/schema\/person\/5d5ac032f7e9064c5ce073bbe3564340"},"headline":"La exposici\u00f3n fotogr\u00e1fica &#8220;Tiempo y silencio en La Pern\u00eda&#8221; se estrena en Aguilar de Campoo","datePublished":"2022-08-05T10:09:59+00:00","dateModified":"2022-08-05T11:01:03+00:00","mainEntityOfPage":{"@id":"https:\/\/www.turismolapernia.com\/noticias-pernia\/la-exposicion-fotografica-tiempo-y-silencio-en-la-pernia-se-estrena-en-aguilar-de-campoo\/"},"wordCount":142,"commentCount":0,"publisher":{"@id":"https:\/\/www.turismolapernia.com\/#organization"},"image":{"@id":"https:\/\/www.turismolapernia.com\/noticias-pernia\/la-exposicion-fotografica-tiempo-y-silencio-en-la-pernia-se-estrena-en-aguilar-de-campoo\/#primaryimage"},"thumbnailUrl":"https:\/\/www.turismolapernia.com\/wp-content\/uploads\/2022\/08\/DSC_0444.jpg","articleSection":["Eventos y actividades","Noticias"],"inLanguage":"en-GB","potentialAction":[{"@type":"CommentAction","name":"Comment","target":["https:\/\/www.turismolapernia.com\/noticias-pernia\/la-exposicion-fotografica-tiempo-y-silencio-en-la-pernia-se-estrena-en-aguilar-de-campoo\/#respond"]}]},{"@type":"WebPage","@id":"https:\/\/www.turismolapernia.com\/noticias-pernia\/la-exposicion-fotografica-tiempo-y-silencio-en-la-pernia-se-estrena-en-aguilar-de-campoo\/","url":"https:\/\/www.turismolapernia.com\/noticias-pernia\/la-exposicion-fotografica-tiempo-y-silencio-en-la-pernia-se-estrena-en-aguilar-de-campoo\/","name":"La exposici\u00f3n fotogr\u00e1fica \"Tiempo y silencio en La Pern\u00eda\" se estrena en Aguilar de Campoo | Turismo La Pern\u00eda","isPartOf":{"@id":"https:\/\/www.turismolapernia.com\/#website"},"primaryImageOfPage":{"@id":"https:\/\/www.turismolapernia.com\/noticias-pernia\/la-exposicion-fotografica-tiempo-y-silencio-en-la-pernia-se-estrena-en-aguilar-de-campoo\/#primaryimage"},"image":{"@id":"https:\/\/www.turismolapernia.com\/noticias-pernia\/la-exposicion-fotografica-tiempo-y-silencio-en-la-pernia-se-estrena-en-aguilar-de-campoo\/#primaryimage"},"thumbnailUrl":"https:\/\/www.turismolapernia.com\/wp-content\/uploads\/2022\/08\/DSC_0444.jpg","datePublished":"2022-08-05T10:09:59+00:00","dateModified":"2022-08-05T11:01:03+00:00","breadcrumb":{"@id":"https:\/\/www.turismolapernia.com\/noticias-pernia\/la-exposicion-fotografica-tiempo-y-silencio-en-la-pernia-se-estrena-en-aguilar-de-campoo\/#breadcrumb"},"inLanguage":"en-GB","potentialAction":[{"@type":"ReadAction","target":["https:\/\/www.turismolapernia.com\/noticias-pernia\/la-exposicion-fotografica-tiempo-y-silencio-en-la-pernia-se-estrena-en-aguilar-de-campoo\/"]}]},{"@type":"ImageObject","inLanguage":"en-GB","@id":"https:\/\/www.turismolapernia.com\/noticias-pernia\/la-exposicion-fotografica-tiempo-y-silencio-en-la-pernia-se-estrena-en-aguilar-de-campoo\/#primaryimage","url":"https:\/\/www.turismolapernia.com\/wp-content\/uploads\/2022\/08\/DSC_0444.jpg","contentUrl":"https:\/\/www.turismolapernia.com\/wp-content\/uploads\/2022\/08\/DSC_0444.jpg","width":1632,"height":1224},{"@type":"BreadcrumbList","@id":"https:\/\/www.turismolapernia.com\/noticias-pernia\/la-exposicion-fotografica-tiempo-y-silencio-en-la-pernia-se-estrena-en-aguilar-de-campoo\/#breadcrumb","itemListElement":[{"@type":"ListItem","position":1,"name":"La Pern\u00eda","item":"https:\/\/www.turismolapernia.com\/"},{"@type":"ListItem","position":2,"name":"La exposici\u00f3n fotogr\u00e1fica &#8220;Tiempo y silencio en La Pern\u00eda&#8221; se estrena en Aguilar de Campoo"}]},{"@type":"WebSite","@id":"https:\/\/www.turismolapernia.com\/#website","url":"https:\/\/www.turismolapernia.com\/","name":"Turismo La Pern\u00eda","description":"Monta\u00f1a Palentina","publisher":{"@id":"https:\/\/www.turismolapernia.com\/#organization"},"potentialAction":[{"@type":"SearchAction","target":{"@type":"EntryPoint","urlTemplate":"https:\/\/www.turismolapernia.com\/?s={search_term_string}"},"query-input":{"@type":"PropertyValueSpecification","valueRequired":true,"valueName":"search_term_string"}}],"inLanguage":"en-GB"},{"@type":"Organization","@id":"https:\/\/www.turismolapernia.com\/#organization","name":"Turismo La Pern\u00eda","url":"https:\/\/www.turismolapernia.com\/","logo":{"@type":"ImageObject","inLanguage":"en-GB","@id":"https:\/\/www.turismolapernia.com\/#\/schema\/logo\/image\/","url":"https:\/\/www.turismolapernia.com\/wp-content\/uploads\/2021\/12\/cropped-logo-CRV-Pernia-perfil.jpg","contentUrl":"https:\/\/www.turismolapernia.com\/wp-content\/uploads\/2021\/12\/cropped-logo-CRV-Pernia-perfil.jpg","width":512,"height":512,"caption":"Turismo La Pern\u00eda"},"image":{"@id":"https:\/\/www.turismolapernia.com\/#\/schema\/logo\/image\/"},"sameAs":["https:\/\/www.facebook.com\/turismolapernia\/","https:\/\/www.instagram.com\/turismolapernia\/"]},{"@type":"Person","@id":"https:\/\/www.turismolapernia.com\/#\/schema\/person\/5d5ac032f7e9064c5ce073bbe3564340","name":"admin","image":{"@type":"ImageObject","inLanguage":"en-GB","@id":"https:\/\/www.turismolapernia.com\/#\/schema\/person\/image\/","url":"https:\/\/secure.gravatar.com\/avatar\/fe87fc43b218a52a79b72dddcb95d45fcdca0048b80712e6d20925a50f267165?s=96&d=mm&r=g","contentUrl":"https:\/\/secure.gravatar.com\/avatar\/fe87fc43b218a52a79b72dddcb95d45fcdca0048b80712e6d20925a50f267165?s=96&d=mm&r=g","caption":"admin"}}]}},"_links":{"self":[{"href":"https:\/\/www.turismolapernia.com\/en\/wp-json\/wp\/v2\/posts\/12342","targetHints":{"allow":["GET"]}}],"collection":[{"href":"https:\/\/www.turismolapernia.com\/en\/wp-json\/wp\/v2\/posts"}],"about":[{"href":"https:\/\/www.turismolapernia.com\/en\/wp-json\/wp\/v2\/types\/post"}],"author":[{"embeddable":true,"href":"https:\/\/www.turismolapernia.com\/en\/wp-json\/wp\/v2\/users\/1"}],"replies":[{"embeddable":true,"href":"https:\/\/www.turismolapernia.com\/en\/wp-json\/wp\/v2\/comments?post=12342"}],"version-history":[{"count":17,"href":"https:\/\/www.turismolapernia.com\/en\/wp-json\/wp\/v2\/posts\/12342\/revisions"}],"predecessor-version":[{"id":12963,"href":"https:\/\/www.turismolapernia.com\/en\/wp-json\/wp\/v2\/posts\/12342\/revisions\/12963"}],"wp:featuredmedia":[{"embeddable":true,"href":"https:\/\/www.turismolapernia.com\/en\/wp-json\/wp\/v2\/media\/12350"}],"wp:attachment":[{"href":"https:\/\/www.turismolapernia.com\/en\/wp-json\/wp\/v2\/media?parent=12342"}],"wp:term":[{"taxonomy":"category","embeddable":true,"href":"https:\/\/www.turismolapernia.com\/en\/wp-json\/wp\/v2\/categories?post=12342"},{"taxonomy":"post_tag","embeddable":true,"href":"https:\/\/www.turismolapernia.com\/en\/wp-json\/wp\/v2\/tags?post=12342"}],"curies":[{"name":"wp","href":"https:\/\/api.w.org\/{rel}","templated":true}]}}