{"id":12199,"date":"2022-07-21T09:06:27","date_gmt":"2022-07-21T07:06:27","guid":{"rendered":"https:\/\/www.turismolapernia.com\/?p=12199"},"modified":"2024-06-27T10:55:38","modified_gmt":"2024-06-27T08:55:38","slug":"estampas-del-camino-ana-rueda-teatro","status":"publish","type":"post","link":"https:\/\/www.turismolapernia.com\/en\/eventos-y-actividades\/estampas-del-camino-ana-rueda-teatro\/","title":{"rendered":"&#8220;Estampas del camino&#8221;. Ana Rueda. Teatro"},"content":{"rendered":"<div data-elementor-type=\"wp-post\" data-elementor-id=\"12199\" class=\"elementor elementor-12199\" data-elementor-settings=\"[]\">\n\t\t\t\t\t\t\t<div class=\"elementor-section-wrap\">\n\t\t\t\t\t\t\t<section class=\"elementor-section elementor-top-section elementor-element elementor-element-5144aaa elementor-section-boxed elementor-section-height-default elementor-section-height-default\" data-id=\"5144aaa\" data-element_type=\"section\">\n\t\t\t\t\t\t<div class=\"elementor-container elementor-column-gap-default\">\n\t\t\t\t\t<div class=\"elementor-column elementor-col-100 elementor-top-column elementor-element elementor-element-1d1c793\" data-id=\"1d1c793\" data-element_type=\"column\">\n\t\t\t<div class=\"elementor-widget-wrap elementor-element-populated\">\n\t\t\t\t\t\t\t\t<div class=\"elementor-element elementor-element-384ace4 elementor-widget elementor-widget-text-editor\" data-id=\"384ace4\" data-element_type=\"widget\" data-widget_type=\"text-editor.default\">\n\t\t\t\t<div class=\"elementor-widget-container\">\n\t\t\t\t\t\t\t<p>Actuaci\u00f3n de teatro &#8220;Estampas del camino&#8221;. Ana Rueda. Programa cultural Allegrissimo de Diputaci\u00f3n de Palencia.<br><\/p>\n<p>23 de julio, a las 20:30 en la Plaza del Ayuntamiento. San Salvador de Cantamuda (La Pern\u00eda)<\/p>\t\t\t\t\t\t<\/div>\n\t\t\t\t<\/div>\n\t\t\t\t\t<\/div>\n\t\t<\/div>\n\t\t\t\t\t\t\t<\/div>\n\t\t<\/section>\n\t\t\t\t<section class=\"elementor-section elementor-top-section elementor-element elementor-element-3be2f49 elementor-section-boxed elementor-section-height-default elementor-section-height-default\" data-id=\"3be2f49\" data-element_type=\"section\">\n\t\t\t\t\t\t<div class=\"elementor-container elementor-column-gap-default\">\n\t\t\t\t\t<div class=\"elementor-column elementor-col-100 elementor-top-column elementor-element elementor-element-c0b2e1c\" data-id=\"c0b2e1c\" data-element_type=\"column\">\n\t\t\t<div class=\"elementor-widget-wrap elementor-element-populated\">\n\t\t\t\t\t\t\t\t<div class=\"elementor-element elementor-element-b78cfb0 elementor-widget elementor-widget-image\" data-id=\"b78cfb0\" data-element_type=\"widget\" data-widget_type=\"image.default\">\n\t\t\t\t<div class=\"elementor-widget-container\">\n\t\t\t\t\t\t\t\t\t\t\t\t\t\t\t<img loading=\"lazy\" decoding=\"async\" width=\"525\" height=\"743\" src=\"https:\/\/www.turismolapernia.com\/wp-content\/uploads\/2022\/07\/Carteles-10-33_page-0001-724x1024.jpg\" class=\"attachment-large size-large\" alt=\"\" srcset=\"https:\/\/www.turismolapernia.com\/wp-content\/uploads\/2022\/07\/Carteles-10-33_page-0001-724x1024.jpg 724w, https:\/\/www.turismolapernia.com\/wp-content\/uploads\/2022\/07\/Carteles-10-33_page-0001-212x300.jpg 212w, https:\/\/www.turismolapernia.com\/wp-content\/uploads\/2022\/07\/Carteles-10-33_page-0001-768x1086.jpg 768w, https:\/\/www.turismolapernia.com\/wp-content\/uploads\/2022\/07\/Carteles-10-33_page-0001-1086x1536.jpg 1086w, https:\/\/www.turismolapernia.com\/wp-content\/uploads\/2022\/07\/Carteles-10-33_page-0001-1448x2048.jpg 1448w, https:\/\/www.turismolapernia.com\/wp-content\/uploads\/2022\/07\/Carteles-10-33_page-0001-8x12.jpg 8w, https:\/\/www.turismolapernia.com\/wp-content\/uploads\/2022\/07\/Carteles-10-33_page-0001.jpg 1754w\" sizes=\"auto, 100vw\" \/>\t\t\t\t\t\t\t\t\t\t\t\t\t\t\t<\/div>\n\t\t\t\t<\/div>\n\t\t\t\t\t<\/div>\n\t\t<\/div>\n\t\t\t\t\t\t\t<\/div>\n\t\t<\/section>\n\t\t\t\t\t\t<\/div>\n\t\t\t\t\t<\/div>","protected":false},"excerpt":{"rendered":"<p>Actuaci\u00f3n de teatro &#8220;Estampas del camino&#8221;. Ana Rueda. Programa cultural Allegrissimo de Diputaci\u00f3n de Palencia. 23 de julio, a las 20:30 en la Plaza del Ayuntamiento. San Salvador de Cantamuda (La Pern\u00eda)<\/p>","protected":false},"author":1,"featured_media":12201,"comment_status":"open","ping_status":"open","sticky":false,"template":"","format":"standard","meta":{"footnotes":""},"categories":[14],"tags":[],"class_list":["post-12199","post","type-post","status-publish","format-standard","has-post-thumbnail","hentry","category-eventos-y-actividades"],"yoast_head":"<!-- This site is optimized with the Yoast SEO plugin v23.5 - https:\/\/yoast.com\/wordpress\/plugins\/seo\/ -->\n<title>&quot;Estampas del camino&quot;. Ana Rueda. Teatro | Turismo La Pern\u00eda<\/title>\n<meta name=\"robots\" content=\"index, follow, max-snippet:-1, max-image-preview:large, max-video-preview:-1\" \/>\n<link rel=\"canonical\" href=\"https:\/\/www.turismolapernia.com\/en\/eventos-y-actividades\/estampas-del-camino-ana-rueda-teatro\/\" \/>\n<meta property=\"og:locale\" content=\"en_GB\" \/>\n<meta property=\"og:type\" content=\"article\" \/>\n<meta property=\"og:title\" content=\"&quot;Estampas del camino&quot;. Ana Rueda. Teatro | Turismo La Pern\u00eda\" \/>\n<meta property=\"og:description\" content=\"Actuaci\u00f3n de teatro &#8220;Estampas del camino&#8221;. Ana Rueda. Programa cultural Allegrissimo de Diputaci\u00f3n de Palencia. 23 de julio, a las 20:30 en la Plaza del Ayuntamiento. San Salvador de Cantamuda (La Pern\u00eda)\" \/>\n<meta property=\"og:url\" content=\"https:\/\/www.turismolapernia.com\/en\/eventos-y-actividades\/estampas-del-camino-ana-rueda-teatro\/\" \/>\n<meta property=\"og:site_name\" content=\"Turismo La Pern\u00eda\" \/>\n<meta property=\"article:publisher\" content=\"https:\/\/www.facebook.com\/turismolapernia\/\" \/>\n<meta property=\"article:published_time\" content=\"2022-07-21T07:06:27+00:00\" \/>\n<meta property=\"article:modified_time\" content=\"2024-06-27T08:55:38+00:00\" \/>\n<meta property=\"og:image\" content=\"https:\/\/www.turismolapernia.com\/wp-content\/uploads\/2022\/07\/Carteles-10-33_page-0001.jpg\" \/>\n\t<meta property=\"og:image:width\" content=\"1754\" \/>\n\t<meta property=\"og:image:height\" content=\"2481\" \/>\n\t<meta property=\"og:image:type\" content=\"image\/jpeg\" \/>\n<meta name=\"author\" content=\"admin\" \/>\n<meta name=\"twitter:card\" content=\"summary_large_image\" \/>\n<meta name=\"twitter:label1\" content=\"Written by\" \/>\n\t<meta name=\"twitter:data1\" content=\"admin\" \/>\n\t<meta name=\"twitter:label2\" content=\"Estimated reading time\" \/>\n\t<meta name=\"twitter:data2\" content=\"1 minute\" \/>\n<script type=\"application\/ld+json\" class=\"yoast-schema-graph\">{\"@context\":\"https:\/\/schema.org\",\"@graph\":[{\"@type\":\"Article\",\"@id\":\"https:\/\/www.turismolapernia.com\/eventos-y-actividades\/estampas-del-camino-ana-rueda-teatro\/#article\",\"isPartOf\":{\"@id\":\"https:\/\/www.turismolapernia.com\/eventos-y-actividades\/estampas-del-camino-ana-rueda-teatro\/\"},\"author\":{\"name\":\"admin\",\"@id\":\"https:\/\/www.turismolapernia.com\/#\/schema\/person\/5d5ac032f7e9064c5ce073bbe3564340\"},\"headline\":\"&#8220;Estampas del camino&#8221;. Ana Rueda. Teatro\",\"datePublished\":\"2022-07-21T07:06:27+00:00\",\"dateModified\":\"2024-06-27T08:55:38+00:00\",\"mainEntityOfPage\":{\"@id\":\"https:\/\/www.turismolapernia.com\/eventos-y-actividades\/estampas-del-camino-ana-rueda-teatro\/\"},\"wordCount\":39,\"commentCount\":0,\"publisher\":{\"@id\":\"https:\/\/www.turismolapernia.com\/#organization\"},\"image\":{\"@id\":\"https:\/\/www.turismolapernia.com\/eventos-y-actividades\/estampas-del-camino-ana-rueda-teatro\/#primaryimage\"},\"thumbnailUrl\":\"https:\/\/www.turismolapernia.com\/wp-content\/uploads\/2022\/07\/Carteles-10-33_page-0001.jpg\",\"articleSection\":[\"Eventos y actividades\"],\"inLanguage\":\"en-GB\",\"potentialAction\":[{\"@type\":\"CommentAction\",\"name\":\"Comment\",\"target\":[\"https:\/\/www.turismolapernia.com\/eventos-y-actividades\/estampas-del-camino-ana-rueda-teatro\/#respond\"]}]},{\"@type\":\"WebPage\",\"@id\":\"https:\/\/www.turismolapernia.com\/eventos-y-actividades\/estampas-del-camino-ana-rueda-teatro\/\",\"url\":\"https:\/\/www.turismolapernia.com\/eventos-y-actividades\/estampas-del-camino-ana-rueda-teatro\/\",\"name\":\"\\\"Estampas del camino\\\". Ana Rueda. Teatro | Turismo La Pern\u00eda\",\"isPartOf\":{\"@id\":\"https:\/\/www.turismolapernia.com\/#website\"},\"primaryImageOfPage\":{\"@id\":\"https:\/\/www.turismolapernia.com\/eventos-y-actividades\/estampas-del-camino-ana-rueda-teatro\/#primaryimage\"},\"image\":{\"@id\":\"https:\/\/www.turismolapernia.com\/eventos-y-actividades\/estampas-del-camino-ana-rueda-teatro\/#primaryimage\"},\"thumbnailUrl\":\"https:\/\/www.turismolapernia.com\/wp-content\/uploads\/2022\/07\/Carteles-10-33_page-0001.jpg\",\"datePublished\":\"2022-07-21T07:06:27+00:00\",\"dateModified\":\"2024-06-27T08:55:38+00:00\",\"breadcrumb\":{\"@id\":\"https:\/\/www.turismolapernia.com\/eventos-y-actividades\/estampas-del-camino-ana-rueda-teatro\/#breadcrumb\"},\"inLanguage\":\"en-GB\",\"potentialAction\":[{\"@type\":\"ReadAction\",\"target\":[\"https:\/\/www.turismolapernia.com\/eventos-y-actividades\/estampas-del-camino-ana-rueda-teatro\/\"]}]},{\"@type\":\"ImageObject\",\"inLanguage\":\"en-GB\",\"@id\":\"https:\/\/www.turismolapernia.com\/eventos-y-actividades\/estampas-del-camino-ana-rueda-teatro\/#primaryimage\",\"url\":\"https:\/\/www.turismolapernia.com\/wp-content\/uploads\/2022\/07\/Carteles-10-33_page-0001.jpg\",\"contentUrl\":\"https:\/\/www.turismolapernia.com\/wp-content\/uploads\/2022\/07\/Carteles-10-33_page-0001.jpg\",\"width\":1754,\"height\":2481},{\"@type\":\"BreadcrumbList\",\"@id\":\"https:\/\/www.turismolapernia.com\/eventos-y-actividades\/estampas-del-camino-ana-rueda-teatro\/#breadcrumb\",\"itemListElement\":[{\"@type\":\"ListItem\",\"position\":1,\"name\":\"La Pern\u00eda\",\"item\":\"https:\/\/www.turismolapernia.com\/\"},{\"@type\":\"ListItem\",\"position\":2,\"name\":\"&#8220;Estampas del camino&#8221;. Ana Rueda. Teatro\"}]},{\"@type\":\"WebSite\",\"@id\":\"https:\/\/www.turismolapernia.com\/#website\",\"url\":\"https:\/\/www.turismolapernia.com\/\",\"name\":\"Turismo La Pern\u00eda\",\"description\":\"Monta\u00f1a Palentina\",\"publisher\":{\"@id\":\"https:\/\/www.turismolapernia.com\/#organization\"},\"potentialAction\":[{\"@type\":\"SearchAction\",\"target\":{\"@type\":\"EntryPoint\",\"urlTemplate\":\"https:\/\/www.turismolapernia.com\/?s={search_term_string}\"},\"query-input\":{\"@type\":\"PropertyValueSpecification\",\"valueRequired\":true,\"valueName\":\"search_term_string\"}}],\"inLanguage\":\"en-GB\"},{\"@type\":\"Organization\",\"@id\":\"https:\/\/www.turismolapernia.com\/#organization\",\"name\":\"Turismo La Pern\u00eda\",\"url\":\"https:\/\/www.turismolapernia.com\/\",\"logo\":{\"@type\":\"ImageObject\",\"inLanguage\":\"en-GB\",\"@id\":\"https:\/\/www.turismolapernia.com\/#\/schema\/logo\/image\/\",\"url\":\"https:\/\/www.turismolapernia.com\/wp-content\/uploads\/2021\/12\/cropped-logo-CRV-Pernia-perfil.jpg\",\"contentUrl\":\"https:\/\/www.turismolapernia.com\/wp-content\/uploads\/2021\/12\/cropped-logo-CRV-Pernia-perfil.jpg\",\"width\":512,\"height\":512,\"caption\":\"Turismo La Pern\u00eda\"},\"image\":{\"@id\":\"https:\/\/www.turismolapernia.com\/#\/schema\/logo\/image\/\"},\"sameAs\":[\"https:\/\/www.facebook.com\/turismolapernia\/\",\"https:\/\/www.instagram.com\/turismolapernia\/\"]},{\"@type\":\"Person\",\"@id\":\"https:\/\/www.turismolapernia.com\/#\/schema\/person\/5d5ac032f7e9064c5ce073bbe3564340\",\"name\":\"admin\",\"image\":{\"@type\":\"ImageObject\",\"inLanguage\":\"en-GB\",\"@id\":\"https:\/\/www.turismolapernia.com\/#\/schema\/person\/image\/\",\"url\":\"https:\/\/secure.gravatar.com\/avatar\/fe87fc43b218a52a79b72dddcb95d45fcdca0048b80712e6d20925a50f267165?s=96&d=mm&r=g\",\"contentUrl\":\"https:\/\/secure.gravatar.com\/avatar\/fe87fc43b218a52a79b72dddcb95d45fcdca0048b80712e6d20925a50f267165?s=96&d=mm&r=g\",\"caption\":\"admin\"}}]}<\/script>\n<!-- \/ Yoast SEO plugin. -->","yoast_head_json":{"title":"\"Estampas del camino\". Ana Rueda. Teatro | Turismo La Pern\u00eda","robots":{"index":"index","follow":"follow","max-snippet":"max-snippet:-1","max-image-preview":"max-image-preview:large","max-video-preview":"max-video-preview:-1"},"canonical":"https:\/\/www.turismolapernia.com\/en\/eventos-y-actividades\/estampas-del-camino-ana-rueda-teatro\/","og_locale":"en_GB","og_type":"article","og_title":"\"Estampas del camino\". Ana Rueda. Teatro | Turismo La Pern\u00eda","og_description":"Actuaci\u00f3n de teatro &#8220;Estampas del camino&#8221;. Ana Rueda. Programa cultural Allegrissimo de Diputaci\u00f3n de Palencia. 23 de julio, a las 20:30 en la Plaza del Ayuntamiento. San Salvador de Cantamuda (La Pern\u00eda)","og_url":"https:\/\/www.turismolapernia.com\/en\/eventos-y-actividades\/estampas-del-camino-ana-rueda-teatro\/","og_site_name":"Turismo La Pern\u00eda","article_publisher":"https:\/\/www.facebook.com\/turismolapernia\/","article_published_time":"2022-07-21T07:06:27+00:00","article_modified_time":"2024-06-27T08:55:38+00:00","og_image":[{"width":1754,"height":2481,"url":"https:\/\/www.turismolapernia.com\/wp-content\/uploads\/2022\/07\/Carteles-10-33_page-0001.jpg","type":"image\/jpeg"}],"author":"admin","twitter_card":"summary_large_image","twitter_misc":{"Written by":"admin","Estimated reading time":"1 minute"},"schema":{"@context":"https:\/\/schema.org","@graph":[{"@type":"Article","@id":"https:\/\/www.turismolapernia.com\/eventos-y-actividades\/estampas-del-camino-ana-rueda-teatro\/#article","isPartOf":{"@id":"https:\/\/www.turismolapernia.com\/eventos-y-actividades\/estampas-del-camino-ana-rueda-teatro\/"},"author":{"name":"admin","@id":"https:\/\/www.turismolapernia.com\/#\/schema\/person\/5d5ac032f7e9064c5ce073bbe3564340"},"headline":"&#8220;Estampas del camino&#8221;. Ana Rueda. Teatro","datePublished":"2022-07-21T07:06:27+00:00","dateModified":"2024-06-27T08:55:38+00:00","mainEntityOfPage":{"@id":"https:\/\/www.turismolapernia.com\/eventos-y-actividades\/estampas-del-camino-ana-rueda-teatro\/"},"wordCount":39,"commentCount":0,"publisher":{"@id":"https:\/\/www.turismolapernia.com\/#organization"},"image":{"@id":"https:\/\/www.turismolapernia.com\/eventos-y-actividades\/estampas-del-camino-ana-rueda-teatro\/#primaryimage"},"thumbnailUrl":"https:\/\/www.turismolapernia.com\/wp-content\/uploads\/2022\/07\/Carteles-10-33_page-0001.jpg","articleSection":["Eventos y actividades"],"inLanguage":"en-GB","potentialAction":[{"@type":"CommentAction","name":"Comment","target":["https:\/\/www.turismolapernia.com\/eventos-y-actividades\/estampas-del-camino-ana-rueda-teatro\/#respond"]}]},{"@type":"WebPage","@id":"https:\/\/www.turismolapernia.com\/eventos-y-actividades\/estampas-del-camino-ana-rueda-teatro\/","url":"https:\/\/www.turismolapernia.com\/eventos-y-actividades\/estampas-del-camino-ana-rueda-teatro\/","name":"\"Estampas del camino\". Ana Rueda. Teatro | Turismo La Pern\u00eda","isPartOf":{"@id":"https:\/\/www.turismolapernia.com\/#website"},"primaryImageOfPage":{"@id":"https:\/\/www.turismolapernia.com\/eventos-y-actividades\/estampas-del-camino-ana-rueda-teatro\/#primaryimage"},"image":{"@id":"https:\/\/www.turismolapernia.com\/eventos-y-actividades\/estampas-del-camino-ana-rueda-teatro\/#primaryimage"},"thumbnailUrl":"https:\/\/www.turismolapernia.com\/wp-content\/uploads\/2022\/07\/Carteles-10-33_page-0001.jpg","datePublished":"2022-07-21T07:06:27+00:00","dateModified":"2024-06-27T08:55:38+00:00","breadcrumb":{"@id":"https:\/\/www.turismolapernia.com\/eventos-y-actividades\/estampas-del-camino-ana-rueda-teatro\/#breadcrumb"},"inLanguage":"en-GB","potentialAction":[{"@type":"ReadAction","target":["https:\/\/www.turismolapernia.com\/eventos-y-actividades\/estampas-del-camino-ana-rueda-teatro\/"]}]},{"@type":"ImageObject","inLanguage":"en-GB","@id":"https:\/\/www.turismolapernia.com\/eventos-y-actividades\/estampas-del-camino-ana-rueda-teatro\/#primaryimage","url":"https:\/\/www.turismolapernia.com\/wp-content\/uploads\/2022\/07\/Carteles-10-33_page-0001.jpg","contentUrl":"https:\/\/www.turismolapernia.com\/wp-content\/uploads\/2022\/07\/Carteles-10-33_page-0001.jpg","width":1754,"height":2481},{"@type":"BreadcrumbList","@id":"https:\/\/www.turismolapernia.com\/eventos-y-actividades\/estampas-del-camino-ana-rueda-teatro\/#breadcrumb","itemListElement":[{"@type":"ListItem","position":1,"name":"La Pern\u00eda","item":"https:\/\/www.turismolapernia.com\/"},{"@type":"ListItem","position":2,"name":"&#8220;Estampas del camino&#8221;. Ana Rueda. Teatro"}]},{"@type":"WebSite","@id":"https:\/\/www.turismolapernia.com\/#website","url":"https:\/\/www.turismolapernia.com\/","name":"Turismo La Pern\u00eda","description":"Monta\u00f1a Palentina","publisher":{"@id":"https:\/\/www.turismolapernia.com\/#organization"},"potentialAction":[{"@type":"SearchAction","target":{"@type":"EntryPoint","urlTemplate":"https:\/\/www.turismolapernia.com\/?s={search_term_string}"},"query-input":{"@type":"PropertyValueSpecification","valueRequired":true,"valueName":"search_term_string"}}],"inLanguage":"en-GB"},{"@type":"Organization","@id":"https:\/\/www.turismolapernia.com\/#organization","name":"Turismo La Pern\u00eda","url":"https:\/\/www.turismolapernia.com\/","logo":{"@type":"ImageObject","inLanguage":"en-GB","@id":"https:\/\/www.turismolapernia.com\/#\/schema\/logo\/image\/","url":"https:\/\/www.turismolapernia.com\/wp-content\/uploads\/2021\/12\/cropped-logo-CRV-Pernia-perfil.jpg","contentUrl":"https:\/\/www.turismolapernia.com\/wp-content\/uploads\/2021\/12\/cropped-logo-CRV-Pernia-perfil.jpg","width":512,"height":512,"caption":"Turismo La Pern\u00eda"},"image":{"@id":"https:\/\/www.turismolapernia.com\/#\/schema\/logo\/image\/"},"sameAs":["https:\/\/www.facebook.com\/turismolapernia\/","https:\/\/www.instagram.com\/turismolapernia\/"]},{"@type":"Person","@id":"https:\/\/www.turismolapernia.com\/#\/schema\/person\/5d5ac032f7e9064c5ce073bbe3564340","name":"admin","image":{"@type":"ImageObject","inLanguage":"en-GB","@id":"https:\/\/www.turismolapernia.com\/#\/schema\/person\/image\/","url":"https:\/\/secure.gravatar.com\/avatar\/fe87fc43b218a52a79b72dddcb95d45fcdca0048b80712e6d20925a50f267165?s=96&d=mm&r=g","contentUrl":"https:\/\/secure.gravatar.com\/avatar\/fe87fc43b218a52a79b72dddcb95d45fcdca0048b80712e6d20925a50f267165?s=96&d=mm&r=g","caption":"admin"}}]}},"_links":{"self":[{"href":"https:\/\/www.turismolapernia.com\/en\/wp-json\/wp\/v2\/posts\/12199","targetHints":{"allow":["GET"]}}],"collection":[{"href":"https:\/\/www.turismolapernia.com\/en\/wp-json\/wp\/v2\/posts"}],"about":[{"href":"https:\/\/www.turismolapernia.com\/en\/wp-json\/wp\/v2\/types\/post"}],"author":[{"embeddable":true,"href":"https:\/\/www.turismolapernia.com\/en\/wp-json\/wp\/v2\/users\/1"}],"replies":[{"embeddable":true,"href":"https:\/\/www.turismolapernia.com\/en\/wp-json\/wp\/v2\/comments?post=12199"}],"version-history":[{"count":20,"href":"https:\/\/www.turismolapernia.com\/en\/wp-json\/wp\/v2\/posts\/12199\/revisions"}],"predecessor-version":[{"id":17875,"href":"https:\/\/www.turismolapernia.com\/en\/wp-json\/wp\/v2\/posts\/12199\/revisions\/17875"}],"wp:featuredmedia":[{"embeddable":true,"href":"https:\/\/www.turismolapernia.com\/en\/wp-json\/wp\/v2\/media\/12201"}],"wp:attachment":[{"href":"https:\/\/www.turismolapernia.com\/en\/wp-json\/wp\/v2\/media?parent=12199"}],"wp:term":[{"taxonomy":"category","embeddable":true,"href":"https:\/\/www.turismolapernia.com\/en\/wp-json\/wp\/v2\/categories?post=12199"},{"taxonomy":"post_tag","embeddable":true,"href":"https:\/\/www.turismolapernia.com\/en\/wp-json\/wp\/v2\/tags?post=12199"}],"curies":[{"name":"wp","href":"https:\/\/api.w.org\/{rel}","templated":true}]}}