{"id":12160,"date":"2022-07-06T17:35:45","date_gmt":"2022-07-06T15:35:45","guid":{"rendered":"https:\/\/www.turismolapernia.com\/?p=12160"},"modified":"2022-07-06T17:49:19","modified_gmt":"2022-07-06T15:49:19","slug":"el-ii-festival-escenario-y-patrimonio-cyl-arrancara-en-la-provincia-de-palencia-con-huella-y-caminoel-nido-en-san-salvador-de-cantamuda","status":"publish","type":"post","link":"https:\/\/www.turismolapernia.com\/en\/noticias-pernia\/el-ii-festival-escenario-y-patrimonio-cyl-arrancara-en-la-provincia-de-palencia-con-huella-y-caminoel-nido-en-san-salvador-de-cantamuda\/","title":{"rendered":"El II Festival Escenario y Patrimonio CyL arrancar\u00e1 en la provincia de Palencia con &#8220;Huella y camino&#8221;(El Nido), en San Salvador de Cantamuda"},"content":{"rendered":"<div data-elementor-type=\"wp-post\" data-elementor-id=\"12160\" class=\"elementor elementor-12160\" data-elementor-settings=\"[]\">\n\t\t\t\t\t\t\t<div class=\"elementor-section-wrap\">\n\t\t\t\t\t\t\t<section class=\"elementor-section elementor-top-section elementor-element elementor-element-4b0386c elementor-section-boxed elementor-section-height-default elementor-section-height-default\" data-id=\"4b0386c\" data-element_type=\"section\">\n\t\t\t\t\t\t<div class=\"elementor-container elementor-column-gap-default\">\n\t\t\t\t\t<div class=\"elementor-column elementor-col-100 elementor-top-column elementor-element elementor-element-5710a56\" data-id=\"5710a56\" data-element_type=\"column\">\n\t\t\t<div class=\"elementor-widget-wrap elementor-element-populated\">\n\t\t\t\t\t\t\t\t<div class=\"elementor-element elementor-element-f332244 elementor-widget elementor-widget-text-editor\" data-id=\"f332244\" data-element_type=\"widget\" data-widget_type=\"text-editor.default\">\n\t\t\t\t<div class=\"elementor-widget-container\">\n\t\t\t\t\t\t\t<p>Por segundo a\u00f1o consecutivo, la Junta de Castilla y Leo\u0301n pone en marcha el Festival ESCENARIO PATRIMONIO CyL, un lugar de encuentro entre artes esce\u0301nicas, patrimonio y turismo. <\/p>\n<p>Actuaciones de circo, danza, magia, teatro y mu\u0301sica con compa\u00f1\u00edas de la Comunidad tendr\u00e1n lugar en paisajes y monumentos excepcionales de las nueve provincias, con siete espect\u00e1culos en cada una, del 8 de julio al 4 de septiembre.<\/p>\n<p><br><\/p>\n<p><\/p>\n<p>En la provincia de Palencia, la programaci\u00f3n de esta segunda edici\u00f3n dar\u00e1 comienzo el 10 de julio, a las 21:00, con la actuaci\u00f3n musical &#8220;<b>Huella y camino<\/b>&#8221; del grupo <b>El Nido<\/b>, en un escenario inigualable, frente a la iglesia rom\u00e1nica de <b>San Salvador de Cantamuda<\/b> y su majestuosa espada\u00f1a.<br><\/p>\n<p><\/p>\n<p><br><\/p>\n<p><\/p>\n<p><span data-offset-key=\"8kktt-0-0\"><span data-text=\"true\">El Nido es un cuarteto integrado por Rodrigo Cachorro (<\/span><\/span><span data-offset-key=\"8kktt-0-0\"><span data-text=\"true\">guitarra, bajo, vieiras y voz), \u00c1lvaro Herreros (viol\u00edn, flautas irlandesas, pandereta y voz), Eneko Lekunberri (percusi\u00f3n y bater\u00eda) y Nacho Prada (mandolina, bouzouki irland\u00e9s, guitarra, cucharas y voz). El grupo crea sus propias canciones inspiradas en las influencias de las m\u00fasicas de ra\u00edz y tradicionales, con un enfoque moderno y genuino. <br><\/span><\/span><\/p>\n<p><\/p>\t\t\t\t\t\t<\/div>\n\t\t\t\t<\/div>\n\t\t\t\t<div class=\"elementor-element elementor-element-253a1ac elementor-widget elementor-widget-text-editor\" data-id=\"253a1ac\" data-element_type=\"widget\" data-widget_type=\"text-editor.default\">\n\t\t\t\t<div class=\"elementor-widget-container\">\n\t\t\t\t\t\t\t<p style=\"text-align: center;\"><a href=\"https:\/\/www.escenariopatrimoniocyl.es\/calendario-2022\/sansalvador\"><b>&#8220;Huella y camino&#8221;. El Nido.&nbsp;<\/b><\/a><\/p>\n<p style=\"text-align: center;\"><a href=\"https:\/\/www.escenariopatrimoniocyl.es\/calendario-2022\/sansalvador\"><b>San Salvador de Cantamuda. <\/b><\/a><br><\/p>\t\t\t\t\t\t<\/div>\n\t\t\t\t<\/div>\n\t\t\t\t<div class=\"elementor-element elementor-element-f9cd5cc elementor-widget elementor-widget-image\" data-id=\"f9cd5cc\" data-element_type=\"widget\" data-widget_type=\"image.default\">\n\t\t\t\t<div class=\"elementor-widget-container\">\n\t\t\t\t\t\t\t\t\t\t\t\t\t\t\t\t<a href=\"https:\/\/www.escenariopatrimoniocyl.es\/calendario-2022\/sansalvador\">\n\t\t\t\t\t\t\t<img loading=\"lazy\" decoding=\"async\" width=\"525\" height=\"743\" src=\"https:\/\/www.turismolapernia.com\/wp-content\/uploads\/2022\/07\/ESPACIO-PATRIMONIO-san-salvador-724x1024.jpg\" class=\"attachment-large size-large\" alt=\"\" srcset=\"https:\/\/www.turismolapernia.com\/wp-content\/uploads\/2022\/07\/ESPACIO-PATRIMONIO-san-salvador-724x1024.jpg 724w, https:\/\/www.turismolapernia.com\/wp-content\/uploads\/2022\/07\/ESPACIO-PATRIMONIO-san-salvador-212x300.jpg 212w, https:\/\/www.turismolapernia.com\/wp-content\/uploads\/2022\/07\/ESPACIO-PATRIMONIO-san-salvador-768x1086.jpg 768w, https:\/\/www.turismolapernia.com\/wp-content\/uploads\/2022\/07\/ESPACIO-PATRIMONIO-san-salvador-1086x1536.jpg 1086w, https:\/\/www.turismolapernia.com\/wp-content\/uploads\/2022\/07\/ESPACIO-PATRIMONIO-san-salvador-1448x2048.jpg 1448w, https:\/\/www.turismolapernia.com\/wp-content\/uploads\/2022\/07\/ESPACIO-PATRIMONIO-san-salvador-8x12.jpg 8w, https:\/\/www.turismolapernia.com\/wp-content\/uploads\/2022\/07\/ESPACIO-PATRIMONIO-san-salvador.jpg 1754w\" sizes=\"auto, 100vw\" \/>\t\t\t\t\t\t\t\t<\/a>\n\t\t\t\t\t\t\t\t\t\t\t\t\t\t\t<\/div>\n\t\t\t\t<\/div>\n\t\t\t\t\t<\/div>\n\t\t<\/div>\n\t\t\t\t\t\t\t<\/div>\n\t\t<\/section>\n\t\t\t\t<section class=\"elementor-section elementor-top-section elementor-element elementor-element-e852fed elementor-section-boxed elementor-section-height-default elementor-section-height-default\" data-id=\"e852fed\" data-element_type=\"section\">\n\t\t\t\t\t\t<div class=\"elementor-container elementor-column-gap-default\">\n\t\t\t\t\t<div class=\"elementor-column elementor-col-100 elementor-top-column elementor-element elementor-element-9f3c08f\" data-id=\"9f3c08f\" data-element_type=\"column\">\n\t\t\t<div class=\"elementor-widget-wrap elementor-element-populated\">\n\t\t\t\t\t\t\t\t<div class=\"elementor-element elementor-element-48b4da0 elementor-widget elementor-widget-text-editor\" data-id=\"48b4da0\" data-element_type=\"widget\" data-widget_type=\"text-editor.default\">\n\t\t\t\t<div class=\"elementor-widget-container\">\n\t\t\t\t\t\t\t<div>Otra serie de actuaciones tendr\u00e1n lugar en la provincia hasta el 4 de septiembre, en las localidades de Monz\u00f3n de Campos, Ba\u00f1os de Cerrato, Carri\u00f3n de los Condes, Villalc\u00e1zar de Sirga, Aguilar de Campoo y Villamuriel de Cerrato.<\/div>\t\t\t\t\t\t<\/div>\n\t\t\t\t<\/div>\n\t\t\t\t<div class=\"elementor-element elementor-element-f6c4800 elementor-widget elementor-widget-image\" data-id=\"f6c4800\" data-element_type=\"widget\" data-widget_type=\"image.default\">\n\t\t\t\t<div class=\"elementor-widget-container\">\n\t\t\t\t\t\t\t\t\t\t\t\t\t\t\t<img loading=\"lazy\" decoding=\"async\" width=\"525\" height=\"743\" src=\"https:\/\/www.turismolapernia.com\/wp-content\/uploads\/2022\/07\/ESPACIO-PATRIMONIO-PALENCIA_page-0001-724x1024.jpg\" class=\"attachment-large size-large\" alt=\"\" srcset=\"https:\/\/www.turismolapernia.com\/wp-content\/uploads\/2022\/07\/ESPACIO-PATRIMONIO-PALENCIA_page-0001-724x1024.jpg 724w, https:\/\/www.turismolapernia.com\/wp-content\/uploads\/2022\/07\/ESPACIO-PATRIMONIO-PALENCIA_page-0001-212x300.jpg 212w, https:\/\/www.turismolapernia.com\/wp-content\/uploads\/2022\/07\/ESPACIO-PATRIMONIO-PALENCIA_page-0001-768x1086.jpg 768w, https:\/\/www.turismolapernia.com\/wp-content\/uploads\/2022\/07\/ESPACIO-PATRIMONIO-PALENCIA_page-0001-1086x1536.jpg 1086w, https:\/\/www.turismolapernia.com\/wp-content\/uploads\/2022\/07\/ESPACIO-PATRIMONIO-PALENCIA_page-0001-1448x2048.jpg 1448w, https:\/\/www.turismolapernia.com\/wp-content\/uploads\/2022\/07\/ESPACIO-PATRIMONIO-PALENCIA_page-0001-8x12.jpg 8w, https:\/\/www.turismolapernia.com\/wp-content\/uploads\/2022\/07\/ESPACIO-PATRIMONIO-PALENCIA_page-0001.jpg 1754w\" sizes=\"auto, 100vw\" \/>\t\t\t\t\t\t\t\t\t\t\t\t\t\t\t<\/div>\n\t\t\t\t<\/div>\n\t\t\t\t\t<\/div>\n\t\t<\/div>\n\t\t\t\t\t\t\t<\/div>\n\t\t<\/section>\n\t\t\t\t<section class=\"elementor-section elementor-top-section elementor-element elementor-element-c55d295 elementor-section-boxed elementor-section-height-default elementor-section-height-default\" data-id=\"c55d295\" data-element_type=\"section\">\n\t\t\t\t\t\t<div class=\"elementor-container elementor-column-gap-default\">\n\t\t\t\t\t<div class=\"elementor-column elementor-col-100 elementor-top-column elementor-element elementor-element-a4e9e75\" data-id=\"a4e9e75\" data-element_type=\"column\">\n\t\t\t<div class=\"elementor-widget-wrap elementor-element-populated\">\n\t\t\t\t\t\t\t\t<div class=\"elementor-element elementor-element-88433db elementor-widget elementor-widget-text-editor\" data-id=\"88433db\" data-element_type=\"widget\" data-widget_type=\"text-editor.default\">\n\t\t\t\t<div class=\"elementor-widget-container\">\n\t\t\t\t\t\t\t<div><div>Toda la informaci\u00f3n sobre las distintas actuaciones se puede consultar en la web del festival:<\/div><p>\u00a0<\/p><p><a href=\"https:\/\/www.escenariopatrimoniocyl.es\/\"><b>II Festival Escenario Patrimonio de Castilla y Le\u00f3n<\/b><\/a>.<\/p><\/div><div>\u00a0<\/div>\t\t\t\t\t\t<\/div>\n\t\t\t\t<\/div>\n\t\t\t\t\t<\/div>\n\t\t<\/div>\n\t\t\t\t\t\t\t<\/div>\n\t\t<\/section>\n\t\t\t\t\t\t<\/div>\n\t\t\t\t\t<\/div>","protected":false},"excerpt":{"rendered":"<p>Por segundo a\u00f1o consecutivo, la Junta de Castilla y Leo\u0301n pone en marcha el Festival ESCENARIO PATRIMONIO CyL, un lugar de encuentro entre artes esce\u0301nicas, patrimonio y turismo. Actuaciones de circo, danza, magia, teatro y mu\u0301sica con compa\u00f1\u00edas de la Comunidad tendr\u00e1n lugar en paisajes y monumentos excepcionales de las nueve provincias, con siete espect\u00e1culos &hellip; <\/p>\n<p class=\"link-more\"><a href=\"https:\/\/www.turismolapernia.com\/en\/noticias-pernia\/el-ii-festival-escenario-y-patrimonio-cyl-arrancara-en-la-provincia-de-palencia-con-huella-y-caminoel-nido-en-san-salvador-de-cantamuda\/\" class=\"more-link\">Continue reading<span class=\"screen-reader-text\"> &#8220;El II Festival Escenario y Patrimonio CyL arrancar\u00e1 en la provincia de Palencia con &#8220;Huella y camino&#8221;(El Nido), en San Salvador de Cantamuda&#8221;<\/span><\/a><\/p>","protected":false},"author":1,"featured_media":12135,"comment_status":"open","ping_status":"open","sticky":false,"template":"","format":"standard","meta":{"footnotes":""},"categories":[13],"tags":[],"class_list":["post-12160","post","type-post","status-publish","format-standard","has-post-thumbnail","hentry","category-noticias-pernia"],"yoast_head":"<!-- This site is optimized with the Yoast SEO plugin v23.5 - https:\/\/yoast.com\/wordpress\/plugins\/seo\/ -->\n<title>El II Festival Escenario y Patrimonio CyL arrancar\u00e1 en la provincia de Palencia con &quot;Huella y camino&quot;(El Nido), en San Salvador de Cantamuda | Turismo La Pern\u00eda<\/title>\n<meta name=\"robots\" content=\"index, follow, max-snippet:-1, max-image-preview:large, max-video-preview:-1\" \/>\n<link rel=\"canonical\" href=\"https:\/\/www.turismolapernia.com\/en\/noticias-pernia\/el-ii-festival-escenario-y-patrimonio-cyl-arrancara-en-la-provincia-de-palencia-con-huella-y-caminoel-nido-en-san-salvador-de-cantamuda\/\" \/>\n<meta property=\"og:locale\" content=\"en_GB\" \/>\n<meta property=\"og:type\" content=\"article\" \/>\n<meta property=\"og:title\" content=\"El II Festival Escenario y Patrimonio CyL arrancar\u00e1 en la provincia de Palencia con &quot;Huella y camino&quot;(El Nido), en San Salvador de Cantamuda | Turismo La Pern\u00eda\" \/>\n<meta property=\"og:description\" content=\"Por segundo a\u00f1o consecutivo, la Junta de Castilla y Leo\u0301n pone en marcha el Festival ESCENARIO PATRIMONIO CyL, un lugar de encuentro entre artes esce\u0301nicas, patrimonio y turismo. Actuaciones de circo, danza, magia, teatro y mu\u0301sica con compa\u00f1\u00edas de la Comunidad tendr\u00e1n lugar en paisajes y monumentos excepcionales de las nueve provincias, con siete espect\u00e1culos &hellip; Continue reading &quot;El II Festival Escenario y Patrimonio CyL arrancar\u00e1 en la provincia de Palencia con &#8220;Huella y camino&#8221;(El Nido), en San Salvador de Cantamuda&quot;\" \/>\n<meta property=\"og:url\" content=\"https:\/\/www.turismolapernia.com\/en\/noticias-pernia\/el-ii-festival-escenario-y-patrimonio-cyl-arrancara-en-la-provincia-de-palencia-con-huella-y-caminoel-nido-en-san-salvador-de-cantamuda\/\" \/>\n<meta property=\"og:site_name\" content=\"Turismo La Pern\u00eda\" \/>\n<meta property=\"article:publisher\" content=\"https:\/\/www.facebook.com\/turismolapernia\/\" \/>\n<meta property=\"article:published_time\" content=\"2022-07-06T15:35:45+00:00\" \/>\n<meta property=\"article:modified_time\" content=\"2022-07-06T15:49:19+00:00\" \/>\n<meta property=\"og:image\" content=\"https:\/\/www.turismolapernia.com\/wp-content\/uploads\/2022\/07\/ESPACIO-PATRIMONIO-san-salvador.jpg\" \/>\n\t<meta property=\"og:image:width\" content=\"1754\" \/>\n\t<meta property=\"og:image:height\" content=\"2481\" \/>\n\t<meta property=\"og:image:type\" content=\"image\/jpeg\" \/>\n<meta name=\"author\" content=\"admin\" \/>\n<meta name=\"twitter:card\" content=\"summary_large_image\" \/>\n<meta name=\"twitter:label1\" content=\"Written by\" \/>\n\t<meta name=\"twitter:data1\" content=\"admin\" \/>\n\t<meta name=\"twitter:label2\" content=\"Estimated reading time\" \/>\n\t<meta name=\"twitter:data2\" content=\"2 minutes\" \/>\n<script type=\"application\/ld+json\" class=\"yoast-schema-graph\">{\"@context\":\"https:\/\/schema.org\",\"@graph\":[{\"@type\":\"Article\",\"@id\":\"https:\/\/www.turismolapernia.com\/noticias-pernia\/el-ii-festival-escenario-y-patrimonio-cyl-arrancara-en-la-provincia-de-palencia-con-huella-y-caminoel-nido-en-san-salvador-de-cantamuda\/#article\",\"isPartOf\":{\"@id\":\"https:\/\/www.turismolapernia.com\/noticias-pernia\/el-ii-festival-escenario-y-patrimonio-cyl-arrancara-en-la-provincia-de-palencia-con-huella-y-caminoel-nido-en-san-salvador-de-cantamuda\/\"},\"author\":{\"name\":\"admin\",\"@id\":\"https:\/\/www.turismolapernia.com\/#\/schema\/person\/5d5ac032f7e9064c5ce073bbe3564340\"},\"headline\":\"El II Festival Escenario y Patrimonio CyL arrancar\u00e1 en la provincia de Palencia con &#8220;Huella y camino&#8221;(El Nido), en San Salvador de Cantamuda\",\"datePublished\":\"2022-07-06T15:35:45+00:00\",\"dateModified\":\"2022-07-06T15:49:19+00:00\",\"mainEntityOfPage\":{\"@id\":\"https:\/\/www.turismolapernia.com\/noticias-pernia\/el-ii-festival-escenario-y-patrimonio-cyl-arrancara-en-la-provincia-de-palencia-con-huella-y-caminoel-nido-en-san-salvador-de-cantamuda\/\"},\"wordCount\":290,\"commentCount\":0,\"publisher\":{\"@id\":\"https:\/\/www.turismolapernia.com\/#organization\"},\"image\":{\"@id\":\"https:\/\/www.turismolapernia.com\/noticias-pernia\/el-ii-festival-escenario-y-patrimonio-cyl-arrancara-en-la-provincia-de-palencia-con-huella-y-caminoel-nido-en-san-salvador-de-cantamuda\/#primaryimage\"},\"thumbnailUrl\":\"https:\/\/www.turismolapernia.com\/wp-content\/uploads\/2022\/07\/ESPACIO-PATRIMONIO-san-salvador.jpg\",\"articleSection\":[\"Noticias\"],\"inLanguage\":\"en-GB\",\"potentialAction\":[{\"@type\":\"CommentAction\",\"name\":\"Comment\",\"target\":[\"https:\/\/www.turismolapernia.com\/noticias-pernia\/el-ii-festival-escenario-y-patrimonio-cyl-arrancara-en-la-provincia-de-palencia-con-huella-y-caminoel-nido-en-san-salvador-de-cantamuda\/#respond\"]}]},{\"@type\":\"WebPage\",\"@id\":\"https:\/\/www.turismolapernia.com\/noticias-pernia\/el-ii-festival-escenario-y-patrimonio-cyl-arrancara-en-la-provincia-de-palencia-con-huella-y-caminoel-nido-en-san-salvador-de-cantamuda\/\",\"url\":\"https:\/\/www.turismolapernia.com\/noticias-pernia\/el-ii-festival-escenario-y-patrimonio-cyl-arrancara-en-la-provincia-de-palencia-con-huella-y-caminoel-nido-en-san-salvador-de-cantamuda\/\",\"name\":\"El II Festival Escenario y Patrimonio CyL arrancar\u00e1 en la provincia de Palencia con \\\"Huella y camino\\\"(El Nido), en San Salvador de Cantamuda | Turismo La Pern\u00eda\",\"isPartOf\":{\"@id\":\"https:\/\/www.turismolapernia.com\/#website\"},\"primaryImageOfPage\":{\"@id\":\"https:\/\/www.turismolapernia.com\/noticias-pernia\/el-ii-festival-escenario-y-patrimonio-cyl-arrancara-en-la-provincia-de-palencia-con-huella-y-caminoel-nido-en-san-salvador-de-cantamuda\/#primaryimage\"},\"image\":{\"@id\":\"https:\/\/www.turismolapernia.com\/noticias-pernia\/el-ii-festival-escenario-y-patrimonio-cyl-arrancara-en-la-provincia-de-palencia-con-huella-y-caminoel-nido-en-san-salvador-de-cantamuda\/#primaryimage\"},\"thumbnailUrl\":\"https:\/\/www.turismolapernia.com\/wp-content\/uploads\/2022\/07\/ESPACIO-PATRIMONIO-san-salvador.jpg\",\"datePublished\":\"2022-07-06T15:35:45+00:00\",\"dateModified\":\"2022-07-06T15:49:19+00:00\",\"breadcrumb\":{\"@id\":\"https:\/\/www.turismolapernia.com\/noticias-pernia\/el-ii-festival-escenario-y-patrimonio-cyl-arrancara-en-la-provincia-de-palencia-con-huella-y-caminoel-nido-en-san-salvador-de-cantamuda\/#breadcrumb\"},\"inLanguage\":\"en-GB\",\"potentialAction\":[{\"@type\":\"ReadAction\",\"target\":[\"https:\/\/www.turismolapernia.com\/noticias-pernia\/el-ii-festival-escenario-y-patrimonio-cyl-arrancara-en-la-provincia-de-palencia-con-huella-y-caminoel-nido-en-san-salvador-de-cantamuda\/\"]}]},{\"@type\":\"ImageObject\",\"inLanguage\":\"en-GB\",\"@id\":\"https:\/\/www.turismolapernia.com\/noticias-pernia\/el-ii-festival-escenario-y-patrimonio-cyl-arrancara-en-la-provincia-de-palencia-con-huella-y-caminoel-nido-en-san-salvador-de-cantamuda\/#primaryimage\",\"url\":\"https:\/\/www.turismolapernia.com\/wp-content\/uploads\/2022\/07\/ESPACIO-PATRIMONIO-san-salvador.jpg\",\"contentUrl\":\"https:\/\/www.turismolapernia.com\/wp-content\/uploads\/2022\/07\/ESPACIO-PATRIMONIO-san-salvador.jpg\",\"width\":1754,\"height\":2481},{\"@type\":\"BreadcrumbList\",\"@id\":\"https:\/\/www.turismolapernia.com\/noticias-pernia\/el-ii-festival-escenario-y-patrimonio-cyl-arrancara-en-la-provincia-de-palencia-con-huella-y-caminoel-nido-en-san-salvador-de-cantamuda\/#breadcrumb\",\"itemListElement\":[{\"@type\":\"ListItem\",\"position\":1,\"name\":\"La Pern\u00eda\",\"item\":\"https:\/\/www.turismolapernia.com\/\"},{\"@type\":\"ListItem\",\"position\":2,\"name\":\"El II Festival Escenario y Patrimonio CyL arrancar\u00e1 en la provincia de Palencia con &#8220;Huella y camino&#8221;(El Nido), en San Salvador de Cantamuda\"}]},{\"@type\":\"WebSite\",\"@id\":\"https:\/\/www.turismolapernia.com\/#website\",\"url\":\"https:\/\/www.turismolapernia.com\/\",\"name\":\"Turismo La Pern\u00eda\",\"description\":\"Monta\u00f1a Palentina\",\"publisher\":{\"@id\":\"https:\/\/www.turismolapernia.com\/#organization\"},\"potentialAction\":[{\"@type\":\"SearchAction\",\"target\":{\"@type\":\"EntryPoint\",\"urlTemplate\":\"https:\/\/www.turismolapernia.com\/?s={search_term_string}\"},\"query-input\":{\"@type\":\"PropertyValueSpecification\",\"valueRequired\":true,\"valueName\":\"search_term_string\"}}],\"inLanguage\":\"en-GB\"},{\"@type\":\"Organization\",\"@id\":\"https:\/\/www.turismolapernia.com\/#organization\",\"name\":\"Turismo La Pern\u00eda\",\"url\":\"https:\/\/www.turismolapernia.com\/\",\"logo\":{\"@type\":\"ImageObject\",\"inLanguage\":\"en-GB\",\"@id\":\"https:\/\/www.turismolapernia.com\/#\/schema\/logo\/image\/\",\"url\":\"https:\/\/www.turismolapernia.com\/wp-content\/uploads\/2021\/12\/cropped-logo-CRV-Pernia-perfil.jpg\",\"contentUrl\":\"https:\/\/www.turismolapernia.com\/wp-content\/uploads\/2021\/12\/cropped-logo-CRV-Pernia-perfil.jpg\",\"width\":512,\"height\":512,\"caption\":\"Turismo La Pern\u00eda\"},\"image\":{\"@id\":\"https:\/\/www.turismolapernia.com\/#\/schema\/logo\/image\/\"},\"sameAs\":[\"https:\/\/www.facebook.com\/turismolapernia\/\",\"https:\/\/www.instagram.com\/turismolapernia\/\"]},{\"@type\":\"Person\",\"@id\":\"https:\/\/www.turismolapernia.com\/#\/schema\/person\/5d5ac032f7e9064c5ce073bbe3564340\",\"name\":\"admin\",\"image\":{\"@type\":\"ImageObject\",\"inLanguage\":\"en-GB\",\"@id\":\"https:\/\/www.turismolapernia.com\/#\/schema\/person\/image\/\",\"url\":\"https:\/\/secure.gravatar.com\/avatar\/fe87fc43b218a52a79b72dddcb95d45fcdca0048b80712e6d20925a50f267165?s=96&d=mm&r=g\",\"contentUrl\":\"https:\/\/secure.gravatar.com\/avatar\/fe87fc43b218a52a79b72dddcb95d45fcdca0048b80712e6d20925a50f267165?s=96&d=mm&r=g\",\"caption\":\"admin\"}}]}<\/script>\n<!-- \/ Yoast SEO plugin. -->","yoast_head_json":{"title":"El II Festival Escenario y Patrimonio CyL arrancar\u00e1 en la provincia de Palencia con \"Huella y camino\"(El Nido), en San Salvador de Cantamuda | Turismo La Pern\u00eda","robots":{"index":"index","follow":"follow","max-snippet":"max-snippet:-1","max-image-preview":"max-image-preview:large","max-video-preview":"max-video-preview:-1"},"canonical":"https:\/\/www.turismolapernia.com\/en\/noticias-pernia\/el-ii-festival-escenario-y-patrimonio-cyl-arrancara-en-la-provincia-de-palencia-con-huella-y-caminoel-nido-en-san-salvador-de-cantamuda\/","og_locale":"en_GB","og_type":"article","og_title":"El II Festival Escenario y Patrimonio CyL arrancar\u00e1 en la provincia de Palencia con \"Huella y camino\"(El Nido), en San Salvador de Cantamuda | Turismo La Pern\u00eda","og_description":"Por segundo a\u00f1o consecutivo, la Junta de Castilla y Leo\u0301n pone en marcha el Festival ESCENARIO PATRIMONIO CyL, un lugar de encuentro entre artes esce\u0301nicas, patrimonio y turismo. Actuaciones de circo, danza, magia, teatro y mu\u0301sica con compa\u00f1\u00edas de la Comunidad tendr\u00e1n lugar en paisajes y monumentos excepcionales de las nueve provincias, con siete espect\u00e1culos &hellip; Continue reading \"El II Festival Escenario y Patrimonio CyL arrancar\u00e1 en la provincia de Palencia con &#8220;Huella y camino&#8221;(El Nido), en San Salvador de Cantamuda\"","og_url":"https:\/\/www.turismolapernia.com\/en\/noticias-pernia\/el-ii-festival-escenario-y-patrimonio-cyl-arrancara-en-la-provincia-de-palencia-con-huella-y-caminoel-nido-en-san-salvador-de-cantamuda\/","og_site_name":"Turismo La Pern\u00eda","article_publisher":"https:\/\/www.facebook.com\/turismolapernia\/","article_published_time":"2022-07-06T15:35:45+00:00","article_modified_time":"2022-07-06T15:49:19+00:00","og_image":[{"width":1754,"height":2481,"url":"https:\/\/www.turismolapernia.com\/wp-content\/uploads\/2022\/07\/ESPACIO-PATRIMONIO-san-salvador.jpg","type":"image\/jpeg"}],"author":"admin","twitter_card":"summary_large_image","twitter_misc":{"Written by":"admin","Estimated reading time":"2 minutes"},"schema":{"@context":"https:\/\/schema.org","@graph":[{"@type":"Article","@id":"https:\/\/www.turismolapernia.com\/noticias-pernia\/el-ii-festival-escenario-y-patrimonio-cyl-arrancara-en-la-provincia-de-palencia-con-huella-y-caminoel-nido-en-san-salvador-de-cantamuda\/#article","isPartOf":{"@id":"https:\/\/www.turismolapernia.com\/noticias-pernia\/el-ii-festival-escenario-y-patrimonio-cyl-arrancara-en-la-provincia-de-palencia-con-huella-y-caminoel-nido-en-san-salvador-de-cantamuda\/"},"author":{"name":"admin","@id":"https:\/\/www.turismolapernia.com\/#\/schema\/person\/5d5ac032f7e9064c5ce073bbe3564340"},"headline":"El II Festival Escenario y Patrimonio CyL arrancar\u00e1 en la provincia de Palencia con &#8220;Huella y camino&#8221;(El Nido), en San Salvador de Cantamuda","datePublished":"2022-07-06T15:35:45+00:00","dateModified":"2022-07-06T15:49:19+00:00","mainEntityOfPage":{"@id":"https:\/\/www.turismolapernia.com\/noticias-pernia\/el-ii-festival-escenario-y-patrimonio-cyl-arrancara-en-la-provincia-de-palencia-con-huella-y-caminoel-nido-en-san-salvador-de-cantamuda\/"},"wordCount":290,"commentCount":0,"publisher":{"@id":"https:\/\/www.turismolapernia.com\/#organization"},"image":{"@id":"https:\/\/www.turismolapernia.com\/noticias-pernia\/el-ii-festival-escenario-y-patrimonio-cyl-arrancara-en-la-provincia-de-palencia-con-huella-y-caminoel-nido-en-san-salvador-de-cantamuda\/#primaryimage"},"thumbnailUrl":"https:\/\/www.turismolapernia.com\/wp-content\/uploads\/2022\/07\/ESPACIO-PATRIMONIO-san-salvador.jpg","articleSection":["Noticias"],"inLanguage":"en-GB","potentialAction":[{"@type":"CommentAction","name":"Comment","target":["https:\/\/www.turismolapernia.com\/noticias-pernia\/el-ii-festival-escenario-y-patrimonio-cyl-arrancara-en-la-provincia-de-palencia-con-huella-y-caminoel-nido-en-san-salvador-de-cantamuda\/#respond"]}]},{"@type":"WebPage","@id":"https:\/\/www.turismolapernia.com\/noticias-pernia\/el-ii-festival-escenario-y-patrimonio-cyl-arrancara-en-la-provincia-de-palencia-con-huella-y-caminoel-nido-en-san-salvador-de-cantamuda\/","url":"https:\/\/www.turismolapernia.com\/noticias-pernia\/el-ii-festival-escenario-y-patrimonio-cyl-arrancara-en-la-provincia-de-palencia-con-huella-y-caminoel-nido-en-san-salvador-de-cantamuda\/","name":"El II Festival Escenario y Patrimonio CyL arrancar\u00e1 en la provincia de Palencia con \"Huella y camino\"(El Nido), en San Salvador de Cantamuda | Turismo La Pern\u00eda","isPartOf":{"@id":"https:\/\/www.turismolapernia.com\/#website"},"primaryImageOfPage":{"@id":"https:\/\/www.turismolapernia.com\/noticias-pernia\/el-ii-festival-escenario-y-patrimonio-cyl-arrancara-en-la-provincia-de-palencia-con-huella-y-caminoel-nido-en-san-salvador-de-cantamuda\/#primaryimage"},"image":{"@id":"https:\/\/www.turismolapernia.com\/noticias-pernia\/el-ii-festival-escenario-y-patrimonio-cyl-arrancara-en-la-provincia-de-palencia-con-huella-y-caminoel-nido-en-san-salvador-de-cantamuda\/#primaryimage"},"thumbnailUrl":"https:\/\/www.turismolapernia.com\/wp-content\/uploads\/2022\/07\/ESPACIO-PATRIMONIO-san-salvador.jpg","datePublished":"2022-07-06T15:35:45+00:00","dateModified":"2022-07-06T15:49:19+00:00","breadcrumb":{"@id":"https:\/\/www.turismolapernia.com\/noticias-pernia\/el-ii-festival-escenario-y-patrimonio-cyl-arrancara-en-la-provincia-de-palencia-con-huella-y-caminoel-nido-en-san-salvador-de-cantamuda\/#breadcrumb"},"inLanguage":"en-GB","potentialAction":[{"@type":"ReadAction","target":["https:\/\/www.turismolapernia.com\/noticias-pernia\/el-ii-festival-escenario-y-patrimonio-cyl-arrancara-en-la-provincia-de-palencia-con-huella-y-caminoel-nido-en-san-salvador-de-cantamuda\/"]}]},{"@type":"ImageObject","inLanguage":"en-GB","@id":"https:\/\/www.turismolapernia.com\/noticias-pernia\/el-ii-festival-escenario-y-patrimonio-cyl-arrancara-en-la-provincia-de-palencia-con-huella-y-caminoel-nido-en-san-salvador-de-cantamuda\/#primaryimage","url":"https:\/\/www.turismolapernia.com\/wp-content\/uploads\/2022\/07\/ESPACIO-PATRIMONIO-san-salvador.jpg","contentUrl":"https:\/\/www.turismolapernia.com\/wp-content\/uploads\/2022\/07\/ESPACIO-PATRIMONIO-san-salvador.jpg","width":1754,"height":2481},{"@type":"BreadcrumbList","@id":"https:\/\/www.turismolapernia.com\/noticias-pernia\/el-ii-festival-escenario-y-patrimonio-cyl-arrancara-en-la-provincia-de-palencia-con-huella-y-caminoel-nido-en-san-salvador-de-cantamuda\/#breadcrumb","itemListElement":[{"@type":"ListItem","position":1,"name":"La Pern\u00eda","item":"https:\/\/www.turismolapernia.com\/"},{"@type":"ListItem","position":2,"name":"El II Festival Escenario y Patrimonio CyL arrancar\u00e1 en la provincia de Palencia con &#8220;Huella y camino&#8221;(El Nido), en San Salvador de Cantamuda"}]},{"@type":"WebSite","@id":"https:\/\/www.turismolapernia.com\/#website","url":"https:\/\/www.turismolapernia.com\/","name":"Turismo La Pern\u00eda","description":"Monta\u00f1a Palentina","publisher":{"@id":"https:\/\/www.turismolapernia.com\/#organization"},"potentialAction":[{"@type":"SearchAction","target":{"@type":"EntryPoint","urlTemplate":"https:\/\/www.turismolapernia.com\/?s={search_term_string}"},"query-input":{"@type":"PropertyValueSpecification","valueRequired":true,"valueName":"search_term_string"}}],"inLanguage":"en-GB"},{"@type":"Organization","@id":"https:\/\/www.turismolapernia.com\/#organization","name":"Turismo La Pern\u00eda","url":"https:\/\/www.turismolapernia.com\/","logo":{"@type":"ImageObject","inLanguage":"en-GB","@id":"https:\/\/www.turismolapernia.com\/#\/schema\/logo\/image\/","url":"https:\/\/www.turismolapernia.com\/wp-content\/uploads\/2021\/12\/cropped-logo-CRV-Pernia-perfil.jpg","contentUrl":"https:\/\/www.turismolapernia.com\/wp-content\/uploads\/2021\/12\/cropped-logo-CRV-Pernia-perfil.jpg","width":512,"height":512,"caption":"Turismo La Pern\u00eda"},"image":{"@id":"https:\/\/www.turismolapernia.com\/#\/schema\/logo\/image\/"},"sameAs":["https:\/\/www.facebook.com\/turismolapernia\/","https:\/\/www.instagram.com\/turismolapernia\/"]},{"@type":"Person","@id":"https:\/\/www.turismolapernia.com\/#\/schema\/person\/5d5ac032f7e9064c5ce073bbe3564340","name":"admin","image":{"@type":"ImageObject","inLanguage":"en-GB","@id":"https:\/\/www.turismolapernia.com\/#\/schema\/person\/image\/","url":"https:\/\/secure.gravatar.com\/avatar\/fe87fc43b218a52a79b72dddcb95d45fcdca0048b80712e6d20925a50f267165?s=96&d=mm&r=g","contentUrl":"https:\/\/secure.gravatar.com\/avatar\/fe87fc43b218a52a79b72dddcb95d45fcdca0048b80712e6d20925a50f267165?s=96&d=mm&r=g","caption":"admin"}}]}},"_links":{"self":[{"href":"https:\/\/www.turismolapernia.com\/en\/wp-json\/wp\/v2\/posts\/12160","targetHints":{"allow":["GET"]}}],"collection":[{"href":"https:\/\/www.turismolapernia.com\/en\/wp-json\/wp\/v2\/posts"}],"about":[{"href":"https:\/\/www.turismolapernia.com\/en\/wp-json\/wp\/v2\/types\/post"}],"author":[{"embeddable":true,"href":"https:\/\/www.turismolapernia.com\/en\/wp-json\/wp\/v2\/users\/1"}],"replies":[{"embeddable":true,"href":"https:\/\/www.turismolapernia.com\/en\/wp-json\/wp\/v2\/comments?post=12160"}],"version-history":[{"count":23,"href":"https:\/\/www.turismolapernia.com\/en\/wp-json\/wp\/v2\/posts\/12160\/revisions"}],"predecessor-version":[{"id":12185,"href":"https:\/\/www.turismolapernia.com\/en\/wp-json\/wp\/v2\/posts\/12160\/revisions\/12185"}],"wp:featuredmedia":[{"embeddable":true,"href":"https:\/\/www.turismolapernia.com\/en\/wp-json\/wp\/v2\/media\/12135"}],"wp:attachment":[{"href":"https:\/\/www.turismolapernia.com\/en\/wp-json\/wp\/v2\/media?parent=12160"}],"wp:term":[{"taxonomy":"category","embeddable":true,"href":"https:\/\/www.turismolapernia.com\/en\/wp-json\/wp\/v2\/categories?post=12160"},{"taxonomy":"post_tag","embeddable":true,"href":"https:\/\/www.turismolapernia.com\/en\/wp-json\/wp\/v2\/tags?post=12160"}],"curies":[{"name":"wp","href":"https:\/\/api.w.org\/{rel}","templated":true}]}}