{"id":11411,"date":"2022-05-30T09:56:37","date_gmt":"2022-05-30T07:56:37","guid":{"rendered":"https:\/\/www.turismolapernia.com\/?p=11411"},"modified":"2022-05-31T09:01:46","modified_gmt":"2022-05-31T07:01:46","slug":"comienzan-las-obras-de-ampliacion-del-area-de-autocaravanas-de-la-pernia","status":"publish","type":"post","link":"https:\/\/www.turismolapernia.com\/en\/noticias-pernia\/comienzan-las-obras-de-ampliacion-del-area-de-autocaravanas-de-la-pernia\/","title":{"rendered":"Comienzan las obras de ampliaci\u00f3n del \u00e1rea de autocaravanas de La Pern\u00eda"},"content":{"rendered":"<div data-elementor-type=\"wp-post\" data-elementor-id=\"11411\" class=\"elementor elementor-11411\" data-elementor-settings=\"[]\">\n\t\t\t\t\t\t\t<div class=\"elementor-section-wrap\">\n\t\t\t\t\t\t\t<section class=\"elementor-section elementor-top-section elementor-element elementor-element-27dbcad elementor-section-boxed elementor-section-height-default elementor-section-height-default\" data-id=\"27dbcad\" data-element_type=\"section\">\n\t\t\t\t\t\t<div class=\"elementor-container elementor-column-gap-default\">\n\t\t\t\t\t<div class=\"elementor-column elementor-col-50 elementor-top-column elementor-element elementor-element-14be610\" data-id=\"14be610\" data-element_type=\"column\">\n\t\t\t<div class=\"elementor-widget-wrap elementor-element-populated\">\n\t\t\t\t\t\t\t\t<div class=\"elementor-element elementor-element-9991f97 elementor-widget elementor-widget-image\" data-id=\"9991f97\" data-element_type=\"widget\" data-widget_type=\"image.default\">\n\t\t\t\t<div class=\"elementor-widget-container\">\n\t\t\t\t\t\t\t\t\t\t\t\t<figure class=\"wp-caption\">\n\t\t\t\t\t\t\t\t\t\t<img loading=\"lazy\" decoding=\"async\" width=\"525\" height=\"394\" src=\"https:\/\/www.turismolapernia.com\/wp-content\/uploads\/2021\/08\/DSC05169-01-768x576.jpeg\" class=\"attachment-medium_large size-medium_large\" alt=\"\" srcset=\"https:\/\/www.turismolapernia.com\/wp-content\/uploads\/2021\/08\/DSC05169-01-768x576.jpeg 768w, https:\/\/www.turismolapernia.com\/wp-content\/uploads\/2021\/08\/DSC05169-01-300x225.jpeg 300w, https:\/\/www.turismolapernia.com\/wp-content\/uploads\/2021\/08\/DSC05169-01-1024x768.jpeg 1024w, https:\/\/www.turismolapernia.com\/wp-content\/uploads\/2021\/08\/DSC05169-01-1536x1152.jpeg 1536w, https:\/\/www.turismolapernia.com\/wp-content\/uploads\/2021\/08\/DSC05169-01-2048x1536.jpeg 2048w\" sizes=\"auto, 100vw\" \/>\t\t\t\t\t\t\t\t\t\t\t<figcaption class=\"widget-image-caption wp-caption-text\">\u00c1rea de autocaravanas de La Pern\u00eda, en San Salvador de Cantamuda (Palencia). <\/figcaption>\n\t\t\t\t\t\t\t\t\t\t<\/figure>\n\t\t\t\t\t\t\t\t\t<\/div>\n\t\t\t\t<\/div>\n\t\t\t\t\t<\/div>\n\t\t<\/div>\n\t\t\t\t<div class=\"elementor-column elementor-col-50 elementor-top-column elementor-element elementor-element-02da7b1\" data-id=\"02da7b1\" data-element_type=\"column\">\n\t\t\t<div class=\"elementor-widget-wrap elementor-element-populated\">\n\t\t\t\t\t\t\t\t<div class=\"elementor-element elementor-element-a7dde77 elementor-widget elementor-widget-text-editor\" data-id=\"a7dde77\" data-element_type=\"widget\" data-widget_type=\"text-editor.default\">\n\t\t\t\t<div class=\"elementor-widget-container\">\n\t\t\t\t\t\t\t<p>En abril del pasado a\u00f1o 2021, entr\u00f3 en funcionamiento el \u00e1rea de autocaravanas de La Pern\u00eda (Palencia), ubicada en San Salvador de Cantamuda, junto a las antiguas escuelas municipales, con 9 plazas de aparcamiento y servicios b\u00e1sicos de agua potable y vaciado de aguas.<\/p><p><br><\/p>\n<p><\/p>\n<div>El auge de este tipo de turismo en la zona, que contribuye adem\u00e1s a mejorar la econom\u00eda local (restaurantes, bares, tiendas, recursos tur\u00edsticos, etc), as\u00ed como la buena acogida demostrada por parte de los usuarios que hacen uso de estas instalaciones, ha llevado al Ayuntamiento de La Pern\u00eda a plantear la dotaci\u00f3n de mejoras y la ampliaci\u00f3n del \u00e1rea existente.<\/div><div><br><\/div>\n\n<div><p>De este modo, recientemente han comenzado las obras que permitir\u00e1n la ampliaci\u00f3n de la superficie del \u00e1rea, duplicando el n\u00famero de plazas actuales. Para ello se crear\u00e1 una rampa de escasa pendiente que permitir\u00e1 acceder a un nivel superior, donde se adecuar\u00e1n nuevas plazas de aparcamiento.<\/p>\n<\/div>\t\t\t\t\t\t<\/div>\n\t\t\t\t<\/div>\n\t\t\t\t\t<\/div>\n\t\t<\/div>\n\t\t\t\t\t\t\t<\/div>\n\t\t<\/section>\n\t\t\t\t<section class=\"elementor-section elementor-top-section elementor-element elementor-element-5cd8a2b elementor-section-boxed elementor-section-height-default elementor-section-height-default\" data-id=\"5cd8a2b\" data-element_type=\"section\">\n\t\t\t\t\t\t<div class=\"elementor-container elementor-column-gap-default\">\n\t\t\t\t\t<div class=\"elementor-column elementor-col-100 elementor-top-column elementor-element elementor-element-49e0b7b\" data-id=\"49e0b7b\" data-element_type=\"column\">\n\t\t\t<div class=\"elementor-widget-wrap elementor-element-populated\">\n\t\t\t\t\t\t\t\t<div class=\"elementor-element elementor-element-4772868 elementor-widget elementor-widget-text-editor\" data-id=\"4772868\" data-element_type=\"widget\" data-widget_type=\"text-editor.default\">\n\t\t\t\t<div class=\"elementor-widget-container\">\n\t\t\t\t\t\t\t<p>Por otro lado, tambi\u00e9n est\u00e1 previsto instalar un sistema de control de accesos que facilite la gesti\u00f3n del aparcamiento, incluyendo reservas, pagos y registro de datos de usuarios, en cumplimiento con la normativa actual (Real Decreto 933\/2021, de 26 de octubre, por el que se establecen las obligaciones de registro documental e informaci\u00f3n de las personas f\u00edsicas o jur\u00eddicas que ejercen actividades de hospedaje y alquiler de veh\u00edculos a motor).\n<\/p>\n<p><br><\/p>\n<p>El \u00e1rea de autocaravanas de La Pern\u00eda est\u00e1 situada muy pr\u00f3xima a la iglesia rom\u00e1nica de San Salvador de Cantamuda, dentro del Parque Natural de la Monta\u00f1a Palentina, en un entorno tranquilo y en pleno contacto con la naturaleza, aspectos muy bien valorados por los usuarios de autocaravanas. <br><\/p>\t\t\t\t\t\t<\/div>\n\t\t\t\t<\/div>\n\t\t\t\t\t<\/div>\n\t\t<\/div>\n\t\t\t\t\t\t\t<\/div>\n\t\t<\/section>\n\t\t\t\t<section class=\"elementor-section elementor-top-section elementor-element elementor-element-5d6bbed elementor-section-boxed elementor-section-height-default elementor-section-height-default\" data-id=\"5d6bbed\" data-element_type=\"section\">\n\t\t\t\t\t\t<div class=\"elementor-container elementor-column-gap-default\">\n\t\t\t\t\t<div class=\"elementor-column elementor-col-50 elementor-top-column elementor-element elementor-element-f1dc69c\" data-id=\"f1dc69c\" data-element_type=\"column\">\n\t\t\t<div class=\"elementor-widget-wrap elementor-element-populated\">\n\t\t\t\t\t\t\t\t<div class=\"elementor-element elementor-element-cc3a1ad elementor-widget elementor-widget-image\" data-id=\"cc3a1ad\" data-element_type=\"widget\" data-widget_type=\"image.default\">\n\t\t\t\t<div class=\"elementor-widget-container\">\n\t\t\t\t\t\t\t\t\t\t\t\t\t\t\t<img loading=\"lazy\" decoding=\"async\" width=\"525\" height=\"367\" src=\"https:\/\/www.turismolapernia.com\/wp-content\/uploads\/2022\/05\/DSC01583-01-768x537.jpeg\" class=\"attachment-medium_large size-medium_large\" alt=\"\" srcset=\"https:\/\/www.turismolapernia.com\/wp-content\/uploads\/2022\/05\/DSC01583-01-768x537.jpeg 768w, https:\/\/www.turismolapernia.com\/wp-content\/uploads\/2022\/05\/DSC01583-01-300x210.jpeg 300w, https:\/\/www.turismolapernia.com\/wp-content\/uploads\/2022\/05\/DSC01583-01-1024x716.jpeg 1024w, https:\/\/www.turismolapernia.com\/wp-content\/uploads\/2022\/05\/DSC01583-01-18x12.jpeg 18w, https:\/\/www.turismolapernia.com\/wp-content\/uploads\/2022\/05\/DSC01583-01.jpeg 1528w\" sizes=\"auto, 100vw\" \/>\t\t\t\t\t\t\t\t\t\t\t\t\t\t\t<\/div>\n\t\t\t\t<\/div>\n\t\t\t\t\t<\/div>\n\t\t<\/div>\n\t\t\t\t<div class=\"elementor-column elementor-col-50 elementor-top-column elementor-element elementor-element-3e734c0\" data-id=\"3e734c0\" data-element_type=\"column\">\n\t\t\t<div class=\"elementor-widget-wrap elementor-element-populated\">\n\t\t\t\t\t\t\t\t<div class=\"elementor-element elementor-element-5073315 elementor-widget elementor-widget-image\" data-id=\"5073315\" data-element_type=\"widget\" data-widget_type=\"image.default\">\n\t\t\t\t<div class=\"elementor-widget-container\">\n\t\t\t\t\t\t\t\t\t\t\t\t\t\t\t<img loading=\"lazy\" decoding=\"async\" width=\"525\" height=\"293\" src=\"https:\/\/www.turismolapernia.com\/wp-content\/uploads\/2022\/05\/DSC01585-01-01-01-768x429.jpeg\" class=\"attachment-medium_large size-medium_large\" alt=\"\" srcset=\"https:\/\/www.turismolapernia.com\/wp-content\/uploads\/2022\/05\/DSC01585-01-01-01-768x429.jpeg 768w, https:\/\/www.turismolapernia.com\/wp-content\/uploads\/2022\/05\/DSC01585-01-01-01-300x168.jpeg 300w, https:\/\/www.turismolapernia.com\/wp-content\/uploads\/2022\/05\/DSC01585-01-01-01-1024x572.jpeg 1024w, https:\/\/www.turismolapernia.com\/wp-content\/uploads\/2022\/05\/DSC01585-01-01-01-18x10.jpeg 18w, https:\/\/www.turismolapernia.com\/wp-content\/uploads\/2022\/05\/DSC01585-01-01-01.jpeg 1404w\" sizes=\"auto, 100vw\" \/>\t\t\t\t\t\t\t\t\t\t\t\t\t\t\t<\/div>\n\t\t\t\t<\/div>\n\t\t\t\t\t<\/div>\n\t\t<\/div>\n\t\t\t\t\t\t\t<\/div>\n\t\t<\/section>\n\t\t\t\t<section class=\"elementor-section elementor-top-section elementor-element elementor-element-1112f48 elementor-section-boxed elementor-section-height-default elementor-section-height-default\" data-id=\"1112f48\" data-element_type=\"section\">\n\t\t\t\t\t\t<div class=\"elementor-container elementor-column-gap-default\">\n\t\t\t\t\t<div class=\"elementor-column elementor-col-100 elementor-top-column elementor-element elementor-element-d982287\" data-id=\"d982287\" data-element_type=\"column\">\n\t\t\t<div class=\"elementor-widget-wrap elementor-element-populated\">\n\t\t\t\t\t\t\t\t<div class=\"elementor-element elementor-element-77dd06d elementor-widget elementor-widget-google_maps\" data-id=\"77dd06d\" data-element_type=\"widget\" data-widget_type=\"google_maps.default\">\n\t\t\t\t<div class=\"elementor-widget-container\">\n\t\t\t\t\t<div class=\"elementor-custom-embed\">\n\t\t\t<iframe frameborder=\"0\" scrolling=\"no\" marginheight=\"0\" marginwidth=\"0\"\n\t\t\t\t\tsrc=\"https:\/\/maps.google.com\/maps?q=%C3%81rea%20de%20autocaravanas%20de%20la%20Pern%C3%ADa%20san%20salvador%20de%20cantamuda&#038;t=m&#038;z=15&#038;output=embed&#038;iwloc=near\"\n\t\t\t\t\ttitle=\"\u00c1rea de autocaravanas de la Pern\u00eda san salvador de cantamuda\"\n\t\t\t\t\taria-label=\"\u00c1rea de autocaravanas de la Pern\u00eda san salvador de cantamuda\"\n\t\t\t><\/iframe>\n\t\t<\/div>\n\t\t\t\t<\/div>\n\t\t\t\t<\/div>\n\t\t\t\t\t<\/div>\n\t\t<\/div>\n\t\t\t\t\t\t\t<\/div>\n\t\t<\/section>\n\t\t\t\t\t\t<\/div>\n\t\t\t\t\t<\/div>","protected":false},"excerpt":{"rendered":"<p>\u00c1rea de autocaravanas de La Pern\u00eda, en San Salvador de Cantamuda (Palencia). En abril del pasado a\u00f1o 2021, entr\u00f3 en funcionamiento el \u00e1rea de autocaravanas de La Pern\u00eda (Palencia), ubicada en San Salvador de Cantamuda, junto a las antiguas escuelas municipales, con 9 plazas de aparcamiento y servicios b\u00e1sicos de agua potable y vaciado de &hellip; <\/p>\n<p class=\"link-more\"><a href=\"https:\/\/www.turismolapernia.com\/en\/noticias-pernia\/comienzan-las-obras-de-ampliacion-del-area-de-autocaravanas-de-la-pernia\/\" class=\"more-link\">Continue reading<span class=\"screen-reader-text\"> &#8220;Comienzan las obras de ampliaci\u00f3n del \u00e1rea de autocaravanas de La Pern\u00eda&#8221;<\/span><\/a><\/p>","protected":false},"author":1,"featured_media":2107,"comment_status":"open","ping_status":"open","sticky":false,"template":"","format":"standard","meta":{"footnotes":""},"categories":[13],"tags":[],"class_list":["post-11411","post","type-post","status-publish","format-standard","has-post-thumbnail","hentry","category-noticias-pernia"],"yoast_head":"<!-- This site is optimized with the Yoast SEO plugin v23.5 - https:\/\/yoast.com\/wordpress\/plugins\/seo\/ -->\n<title>Comienzan las obras de ampliaci\u00f3n del \u00e1rea de autocaravanas de La Pern\u00eda | Turismo La Pern\u00eda<\/title>\n<meta name=\"robots\" content=\"index, follow, max-snippet:-1, max-image-preview:large, max-video-preview:-1\" \/>\n<link rel=\"canonical\" href=\"https:\/\/www.turismolapernia.com\/en\/noticias-pernia\/comienzan-las-obras-de-ampliacion-del-area-de-autocaravanas-de-la-pernia\/\" \/>\n<meta property=\"og:locale\" content=\"en_GB\" \/>\n<meta property=\"og:type\" content=\"article\" \/>\n<meta property=\"og:title\" content=\"Comienzan las obras de ampliaci\u00f3n del \u00e1rea de autocaravanas de La Pern\u00eda | Turismo La Pern\u00eda\" \/>\n<meta property=\"og:description\" content=\"\u00c1rea de autocaravanas de La Pern\u00eda, en San Salvador de Cantamuda (Palencia). En abril del pasado a\u00f1o 2021, entr\u00f3 en funcionamiento el \u00e1rea de autocaravanas de La Pern\u00eda (Palencia), ubicada en San Salvador de Cantamuda, junto a las antiguas escuelas municipales, con 9 plazas de aparcamiento y servicios b\u00e1sicos de agua potable y vaciado de &hellip; Continue reading &quot;Comienzan las obras de ampliaci\u00f3n del \u00e1rea de autocaravanas de La Pern\u00eda&quot;\" \/>\n<meta property=\"og:url\" content=\"https:\/\/www.turismolapernia.com\/en\/noticias-pernia\/comienzan-las-obras-de-ampliacion-del-area-de-autocaravanas-de-la-pernia\/\" \/>\n<meta property=\"og:site_name\" content=\"Turismo La Pern\u00eda\" \/>\n<meta property=\"article:publisher\" content=\"https:\/\/www.facebook.com\/turismolapernia\/\" \/>\n<meta property=\"article:published_time\" content=\"2022-05-30T07:56:37+00:00\" \/>\n<meta property=\"article:modified_time\" content=\"2022-05-31T07:01:46+00:00\" \/>\n<meta property=\"og:image\" content=\"https:\/\/www.turismolapernia.com\/wp-content\/uploads\/2021\/08\/DSC05169-01-scaled.jpeg\" \/>\n\t<meta property=\"og:image:width\" content=\"2560\" \/>\n\t<meta property=\"og:image:height\" content=\"1920\" \/>\n\t<meta property=\"og:image:type\" content=\"image\/jpeg\" \/>\n<meta name=\"author\" content=\"admin\" \/>\n<meta name=\"twitter:card\" content=\"summary_large_image\" \/>\n<meta name=\"twitter:label1\" content=\"Written by\" \/>\n\t<meta name=\"twitter:data1\" content=\"admin\" \/>\n\t<meta name=\"twitter:label2\" content=\"Estimated reading time\" \/>\n\t<meta name=\"twitter:data2\" content=\"2 minutes\" \/>\n<script type=\"application\/ld+json\" class=\"yoast-schema-graph\">{\"@context\":\"https:\/\/schema.org\",\"@graph\":[{\"@type\":\"Article\",\"@id\":\"https:\/\/www.turismolapernia.com\/noticias-pernia\/comienzan-las-obras-de-ampliacion-del-area-de-autocaravanas-de-la-pernia\/#article\",\"isPartOf\":{\"@id\":\"https:\/\/www.turismolapernia.com\/noticias-pernia\/comienzan-las-obras-de-ampliacion-del-area-de-autocaravanas-de-la-pernia\/\"},\"author\":{\"name\":\"admin\",\"@id\":\"https:\/\/www.turismolapernia.com\/#\/schema\/person\/5d5ac032f7e9064c5ce073bbe3564340\"},\"headline\":\"Comienzan las obras de ampliaci\u00f3n del \u00e1rea de autocaravanas de La Pern\u00eda\",\"datePublished\":\"2022-05-30T07:56:37+00:00\",\"dateModified\":\"2022-05-31T07:01:46+00:00\",\"mainEntityOfPage\":{\"@id\":\"https:\/\/www.turismolapernia.com\/noticias-pernia\/comienzan-las-obras-de-ampliacion-del-area-de-autocaravanas-de-la-pernia\/\"},\"wordCount\":314,\"commentCount\":0,\"publisher\":{\"@id\":\"https:\/\/www.turismolapernia.com\/#organization\"},\"image\":{\"@id\":\"https:\/\/www.turismolapernia.com\/noticias-pernia\/comienzan-las-obras-de-ampliacion-del-area-de-autocaravanas-de-la-pernia\/#primaryimage\"},\"thumbnailUrl\":\"https:\/\/www.turismolapernia.com\/wp-content\/uploads\/2021\/08\/DSC05169-01-scaled.jpeg\",\"articleSection\":[\"Noticias\"],\"inLanguage\":\"en-GB\",\"potentialAction\":[{\"@type\":\"CommentAction\",\"name\":\"Comment\",\"target\":[\"https:\/\/www.turismolapernia.com\/noticias-pernia\/comienzan-las-obras-de-ampliacion-del-area-de-autocaravanas-de-la-pernia\/#respond\"]}]},{\"@type\":\"WebPage\",\"@id\":\"https:\/\/www.turismolapernia.com\/noticias-pernia\/comienzan-las-obras-de-ampliacion-del-area-de-autocaravanas-de-la-pernia\/\",\"url\":\"https:\/\/www.turismolapernia.com\/noticias-pernia\/comienzan-las-obras-de-ampliacion-del-area-de-autocaravanas-de-la-pernia\/\",\"name\":\"Comienzan las obras de ampliaci\u00f3n del \u00e1rea de autocaravanas de La Pern\u00eda | Turismo La Pern\u00eda\",\"isPartOf\":{\"@id\":\"https:\/\/www.turismolapernia.com\/#website\"},\"primaryImageOfPage\":{\"@id\":\"https:\/\/www.turismolapernia.com\/noticias-pernia\/comienzan-las-obras-de-ampliacion-del-area-de-autocaravanas-de-la-pernia\/#primaryimage\"},\"image\":{\"@id\":\"https:\/\/www.turismolapernia.com\/noticias-pernia\/comienzan-las-obras-de-ampliacion-del-area-de-autocaravanas-de-la-pernia\/#primaryimage\"},\"thumbnailUrl\":\"https:\/\/www.turismolapernia.com\/wp-content\/uploads\/2021\/08\/DSC05169-01-scaled.jpeg\",\"datePublished\":\"2022-05-30T07:56:37+00:00\",\"dateModified\":\"2022-05-31T07:01:46+00:00\",\"breadcrumb\":{\"@id\":\"https:\/\/www.turismolapernia.com\/noticias-pernia\/comienzan-las-obras-de-ampliacion-del-area-de-autocaravanas-de-la-pernia\/#breadcrumb\"},\"inLanguage\":\"en-GB\",\"potentialAction\":[{\"@type\":\"ReadAction\",\"target\":[\"https:\/\/www.turismolapernia.com\/noticias-pernia\/comienzan-las-obras-de-ampliacion-del-area-de-autocaravanas-de-la-pernia\/\"]}]},{\"@type\":\"ImageObject\",\"inLanguage\":\"en-GB\",\"@id\":\"https:\/\/www.turismolapernia.com\/noticias-pernia\/comienzan-las-obras-de-ampliacion-del-area-de-autocaravanas-de-la-pernia\/#primaryimage\",\"url\":\"https:\/\/www.turismolapernia.com\/wp-content\/uploads\/2021\/08\/DSC05169-01-scaled.jpeg\",\"contentUrl\":\"https:\/\/www.turismolapernia.com\/wp-content\/uploads\/2021\/08\/DSC05169-01-scaled.jpeg\",\"width\":2560,\"height\":1920},{\"@type\":\"BreadcrumbList\",\"@id\":\"https:\/\/www.turismolapernia.com\/noticias-pernia\/comienzan-las-obras-de-ampliacion-del-area-de-autocaravanas-de-la-pernia\/#breadcrumb\",\"itemListElement\":[{\"@type\":\"ListItem\",\"position\":1,\"name\":\"La Pern\u00eda\",\"item\":\"https:\/\/www.turismolapernia.com\/\"},{\"@type\":\"ListItem\",\"position\":2,\"name\":\"Comienzan las obras de ampliaci\u00f3n del \u00e1rea de autocaravanas de La Pern\u00eda\"}]},{\"@type\":\"WebSite\",\"@id\":\"https:\/\/www.turismolapernia.com\/#website\",\"url\":\"https:\/\/www.turismolapernia.com\/\",\"name\":\"Turismo La Pern\u00eda\",\"description\":\"Monta\u00f1a Palentina\",\"publisher\":{\"@id\":\"https:\/\/www.turismolapernia.com\/#organization\"},\"potentialAction\":[{\"@type\":\"SearchAction\",\"target\":{\"@type\":\"EntryPoint\",\"urlTemplate\":\"https:\/\/www.turismolapernia.com\/?s={search_term_string}\"},\"query-input\":{\"@type\":\"PropertyValueSpecification\",\"valueRequired\":true,\"valueName\":\"search_term_string\"}}],\"inLanguage\":\"en-GB\"},{\"@type\":\"Organization\",\"@id\":\"https:\/\/www.turismolapernia.com\/#organization\",\"name\":\"Turismo La Pern\u00eda\",\"url\":\"https:\/\/www.turismolapernia.com\/\",\"logo\":{\"@type\":\"ImageObject\",\"inLanguage\":\"en-GB\",\"@id\":\"https:\/\/www.turismolapernia.com\/#\/schema\/logo\/image\/\",\"url\":\"https:\/\/www.turismolapernia.com\/wp-content\/uploads\/2021\/12\/cropped-logo-CRV-Pernia-perfil.jpg\",\"contentUrl\":\"https:\/\/www.turismolapernia.com\/wp-content\/uploads\/2021\/12\/cropped-logo-CRV-Pernia-perfil.jpg\",\"width\":512,\"height\":512,\"caption\":\"Turismo La Pern\u00eda\"},\"image\":{\"@id\":\"https:\/\/www.turismolapernia.com\/#\/schema\/logo\/image\/\"},\"sameAs\":[\"https:\/\/www.facebook.com\/turismolapernia\/\",\"https:\/\/www.instagram.com\/turismolapernia\/\"]},{\"@type\":\"Person\",\"@id\":\"https:\/\/www.turismolapernia.com\/#\/schema\/person\/5d5ac032f7e9064c5ce073bbe3564340\",\"name\":\"admin\",\"image\":{\"@type\":\"ImageObject\",\"inLanguage\":\"en-GB\",\"@id\":\"https:\/\/www.turismolapernia.com\/#\/schema\/person\/image\/\",\"url\":\"https:\/\/secure.gravatar.com\/avatar\/fe87fc43b218a52a79b72dddcb95d45fcdca0048b80712e6d20925a50f267165?s=96&d=mm&r=g\",\"contentUrl\":\"https:\/\/secure.gravatar.com\/avatar\/fe87fc43b218a52a79b72dddcb95d45fcdca0048b80712e6d20925a50f267165?s=96&d=mm&r=g\",\"caption\":\"admin\"}}]}<\/script>\n<!-- \/ Yoast SEO plugin. -->","yoast_head_json":{"title":"Comienzan las obras de ampliaci\u00f3n del \u00e1rea de autocaravanas de La Pern\u00eda | Turismo La Pern\u00eda","robots":{"index":"index","follow":"follow","max-snippet":"max-snippet:-1","max-image-preview":"max-image-preview:large","max-video-preview":"max-video-preview:-1"},"canonical":"https:\/\/www.turismolapernia.com\/en\/noticias-pernia\/comienzan-las-obras-de-ampliacion-del-area-de-autocaravanas-de-la-pernia\/","og_locale":"en_GB","og_type":"article","og_title":"Comienzan las obras de ampliaci\u00f3n del \u00e1rea de autocaravanas de La Pern\u00eda | Turismo La Pern\u00eda","og_description":"\u00c1rea de autocaravanas de La Pern\u00eda, en San Salvador de Cantamuda (Palencia). En abril del pasado a\u00f1o 2021, entr\u00f3 en funcionamiento el \u00e1rea de autocaravanas de La Pern\u00eda (Palencia), ubicada en San Salvador de Cantamuda, junto a las antiguas escuelas municipales, con 9 plazas de aparcamiento y servicios b\u00e1sicos de agua potable y vaciado de &hellip; Continue reading \"Comienzan las obras de ampliaci\u00f3n del \u00e1rea de autocaravanas de La Pern\u00eda\"","og_url":"https:\/\/www.turismolapernia.com\/en\/noticias-pernia\/comienzan-las-obras-de-ampliacion-del-area-de-autocaravanas-de-la-pernia\/","og_site_name":"Turismo La Pern\u00eda","article_publisher":"https:\/\/www.facebook.com\/turismolapernia\/","article_published_time":"2022-05-30T07:56:37+00:00","article_modified_time":"2022-05-31T07:01:46+00:00","og_image":[{"width":2560,"height":1920,"url":"https:\/\/www.turismolapernia.com\/wp-content\/uploads\/2021\/08\/DSC05169-01-scaled.jpeg","type":"image\/jpeg"}],"author":"admin","twitter_card":"summary_large_image","twitter_misc":{"Written by":"admin","Estimated reading time":"2 minutes"},"schema":{"@context":"https:\/\/schema.org","@graph":[{"@type":"Article","@id":"https:\/\/www.turismolapernia.com\/noticias-pernia\/comienzan-las-obras-de-ampliacion-del-area-de-autocaravanas-de-la-pernia\/#article","isPartOf":{"@id":"https:\/\/www.turismolapernia.com\/noticias-pernia\/comienzan-las-obras-de-ampliacion-del-area-de-autocaravanas-de-la-pernia\/"},"author":{"name":"admin","@id":"https:\/\/www.turismolapernia.com\/#\/schema\/person\/5d5ac032f7e9064c5ce073bbe3564340"},"headline":"Comienzan las obras de ampliaci\u00f3n del \u00e1rea de autocaravanas de La Pern\u00eda","datePublished":"2022-05-30T07:56:37+00:00","dateModified":"2022-05-31T07:01:46+00:00","mainEntityOfPage":{"@id":"https:\/\/www.turismolapernia.com\/noticias-pernia\/comienzan-las-obras-de-ampliacion-del-area-de-autocaravanas-de-la-pernia\/"},"wordCount":314,"commentCount":0,"publisher":{"@id":"https:\/\/www.turismolapernia.com\/#organization"},"image":{"@id":"https:\/\/www.turismolapernia.com\/noticias-pernia\/comienzan-las-obras-de-ampliacion-del-area-de-autocaravanas-de-la-pernia\/#primaryimage"},"thumbnailUrl":"https:\/\/www.turismolapernia.com\/wp-content\/uploads\/2021\/08\/DSC05169-01-scaled.jpeg","articleSection":["Noticias"],"inLanguage":"en-GB","potentialAction":[{"@type":"CommentAction","name":"Comment","target":["https:\/\/www.turismolapernia.com\/noticias-pernia\/comienzan-las-obras-de-ampliacion-del-area-de-autocaravanas-de-la-pernia\/#respond"]}]},{"@type":"WebPage","@id":"https:\/\/www.turismolapernia.com\/noticias-pernia\/comienzan-las-obras-de-ampliacion-del-area-de-autocaravanas-de-la-pernia\/","url":"https:\/\/www.turismolapernia.com\/noticias-pernia\/comienzan-las-obras-de-ampliacion-del-area-de-autocaravanas-de-la-pernia\/","name":"Comienzan las obras de ampliaci\u00f3n del \u00e1rea de autocaravanas de La Pern\u00eda | Turismo La Pern\u00eda","isPartOf":{"@id":"https:\/\/www.turismolapernia.com\/#website"},"primaryImageOfPage":{"@id":"https:\/\/www.turismolapernia.com\/noticias-pernia\/comienzan-las-obras-de-ampliacion-del-area-de-autocaravanas-de-la-pernia\/#primaryimage"},"image":{"@id":"https:\/\/www.turismolapernia.com\/noticias-pernia\/comienzan-las-obras-de-ampliacion-del-area-de-autocaravanas-de-la-pernia\/#primaryimage"},"thumbnailUrl":"https:\/\/www.turismolapernia.com\/wp-content\/uploads\/2021\/08\/DSC05169-01-scaled.jpeg","datePublished":"2022-05-30T07:56:37+00:00","dateModified":"2022-05-31T07:01:46+00:00","breadcrumb":{"@id":"https:\/\/www.turismolapernia.com\/noticias-pernia\/comienzan-las-obras-de-ampliacion-del-area-de-autocaravanas-de-la-pernia\/#breadcrumb"},"inLanguage":"en-GB","potentialAction":[{"@type":"ReadAction","target":["https:\/\/www.turismolapernia.com\/noticias-pernia\/comienzan-las-obras-de-ampliacion-del-area-de-autocaravanas-de-la-pernia\/"]}]},{"@type":"ImageObject","inLanguage":"en-GB","@id":"https:\/\/www.turismolapernia.com\/noticias-pernia\/comienzan-las-obras-de-ampliacion-del-area-de-autocaravanas-de-la-pernia\/#primaryimage","url":"https:\/\/www.turismolapernia.com\/wp-content\/uploads\/2021\/08\/DSC05169-01-scaled.jpeg","contentUrl":"https:\/\/www.turismolapernia.com\/wp-content\/uploads\/2021\/08\/DSC05169-01-scaled.jpeg","width":2560,"height":1920},{"@type":"BreadcrumbList","@id":"https:\/\/www.turismolapernia.com\/noticias-pernia\/comienzan-las-obras-de-ampliacion-del-area-de-autocaravanas-de-la-pernia\/#breadcrumb","itemListElement":[{"@type":"ListItem","position":1,"name":"La Pern\u00eda","item":"https:\/\/www.turismolapernia.com\/"},{"@type":"ListItem","position":2,"name":"Comienzan las obras de ampliaci\u00f3n del \u00e1rea de autocaravanas de La Pern\u00eda"}]},{"@type":"WebSite","@id":"https:\/\/www.turismolapernia.com\/#website","url":"https:\/\/www.turismolapernia.com\/","name":"Turismo La Pern\u00eda","description":"Monta\u00f1a Palentina","publisher":{"@id":"https:\/\/www.turismolapernia.com\/#organization"},"potentialAction":[{"@type":"SearchAction","target":{"@type":"EntryPoint","urlTemplate":"https:\/\/www.turismolapernia.com\/?s={search_term_string}"},"query-input":{"@type":"PropertyValueSpecification","valueRequired":true,"valueName":"search_term_string"}}],"inLanguage":"en-GB"},{"@type":"Organization","@id":"https:\/\/www.turismolapernia.com\/#organization","name":"Turismo La Pern\u00eda","url":"https:\/\/www.turismolapernia.com\/","logo":{"@type":"ImageObject","inLanguage":"en-GB","@id":"https:\/\/www.turismolapernia.com\/#\/schema\/logo\/image\/","url":"https:\/\/www.turismolapernia.com\/wp-content\/uploads\/2021\/12\/cropped-logo-CRV-Pernia-perfil.jpg","contentUrl":"https:\/\/www.turismolapernia.com\/wp-content\/uploads\/2021\/12\/cropped-logo-CRV-Pernia-perfil.jpg","width":512,"height":512,"caption":"Turismo La Pern\u00eda"},"image":{"@id":"https:\/\/www.turismolapernia.com\/#\/schema\/logo\/image\/"},"sameAs":["https:\/\/www.facebook.com\/turismolapernia\/","https:\/\/www.instagram.com\/turismolapernia\/"]},{"@type":"Person","@id":"https:\/\/www.turismolapernia.com\/#\/schema\/person\/5d5ac032f7e9064c5ce073bbe3564340","name":"admin","image":{"@type":"ImageObject","inLanguage":"en-GB","@id":"https:\/\/www.turismolapernia.com\/#\/schema\/person\/image\/","url":"https:\/\/secure.gravatar.com\/avatar\/fe87fc43b218a52a79b72dddcb95d45fcdca0048b80712e6d20925a50f267165?s=96&d=mm&r=g","contentUrl":"https:\/\/secure.gravatar.com\/avatar\/fe87fc43b218a52a79b72dddcb95d45fcdca0048b80712e6d20925a50f267165?s=96&d=mm&r=g","caption":"admin"}}]}},"_links":{"self":[{"href":"https:\/\/www.turismolapernia.com\/en\/wp-json\/wp\/v2\/posts\/11411","targetHints":{"allow":["GET"]}}],"collection":[{"href":"https:\/\/www.turismolapernia.com\/en\/wp-json\/wp\/v2\/posts"}],"about":[{"href":"https:\/\/www.turismolapernia.com\/en\/wp-json\/wp\/v2\/types\/post"}],"author":[{"embeddable":true,"href":"https:\/\/www.turismolapernia.com\/en\/wp-json\/wp\/v2\/users\/1"}],"replies":[{"embeddable":true,"href":"https:\/\/www.turismolapernia.com\/en\/wp-json\/wp\/v2\/comments?post=11411"}],"version-history":[{"count":59,"href":"https:\/\/www.turismolapernia.com\/en\/wp-json\/wp\/v2\/posts\/11411\/revisions"}],"predecessor-version":[{"id":11477,"href":"https:\/\/www.turismolapernia.com\/en\/wp-json\/wp\/v2\/posts\/11411\/revisions\/11477"}],"wp:featuredmedia":[{"embeddable":true,"href":"https:\/\/www.turismolapernia.com\/en\/wp-json\/wp\/v2\/media\/2107"}],"wp:attachment":[{"href":"https:\/\/www.turismolapernia.com\/en\/wp-json\/wp\/v2\/media?parent=11411"}],"wp:term":[{"taxonomy":"category","embeddable":true,"href":"https:\/\/www.turismolapernia.com\/en\/wp-json\/wp\/v2\/categories?post=11411"},{"taxonomy":"post_tag","embeddable":true,"href":"https:\/\/www.turismolapernia.com\/en\/wp-json\/wp\/v2\/tags?post=11411"}],"curies":[{"name":"wp","href":"https:\/\/api.w.org\/{rel}","templated":true}]}}